{"id":29806,"date":"2026-04-17T16:18:42","date_gmt":"2026-04-17T16:18:42","guid":{"rendered":"https:\/\/macite.tg\/?p=29806"},"modified":"2026-04-17T16:33:00","modified_gmt":"2026-04-17T16:33:00","slug":"sahel-le-cadre-daction-strategique-2026-2028-discute-le-18-avril-prochain-a-lome","status":"publish","type":"post","link":"https:\/\/macite.tg\/?p=29806","title":{"rendered":"SAHEL : Le cadre d\u2019action strat\u00e9gique (2026-2028) discut\u00e9 le 18 avril prochain \u00e0 Lom\u00e9"},"content":{"rendered":"\n<p class=\"wp-block-paragraph\"><strong><em>Dans le cadre de la continuit\u00e9 de l\u2019engagement du Togo au Sahel, Lom\u00e9 va abriter le 18 avril prochain, une r\u00e9union strat\u00e9gique. Les conclusions de cette rencontre devront substituer \u00e0 l\u2019ancienne Strat\u00e9gie de 2021, et serviront de cadre \u00e0 l\u2019action des pays du Sahel durant les quatre (4) prochaines ann\u00e9es.<\/em><\/strong><\/p>\n\n\n\n<p class=\"wp-block-paragraph\">Plac\u00e9e sous l\u2019\u00e9gide du Pr\u00e9sident du conseil, Faure Essozimna Gnassingb\u00e9, cette rencontre offre une occasion pr\u00e9cieuse de rassembler les repr\u00e9sentants r\u00e9gionaux et les acteurs internationaux pertinents autour des \u00e9changes fructueux sur la Nouvelle Strat\u00e9gie et la r\u00e9gion du Sahel en pleine mutation depuis la cr\u00e9ation de l\u2019Alliance des \u00c9tats du Sahel (AES). L\u2019objectif est de cr\u00e9er un dialogue constructif autour de la Nouvelle Strat\u00e9gie propos\u00e9e par le Togo pour le Sahel et la r\u00e9gion du Sahel pour la p\u00e9riode 2026\u20132028.<\/p>\n\n\n<div class=\"wp-block-image\">\n<figure class=\"aligncenter size-full\"><img loading=\"lazy\" decoding=\"async\" width=\"429\" height=\"590\" src=\"https:\/\/macite.tg\/wp-content\/uploads\/2026\/04\/661706308_1573547144780086_1836717146315080985_n.jpg\" alt=\"\" class=\"wp-image-29721\" srcset=\"https:\/\/macite.tg\/wp-content\/uploads\/2026\/04\/661706308_1573547144780086_1836717146315080985_n.jpg 429w, https:\/\/macite.tg\/wp-content\/uploads\/2026\/04\/661706308_1573547144780086_1836717146315080985_n-218x300.jpg 218w\" sizes=\"auto, (max-width: 429px) 100vw, 429px\" \/><\/figure>\n<\/div>\n\n\n<p class=\"wp-block-paragraph\">En effet, l\u2019environnement r\u00e9gional et international conna\u00eet de nos jours de profondes perturbations et recompositions g\u00e9opolitiques, marqu\u00e9es par la persistance des menaces \u00e0 la paix et des d\u00e9fis s\u00e9curitaires. Au Sahel, la menace terroriste perdure et s\u2019\u00e9tend progressivement vers les \u00c9tats du littoral, notamment du Golfe de Guin\u00e9e.<\/p>\n\n\n\n<p class=\"wp-block-paragraph\">Une recomposition g\u00e9opolitique est intervenue dans la r\u00e9gion de l\u2019Afrique de l\u2019Ouest avec la sortie du Burkina Faso, du Mali et du Niger de la Communaut\u00e9 \u00c9conomique des \u00c9tats de l\u2019Afrique de l\u2019Ouest (CEDEAO) et la cr\u00e9ation de l\u2019Alliance des \u00c9tats du Sahel (AES). Le d\u00e9fi d\u2019agir davantage, dans l\u2019int\u00e9r\u00eat de la stabilit\u00e9 r\u00e9gionale, demeure une priorit\u00e9, et les dynamiques actuelles, du Sahel et de l\u2019Afrique de l\u2019Ouest, appellent \u00e0 une adaptation des approches et \u00e0 une coordination renforc\u00e9e entre l\u2019ensemble des acteurs.<\/p>\n\n\n\n<p class=\"wp-block-paragraph\">C\u2019est dans ce contexte que le Togo, sous l\u2019impulsion du Pr\u00e9sident du Conseil, pr\u00eate main forte, en \u00e9laborant une Nouvelle Strat\u00e9gie pour le Sahel (2026\u20132028). L\u2019id\u00e9e sous-jacente est d\u2019adapter son engagement au Sahel aux r\u00e9alit\u00e9s \u00e9mergentes, tout en renfor\u00e7ant sa contribution \u00e0 la stabilit\u00e9 r\u00e9gionale et \u00e0 la coop\u00e9ration entre les pays du Sahel et ceux du Golfe de Guin\u00e9e.<\/p>\n\n\n\n<p class=\"wp-block-paragraph\">Ainsi, suivant une approche participative et inclusive, la r\u00e9union de Lom\u00e9 se veut de favoriser un dialogue constructif entre l\u2019ensemble des acteurs engag\u00e9s dans la recherche de la paix, de la s\u00e9curit\u00e9 et de la stabilit\u00e9, et du d\u00e9veloppement au Sahel. Structur\u00e9e en six sessions, la R\u00e9union offrira un espace privil\u00e9gi\u00e9 de partage de perspectives.<\/p>\n\n\n<div class=\"wp-block-image\">\n<figure class=\"aligncenter size-full\"><img loading=\"lazy\" decoding=\"async\" width=\"509\" height=\"720\" src=\"https:\/\/macite.tg\/wp-content\/uploads\/2026\/03\/OTR_Payez-la-TVM-simple-et-pratique-1.jpg\" alt=\"\" class=\"wp-image-29372\" srcset=\"https:\/\/macite.tg\/wp-content\/uploads\/2026\/03\/OTR_Payez-la-TVM-simple-et-pratique-1.jpg 509w, https:\/\/macite.tg\/wp-content\/uploads\/2026\/03\/OTR_Payez-la-TVM-simple-et-pratique-1-212x300.jpg 212w\" sizes=\"auto, (max-width: 509px) 100vw, 509px\" \/><\/figure>\n<\/div>\n\n\n<p class=\"wp-block-paragraph\">Au soir de cette rencontre, il est attendu une meilleure compr\u00e9hension des orientations de la Nouvelle Strat\u00e9gie du Togo pour le Sahel&nbsp;; un renforcement du dialogue politique entre le Togo et les \u00c9tats du Sahel&nbsp;; l\u2019identification de pistes de coop\u00e9ration entre les diff\u00e9rents acteurs impliqu\u00e9s dans la stabilit\u00e9 r\u00e9gionale&nbsp;; la consolidation du r\u00f4le du Togo comme acteur de dialogue et de coop\u00e9ration entre le Sahel et les \u00c9tats du Golfe de Guin\u00e9e.<\/p>\n\n\n\n<p class=\"wp-block-paragraph\"><strong>JPB<\/strong><\/p>\n\n\n\n<p class=\"wp-block-paragraph\"><a><strong><em>@macite.tg&nbsp;&nbsp;&nbsp;&nbsp;&nbsp;&nbsp;&nbsp;&nbsp;<\/em><\/strong><\/a><\/p>\n\n\n\n<p class=\"wp-block-paragraph\"><strong><em>E-mail&nbsp;: <\/em><\/strong><a href=\"mailto:maciteinfo@gmail.com\"><strong><em>maciteinfo@gmail.com<\/em><\/strong><\/a><strong><em>; <\/em><\/strong><a href=\"mailto:bawela1@gmail.com\"><strong><em>bawela1@gmail.com<\/em><\/strong><\/a><strong><em><\/em><\/strong><\/p>\n\n\n\n<p class=\"wp-block-paragraph\"><strong><em>Pour vos annonces, (publi)reportages, etc., joignez-nous au (00228)91515309\/<strong>79872224 <\/strong><strong><\/strong><\/em><\/strong><\/p>\n\n\n\n<p class=\"wp-block-paragraph\"><strong><em>www.macite.tg, L\u2019information, la bonne&nbsp;!<\/em><\/strong><\/p>\n","protected":false},"excerpt":{"rendered":"<p class=\"text-justify mb-2\" >Dans le cadre de la continuit\u00e9 de l\u2019engagement du Togo au Sahel, Lom\u00e9 va abriter le 18 avril prochain, une r\u00e9union strat\u00e9gique. Les conclusions de cette rencontre devront substituer \u00e0 l\u2019ancienne Strat\u00e9gie de 2021, et serviront de cadre \u00e0 l\u2019action des pays du Sahel durant [&hellip;]<\/p>\n","protected":false},"author":2,"featured_media":29815,"comment_status":"open","ping_status":"open","sticky":false,"template":"","format":"standard","meta":{"footnotes":""},"categories":[20,8],"tags":[],"class_list":["post-29806","post","type-post","status-publish","format-standard","has-post-thumbnail","hentry","category-actualite","category-diplomatie"],"yoast_head":"<!-- This site is optimized with the Yoast SEO plugin v28.4 - https:\/\/yoast.com\/product\/yoast-seo-wordpress\/ -->\n<title>SAHEL : Le cadre d\u2019action strat\u00e9gique (2026-2028) discut\u00e9 le 18 avril prochain \u00e0 Lom\u00e9 -<\/title>\n<meta name=\"robots\" content=\"index, follow, max-snippet:-1, max-image-preview:large, max-video-preview:-1\" \/>\n<link rel=\"canonical\" href=\"https:\/\/macite.tg\/?p=29806\" \/>\n<meta property=\"og:locale\" content=\"fr_FR\" \/>\n<meta property=\"og:type\" content=\"article\" \/>\n<meta property=\"og:title\" content=\"SAHEL : Le cadre d\u2019action strat\u00e9gique (2026-2028) discut\u00e9 le 18 avril prochain \u00e0 Lom\u00e9 -\" \/>\n<meta property=\"og:description\" content=\"Dans le cadre de la continuit\u00e9 de l\u2019engagement du Togo au Sahel, Lom\u00e9 va abriter le 18 avril prochain, une r\u00e9union strat\u00e9gique. Les conclusions de cette rencontre devront substituer \u00e0 l\u2019ancienne Strat\u00e9gie de 2021, et serviront de cadre \u00e0 l\u2019action des pays du Sahel durant [&hellip;]\" \/>\n<meta property=\"og:url\" content=\"https:\/\/macite.tg\/?p=29806\" \/>\n<meta property=\"article:published_time\" content=\"2026-04-17T16:18:42+00:00\" \/>\n<meta property=\"article:modified_time\" content=\"2026-04-17T16:33:00+00:00\" \/>\n<meta property=\"og:image\" content=\"https:\/\/macite.tg\/wp-content\/uploads\/2026\/04\/download.jpg\" \/>\n\t<meta property=\"og:image:width\" content=\"428\" \/>\n\t<meta property=\"og:image:height\" content=\"285\" \/>\n\t<meta property=\"og:image:type\" content=\"image\/jpeg\" \/>\n<meta name=\"author\" content=\"Jean Pierre BAWELA\" \/>\n<meta name=\"twitter:card\" content=\"summary_large_image\" \/>\n<meta name=\"twitter:label1\" content=\"\u00c9crit par\" \/>\n\t<meta name=\"twitter:data1\" content=\"Jean Pierre BAWELA\" \/>\n\t<meta name=\"twitter:label2\" content=\"Dur\u00e9e de lecture estim\u00e9e\" \/>\n\t<meta name=\"twitter:data2\" content=\"3 minutes\" \/>\n<script type=\"application\/ld+json\" class=\"yoast-schema-graph\">{\"@context\":\"https:\\\/\\\/schema.org\",\"@graph\":[{\"@type\":\"Article\",\"@id\":\"https:\\\/\\\/macite.tg\\\/?p=29806#article\",\"isPartOf\":{\"@id\":\"https:\\\/\\\/macite.tg\\\/?p=29806\"},\"author\":{\"name\":\"Jean Pierre BAWELA\",\"@id\":\"https:\\\/\\\/macite.tg\\\/#\\\/schema\\\/person\\\/e9f2de7e5dbbe7770a9402c7ce82f5c2\"},\"headline\":\"SAHEL : Le cadre d\u2019action strat\u00e9gique (2026-2028) discut\u00e9 le 18 avril prochain \u00e0 Lom\u00e9\",\"datePublished\":\"2026-04-17T16:18:42+00:00\",\"dateModified\":\"2026-04-17T16:33:00+00:00\",\"mainEntityOfPage\":{\"@id\":\"https:\\\/\\\/macite.tg\\\/?p=29806\"},\"wordCount\":569,\"commentCount\":0,\"image\":{\"@id\":\"https:\\\/\\\/macite.tg\\\/?p=29806#primaryimage\"},\"thumbnailUrl\":\"https:\\\/\\\/macite.tg\\\/wp-content\\\/uploads\\\/2026\\\/04\\\/download.jpg\",\"articleSection\":[\"ACTUALITE\",\"DIPLOMATIE\"],\"inLanguage\":\"fr-FR\",\"potentialAction\":[{\"@type\":\"CommentAction\",\"name\":\"Comment\",\"target\":[\"https:\\\/\\\/macite.tg\\\/?p=29806#respond\"]}]},{\"@type\":\"WebPage\",\"@id\":\"https:\\\/\\\/macite.tg\\\/?p=29806\",\"url\":\"https:\\\/\\\/macite.tg\\\/?p=29806\",\"name\":\"SAHEL : Le cadre d\u2019action strat\u00e9gique (2026-2028) discut\u00e9 le 18 avril prochain \u00e0 Lom\u00e9 -\",\"isPartOf\":{\"@id\":\"https:\\\/\\\/macite.tg\\\/#website\"},\"primaryImageOfPage\":{\"@id\":\"https:\\\/\\\/macite.tg\\\/?p=29806#primaryimage\"},\"image\":{\"@id\":\"https:\\\/\\\/macite.tg\\\/?p=29806#primaryimage\"},\"thumbnailUrl\":\"https:\\\/\\\/macite.tg\\\/wp-content\\\/uploads\\\/2026\\\/04\\\/download.jpg\",\"datePublished\":\"2026-04-17T16:18:42+00:00\",\"dateModified\":\"2026-04-17T16:33:00+00:00\",\"author\":{\"@id\":\"https:\\\/\\\/macite.tg\\\/#\\\/schema\\\/person\\\/e9f2de7e5dbbe7770a9402c7ce82f5c2\"},\"breadcrumb\":{\"@id\":\"https:\\\/\\\/macite.tg\\\/?p=29806#breadcrumb\"},\"inLanguage\":\"fr-FR\",\"potentialAction\":[{\"@type\":\"ReadAction\",\"target\":[\"https:\\\/\\\/macite.tg\\\/?p=29806\"]}]},{\"@type\":\"ImageObject\",\"inLanguage\":\"fr-FR\",\"@id\":\"https:\\\/\\\/macite.tg\\\/?p=29806#primaryimage\",\"url\":\"https:\\\/\\\/macite.tg\\\/wp-content\\\/uploads\\\/2026\\\/04\\\/download.jpg\",\"contentUrl\":\"https:\\\/\\\/macite.tg\\\/wp-content\\\/uploads\\\/2026\\\/04\\\/download.jpg\",\"width\":428,\"height\":285},{\"@type\":\"BreadcrumbList\",\"@id\":\"https:\\\/\\\/macite.tg\\\/?p=29806#breadcrumb\",\"itemListElement\":[{\"@type\":\"ListItem\",\"position\":1,\"name\":\"Accueil\",\"item\":\"https:\\\/\\\/macite.tg\\\/\"},{\"@type\":\"ListItem\",\"position\":2,\"name\":\"SAHEL : Le cadre d\u2019action strat\u00e9gique (2026-2028) discut\u00e9 le 18 avril prochain \u00e0 Lom\u00e9\"}]},{\"@type\":\"WebSite\",\"@id\":\"https:\\\/\\\/macite.tg\\\/#website\",\"url\":\"https:\\\/\\\/macite.tg\\\/\",\"name\":\"\",\"description\":\"L&#039;information, la bonne!!!\",\"potentialAction\":[{\"@type\":\"SearchAction\",\"target\":{\"@type\":\"EntryPoint\",\"urlTemplate\":\"https:\\\/\\\/macite.tg\\\/?s={search_term_string}\"},\"query-input\":{\"@type\":\"PropertyValueSpecification\",\"valueRequired\":true,\"valueName\":\"search_term_string\"}}],\"inLanguage\":\"fr-FR\"},{\"@type\":\"Person\",\"@id\":\"https:\\\/\\\/macite.tg\\\/#\\\/schema\\\/person\\\/e9f2de7e5dbbe7770a9402c7ce82f5c2\",\"name\":\"Jean Pierre BAWELA\",\"image\":{\"@type\":\"ImageObject\",\"inLanguage\":\"fr-FR\",\"@id\":\"https:\\\/\\\/macite.tg\\\/wp-content\\\/uploads\\\/2023\\\/09\\\/WhatsApp-Image-2023-09-19-at-14.44.41-122x122.jpeg\",\"url\":\"https:\\\/\\\/macite.tg\\\/wp-content\\\/uploads\\\/2023\\\/09\\\/WhatsApp-Image-2023-09-19-at-14.44.41-122x122.jpeg\",\"contentUrl\":\"https:\\\/\\\/macite.tg\\\/wp-content\\\/uploads\\\/2023\\\/09\\\/WhatsApp-Image-2023-09-19-at-14.44.41-122x122.jpeg\",\"caption\":\"Jean Pierre BAWELA\"},\"url\":\"https:\\\/\\\/macite.tg\\\/?author=2\"}]}<\/script>\n<!-- \/ Yoast SEO plugin. -->","yoast_head_json":{"title":"SAHEL : Le cadre d\u2019action strat\u00e9gique (2026-2028) discut\u00e9 le 18 avril prochain \u00e0 Lom\u00e9 -","robots":{"index":"index","follow":"follow","max-snippet":"max-snippet:-1","max-image-preview":"max-image-preview:large","max-video-preview":"max-video-preview:-1"},"canonical":"https:\/\/macite.tg\/?p=29806","og_locale":"fr_FR","og_type":"article","og_title":"SAHEL : Le cadre d\u2019action strat\u00e9gique (2026-2028) discut\u00e9 le 18 avril prochain \u00e0 Lom\u00e9 -","og_description":"Dans le cadre de la continuit\u00e9 de l\u2019engagement du Togo au Sahel, Lom\u00e9 va abriter le 18 avril prochain, une r\u00e9union strat\u00e9gique. Les conclusions de cette rencontre devront substituer \u00e0 l\u2019ancienne Strat\u00e9gie de 2021, et serviront de cadre \u00e0 l\u2019action des pays du Sahel durant [&hellip;]","og_url":"https:\/\/macite.tg\/?p=29806","article_published_time":"2026-04-17T16:18:42+00:00","article_modified_time":"2026-04-17T16:33:00+00:00","og_image":[{"width":428,"height":285,"url":"https:\/\/macite.tg\/wp-content\/uploads\/2026\/04\/download.jpg","type":"image\/jpeg"}],"author":"Jean Pierre BAWELA","twitter_card":"summary_large_image","twitter_misc":{"\u00c9crit par":"Jean Pierre BAWELA","Dur\u00e9e de lecture estim\u00e9e":"3 minutes"},"schema":{"@context":"https:\/\/schema.org","@graph":[{"@type":"Article","@id":"https:\/\/macite.tg\/?p=29806#article","isPartOf":{"@id":"https:\/\/macite.tg\/?p=29806"},"author":{"name":"Jean Pierre BAWELA","@id":"https:\/\/macite.tg\/#\/schema\/person\/e9f2de7e5dbbe7770a9402c7ce82f5c2"},"headline":"SAHEL : Le cadre d\u2019action strat\u00e9gique (2026-2028) discut\u00e9 le 18 avril prochain \u00e0 Lom\u00e9","datePublished":"2026-04-17T16:18:42+00:00","dateModified":"2026-04-17T16:33:00+00:00","mainEntityOfPage":{"@id":"https:\/\/macite.tg\/?p=29806"},"wordCount":569,"commentCount":0,"image":{"@id":"https:\/\/macite.tg\/?p=29806#primaryimage"},"thumbnailUrl":"https:\/\/macite.tg\/wp-content\/uploads\/2026\/04\/download.jpg","articleSection":["ACTUALITE","DIPLOMATIE"],"inLanguage":"fr-FR","potentialAction":[{"@type":"CommentAction","name":"Comment","target":["https:\/\/macite.tg\/?p=29806#respond"]}]},{"@type":"WebPage","@id":"https:\/\/macite.tg\/?p=29806","url":"https:\/\/macite.tg\/?p=29806","name":"SAHEL : Le cadre d\u2019action strat\u00e9gique (2026-2028) discut\u00e9 le 18 avril prochain \u00e0 Lom\u00e9 -","isPartOf":{"@id":"https:\/\/macite.tg\/#website"},"primaryImageOfPage":{"@id":"https:\/\/macite.tg\/?p=29806#primaryimage"},"image":{"@id":"https:\/\/macite.tg\/?p=29806#primaryimage"},"thumbnailUrl":"https:\/\/macite.tg\/wp-content\/uploads\/2026\/04\/download.jpg","datePublished":"2026-04-17T16:18:42+00:00","dateModified":"2026-04-17T16:33:00+00:00","author":{"@id":"https:\/\/macite.tg\/#\/schema\/person\/e9f2de7e5dbbe7770a9402c7ce82f5c2"},"breadcrumb":{"@id":"https:\/\/macite.tg\/?p=29806#breadcrumb"},"inLanguage":"fr-FR","potentialAction":[{"@type":"ReadAction","target":["https:\/\/macite.tg\/?p=29806"]}]},{"@type":"ImageObject","inLanguage":"fr-FR","@id":"https:\/\/macite.tg\/?p=29806#primaryimage","url":"https:\/\/macite.tg\/wp-content\/uploads\/2026\/04\/download.jpg","contentUrl":"https:\/\/macite.tg\/wp-content\/uploads\/2026\/04\/download.jpg","width":428,"height":285},{"@type":"BreadcrumbList","@id":"https:\/\/macite.tg\/?p=29806#breadcrumb","itemListElement":[{"@type":"ListItem","position":1,"name":"Accueil","item":"https:\/\/macite.tg\/"},{"@type":"ListItem","position":2,"name":"SAHEL : Le cadre d\u2019action strat\u00e9gique (2026-2028) discut\u00e9 le 18 avril prochain \u00e0 Lom\u00e9"}]},{"@type":"WebSite","@id":"https:\/\/macite.tg\/#website","url":"https:\/\/macite.tg\/","name":"","description":"L&#039;information, la bonne!!!","potentialAction":[{"@type":"SearchAction","target":{"@type":"EntryPoint","urlTemplate":"https:\/\/macite.tg\/?s={search_term_string}"},"query-input":{"@type":"PropertyValueSpecification","valueRequired":true,"valueName":"search_term_string"}}],"inLanguage":"fr-FR"},{"@type":"Person","@id":"https:\/\/macite.tg\/#\/schema\/person\/e9f2de7e5dbbe7770a9402c7ce82f5c2","name":"Jean Pierre BAWELA","image":{"@type":"ImageObject","inLanguage":"fr-FR","@id":"https:\/\/macite.tg\/wp-content\/uploads\/2023\/09\/WhatsApp-Image-2023-09-19-at-14.44.41-122x122.jpeg","url":"https:\/\/macite.tg\/wp-content\/uploads\/2023\/09\/WhatsApp-Image-2023-09-19-at-14.44.41-122x122.jpeg","contentUrl":"https:\/\/macite.tg\/wp-content\/uploads\/2023\/09\/WhatsApp-Image-2023-09-19-at-14.44.41-122x122.jpeg","caption":"Jean Pierre BAWELA"},"url":"https:\/\/macite.tg\/?author=2"}]}},"_links":{"self":[{"href":"https:\/\/macite.tg\/index.php?rest_route=\/wp\/v2\/posts\/29806","targetHints":{"allow":["GET"]}}],"collection":[{"href":"https:\/\/macite.tg\/index.php?rest_route=\/wp\/v2\/posts"}],"about":[{"href":"https:\/\/macite.tg\/index.php?rest_route=\/wp\/v2\/types\/post"}],"author":[{"embeddable":true,"href":"https:\/\/macite.tg\/index.php?rest_route=\/wp\/v2\/users\/2"}],"replies":[{"embeddable":true,"href":"https:\/\/macite.tg\/index.php?rest_route=%2Fwp%2Fv2%2Fcomments&post=29806"}],"version-history":[{"count":0,"href":"https:\/\/macite.tg\/index.php?rest_route=\/wp\/v2\/posts\/29806\/revisions"}],"wp:featuredmedia":[{"embeddable":true,"href":"https:\/\/macite.tg\/index.php?rest_route=\/wp\/v2\/media\/29815"}],"wp:attachment":[{"href":"https:\/\/macite.tg\/index.php?rest_route=%2Fwp%2Fv2%2Fmedia&parent=29806"}],"wp:term":[{"taxonomy":"category","embeddable":true,"href":"https:\/\/macite.tg\/index.php?rest_route=%2Fwp%2Fv2%2Fcategories&post=29806"},{"taxonomy":"post_tag","embeddable":true,"href":"https:\/\/macite.tg\/index.php?rest_route=%2Fwp%2Fv2%2Ftags&post=29806"}],"curies":[{"name":"wp","href":"https:\/\/api.w.org\/{rel}","templated":true}]}}