{"id":29801,"date":"2026-04-16T13:03:03","date_gmt":"2026-04-16T13:03:03","guid":{"rendered":"https:\/\/macite.tg\/?p=29801"},"modified":"2026-04-16T13:07:36","modified_gmt":"2026-04-16T13:07:36","slug":"drame-le-ministre-de-la-communication-du-bur-retrouve-mort-dans-sa-voiture","status":"publish","type":"post","link":"https:\/\/macite.tg\/?p=29801","title":{"rendered":"DRAME\u00a0: Le ministre de la Communication du Bur\u2026 retrouv\u00e9 mort dans sa voiture"},"content":{"rendered":"\n<p class=\"wp-block-paragraph\"><strong><em>Le ministre burundais de la Communication et des M\u00e9dias a \u00e9t\u00e9 retrouv\u00e9 mort jeudi \u00e0 l\u2019aube, sur le si\u00e8ge conducteur d\u2019un pick-up, arr\u00eat\u00e9 au milieu d\u2019une palmeraie d\u2019une zone rurale pr\u00e8s de Bujumbura.<\/em><\/strong><em><\/em><\/p>\n\n\n\n<p class=\"wp-block-paragraph\">Le corps de Gabby Bugaga a \u00e9t\u00e9 d\u00e9couvert jeudi matin par des paysans \u00e0 une dizaine de m\u00e8tres de la route qui traverse sur plusieurs kilom\u00e8tres les centaines d\u2019hectares de la palmeraie de Kivoga, \u00e0 une dizaine de kilom\u00e8tres au nord de la capitale \u00e9conomique du Burundi, Bujumbura.<\/p>\n\n\n\n<p class=\"wp-block-paragraph\">Ceux qui ont d\u00e9couvert le corps du ministre de la Communication et des M\u00e9dias, et le v\u00e9hicule, un pick-up noir, ont partag\u00e9 des photos sur les r\u00e9seaux sociaux pour tenter d\u2019identifier le d\u00e9funt. Ces images ont \u00e9t\u00e9 authentifi\u00e9es par les deux sources interrog\u00e9es par l\u2019Agence France Presse.<\/p>\n\n\n<div class=\"wp-block-image\">\n<figure class=\"aligncenter size-full\"><img loading=\"lazy\" decoding=\"async\" width=\"429\" height=\"590\" src=\"https:\/\/macite.tg\/wp-content\/uploads\/2026\/04\/661706308_1573547144780086_1836717146315080985_n.jpg\" alt=\"\" class=\"wp-image-29721\" srcset=\"https:\/\/macite.tg\/wp-content\/uploads\/2026\/04\/661706308_1573547144780086_1836717146315080985_n.jpg 429w, https:\/\/macite.tg\/wp-content\/uploads\/2026\/04\/661706308_1573547144780086_1836717146315080985_n-218x300.jpg 218w\" sizes=\"auto, (max-width: 429px) 100vw, 429px\" \/><\/figure>\n<\/div>\n\n\n<p class=\"wp-block-paragraph\"><strong>Les causes du d\u00e9c\u00e8s sont encore ind\u00e9termin\u00e9es<\/strong><\/p>\n\n\n\n<p class=\"wp-block-paragraph\"><em>\u00ab&nbsp;C\u2019est bien le corps du ministre Gabby Bugaga qui a \u00e9t\u00e9 retrouv\u00e9 ce [jeudi] matin dans un v\u00e9hicule [\u2026] dans les palmiers de Kivoga&nbsp;\u00bb,<\/em> a confirm\u00e9 \u00e0 l\u2019AFP un grad\u00e9 de la police ayant requis l\u2019anonymat. <em>\u00ab&nbsp;On n\u2019a pas encore d\u00e9termin\u00e9 les causes de son d\u00e9c\u00e8s&nbsp;\u00bb,<\/em> a ajout\u00e9 ce policier, pr\u00e9cisant que le ministre portait une blessure \u00e0 la t\u00eate et que le c\u00f4t\u00e9 droit et l\u2019arri\u00e8re du v\u00e9hicule \u00e9taient fortement endommag\u00e9s.<\/p>\n\n\n\n<p class=\"wp-block-paragraph\"><em>\u00ab&nbsp;Une enqu\u00eate est en cours pour d\u00e9terminer les causes de son d\u00e9c\u00e8s&nbsp;\u00bb, <\/em>a expliqu\u00e9 un responsable administratif de la province de Bujumbura ayant lui aussi requis l\u2019anonymat.<\/p>\n\n\n\n<p class=\"wp-block-paragraph\">Plusieurs hauts responsables burundais, dont le ministre de l\u2019Int\u00e9rieur et de la S\u00e9curit\u00e9 publique, L\u00e9onidas Ndaruzaniye, celui de la Justice, Alfred Ahingejeje, le procureur g\u00e9n\u00e9ral ainsi que des hauts responsables des services de s\u00e9curit\u00e9 sont sur place jeudi, ont rapport\u00e9 ces deux sources.<\/p>\n\n\n\n<p class=\"wp-block-paragraph\">Sur les photos partag\u00e9es sur les r\u00e9seaux sociaux, on peut voir Gabby Bugaga, v\u00eatu d\u2019un short et d\u2019un polo, chauss\u00e9 de chaussures de sport blanches, au volant, \u00e0 moiti\u00e9 allong\u00e9 sur la banquette avant du v\u00e9hicule. Les traces d\u2019un fort impact sont visibles sur le c\u00f4t\u00e9 droit du v\u00e9hicule.<\/p>\n\n\n<div class=\"wp-block-image\">\n<figure class=\"aligncenter size-full\"><img loading=\"lazy\" decoding=\"async\" width=\"500\" height=\"500\" src=\"https:\/\/macite.tg\/wp-content\/uploads\/2026\/04\/Paques.jpg\" alt=\"\" class=\"wp-image-29540\" srcset=\"https:\/\/macite.tg\/wp-content\/uploads\/2026\/04\/Paques.jpg 500w, https:\/\/macite.tg\/wp-content\/uploads\/2026\/04\/Paques-300x300.jpg 300w, https:\/\/macite.tg\/wp-content\/uploads\/2026\/04\/Paques-150x150.jpg 150w, https:\/\/macite.tg\/wp-content\/uploads\/2026\/04\/Paques-122x122.jpg 122w\" sizes=\"auto, (max-width: 500px) 100vw, 500px\" \/><\/figure>\n<\/div>\n\n\n<p class=\"wp-block-paragraph\">De nombreuses questions ont \u00e9merg\u00e9 sur les r\u00e9seaux sociaux apr\u00e8s cette d\u00e9couverte : que faisait le ministre sur cette route peu fr\u00e9quent\u00e9e, surtout la nuit, sans ses habituels officiers de s\u00e9curit\u00e9 ?<\/p>\n\n\n\n<p class=\"wp-block-paragraph\">Ancien journaliste de la Radio-t\u00e9l\u00e9vision nationale burundaise (RTNB) Gabby Bugaga avait ensuite travaill\u00e9 dans les cellules communication de plusieurs institutions nationales, puis avait \u00e9t\u00e9 nomm\u00e9 \u00e0 la Commission \u00e9lectorale nationale ind\u00e9pendante (C\u00e9ni), avant d\u2019\u00eatre nomm\u00e9 ministre de la Communication en 2025.<\/p>\n\n\n\n<p class=\"wp-block-paragraph\"><strong>(Avec AFP)<\/strong><\/p>\n\n\n\n<p class=\"wp-block-paragraph\"><a><strong><em>@macite.tg&nbsp;&nbsp;&nbsp;&nbsp;&nbsp;&nbsp;&nbsp;&nbsp;<\/em><\/strong><\/a><\/p>\n\n\n\n<p class=\"wp-block-paragraph\"><strong><em>E-mail&nbsp;: <\/em><\/strong><a href=\"mailto:maciteinfo@gmail.com\"><strong><em>maciteinfo@gmail.com<\/em><\/strong><\/a><strong><em>; <\/em><\/strong><a href=\"mailto:bawela1@gmail.com\"><strong><em>bawela1@gmail.com<\/em><\/strong><\/a><strong><em><\/em><\/strong><\/p>\n\n\n\n<p class=\"wp-block-paragraph\"><strong><em>Pour vos annonces, (publi)reportages, etc., joignez-nous au (00228)91515309\/<strong>79872224 <\/strong><strong><\/strong><\/em><\/strong><\/p>\n\n\n\n<p class=\"wp-block-paragraph\"><strong><em>www.macite.tg, L\u2019information, la bonne&nbsp;!<\/em><\/strong><\/p>\n","protected":false},"excerpt":{"rendered":"<p class=\"text-justify mb-2\" >Le ministre burundais de la Communication et des M\u00e9dias a \u00e9t\u00e9 retrouv\u00e9 mort jeudi \u00e0 l\u2019aube, sur le si\u00e8ge conducteur d\u2019un pick-up, arr\u00eat\u00e9 au milieu d\u2019une palmeraie d\u2019une zone rurale pr\u00e8s de Bujumbura. Le corps de Gabby Bugaga a \u00e9t\u00e9 d\u00e9couvert jeudi matin par des [&hellip;]<\/p>\n","protected":false},"author":2,"featured_media":29803,"comment_status":"open","ping_status":"open","sticky":false,"template":"","format":"standard","meta":{"footnotes":""},"categories":[20,36],"tags":[],"class_list":["post-29801","post","type-post","status-publish","format-standard","has-post-thumbnail","hentry","category-actualite","category-drame"],"yoast_head":"<!-- This site is optimized with the Yoast SEO plugin v28.4 - https:\/\/yoast.com\/product\/yoast-seo-wordpress\/ -->\n<title>DRAME\u00a0: Le ministre de la Communication du Bur\u2026 retrouv\u00e9 mort dans sa voiture -<\/title>\n<meta name=\"robots\" content=\"index, follow, max-snippet:-1, max-image-preview:large, max-video-preview:-1\" \/>\n<link rel=\"canonical\" href=\"https:\/\/macite.tg\/?p=29801\" \/>\n<meta property=\"og:locale\" content=\"fr_FR\" \/>\n<meta property=\"og:type\" content=\"article\" \/>\n<meta property=\"og:title\" content=\"DRAME\u00a0: Le ministre de la Communication du Bur\u2026 retrouv\u00e9 mort dans sa voiture -\" \/>\n<meta property=\"og:description\" content=\"Le ministre burundais de la Communication et des M\u00e9dias a \u00e9t\u00e9 retrouv\u00e9 mort jeudi \u00e0 l\u2019aube, sur le si\u00e8ge conducteur d\u2019un pick-up, arr\u00eat\u00e9 au milieu d\u2019une palmeraie d\u2019une zone rurale pr\u00e8s de Bujumbura. Le corps de Gabby Bugaga a \u00e9t\u00e9 d\u00e9couvert jeudi matin par des [&hellip;]\" \/>\n<meta property=\"og:url\" content=\"https:\/\/macite.tg\/?p=29801\" \/>\n<meta property=\"article:published_time\" content=\"2026-04-16T13:03:03+00:00\" \/>\n<meta property=\"article:modified_time\" content=\"2026-04-16T13:07:36+00:00\" \/>\n<meta property=\"og:image\" content=\"https:\/\/macite.tg\/wp-content\/uploads\/2026\/04\/image-49.png\" \/>\n\t<meta property=\"og:image:width\" content=\"534\" \/>\n\t<meta property=\"og:image:height\" content=\"267\" \/>\n\t<meta property=\"og:image:type\" content=\"image\/png\" \/>\n<meta name=\"author\" content=\"Jean Pierre BAWELA\" \/>\n<meta name=\"twitter:card\" content=\"summary_large_image\" \/>\n<meta name=\"twitter:label1\" content=\"\u00c9crit par\" \/>\n\t<meta name=\"twitter:data1\" content=\"Jean Pierre BAWELA\" \/>\n\t<meta name=\"twitter:label2\" content=\"Dur\u00e9e de lecture estim\u00e9e\" \/>\n\t<meta name=\"twitter:data2\" content=\"3 minutes\" \/>\n<script type=\"application\/ld+json\" class=\"yoast-schema-graph\">{\"@context\":\"https:\\\/\\\/schema.org\",\"@graph\":[{\"@type\":\"Article\",\"@id\":\"https:\\\/\\\/macite.tg\\\/?p=29801#article\",\"isPartOf\":{\"@id\":\"https:\\\/\\\/macite.tg\\\/?p=29801\"},\"author\":{\"name\":\"Jean Pierre BAWELA\",\"@id\":\"https:\\\/\\\/macite.tg\\\/#\\\/schema\\\/person\\\/e9f2de7e5dbbe7770a9402c7ce82f5c2\"},\"headline\":\"DRAME\u00a0: Le ministre de la Communication du Bur\u2026 retrouv\u00e9 mort dans sa voiture\",\"datePublished\":\"2026-04-16T13:03:03+00:00\",\"dateModified\":\"2026-04-16T13:07:36+00:00\",\"mainEntityOfPage\":{\"@id\":\"https:\\\/\\\/macite.tg\\\/?p=29801\"},\"wordCount\":516,\"commentCount\":0,\"image\":{\"@id\":\"https:\\\/\\\/macite.tg\\\/?p=29801#primaryimage\"},\"thumbnailUrl\":\"https:\\\/\\\/macite.tg\\\/wp-content\\\/uploads\\\/2026\\\/04\\\/image-49.png\",\"articleSection\":[\"ACTUALITE\",\"DRAME\"],\"inLanguage\":\"fr-FR\",\"potentialAction\":[{\"@type\":\"CommentAction\",\"name\":\"Comment\",\"target\":[\"https:\\\/\\\/macite.tg\\\/?p=29801#respond\"]}]},{\"@type\":\"WebPage\",\"@id\":\"https:\\\/\\\/macite.tg\\\/?p=29801\",\"url\":\"https:\\\/\\\/macite.tg\\\/?p=29801\",\"name\":\"DRAME\u00a0: Le ministre de la Communication du Bur\u2026 retrouv\u00e9 mort dans sa voiture -\",\"isPartOf\":{\"@id\":\"https:\\\/\\\/macite.tg\\\/#website\"},\"primaryImageOfPage\":{\"@id\":\"https:\\\/\\\/macite.tg\\\/?p=29801#primaryimage\"},\"image\":{\"@id\":\"https:\\\/\\\/macite.tg\\\/?p=29801#primaryimage\"},\"thumbnailUrl\":\"https:\\\/\\\/macite.tg\\\/wp-content\\\/uploads\\\/2026\\\/04\\\/image-49.png\",\"datePublished\":\"2026-04-16T13:03:03+00:00\",\"dateModified\":\"2026-04-16T13:07:36+00:00\",\"author\":{\"@id\":\"https:\\\/\\\/macite.tg\\\/#\\\/schema\\\/person\\\/e9f2de7e5dbbe7770a9402c7ce82f5c2\"},\"breadcrumb\":{\"@id\":\"https:\\\/\\\/macite.tg\\\/?p=29801#breadcrumb\"},\"inLanguage\":\"fr-FR\",\"potentialAction\":[{\"@type\":\"ReadAction\",\"target\":[\"https:\\\/\\\/macite.tg\\\/?p=29801\"]}]},{\"@type\":\"ImageObject\",\"inLanguage\":\"fr-FR\",\"@id\":\"https:\\\/\\\/macite.tg\\\/?p=29801#primaryimage\",\"url\":\"https:\\\/\\\/macite.tg\\\/wp-content\\\/uploads\\\/2026\\\/04\\\/image-49.png\",\"contentUrl\":\"https:\\\/\\\/macite.tg\\\/wp-content\\\/uploads\\\/2026\\\/04\\\/image-49.png\",\"width\":534,\"height\":267},{\"@type\":\"BreadcrumbList\",\"@id\":\"https:\\\/\\\/macite.tg\\\/?p=29801#breadcrumb\",\"itemListElement\":[{\"@type\":\"ListItem\",\"position\":1,\"name\":\"Accueil\",\"item\":\"https:\\\/\\\/macite.tg\\\/\"},{\"@type\":\"ListItem\",\"position\":2,\"name\":\"DRAME\u00a0: Le ministre de la Communication du Bur\u2026 retrouv\u00e9 mort dans sa voiture\"}]},{\"@type\":\"WebSite\",\"@id\":\"https:\\\/\\\/macite.tg\\\/#website\",\"url\":\"https:\\\/\\\/macite.tg\\\/\",\"name\":\"\",\"description\":\"L&#039;information, la bonne!!!\",\"potentialAction\":[{\"@type\":\"SearchAction\",\"target\":{\"@type\":\"EntryPoint\",\"urlTemplate\":\"https:\\\/\\\/macite.tg\\\/?s={search_term_string}\"},\"query-input\":{\"@type\":\"PropertyValueSpecification\",\"valueRequired\":true,\"valueName\":\"search_term_string\"}}],\"inLanguage\":\"fr-FR\"},{\"@type\":\"Person\",\"@id\":\"https:\\\/\\\/macite.tg\\\/#\\\/schema\\\/person\\\/e9f2de7e5dbbe7770a9402c7ce82f5c2\",\"name\":\"Jean Pierre BAWELA\",\"image\":{\"@type\":\"ImageObject\",\"inLanguage\":\"fr-FR\",\"@id\":\"https:\\\/\\\/macite.tg\\\/wp-content\\\/uploads\\\/2023\\\/09\\\/WhatsApp-Image-2023-09-19-at-14.44.41-122x122.jpeg\",\"url\":\"https:\\\/\\\/macite.tg\\\/wp-content\\\/uploads\\\/2023\\\/09\\\/WhatsApp-Image-2023-09-19-at-14.44.41-122x122.jpeg\",\"contentUrl\":\"https:\\\/\\\/macite.tg\\\/wp-content\\\/uploads\\\/2023\\\/09\\\/WhatsApp-Image-2023-09-19-at-14.44.41-122x122.jpeg\",\"caption\":\"Jean Pierre BAWELA\"},\"url\":\"https:\\\/\\\/macite.tg\\\/?author=2\"}]}<\/script>\n<!-- \/ Yoast SEO plugin. -->","yoast_head_json":{"title":"DRAME\u00a0: Le ministre de la Communication du Bur\u2026 retrouv\u00e9 mort dans sa voiture -","robots":{"index":"index","follow":"follow","max-snippet":"max-snippet:-1","max-image-preview":"max-image-preview:large","max-video-preview":"max-video-preview:-1"},"canonical":"https:\/\/macite.tg\/?p=29801","og_locale":"fr_FR","og_type":"article","og_title":"DRAME\u00a0: Le ministre de la Communication du Bur\u2026 retrouv\u00e9 mort dans sa voiture -","og_description":"Le ministre burundais de la Communication et des M\u00e9dias a \u00e9t\u00e9 retrouv\u00e9 mort jeudi \u00e0 l\u2019aube, sur le si\u00e8ge conducteur d\u2019un pick-up, arr\u00eat\u00e9 au milieu d\u2019une palmeraie d\u2019une zone rurale pr\u00e8s de Bujumbura. Le corps de Gabby Bugaga a \u00e9t\u00e9 d\u00e9couvert jeudi matin par des [&hellip;]","og_url":"https:\/\/macite.tg\/?p=29801","article_published_time":"2026-04-16T13:03:03+00:00","article_modified_time":"2026-04-16T13:07:36+00:00","og_image":[{"width":534,"height":267,"url":"https:\/\/macite.tg\/wp-content\/uploads\/2026\/04\/image-49.png","type":"image\/png"}],"author":"Jean Pierre BAWELA","twitter_card":"summary_large_image","twitter_misc":{"\u00c9crit par":"Jean Pierre BAWELA","Dur\u00e9e de lecture estim\u00e9e":"3 minutes"},"schema":{"@context":"https:\/\/schema.org","@graph":[{"@type":"Article","@id":"https:\/\/macite.tg\/?p=29801#article","isPartOf":{"@id":"https:\/\/macite.tg\/?p=29801"},"author":{"name":"Jean Pierre BAWELA","@id":"https:\/\/macite.tg\/#\/schema\/person\/e9f2de7e5dbbe7770a9402c7ce82f5c2"},"headline":"DRAME\u00a0: Le ministre de la Communication du Bur\u2026 retrouv\u00e9 mort dans sa voiture","datePublished":"2026-04-16T13:03:03+00:00","dateModified":"2026-04-16T13:07:36+00:00","mainEntityOfPage":{"@id":"https:\/\/macite.tg\/?p=29801"},"wordCount":516,"commentCount":0,"image":{"@id":"https:\/\/macite.tg\/?p=29801#primaryimage"},"thumbnailUrl":"https:\/\/macite.tg\/wp-content\/uploads\/2026\/04\/image-49.png","articleSection":["ACTUALITE","DRAME"],"inLanguage":"fr-FR","potentialAction":[{"@type":"CommentAction","name":"Comment","target":["https:\/\/macite.tg\/?p=29801#respond"]}]},{"@type":"WebPage","@id":"https:\/\/macite.tg\/?p=29801","url":"https:\/\/macite.tg\/?p=29801","name":"DRAME\u00a0: Le ministre de la Communication du Bur\u2026 retrouv\u00e9 mort dans sa voiture -","isPartOf":{"@id":"https:\/\/macite.tg\/#website"},"primaryImageOfPage":{"@id":"https:\/\/macite.tg\/?p=29801#primaryimage"},"image":{"@id":"https:\/\/macite.tg\/?p=29801#primaryimage"},"thumbnailUrl":"https:\/\/macite.tg\/wp-content\/uploads\/2026\/04\/image-49.png","datePublished":"2026-04-16T13:03:03+00:00","dateModified":"2026-04-16T13:07:36+00:00","author":{"@id":"https:\/\/macite.tg\/#\/schema\/person\/e9f2de7e5dbbe7770a9402c7ce82f5c2"},"breadcrumb":{"@id":"https:\/\/macite.tg\/?p=29801#breadcrumb"},"inLanguage":"fr-FR","potentialAction":[{"@type":"ReadAction","target":["https:\/\/macite.tg\/?p=29801"]}]},{"@type":"ImageObject","inLanguage":"fr-FR","@id":"https:\/\/macite.tg\/?p=29801#primaryimage","url":"https:\/\/macite.tg\/wp-content\/uploads\/2026\/04\/image-49.png","contentUrl":"https:\/\/macite.tg\/wp-content\/uploads\/2026\/04\/image-49.png","width":534,"height":267},{"@type":"BreadcrumbList","@id":"https:\/\/macite.tg\/?p=29801#breadcrumb","itemListElement":[{"@type":"ListItem","position":1,"name":"Accueil","item":"https:\/\/macite.tg\/"},{"@type":"ListItem","position":2,"name":"DRAME\u00a0: Le ministre de la Communication du Bur\u2026 retrouv\u00e9 mort dans sa voiture"}]},{"@type":"WebSite","@id":"https:\/\/macite.tg\/#website","url":"https:\/\/macite.tg\/","name":"","description":"L&#039;information, la bonne!!!","potentialAction":[{"@type":"SearchAction","target":{"@type":"EntryPoint","urlTemplate":"https:\/\/macite.tg\/?s={search_term_string}"},"query-input":{"@type":"PropertyValueSpecification","valueRequired":true,"valueName":"search_term_string"}}],"inLanguage":"fr-FR"},{"@type":"Person","@id":"https:\/\/macite.tg\/#\/schema\/person\/e9f2de7e5dbbe7770a9402c7ce82f5c2","name":"Jean Pierre BAWELA","image":{"@type":"ImageObject","inLanguage":"fr-FR","@id":"https:\/\/macite.tg\/wp-content\/uploads\/2023\/09\/WhatsApp-Image-2023-09-19-at-14.44.41-122x122.jpeg","url":"https:\/\/macite.tg\/wp-content\/uploads\/2023\/09\/WhatsApp-Image-2023-09-19-at-14.44.41-122x122.jpeg","contentUrl":"https:\/\/macite.tg\/wp-content\/uploads\/2023\/09\/WhatsApp-Image-2023-09-19-at-14.44.41-122x122.jpeg","caption":"Jean Pierre BAWELA"},"url":"https:\/\/macite.tg\/?author=2"}]}},"_links":{"self":[{"href":"https:\/\/macite.tg\/index.php?rest_route=\/wp\/v2\/posts\/29801","targetHints":{"allow":["GET"]}}],"collection":[{"href":"https:\/\/macite.tg\/index.php?rest_route=\/wp\/v2\/posts"}],"about":[{"href":"https:\/\/macite.tg\/index.php?rest_route=\/wp\/v2\/types\/post"}],"author":[{"embeddable":true,"href":"https:\/\/macite.tg\/index.php?rest_route=\/wp\/v2\/users\/2"}],"replies":[{"embeddable":true,"href":"https:\/\/macite.tg\/index.php?rest_route=%2Fwp%2Fv2%2Fcomments&post=29801"}],"version-history":[{"count":0,"href":"https:\/\/macite.tg\/index.php?rest_route=\/wp\/v2\/posts\/29801\/revisions"}],"wp:featuredmedia":[{"embeddable":true,"href":"https:\/\/macite.tg\/index.php?rest_route=\/wp\/v2\/media\/29803"}],"wp:attachment":[{"href":"https:\/\/macite.tg\/index.php?rest_route=%2Fwp%2Fv2%2Fmedia&parent=29801"}],"wp:term":[{"taxonomy":"category","embeddable":true,"href":"https:\/\/macite.tg\/index.php?rest_route=%2Fwp%2Fv2%2Fcategories&post=29801"},{"taxonomy":"post_tag","embeddable":true,"href":"https:\/\/macite.tg\/index.php?rest_route=%2Fwp%2Fv2%2Ftags&post=29801"}],"curies":[{"name":"wp","href":"https:\/\/api.w.org\/{rel}","templated":true}]}}