{"id":29791,"date":"2026-04-16T12:15:40","date_gmt":"2026-04-16T12:15:40","guid":{"rendered":"https:\/\/macite.tg\/?p=29791"},"modified":"2026-04-16T12:16:32","modified_gmt":"2026-04-16T12:16:32","slug":"reforme-de-la-couverture-sanitaire-universelle-les-principaux-acteurs-saccordent-sur-la-complementarite-sante","status":"publish","type":"post","link":"https:\/\/macite.tg\/?p=29791","title":{"rendered":"REFORME DE LA COUVERTURE SANITAIRE UNIVERSELLE : Les principaux acteurs s\u2019accordent sur la compl\u00e9mentarit\u00e9 sant\u00e9\u2026"},"content":{"rendered":"\n<p class=\"wp-block-paragraph\"><strong><em>La r\u00e9forme de l\u2019Assurance Maladie Universelle (AMU) s\u2019intensifie. Dans la dynamique de renforcement de la coh\u00e9rence et de l\u2019am\u00e9lioration de l\u2019articulation entre l\u2019AMU et les assurances compl\u00e9mentaires sant\u00e9, un s\u00e9minaire strat\u00e9gique, tenu du 07 au 11 avril dernier, a permis \u00e0 l\u2019Etat de mieux instruire les agr\u00e9ments et encadre efficacement les produits compl\u00e9mentaires. Ceci dans l\u2019optique d\u2019assurer un suivi rigoureux des performances du march\u00e9 gr\u00e2ce \u00e0 des outils de pilotage et de gouvernance performants.<\/em><\/strong><\/p>\n\n\n\n<p class=\"wp-block-paragraph\">Organis\u00e9e par le minist\u00e8re de la Sant\u00e9, de l\u2019hygi\u00e8ne publique, de la couverture sanitaire universelle et des assurances, cette rencontre strat\u00e9gique s\u2019inscrit dans la dynamique de renforcement de la coh\u00e9rence et de l\u2019am\u00e9lioration de l\u2019articulation entre l\u2019Assurance Maladie Universelle (AMU) et les assurances compl\u00e9mentaires sant\u00e9. Le s\u00e9minaire a r\u00e9uni les cadres des compagnies d\u2019assurances, des soci\u00e9t\u00e9s de courtage, des mutuelles et des r\u00e9gulateurs.<\/p>\n\n\n\n<p class=\"wp-block-paragraph\">Durant cinq jours, les travaux de ce s\u00e9minaire, qui visent \u00e0 instaure une gestion rigoureuse, a permis de doter les participants de nouveaux outils de pilotage en vue d\u2019assurer une mise en \u0153uvre coh\u00e9rente, harmonis\u00e9e et efficiente des dispositifs de couverture sanitaire.<\/p>\n\n\n<div class=\"wp-block-image\">\n<figure class=\"aligncenter size-full\"><img loading=\"lazy\" decoding=\"async\" width=\"429\" height=\"590\" src=\"https:\/\/macite.tg\/wp-content\/uploads\/2026\/04\/661706308_1573547144780086_1836717146315080985_n.jpg\" alt=\"\" class=\"wp-image-29721\" srcset=\"https:\/\/macite.tg\/wp-content\/uploads\/2026\/04\/661706308_1573547144780086_1836717146315080985_n.jpg 429w, https:\/\/macite.tg\/wp-content\/uploads\/2026\/04\/661706308_1573547144780086_1836717146315080985_n-218x300.jpg 218w\" sizes=\"auto, (max-width: 429px) 100vw, 429px\" \/><\/figure>\n<\/div>\n\n\n<p class=\"wp-block-paragraph\">Tout en rappelant que \u00ab&nbsp;<em>l\u2019AMU constitue d\u00e9sormais le socle de base de la couverture sanitaire&nbsp;\u00bb, <\/em>le repr\u00e9sentant du ministre de la Sant\u00e9, a soulign\u00e9 que \u00ab&nbsp;<em>sa r\u00e9ussite et sa p\u00e9rennit\u00e9 reposent sur une compl\u00e9mentarit\u00e9 ma\u00eetris\u00e9e avec le secteur priv\u00e9 des assurances&nbsp;\u00bb. <\/em>Ainsi, a-t-il indiqu\u00e9, <em>\u00ab&nbsp;les assurances maladie compl\u00e9mentaires ont un r\u00f4le d\u00e9terminant \u00e0 jouer pour couvrir les prestations non incluses dans le panier de soins de base, garantissant ainsi une protection plus compl\u00e8te aux assur\u00e9s<\/em>&nbsp;\u00bb.<\/p>\n\n\n\n<p class=\"wp-block-paragraph\">Entr\u00e9e en vigueur le 1<sup>er<\/sup> janvier 2024, sous le leadership du Pr\u00e9sident du conseil, Faure Essozimna Gnassingb\u00e9, l\u2019AMU se pr\u00e9sente comme un levier structurant de la politique de protection sociale au Togo. En travaillant main dans la main avec les assureurs priv\u00e9s et les mutuelles, l\u2019\u00c9tat veux consolider une r\u00e9ponse durable aux imp\u00e9ratifs de qualit\u00e9 et d\u2019accessibilit\u00e9 des soins.<\/p>\n\n\n\n<p class=\"wp-block-paragraph\"><strong>JPB<\/strong><\/p>\n\n\n\n<p class=\"wp-block-paragraph\"><a><strong><em>@macite.tg&nbsp;&nbsp;&nbsp;&nbsp;&nbsp;&nbsp;&nbsp;&nbsp;<\/em><\/strong><\/a><\/p>\n\n\n\n<p class=\"wp-block-paragraph\"><strong><em>E-mail&nbsp;: <\/em><\/strong><a href=\"mailto:maciteinfo@gmail.com\"><strong><em>maciteinfo@gmail.com<\/em><\/strong><\/a><strong><em>; <\/em><\/strong><a href=\"mailto:bawela1@gmail.com\"><strong><em>bawela1@gmail.com<\/em><\/strong><\/a><strong><em><\/em><\/strong><\/p>\n\n\n\n<p class=\"wp-block-paragraph\"><strong><em>Pour vos annonces, (publi)reportages, etc., joignez-nous au (00228)91515309\/<strong>79872224 <\/strong><strong><\/strong><\/em><\/strong><\/p>\n\n\n\n<p class=\"wp-block-paragraph\"><strong><em>www.macite.tg, L\u2019information, la bonne&nbsp;!<\/em><\/strong><\/p>\n","protected":false},"excerpt":{"rendered":"<p class=\"text-justify mb-2\" >La r\u00e9forme de l\u2019Assurance Maladie Universelle (AMU) s\u2019intensifie. Dans la dynamique de renforcement de la coh\u00e9rence et de l\u2019am\u00e9lioration de l\u2019articulation entre l\u2019AMU et les assurances compl\u00e9mentaires sant\u00e9, un s\u00e9minaire strat\u00e9gique, tenu du 07 au 11 avril dernier, a permis \u00e0 l\u2019Etat de mieux instruire [&hellip;]<\/p>\n","protected":false},"author":2,"featured_media":29794,"comment_status":"open","ping_status":"open","sticky":false,"template":"","format":"standard","meta":{"footnotes":""},"categories":[20,5],"tags":[],"class_list":["post-29791","post","type-post","status-publish","format-standard","has-post-thumbnail","hentry","category-actualite","category-sante"],"yoast_head":"<!-- This site is optimized with the Yoast SEO plugin v28.4 - https:\/\/yoast.com\/product\/yoast-seo-wordpress\/ -->\n<title>REFORME DE LA COUVERTURE SANITAIRE UNIVERSELLE : Les principaux acteurs s\u2019accordent sur la compl\u00e9mentarit\u00e9 sant\u00e9\u2026 -<\/title>\n<meta name=\"robots\" content=\"index, follow, max-snippet:-1, max-image-preview:large, max-video-preview:-1\" \/>\n<link rel=\"canonical\" href=\"https:\/\/macite.tg\/?p=29791\" \/>\n<meta property=\"og:locale\" content=\"fr_FR\" \/>\n<meta property=\"og:type\" content=\"article\" \/>\n<meta property=\"og:title\" content=\"REFORME DE LA COUVERTURE SANITAIRE UNIVERSELLE : Les principaux acteurs s\u2019accordent sur la compl\u00e9mentarit\u00e9 sant\u00e9\u2026 -\" \/>\n<meta property=\"og:description\" content=\"La r\u00e9forme de l\u2019Assurance Maladie Universelle (AMU) s\u2019intensifie. Dans la dynamique de renforcement de la coh\u00e9rence et de l\u2019am\u00e9lioration de l\u2019articulation entre l\u2019AMU et les assurances compl\u00e9mentaires sant\u00e9, un s\u00e9minaire strat\u00e9gique, tenu du 07 au 11 avril dernier, a permis \u00e0 l\u2019Etat de mieux instruire [&hellip;]\" \/>\n<meta property=\"og:url\" content=\"https:\/\/macite.tg\/?p=29791\" \/>\n<meta property=\"article:published_time\" content=\"2026-04-16T12:15:40+00:00\" \/>\n<meta property=\"article:modified_time\" content=\"2026-04-16T12:16:32+00:00\" \/>\n<meta property=\"og:image\" content=\"https:\/\/macite.tg\/wp-content\/uploads\/2026\/04\/AMU.jpg\" \/>\n\t<meta property=\"og:image:width\" content=\"500\" \/>\n\t<meta property=\"og:image:height\" content=\"333\" \/>\n\t<meta property=\"og:image:type\" content=\"image\/jpeg\" \/>\n<meta name=\"author\" content=\"Jean Pierre BAWELA\" \/>\n<meta name=\"twitter:card\" content=\"summary_large_image\" \/>\n<meta name=\"twitter:label1\" content=\"\u00c9crit par\" \/>\n\t<meta name=\"twitter:data1\" content=\"Jean Pierre BAWELA\" \/>\n\t<meta name=\"twitter:label2\" content=\"Dur\u00e9e de lecture estim\u00e9e\" \/>\n\t<meta name=\"twitter:data2\" content=\"3 minutes\" \/>\n<script type=\"application\/ld+json\" class=\"yoast-schema-graph\">{\"@context\":\"https:\\\/\\\/schema.org\",\"@graph\":[{\"@type\":\"Article\",\"@id\":\"https:\\\/\\\/macite.tg\\\/?p=29791#article\",\"isPartOf\":{\"@id\":\"https:\\\/\\\/macite.tg\\\/?p=29791\"},\"author\":{\"name\":\"Jean Pierre BAWELA\",\"@id\":\"https:\\\/\\\/macite.tg\\\/#\\\/schema\\\/person\\\/e9f2de7e5dbbe7770a9402c7ce82f5c2\"},\"headline\":\"REFORME DE LA COUVERTURE SANITAIRE UNIVERSELLE : Les principaux acteurs s\u2019accordent sur la compl\u00e9mentarit\u00e9 sant\u00e9\u2026\",\"datePublished\":\"2026-04-16T12:15:40+00:00\",\"dateModified\":\"2026-04-16T12:16:32+00:00\",\"mainEntityOfPage\":{\"@id\":\"https:\\\/\\\/macite.tg\\\/?p=29791\"},\"wordCount\":424,\"commentCount\":0,\"image\":{\"@id\":\"https:\\\/\\\/macite.tg\\\/?p=29791#primaryimage\"},\"thumbnailUrl\":\"https:\\\/\\\/macite.tg\\\/wp-content\\\/uploads\\\/2026\\\/04\\\/AMU.jpg\",\"articleSection\":[\"ACTUALITE\",\"SANTE\"],\"inLanguage\":\"fr-FR\",\"potentialAction\":[{\"@type\":\"CommentAction\",\"name\":\"Comment\",\"target\":[\"https:\\\/\\\/macite.tg\\\/?p=29791#respond\"]}]},{\"@type\":\"WebPage\",\"@id\":\"https:\\\/\\\/macite.tg\\\/?p=29791\",\"url\":\"https:\\\/\\\/macite.tg\\\/?p=29791\",\"name\":\"REFORME DE LA COUVERTURE SANITAIRE UNIVERSELLE : Les principaux acteurs s\u2019accordent sur la compl\u00e9mentarit\u00e9 sant\u00e9\u2026 -\",\"isPartOf\":{\"@id\":\"https:\\\/\\\/macite.tg\\\/#website\"},\"primaryImageOfPage\":{\"@id\":\"https:\\\/\\\/macite.tg\\\/?p=29791#primaryimage\"},\"image\":{\"@id\":\"https:\\\/\\\/macite.tg\\\/?p=29791#primaryimage\"},\"thumbnailUrl\":\"https:\\\/\\\/macite.tg\\\/wp-content\\\/uploads\\\/2026\\\/04\\\/AMU.jpg\",\"datePublished\":\"2026-04-16T12:15:40+00:00\",\"dateModified\":\"2026-04-16T12:16:32+00:00\",\"author\":{\"@id\":\"https:\\\/\\\/macite.tg\\\/#\\\/schema\\\/person\\\/e9f2de7e5dbbe7770a9402c7ce82f5c2\"},\"breadcrumb\":{\"@id\":\"https:\\\/\\\/macite.tg\\\/?p=29791#breadcrumb\"},\"inLanguage\":\"fr-FR\",\"potentialAction\":[{\"@type\":\"ReadAction\",\"target\":[\"https:\\\/\\\/macite.tg\\\/?p=29791\"]}]},{\"@type\":\"ImageObject\",\"inLanguage\":\"fr-FR\",\"@id\":\"https:\\\/\\\/macite.tg\\\/?p=29791#primaryimage\",\"url\":\"https:\\\/\\\/macite.tg\\\/wp-content\\\/uploads\\\/2026\\\/04\\\/AMU.jpg\",\"contentUrl\":\"https:\\\/\\\/macite.tg\\\/wp-content\\\/uploads\\\/2026\\\/04\\\/AMU.jpg\",\"width\":500,\"height\":333},{\"@type\":\"BreadcrumbList\",\"@id\":\"https:\\\/\\\/macite.tg\\\/?p=29791#breadcrumb\",\"itemListElement\":[{\"@type\":\"ListItem\",\"position\":1,\"name\":\"Accueil\",\"item\":\"https:\\\/\\\/macite.tg\\\/\"},{\"@type\":\"ListItem\",\"position\":2,\"name\":\"REFORME DE LA COUVERTURE SANITAIRE UNIVERSELLE : Les principaux acteurs s\u2019accordent sur la compl\u00e9mentarit\u00e9 sant\u00e9\u2026\"}]},{\"@type\":\"WebSite\",\"@id\":\"https:\\\/\\\/macite.tg\\\/#website\",\"url\":\"https:\\\/\\\/macite.tg\\\/\",\"name\":\"\",\"description\":\"L&#039;information, la bonne!!!\",\"potentialAction\":[{\"@type\":\"SearchAction\",\"target\":{\"@type\":\"EntryPoint\",\"urlTemplate\":\"https:\\\/\\\/macite.tg\\\/?s={search_term_string}\"},\"query-input\":{\"@type\":\"PropertyValueSpecification\",\"valueRequired\":true,\"valueName\":\"search_term_string\"}}],\"inLanguage\":\"fr-FR\"},{\"@type\":\"Person\",\"@id\":\"https:\\\/\\\/macite.tg\\\/#\\\/schema\\\/person\\\/e9f2de7e5dbbe7770a9402c7ce82f5c2\",\"name\":\"Jean Pierre BAWELA\",\"image\":{\"@type\":\"ImageObject\",\"inLanguage\":\"fr-FR\",\"@id\":\"https:\\\/\\\/macite.tg\\\/wp-content\\\/uploads\\\/2023\\\/09\\\/WhatsApp-Image-2023-09-19-at-14.44.41-122x122.jpeg\",\"url\":\"https:\\\/\\\/macite.tg\\\/wp-content\\\/uploads\\\/2023\\\/09\\\/WhatsApp-Image-2023-09-19-at-14.44.41-122x122.jpeg\",\"contentUrl\":\"https:\\\/\\\/macite.tg\\\/wp-content\\\/uploads\\\/2023\\\/09\\\/WhatsApp-Image-2023-09-19-at-14.44.41-122x122.jpeg\",\"caption\":\"Jean Pierre BAWELA\"},\"url\":\"https:\\\/\\\/macite.tg\\\/?author=2\"}]}<\/script>\n<!-- \/ Yoast SEO plugin. -->","yoast_head_json":{"title":"REFORME DE LA COUVERTURE SANITAIRE UNIVERSELLE : Les principaux acteurs s\u2019accordent sur la compl\u00e9mentarit\u00e9 sant\u00e9\u2026 -","robots":{"index":"index","follow":"follow","max-snippet":"max-snippet:-1","max-image-preview":"max-image-preview:large","max-video-preview":"max-video-preview:-1"},"canonical":"https:\/\/macite.tg\/?p=29791","og_locale":"fr_FR","og_type":"article","og_title":"REFORME DE LA COUVERTURE SANITAIRE UNIVERSELLE : Les principaux acteurs s\u2019accordent sur la compl\u00e9mentarit\u00e9 sant\u00e9\u2026 -","og_description":"La r\u00e9forme de l\u2019Assurance Maladie Universelle (AMU) s\u2019intensifie. Dans la dynamique de renforcement de la coh\u00e9rence et de l\u2019am\u00e9lioration de l\u2019articulation entre l\u2019AMU et les assurances compl\u00e9mentaires sant\u00e9, un s\u00e9minaire strat\u00e9gique, tenu du 07 au 11 avril dernier, a permis \u00e0 l\u2019Etat de mieux instruire [&hellip;]","og_url":"https:\/\/macite.tg\/?p=29791","article_published_time":"2026-04-16T12:15:40+00:00","article_modified_time":"2026-04-16T12:16:32+00:00","og_image":[{"width":500,"height":333,"url":"https:\/\/macite.tg\/wp-content\/uploads\/2026\/04\/AMU.jpg","type":"image\/jpeg"}],"author":"Jean Pierre BAWELA","twitter_card":"summary_large_image","twitter_misc":{"\u00c9crit par":"Jean Pierre BAWELA","Dur\u00e9e de lecture estim\u00e9e":"3 minutes"},"schema":{"@context":"https:\/\/schema.org","@graph":[{"@type":"Article","@id":"https:\/\/macite.tg\/?p=29791#article","isPartOf":{"@id":"https:\/\/macite.tg\/?p=29791"},"author":{"name":"Jean Pierre BAWELA","@id":"https:\/\/macite.tg\/#\/schema\/person\/e9f2de7e5dbbe7770a9402c7ce82f5c2"},"headline":"REFORME DE LA COUVERTURE SANITAIRE UNIVERSELLE : Les principaux acteurs s\u2019accordent sur la compl\u00e9mentarit\u00e9 sant\u00e9\u2026","datePublished":"2026-04-16T12:15:40+00:00","dateModified":"2026-04-16T12:16:32+00:00","mainEntityOfPage":{"@id":"https:\/\/macite.tg\/?p=29791"},"wordCount":424,"commentCount":0,"image":{"@id":"https:\/\/macite.tg\/?p=29791#primaryimage"},"thumbnailUrl":"https:\/\/macite.tg\/wp-content\/uploads\/2026\/04\/AMU.jpg","articleSection":["ACTUALITE","SANTE"],"inLanguage":"fr-FR","potentialAction":[{"@type":"CommentAction","name":"Comment","target":["https:\/\/macite.tg\/?p=29791#respond"]}]},{"@type":"WebPage","@id":"https:\/\/macite.tg\/?p=29791","url":"https:\/\/macite.tg\/?p=29791","name":"REFORME DE LA COUVERTURE SANITAIRE UNIVERSELLE : Les principaux acteurs s\u2019accordent sur la compl\u00e9mentarit\u00e9 sant\u00e9\u2026 -","isPartOf":{"@id":"https:\/\/macite.tg\/#website"},"primaryImageOfPage":{"@id":"https:\/\/macite.tg\/?p=29791#primaryimage"},"image":{"@id":"https:\/\/macite.tg\/?p=29791#primaryimage"},"thumbnailUrl":"https:\/\/macite.tg\/wp-content\/uploads\/2026\/04\/AMU.jpg","datePublished":"2026-04-16T12:15:40+00:00","dateModified":"2026-04-16T12:16:32+00:00","author":{"@id":"https:\/\/macite.tg\/#\/schema\/person\/e9f2de7e5dbbe7770a9402c7ce82f5c2"},"breadcrumb":{"@id":"https:\/\/macite.tg\/?p=29791#breadcrumb"},"inLanguage":"fr-FR","potentialAction":[{"@type":"ReadAction","target":["https:\/\/macite.tg\/?p=29791"]}]},{"@type":"ImageObject","inLanguage":"fr-FR","@id":"https:\/\/macite.tg\/?p=29791#primaryimage","url":"https:\/\/macite.tg\/wp-content\/uploads\/2026\/04\/AMU.jpg","contentUrl":"https:\/\/macite.tg\/wp-content\/uploads\/2026\/04\/AMU.jpg","width":500,"height":333},{"@type":"BreadcrumbList","@id":"https:\/\/macite.tg\/?p=29791#breadcrumb","itemListElement":[{"@type":"ListItem","position":1,"name":"Accueil","item":"https:\/\/macite.tg\/"},{"@type":"ListItem","position":2,"name":"REFORME DE LA COUVERTURE SANITAIRE UNIVERSELLE : Les principaux acteurs s\u2019accordent sur la compl\u00e9mentarit\u00e9 sant\u00e9\u2026"}]},{"@type":"WebSite","@id":"https:\/\/macite.tg\/#website","url":"https:\/\/macite.tg\/","name":"","description":"L&#039;information, la bonne!!!","potentialAction":[{"@type":"SearchAction","target":{"@type":"EntryPoint","urlTemplate":"https:\/\/macite.tg\/?s={search_term_string}"},"query-input":{"@type":"PropertyValueSpecification","valueRequired":true,"valueName":"search_term_string"}}],"inLanguage":"fr-FR"},{"@type":"Person","@id":"https:\/\/macite.tg\/#\/schema\/person\/e9f2de7e5dbbe7770a9402c7ce82f5c2","name":"Jean Pierre BAWELA","image":{"@type":"ImageObject","inLanguage":"fr-FR","@id":"https:\/\/macite.tg\/wp-content\/uploads\/2023\/09\/WhatsApp-Image-2023-09-19-at-14.44.41-122x122.jpeg","url":"https:\/\/macite.tg\/wp-content\/uploads\/2023\/09\/WhatsApp-Image-2023-09-19-at-14.44.41-122x122.jpeg","contentUrl":"https:\/\/macite.tg\/wp-content\/uploads\/2023\/09\/WhatsApp-Image-2023-09-19-at-14.44.41-122x122.jpeg","caption":"Jean Pierre BAWELA"},"url":"https:\/\/macite.tg\/?author=2"}]}},"_links":{"self":[{"href":"https:\/\/macite.tg\/index.php?rest_route=\/wp\/v2\/posts\/29791","targetHints":{"allow":["GET"]}}],"collection":[{"href":"https:\/\/macite.tg\/index.php?rest_route=\/wp\/v2\/posts"}],"about":[{"href":"https:\/\/macite.tg\/index.php?rest_route=\/wp\/v2\/types\/post"}],"author":[{"embeddable":true,"href":"https:\/\/macite.tg\/index.php?rest_route=\/wp\/v2\/users\/2"}],"replies":[{"embeddable":true,"href":"https:\/\/macite.tg\/index.php?rest_route=%2Fwp%2Fv2%2Fcomments&post=29791"}],"version-history":[{"count":0,"href":"https:\/\/macite.tg\/index.php?rest_route=\/wp\/v2\/posts\/29791\/revisions"}],"wp:featuredmedia":[{"embeddable":true,"href":"https:\/\/macite.tg\/index.php?rest_route=\/wp\/v2\/media\/29794"}],"wp:attachment":[{"href":"https:\/\/macite.tg\/index.php?rest_route=%2Fwp%2Fv2%2Fmedia&parent=29791"}],"wp:term":[{"taxonomy":"category","embeddable":true,"href":"https:\/\/macite.tg\/index.php?rest_route=%2Fwp%2Fv2%2Fcategories&post=29791"},{"taxonomy":"post_tag","embeddable":true,"href":"https:\/\/macite.tg\/index.php?rest_route=%2Fwp%2Fv2%2Ftags&post=29791"}],"curies":[{"name":"wp","href":"https:\/\/api.w.org\/{rel}","templated":true}]}}