{"id":29790,"date":"2026-04-16T12:13:14","date_gmt":"2026-04-16T12:13:14","guid":{"rendered":"https:\/\/macite.tg\/?p=29790"},"modified":"2026-04-16T12:17:47","modified_gmt":"2026-04-16T12:17:47","slug":"retard-de-croissance-le-togo-entre-progres-et-imperatif-dacceleration","status":"publish","type":"post","link":"https:\/\/macite.tg\/?p=29790","title":{"rendered":"RETARD DE CROISSANCE : Le Togo entre progr\u00e8s et imp\u00e9ratif d&rsquo;acc\u00e9l\u00e9ration"},"content":{"rendered":"\n<p class=\"wp-block-paragraph\"><strong><em>Le niveau de retard de croissance r\u00e9v\u00e8le l&rsquo;\u00e9tat profond d&rsquo;une soci\u00e9t\u00e9. Sa pr\u00e9valence chez les enfants, au-del\u00e0 de la donn\u00e9e sanitaire qu&rsquo;elle constitue, est un miroir des conditions de vie, de l&rsquo;acc\u00e8s \u00e0 l&rsquo;alimentation et de la qualit\u00e9 des politiques sociales.<\/em><\/strong><\/p>\n\n\n\n<p class=\"wp-block-paragraph\">Le retard de croissance, ou malnutrition chronique, traduit une insuffisance nutritionnelle prolong\u00e9e durant les premi\u00e8res ann\u00e9es de vie. Ses effets d\u00e9passent largement le cadre physique. Il affecte le d\u00e9veloppement cognitif, compromet les performances scolaires et r\u00e9duit, \u00e0 long terme, les capacit\u00e9s productives des individus.<\/p>\n\n\n\n<p class=\"wp-block-paragraph\">Sur la p\u00e9riode 2010-2017, le Togo affichait une pr\u00e9valence de 27,5 %. Un niveau inf\u00e9rieur \u00e0 celui de l&rsquo;Afrique de l&rsquo;Ouest (36,3 %) et \u00e0 celui de l&rsquo;Afrique (34 %), mais encore sup\u00e9rieur \u00e0 celui des pays en d\u00e9veloppement pris dans leur ensemble (23,6 %).<\/p>\n\n\n<div class=\"wp-block-image\">\n<figure class=\"aligncenter size-full\"><img loading=\"lazy\" decoding=\"async\" width=\"429\" height=\"590\" src=\"https:\/\/macite.tg\/wp-content\/uploads\/2026\/04\/661706308_1573547144780086_1836717146315080985_n.jpg\" alt=\"\" class=\"wp-image-29721\" srcset=\"https:\/\/macite.tg\/wp-content\/uploads\/2026\/04\/661706308_1573547144780086_1836717146315080985_n.jpg 429w, https:\/\/macite.tg\/wp-content\/uploads\/2026\/04\/661706308_1573547144780086_1836717146315080985_n-218x300.jpg 218w\" sizes=\"auto, (max-width: 429px) 100vw, 429px\" \/><\/figure>\n<\/div>\n\n\n<p class=\"wp-block-paragraph\">Cette position interm\u00e9diaire, \u00e0 la fois encourageante et exigeante, montre la ma\u00eetrise progressive du Togo, compar\u00e9 \u00e0 son environnement imm\u00e9diat. L&rsquo;\u00e9cart avec la moyenne ouest-africaine est significatif, traduisant des avanc\u00e9es en mati\u00e8re de nutrition, de sant\u00e9 maternelle et infantile, ainsi que d&rsquo;acc\u00e8s aux services sociaux de base.<\/p>\n\n\n\n<p class=\"wp-block-paragraph\">Ce diff\u00e9rentiel sugg\u00e8re que les efforts d\u00e9ploy\u00e9s en faveur de l&rsquo;am\u00e9lioration des conditions de vie produisent des effets tangibles. Programmes de sensibilisation, renforcement des services de sant\u00e9, initiatives en mati\u00e8re de s\u00e9curit\u00e9 alimentaire&#8230; les actions sont nombreuses.<\/p>\n\n\n\n<p class=\"wp-block-paragraph\"><strong>Des implications \u00e9conomiques et sociales profondes<\/strong><\/p>\n\n\n\n<p class=\"wp-block-paragraph\">R\u00e9duire la pr\u00e9valence du retard de croissance ne rel\u00e8ve pas seulement d&rsquo;un imp\u00e9ratif sanitaire. C&rsquo;est un enjeu \u00e9conomique majeur. Une population mieux nourrie est plus apte \u00e0 apprendre, \u00e0 travailler et \u00e0 innover.<\/p>\n\n\n\n<p class=\"wp-block-paragraph\">\u00c0 l&rsquo;inverse, la malnutrition chronique engendre des pertes de productivit\u00e9, freine la croissance et p\u00e8se sur les syst\u00e8mes de sant\u00e9. Elle constitue, en ce sens, un frein invisible au d\u00e9veloppement. Ainsi, chaque point de pourcentage gagn\u00e9 dans la r\u00e9duction du retard de croissance repr\u00e9sente un investissement dans le capital humain et dans l&rsquo;avenir du pays.<\/p>\n\n\n<div class=\"wp-block-image\">\n<figure class=\"aligncenter size-full\"><img loading=\"lazy\" decoding=\"async\" width=\"650\" height=\"650\" src=\"https:\/\/macite.tg\/wp-content\/uploads\/2026\/04\/nagode-horaires.jpeg\" alt=\"\" class=\"wp-image-29503\" srcset=\"https:\/\/macite.tg\/wp-content\/uploads\/2026\/04\/nagode-horaires.jpeg 650w, https:\/\/macite.tg\/wp-content\/uploads\/2026\/04\/nagode-horaires-300x300.jpeg 300w, https:\/\/macite.tg\/wp-content\/uploads\/2026\/04\/nagode-horaires-150x150.jpeg 150w, https:\/\/macite.tg\/wp-content\/uploads\/2026\/04\/nagode-horaires-122x122.jpeg 122w\" sizes=\"auto, (max-width: 650px) 100vw, 650px\" \/><\/figure>\n<\/div>\n\n\n<p class=\"wp-block-paragraph\">La situation du Togo appelle ainsi \u00e0 consolider les acquis tout en intensifiant les efforts. Cela passe par le renforcement des programmes de nutrition, la promotion de l&rsquo;allaitement maternel, l&rsquo;am\u00e9lioration de la diversification alimentaire et le soutien aux m\u00e9nages les plus vuln\u00e9rables.<\/p>\n\n\n\n<p class=\"wp-block-paragraph\">L&rsquo;enjeu est \u00e9galement territorial : il s&rsquo;agit de r\u00e9duire les disparit\u00e9s entre zones urbaines et rurales, en garantissant un acc\u00e8s \u00e9quitable aux ressources et aux services.<\/p>\n\n\n\n<p class=\"wp-block-paragraph\">En d\u00e9finitive, la pr\u00e9valence du retard de croissance au Togo raconte une histoire en deux temps. Celle d&rsquo;un pays qui progresse, en se situant en de\u00e7\u00e0 des moyennes r\u00e9gionales, mais aussi celle d&rsquo;un d\u00e9fi encore pr\u00e9sent, qui appelle une mobilisation continue.<\/p>\n\n\n\n<p class=\"wp-block-paragraph\"><strong>La R\u00e9daction<\/strong><\/p>\n\n\n\n<p class=\"wp-block-paragraph\"><a><strong><em>@macite.tg&nbsp;&nbsp;&nbsp;&nbsp;&nbsp;&nbsp;&nbsp;&nbsp;<\/em><\/strong><\/a><\/p>\n\n\n\n<p class=\"wp-block-paragraph\"><strong><em>E-mail&nbsp;: <\/em><\/strong><a href=\"mailto:maciteinfo@gmail.com\"><strong><em>maciteinfo@gmail.com<\/em><\/strong><\/a><strong><em>; <\/em><\/strong><a href=\"mailto:bawela1@gmail.com\"><strong><em>bawela1@gmail.com<\/em><\/strong><\/a><strong><em><\/em><\/strong><\/p>\n\n\n\n<p class=\"wp-block-paragraph\"><strong><em>Pour vos annonces, (publi)reportages, etc., joignez-nous au (00228)91515309\/<strong>79872224 <\/strong><strong><\/strong><\/em><\/strong><\/p>\n\n\n\n<p class=\"wp-block-paragraph\"><strong><em>www.macite.tg, L\u2019information, la bonne&nbsp;!<\/em><\/strong><\/p>\n","protected":false},"excerpt":{"rendered":"<p class=\"text-justify mb-2\" >Le niveau de retard de croissance r\u00e9v\u00e8le l&rsquo;\u00e9tat profond d&rsquo;une soci\u00e9t\u00e9. Sa pr\u00e9valence chez les enfants, au-del\u00e0 de la donn\u00e9e sanitaire qu&rsquo;elle constitue, est un miroir des conditions de vie, de l&rsquo;acc\u00e8s \u00e0 l&rsquo;alimentation et de la qualit\u00e9 des politiques sociales. Le retard de croissance, [&hellip;]<\/p>\n","protected":false},"author":2,"featured_media":29792,"comment_status":"open","ping_status":"open","sticky":false,"template":"","format":"standard","meta":{"footnotes":""},"categories":[20,3],"tags":[],"class_list":["post-29790","post","type-post","status-publish","format-standard","has-post-thumbnail","hentry","category-actualite","category-economie"],"yoast_head":"<!-- This site is optimized with the Yoast SEO plugin v28.4 - https:\/\/yoast.com\/product\/yoast-seo-wordpress\/ -->\n<title>RETARD DE CROISSANCE : Le Togo entre progr\u00e8s et imp\u00e9ratif d&#039;acc\u00e9l\u00e9ration -<\/title>\n<meta name=\"robots\" content=\"index, follow, max-snippet:-1, max-image-preview:large, max-video-preview:-1\" \/>\n<link rel=\"canonical\" href=\"https:\/\/macite.tg\/?p=29790\" \/>\n<meta property=\"og:locale\" content=\"fr_FR\" \/>\n<meta property=\"og:type\" content=\"article\" \/>\n<meta property=\"og:title\" content=\"RETARD DE CROISSANCE : Le Togo entre progr\u00e8s et imp\u00e9ratif d&#039;acc\u00e9l\u00e9ration -\" \/>\n<meta property=\"og:description\" content=\"Le niveau de retard de croissance r\u00e9v\u00e8le l&rsquo;\u00e9tat profond d&rsquo;une soci\u00e9t\u00e9. Sa pr\u00e9valence chez les enfants, au-del\u00e0 de la donn\u00e9e sanitaire qu&rsquo;elle constitue, est un miroir des conditions de vie, de l&rsquo;acc\u00e8s \u00e0 l&rsquo;alimentation et de la qualit\u00e9 des politiques sociales. Le retard de croissance, [&hellip;]\" \/>\n<meta property=\"og:url\" content=\"https:\/\/macite.tg\/?p=29790\" \/>\n<meta property=\"article:published_time\" content=\"2026-04-16T12:13:14+00:00\" \/>\n<meta property=\"article:modified_time\" content=\"2026-04-16T12:17:47+00:00\" \/>\n<meta property=\"og:image\" content=\"https:\/\/macite.tg\/wp-content\/uploads\/2026\/04\/image-48.png\" \/>\n\t<meta property=\"og:image:width\" content=\"316\" \/>\n\t<meta property=\"og:image:height\" content=\"160\" \/>\n\t<meta property=\"og:image:type\" content=\"image\/png\" \/>\n<meta name=\"author\" content=\"Jean Pierre BAWELA\" \/>\n<meta name=\"twitter:card\" content=\"summary_large_image\" \/>\n<meta name=\"twitter:label1\" content=\"\u00c9crit par\" \/>\n\t<meta name=\"twitter:data1\" content=\"Jean Pierre BAWELA\" \/>\n\t<meta name=\"twitter:label2\" content=\"Dur\u00e9e de lecture estim\u00e9e\" \/>\n\t<meta name=\"twitter:data2\" content=\"3 minutes\" \/>\n<script type=\"application\/ld+json\" class=\"yoast-schema-graph\">{\"@context\":\"https:\\\/\\\/schema.org\",\"@graph\":[{\"@type\":\"Article\",\"@id\":\"https:\\\/\\\/macite.tg\\\/?p=29790#article\",\"isPartOf\":{\"@id\":\"https:\\\/\\\/macite.tg\\\/?p=29790\"},\"author\":{\"name\":\"Jean Pierre BAWELA\",\"@id\":\"https:\\\/\\\/macite.tg\\\/#\\\/schema\\\/person\\\/e9f2de7e5dbbe7770a9402c7ce82f5c2\"},\"headline\":\"RETARD DE CROISSANCE : Le Togo entre progr\u00e8s et imp\u00e9ratif d&rsquo;acc\u00e9l\u00e9ration\",\"datePublished\":\"2026-04-16T12:13:14+00:00\",\"dateModified\":\"2026-04-16T12:17:47+00:00\",\"mainEntityOfPage\":{\"@id\":\"https:\\\/\\\/macite.tg\\\/?p=29790\"},\"wordCount\":520,\"commentCount\":0,\"image\":{\"@id\":\"https:\\\/\\\/macite.tg\\\/?p=29790#primaryimage\"},\"thumbnailUrl\":\"https:\\\/\\\/macite.tg\\\/wp-content\\\/uploads\\\/2026\\\/04\\\/image-48.png\",\"articleSection\":[\"ACTUALITE\",\"ECONOMIE\"],\"inLanguage\":\"fr-FR\",\"potentialAction\":[{\"@type\":\"CommentAction\",\"name\":\"Comment\",\"target\":[\"https:\\\/\\\/macite.tg\\\/?p=29790#respond\"]}]},{\"@type\":\"WebPage\",\"@id\":\"https:\\\/\\\/macite.tg\\\/?p=29790\",\"url\":\"https:\\\/\\\/macite.tg\\\/?p=29790\",\"name\":\"RETARD DE CROISSANCE : Le Togo entre progr\u00e8s et imp\u00e9ratif d'acc\u00e9l\u00e9ration -\",\"isPartOf\":{\"@id\":\"https:\\\/\\\/macite.tg\\\/#website\"},\"primaryImageOfPage\":{\"@id\":\"https:\\\/\\\/macite.tg\\\/?p=29790#primaryimage\"},\"image\":{\"@id\":\"https:\\\/\\\/macite.tg\\\/?p=29790#primaryimage\"},\"thumbnailUrl\":\"https:\\\/\\\/macite.tg\\\/wp-content\\\/uploads\\\/2026\\\/04\\\/image-48.png\",\"datePublished\":\"2026-04-16T12:13:14+00:00\",\"dateModified\":\"2026-04-16T12:17:47+00:00\",\"author\":{\"@id\":\"https:\\\/\\\/macite.tg\\\/#\\\/schema\\\/person\\\/e9f2de7e5dbbe7770a9402c7ce82f5c2\"},\"breadcrumb\":{\"@id\":\"https:\\\/\\\/macite.tg\\\/?p=29790#breadcrumb\"},\"inLanguage\":\"fr-FR\",\"potentialAction\":[{\"@type\":\"ReadAction\",\"target\":[\"https:\\\/\\\/macite.tg\\\/?p=29790\"]}]},{\"@type\":\"ImageObject\",\"inLanguage\":\"fr-FR\",\"@id\":\"https:\\\/\\\/macite.tg\\\/?p=29790#primaryimage\",\"url\":\"https:\\\/\\\/macite.tg\\\/wp-content\\\/uploads\\\/2026\\\/04\\\/image-48.png\",\"contentUrl\":\"https:\\\/\\\/macite.tg\\\/wp-content\\\/uploads\\\/2026\\\/04\\\/image-48.png\",\"width\":316,\"height\":160},{\"@type\":\"BreadcrumbList\",\"@id\":\"https:\\\/\\\/macite.tg\\\/?p=29790#breadcrumb\",\"itemListElement\":[{\"@type\":\"ListItem\",\"position\":1,\"name\":\"Accueil\",\"item\":\"https:\\\/\\\/macite.tg\\\/\"},{\"@type\":\"ListItem\",\"position\":2,\"name\":\"RETARD DE CROISSANCE : Le Togo entre progr\u00e8s et imp\u00e9ratif d&rsquo;acc\u00e9l\u00e9ration\"}]},{\"@type\":\"WebSite\",\"@id\":\"https:\\\/\\\/macite.tg\\\/#website\",\"url\":\"https:\\\/\\\/macite.tg\\\/\",\"name\":\"\",\"description\":\"L&#039;information, la bonne!!!\",\"potentialAction\":[{\"@type\":\"SearchAction\",\"target\":{\"@type\":\"EntryPoint\",\"urlTemplate\":\"https:\\\/\\\/macite.tg\\\/?s={search_term_string}\"},\"query-input\":{\"@type\":\"PropertyValueSpecification\",\"valueRequired\":true,\"valueName\":\"search_term_string\"}}],\"inLanguage\":\"fr-FR\"},{\"@type\":\"Person\",\"@id\":\"https:\\\/\\\/macite.tg\\\/#\\\/schema\\\/person\\\/e9f2de7e5dbbe7770a9402c7ce82f5c2\",\"name\":\"Jean Pierre BAWELA\",\"image\":{\"@type\":\"ImageObject\",\"inLanguage\":\"fr-FR\",\"@id\":\"https:\\\/\\\/macite.tg\\\/wp-content\\\/uploads\\\/2023\\\/09\\\/WhatsApp-Image-2023-09-19-at-14.44.41-122x122.jpeg\",\"url\":\"https:\\\/\\\/macite.tg\\\/wp-content\\\/uploads\\\/2023\\\/09\\\/WhatsApp-Image-2023-09-19-at-14.44.41-122x122.jpeg\",\"contentUrl\":\"https:\\\/\\\/macite.tg\\\/wp-content\\\/uploads\\\/2023\\\/09\\\/WhatsApp-Image-2023-09-19-at-14.44.41-122x122.jpeg\",\"caption\":\"Jean Pierre BAWELA\"},\"url\":\"https:\\\/\\\/macite.tg\\\/?author=2\"}]}<\/script>\n<!-- \/ Yoast SEO plugin. -->","yoast_head_json":{"title":"RETARD DE CROISSANCE : Le Togo entre progr\u00e8s et imp\u00e9ratif d'acc\u00e9l\u00e9ration -","robots":{"index":"index","follow":"follow","max-snippet":"max-snippet:-1","max-image-preview":"max-image-preview:large","max-video-preview":"max-video-preview:-1"},"canonical":"https:\/\/macite.tg\/?p=29790","og_locale":"fr_FR","og_type":"article","og_title":"RETARD DE CROISSANCE : Le Togo entre progr\u00e8s et imp\u00e9ratif d'acc\u00e9l\u00e9ration -","og_description":"Le niveau de retard de croissance r\u00e9v\u00e8le l&rsquo;\u00e9tat profond d&rsquo;une soci\u00e9t\u00e9. Sa pr\u00e9valence chez les enfants, au-del\u00e0 de la donn\u00e9e sanitaire qu&rsquo;elle constitue, est un miroir des conditions de vie, de l&rsquo;acc\u00e8s \u00e0 l&rsquo;alimentation et de la qualit\u00e9 des politiques sociales. Le retard de croissance, [&hellip;]","og_url":"https:\/\/macite.tg\/?p=29790","article_published_time":"2026-04-16T12:13:14+00:00","article_modified_time":"2026-04-16T12:17:47+00:00","og_image":[{"width":316,"height":160,"url":"https:\/\/macite.tg\/wp-content\/uploads\/2026\/04\/image-48.png","type":"image\/png"}],"author":"Jean Pierre BAWELA","twitter_card":"summary_large_image","twitter_misc":{"\u00c9crit par":"Jean Pierre BAWELA","Dur\u00e9e de lecture estim\u00e9e":"3 minutes"},"schema":{"@context":"https:\/\/schema.org","@graph":[{"@type":"Article","@id":"https:\/\/macite.tg\/?p=29790#article","isPartOf":{"@id":"https:\/\/macite.tg\/?p=29790"},"author":{"name":"Jean Pierre BAWELA","@id":"https:\/\/macite.tg\/#\/schema\/person\/e9f2de7e5dbbe7770a9402c7ce82f5c2"},"headline":"RETARD DE CROISSANCE : Le Togo entre progr\u00e8s et imp\u00e9ratif d&rsquo;acc\u00e9l\u00e9ration","datePublished":"2026-04-16T12:13:14+00:00","dateModified":"2026-04-16T12:17:47+00:00","mainEntityOfPage":{"@id":"https:\/\/macite.tg\/?p=29790"},"wordCount":520,"commentCount":0,"image":{"@id":"https:\/\/macite.tg\/?p=29790#primaryimage"},"thumbnailUrl":"https:\/\/macite.tg\/wp-content\/uploads\/2026\/04\/image-48.png","articleSection":["ACTUALITE","ECONOMIE"],"inLanguage":"fr-FR","potentialAction":[{"@type":"CommentAction","name":"Comment","target":["https:\/\/macite.tg\/?p=29790#respond"]}]},{"@type":"WebPage","@id":"https:\/\/macite.tg\/?p=29790","url":"https:\/\/macite.tg\/?p=29790","name":"RETARD DE CROISSANCE : Le Togo entre progr\u00e8s et imp\u00e9ratif d'acc\u00e9l\u00e9ration -","isPartOf":{"@id":"https:\/\/macite.tg\/#website"},"primaryImageOfPage":{"@id":"https:\/\/macite.tg\/?p=29790#primaryimage"},"image":{"@id":"https:\/\/macite.tg\/?p=29790#primaryimage"},"thumbnailUrl":"https:\/\/macite.tg\/wp-content\/uploads\/2026\/04\/image-48.png","datePublished":"2026-04-16T12:13:14+00:00","dateModified":"2026-04-16T12:17:47+00:00","author":{"@id":"https:\/\/macite.tg\/#\/schema\/person\/e9f2de7e5dbbe7770a9402c7ce82f5c2"},"breadcrumb":{"@id":"https:\/\/macite.tg\/?p=29790#breadcrumb"},"inLanguage":"fr-FR","potentialAction":[{"@type":"ReadAction","target":["https:\/\/macite.tg\/?p=29790"]}]},{"@type":"ImageObject","inLanguage":"fr-FR","@id":"https:\/\/macite.tg\/?p=29790#primaryimage","url":"https:\/\/macite.tg\/wp-content\/uploads\/2026\/04\/image-48.png","contentUrl":"https:\/\/macite.tg\/wp-content\/uploads\/2026\/04\/image-48.png","width":316,"height":160},{"@type":"BreadcrumbList","@id":"https:\/\/macite.tg\/?p=29790#breadcrumb","itemListElement":[{"@type":"ListItem","position":1,"name":"Accueil","item":"https:\/\/macite.tg\/"},{"@type":"ListItem","position":2,"name":"RETARD DE CROISSANCE : Le Togo entre progr\u00e8s et imp\u00e9ratif d&rsquo;acc\u00e9l\u00e9ration"}]},{"@type":"WebSite","@id":"https:\/\/macite.tg\/#website","url":"https:\/\/macite.tg\/","name":"","description":"L&#039;information, la bonne!!!","potentialAction":[{"@type":"SearchAction","target":{"@type":"EntryPoint","urlTemplate":"https:\/\/macite.tg\/?s={search_term_string}"},"query-input":{"@type":"PropertyValueSpecification","valueRequired":true,"valueName":"search_term_string"}}],"inLanguage":"fr-FR"},{"@type":"Person","@id":"https:\/\/macite.tg\/#\/schema\/person\/e9f2de7e5dbbe7770a9402c7ce82f5c2","name":"Jean Pierre BAWELA","image":{"@type":"ImageObject","inLanguage":"fr-FR","@id":"https:\/\/macite.tg\/wp-content\/uploads\/2023\/09\/WhatsApp-Image-2023-09-19-at-14.44.41-122x122.jpeg","url":"https:\/\/macite.tg\/wp-content\/uploads\/2023\/09\/WhatsApp-Image-2023-09-19-at-14.44.41-122x122.jpeg","contentUrl":"https:\/\/macite.tg\/wp-content\/uploads\/2023\/09\/WhatsApp-Image-2023-09-19-at-14.44.41-122x122.jpeg","caption":"Jean Pierre BAWELA"},"url":"https:\/\/macite.tg\/?author=2"}]}},"_links":{"self":[{"href":"https:\/\/macite.tg\/index.php?rest_route=\/wp\/v2\/posts\/29790","targetHints":{"allow":["GET"]}}],"collection":[{"href":"https:\/\/macite.tg\/index.php?rest_route=\/wp\/v2\/posts"}],"about":[{"href":"https:\/\/macite.tg\/index.php?rest_route=\/wp\/v2\/types\/post"}],"author":[{"embeddable":true,"href":"https:\/\/macite.tg\/index.php?rest_route=\/wp\/v2\/users\/2"}],"replies":[{"embeddable":true,"href":"https:\/\/macite.tg\/index.php?rest_route=%2Fwp%2Fv2%2Fcomments&post=29790"}],"version-history":[{"count":0,"href":"https:\/\/macite.tg\/index.php?rest_route=\/wp\/v2\/posts\/29790\/revisions"}],"wp:featuredmedia":[{"embeddable":true,"href":"https:\/\/macite.tg\/index.php?rest_route=\/wp\/v2\/media\/29792"}],"wp:attachment":[{"href":"https:\/\/macite.tg\/index.php?rest_route=%2Fwp%2Fv2%2Fmedia&parent=29790"}],"wp:term":[{"taxonomy":"category","embeddable":true,"href":"https:\/\/macite.tg\/index.php?rest_route=%2Fwp%2Fv2%2Fcategories&post=29790"},{"taxonomy":"post_tag","embeddable":true,"href":"https:\/\/macite.tg\/index.php?rest_route=%2Fwp%2Fv2%2Ftags&post=29790"}],"curies":[{"name":"wp","href":"https:\/\/api.w.org\/{rel}","templated":true}]}}