{"id":29780,"date":"2026-04-15T20:03:14","date_gmt":"2026-04-15T20:03:14","guid":{"rendered":"https:\/\/macite.tg\/?p=29780"},"modified":"2026-04-15T20:03:29","modified_gmt":"2026-04-15T20:03:29","slug":"maroncanite-du-sahara-la-republique-du-gabon-salue-ladoption-historique-de-la-resolution-2797-du-conseil-de-securite-de-lonu","status":"publish","type":"post","link":"https:\/\/macite.tg\/?p=29780","title":{"rendered":"MARONCANITE DU SAHARA\u00a0: La R\u00e9publique du Gabon salue l\u2019adoption historique de la R\u00e9solution 2797 du Conseil de s\u00e9curit\u00e9 de l\u2019ONU"},"content":{"rendered":"\n<p class=\"wp-block-paragraph\"><strong><em>La lancinante question de la marocanit\u00e9 du Sahara est encore d\u2019actualit\u00e9. Le mardi 14 avril dernier, la R\u00e9publique du Gabon a, publiquement, exprim\u00e9 son soutien \u00e0 la marocanit\u00e9 du Sahara, et salu\u00e9 l\u2019adoption historique de la R\u00e9solution 2797 du Conseil de s\u00e9curit\u00e9 des Nations Unies.<\/em><\/strong><\/p>\n\n\n\n<p class=\"wp-block-paragraph\">En visite d\u2019amiti\u00e9 et de travail dans le Royaume du Maroc, la ministre des Affaires \u00e9trang\u00e8res et de la Coop\u00e9ration, charg\u00e9e de l\u2019Int\u00e9gration et de la Diaspora de la R\u00e9publique Gabonaise, Marie-Edith Tassyla-Ye-Doumbeneny, a eu une s\u00e9ance de travail \u00e0 Rabat avec le ministre des Affaires \u00e9trang\u00e8res, de la Coop\u00e9ration africaine et des Marocains r\u00e9sidant \u00e0 l\u2019\u00e9tranger, Nasser Bourita.<\/p>\n\n\n\n<figure class=\"wp-block-image size-full\"><img loading=\"lazy\" decoding=\"async\" width=\"851\" height=\"315\" src=\"https:\/\/macite.tg\/wp-content\/uploads\/2026\/03\/OTR_Ferer-pour-batir-1-1.jpg\" alt=\"\" class=\"wp-image-29356\" srcset=\"https:\/\/macite.tg\/wp-content\/uploads\/2026\/03\/OTR_Ferer-pour-batir-1-1.jpg 851w, https:\/\/macite.tg\/wp-content\/uploads\/2026\/03\/OTR_Ferer-pour-batir-1-1-300x111.jpg 300w, https:\/\/macite.tg\/wp-content\/uploads\/2026\/03\/OTR_Ferer-pour-batir-1-1-768x284.jpg 768w\" sizes=\"auto, (max-width: 851px) 100vw, 851px\" \/><\/figure>\n\n\n\n<p class=\"wp-block-paragraph\">La diplomate gabonaise a r\u00e9it\u00e9r\u00e9, dans un communiqu\u00e9 conjoint rendu public \u00e0 cet effet, le soutien de son pays \u00e0 la marocanit\u00e9 du Sahara, r\u00e9affirmant son appui total au Plan marocain d&rsquo;autonomie, comme la <em>\u00ab&nbsp;seule et unique solution cr\u00e9dible et r\u00e9aliste au diff\u00e9rend r\u00e9gional autour <\/em><em>du Sahara&nbsp;\u00bb.<\/em><\/p>\n\n\n\n<p class=\"wp-block-paragraph\">Mme Tassyla-Ye-Doumbeneny a salu\u00e9 l\u2019adoption historique, le 31 octobre 2025, par le Conseil de s\u00e9curit\u00e9 des Nations Unies, de la R\u00e9solution 2797, qui consacre, dans le cadre de la souverainet\u00e9 marocaine, le Plan d\u2019autonomie propos\u00e9 par le Maroc comme seule base s\u00e9rieuse, cr\u00e9dible et durable pour parvenir \u00e0 une solution politique au diff\u00e9rend artificiel autour du Sahara, indique le communiqu\u00e9.<\/p>\n\n\n\n<p class=\"wp-block-paragraph\">La diplomate a saisi l\u2019occasion pour rappeler l&rsquo;ouverture par la R\u00e9publique Gabonaise d&rsquo;un Consulat G\u00e9n\u00e9ral \u00e0 La\u00e2youne en janvier 2020. Une concr\u00e9tisation du rapprochement diplomatique entre Rabat et Libreville, qui s&rsquo;inscrit dans le sillage de la dynamique de la reconnaissance internationale de l&rsquo;int\u00e9grit\u00e9 territoriale du Royaume, qui plus est une preuve tangible de la solidit\u00e9 du partenariat strat\u00e9gique liant au plus haut niveau les deux pays fr\u00e8res.<\/p>\n\n\n<div class=\"wp-block-image\">\n<figure class=\"aligncenter size-full\"><img loading=\"lazy\" decoding=\"async\" width=\"429\" height=\"590\" src=\"https:\/\/macite.tg\/wp-content\/uploads\/2026\/04\/661706308_1573547144780086_1836717146315080985_n.jpg\" alt=\"\" class=\"wp-image-29721\" srcset=\"https:\/\/macite.tg\/wp-content\/uploads\/2026\/04\/661706308_1573547144780086_1836717146315080985_n.jpg 429w, https:\/\/macite.tg\/wp-content\/uploads\/2026\/04\/661706308_1573547144780086_1836717146315080985_n-218x300.jpg 218w\" sizes=\"auto, (max-width: 429px) 100vw, 429px\" \/><\/figure>\n<\/div>\n\n\n<p class=\"wp-block-paragraph\">Notons que cette position du Gabon, telle que r\u00e9it\u00e9r\u00e9e par Mme Marie-Edith Tassyla-Ye\u00adDoumbeneny, est le r\u00e9sultat de la dynamique internationale impuls\u00e9e par Rabat, sous les Hautes Instructions de du Souverain marocain en faveur du Plan d\u2019autonomie et de la souverainet\u00e9 du Royaume sur l\u2019ensemble de ses territoires y compris le Sahara. &nbsp;<\/p>\n\n\n\n<p class=\"wp-block-paragraph\"><strong>MC<\/strong><\/p>\n\n\n\n<p class=\"wp-block-paragraph\"><a><strong><em>@macite.tg&nbsp;&nbsp;&nbsp;&nbsp;&nbsp;&nbsp;&nbsp;&nbsp;<\/em><\/strong><\/a><\/p>\n\n\n\n<p class=\"wp-block-paragraph\"><strong><em>E-mail&nbsp;: <\/em><\/strong><a href=\"mailto:maciteinfo@gmail.com\"><strong><em>maciteinfo@gmail.com<\/em><\/strong><\/a><strong><em>; <\/em><\/strong><a href=\"mailto:bawela1@gmail.com\"><strong><em>bawela1@gmail.com<\/em><\/strong><\/a><strong><em><\/em><\/strong><\/p>\n\n\n\n<p class=\"wp-block-paragraph\"><strong><em>Pour vos annonces, (publi)reportages, etc., joignez-nous au (00228)91515309\/<strong>79872224 <\/strong><strong><\/strong><\/em><\/strong><\/p>\n\n\n\n<p class=\"wp-block-paragraph\"><strong><em>www.macite.tg, L\u2019information, la bonne&nbsp;!<\/em><\/strong><\/p>\n","protected":false},"excerpt":{"rendered":"<p class=\"text-justify mb-2\" >La lancinante question de la marocanit\u00e9 du Sahara est encore d\u2019actualit\u00e9. Le mardi 14 avril dernier, la R\u00e9publique du Gabon a, publiquement, exprim\u00e9 son soutien \u00e0 la marocanit\u00e9 du Sahara, et salu\u00e9 l\u2019adoption historique de la R\u00e9solution 2797 du Conseil de s\u00e9curit\u00e9 des Nations Unies. [&hellip;]<\/p>\n","protected":false},"author":2,"featured_media":29783,"comment_status":"open","ping_status":"open","sticky":false,"template":"","format":"standard","meta":{"footnotes":""},"categories":[20,8],"tags":[],"class_list":["post-29780","post","type-post","status-publish","format-standard","has-post-thumbnail","hentry","category-actualite","category-diplomatie"],"yoast_head":"<!-- This site is optimized with the Yoast SEO plugin v28.4 - https:\/\/yoast.com\/product\/yoast-seo-wordpress\/ -->\n<title>MARONCANITE DU SAHARA\u00a0: La R\u00e9publique du Gabon salue l\u2019adoption historique de la R\u00e9solution 2797 du Conseil de s\u00e9curit\u00e9 de l\u2019ONU -<\/title>\n<meta name=\"robots\" content=\"index, follow, max-snippet:-1, max-image-preview:large, max-video-preview:-1\" \/>\n<link rel=\"canonical\" href=\"https:\/\/macite.tg\/?p=29780\" \/>\n<meta property=\"og:locale\" content=\"fr_FR\" \/>\n<meta property=\"og:type\" content=\"article\" \/>\n<meta property=\"og:title\" content=\"MARONCANITE DU SAHARA\u00a0: La R\u00e9publique du Gabon salue l\u2019adoption historique de la R\u00e9solution 2797 du Conseil de s\u00e9curit\u00e9 de l\u2019ONU -\" \/>\n<meta property=\"og:description\" content=\"La lancinante question de la marocanit\u00e9 du Sahara est encore d\u2019actualit\u00e9. Le mardi 14 avril dernier, la R\u00e9publique du Gabon a, publiquement, exprim\u00e9 son soutien \u00e0 la marocanit\u00e9 du Sahara, et salu\u00e9 l\u2019adoption historique de la R\u00e9solution 2797 du Conseil de s\u00e9curit\u00e9 des Nations Unies. [&hellip;]\" \/>\n<meta property=\"og:url\" content=\"https:\/\/macite.tg\/?p=29780\" \/>\n<meta property=\"article:published_time\" content=\"2026-04-15T20:03:14+00:00\" \/>\n<meta property=\"article:modified_time\" content=\"2026-04-15T20:03:29+00:00\" \/>\n<meta property=\"og:image\" content=\"https:\/\/macite.tg\/wp-content\/uploads\/2026\/04\/image-46.png\" \/>\n\t<meta property=\"og:image:width\" content=\"423\" \/>\n\t<meta property=\"og:image:height\" content=\"234\" \/>\n\t<meta property=\"og:image:type\" content=\"image\/png\" \/>\n<meta name=\"author\" content=\"Jean Pierre BAWELA\" \/>\n<meta name=\"twitter:card\" content=\"summary_large_image\" \/>\n<meta name=\"twitter:label1\" content=\"\u00c9crit par\" \/>\n\t<meta name=\"twitter:data1\" content=\"Jean Pierre BAWELA\" \/>\n\t<meta name=\"twitter:label2\" content=\"Dur\u00e9e de lecture estim\u00e9e\" \/>\n\t<meta name=\"twitter:data2\" content=\"3 minutes\" \/>\n<script type=\"application\/ld+json\" class=\"yoast-schema-graph\">{\"@context\":\"https:\\\/\\\/schema.org\",\"@graph\":[{\"@type\":\"Article\",\"@id\":\"https:\\\/\\\/macite.tg\\\/?p=29780#article\",\"isPartOf\":{\"@id\":\"https:\\\/\\\/macite.tg\\\/?p=29780\"},\"author\":{\"name\":\"Jean Pierre BAWELA\",\"@id\":\"https:\\\/\\\/macite.tg\\\/#\\\/schema\\\/person\\\/e9f2de7e5dbbe7770a9402c7ce82f5c2\"},\"headline\":\"MARONCANITE DU SAHARA\u00a0: La R\u00e9publique du Gabon salue l\u2019adoption historique de la R\u00e9solution 2797 du Conseil de s\u00e9curit\u00e9 de l\u2019ONU\",\"datePublished\":\"2026-04-15T20:03:14+00:00\",\"dateModified\":\"2026-04-15T20:03:29+00:00\",\"mainEntityOfPage\":{\"@id\":\"https:\\\/\\\/macite.tg\\\/?p=29780\"},\"wordCount\":431,\"commentCount\":0,\"image\":{\"@id\":\"https:\\\/\\\/macite.tg\\\/?p=29780#primaryimage\"},\"thumbnailUrl\":\"https:\\\/\\\/macite.tg\\\/wp-content\\\/uploads\\\/2026\\\/04\\\/image-46.png\",\"articleSection\":[\"ACTUALITE\",\"DIPLOMATIE\"],\"inLanguage\":\"fr-FR\",\"potentialAction\":[{\"@type\":\"CommentAction\",\"name\":\"Comment\",\"target\":[\"https:\\\/\\\/macite.tg\\\/?p=29780#respond\"]}]},{\"@type\":\"WebPage\",\"@id\":\"https:\\\/\\\/macite.tg\\\/?p=29780\",\"url\":\"https:\\\/\\\/macite.tg\\\/?p=29780\",\"name\":\"MARONCANITE DU SAHARA\u00a0: La R\u00e9publique du Gabon salue l\u2019adoption historique de la R\u00e9solution 2797 du Conseil de s\u00e9curit\u00e9 de l\u2019ONU -\",\"isPartOf\":{\"@id\":\"https:\\\/\\\/macite.tg\\\/#website\"},\"primaryImageOfPage\":{\"@id\":\"https:\\\/\\\/macite.tg\\\/?p=29780#primaryimage\"},\"image\":{\"@id\":\"https:\\\/\\\/macite.tg\\\/?p=29780#primaryimage\"},\"thumbnailUrl\":\"https:\\\/\\\/macite.tg\\\/wp-content\\\/uploads\\\/2026\\\/04\\\/image-46.png\",\"datePublished\":\"2026-04-15T20:03:14+00:00\",\"dateModified\":\"2026-04-15T20:03:29+00:00\",\"author\":{\"@id\":\"https:\\\/\\\/macite.tg\\\/#\\\/schema\\\/person\\\/e9f2de7e5dbbe7770a9402c7ce82f5c2\"},\"breadcrumb\":{\"@id\":\"https:\\\/\\\/macite.tg\\\/?p=29780#breadcrumb\"},\"inLanguage\":\"fr-FR\",\"potentialAction\":[{\"@type\":\"ReadAction\",\"target\":[\"https:\\\/\\\/macite.tg\\\/?p=29780\"]}]},{\"@type\":\"ImageObject\",\"inLanguage\":\"fr-FR\",\"@id\":\"https:\\\/\\\/macite.tg\\\/?p=29780#primaryimage\",\"url\":\"https:\\\/\\\/macite.tg\\\/wp-content\\\/uploads\\\/2026\\\/04\\\/image-46.png\",\"contentUrl\":\"https:\\\/\\\/macite.tg\\\/wp-content\\\/uploads\\\/2026\\\/04\\\/image-46.png\",\"width\":423,\"height\":234},{\"@type\":\"BreadcrumbList\",\"@id\":\"https:\\\/\\\/macite.tg\\\/?p=29780#breadcrumb\",\"itemListElement\":[{\"@type\":\"ListItem\",\"position\":1,\"name\":\"Accueil\",\"item\":\"https:\\\/\\\/macite.tg\\\/\"},{\"@type\":\"ListItem\",\"position\":2,\"name\":\"MARONCANITE DU SAHARA\u00a0: La R\u00e9publique du Gabon salue l\u2019adoption historique de la R\u00e9solution 2797 du Conseil de s\u00e9curit\u00e9 de l\u2019ONU\"}]},{\"@type\":\"WebSite\",\"@id\":\"https:\\\/\\\/macite.tg\\\/#website\",\"url\":\"https:\\\/\\\/macite.tg\\\/\",\"name\":\"\",\"description\":\"L&#039;information, la bonne!!!\",\"potentialAction\":[{\"@type\":\"SearchAction\",\"target\":{\"@type\":\"EntryPoint\",\"urlTemplate\":\"https:\\\/\\\/macite.tg\\\/?s={search_term_string}\"},\"query-input\":{\"@type\":\"PropertyValueSpecification\",\"valueRequired\":true,\"valueName\":\"search_term_string\"}}],\"inLanguage\":\"fr-FR\"},{\"@type\":\"Person\",\"@id\":\"https:\\\/\\\/macite.tg\\\/#\\\/schema\\\/person\\\/e9f2de7e5dbbe7770a9402c7ce82f5c2\",\"name\":\"Jean Pierre BAWELA\",\"image\":{\"@type\":\"ImageObject\",\"inLanguage\":\"fr-FR\",\"@id\":\"https:\\\/\\\/macite.tg\\\/wp-content\\\/uploads\\\/2023\\\/09\\\/WhatsApp-Image-2023-09-19-at-14.44.41-122x122.jpeg\",\"url\":\"https:\\\/\\\/macite.tg\\\/wp-content\\\/uploads\\\/2023\\\/09\\\/WhatsApp-Image-2023-09-19-at-14.44.41-122x122.jpeg\",\"contentUrl\":\"https:\\\/\\\/macite.tg\\\/wp-content\\\/uploads\\\/2023\\\/09\\\/WhatsApp-Image-2023-09-19-at-14.44.41-122x122.jpeg\",\"caption\":\"Jean Pierre BAWELA\"},\"url\":\"https:\\\/\\\/macite.tg\\\/?author=2\"}]}<\/script>\n<!-- \/ Yoast SEO plugin. -->","yoast_head_json":{"title":"MARONCANITE DU SAHARA\u00a0: La R\u00e9publique du Gabon salue l\u2019adoption historique de la R\u00e9solution 2797 du Conseil de s\u00e9curit\u00e9 de l\u2019ONU -","robots":{"index":"index","follow":"follow","max-snippet":"max-snippet:-1","max-image-preview":"max-image-preview:large","max-video-preview":"max-video-preview:-1"},"canonical":"https:\/\/macite.tg\/?p=29780","og_locale":"fr_FR","og_type":"article","og_title":"MARONCANITE DU SAHARA\u00a0: La R\u00e9publique du Gabon salue l\u2019adoption historique de la R\u00e9solution 2797 du Conseil de s\u00e9curit\u00e9 de l\u2019ONU -","og_description":"La lancinante question de la marocanit\u00e9 du Sahara est encore d\u2019actualit\u00e9. Le mardi 14 avril dernier, la R\u00e9publique du Gabon a, publiquement, exprim\u00e9 son soutien \u00e0 la marocanit\u00e9 du Sahara, et salu\u00e9 l\u2019adoption historique de la R\u00e9solution 2797 du Conseil de s\u00e9curit\u00e9 des Nations Unies. [&hellip;]","og_url":"https:\/\/macite.tg\/?p=29780","article_published_time":"2026-04-15T20:03:14+00:00","article_modified_time":"2026-04-15T20:03:29+00:00","og_image":[{"width":423,"height":234,"url":"https:\/\/macite.tg\/wp-content\/uploads\/2026\/04\/image-46.png","type":"image\/png"}],"author":"Jean Pierre BAWELA","twitter_card":"summary_large_image","twitter_misc":{"\u00c9crit par":"Jean Pierre BAWELA","Dur\u00e9e de lecture estim\u00e9e":"3 minutes"},"schema":{"@context":"https:\/\/schema.org","@graph":[{"@type":"Article","@id":"https:\/\/macite.tg\/?p=29780#article","isPartOf":{"@id":"https:\/\/macite.tg\/?p=29780"},"author":{"name":"Jean Pierre BAWELA","@id":"https:\/\/macite.tg\/#\/schema\/person\/e9f2de7e5dbbe7770a9402c7ce82f5c2"},"headline":"MARONCANITE DU SAHARA\u00a0: La R\u00e9publique du Gabon salue l\u2019adoption historique de la R\u00e9solution 2797 du Conseil de s\u00e9curit\u00e9 de l\u2019ONU","datePublished":"2026-04-15T20:03:14+00:00","dateModified":"2026-04-15T20:03:29+00:00","mainEntityOfPage":{"@id":"https:\/\/macite.tg\/?p=29780"},"wordCount":431,"commentCount":0,"image":{"@id":"https:\/\/macite.tg\/?p=29780#primaryimage"},"thumbnailUrl":"https:\/\/macite.tg\/wp-content\/uploads\/2026\/04\/image-46.png","articleSection":["ACTUALITE","DIPLOMATIE"],"inLanguage":"fr-FR","potentialAction":[{"@type":"CommentAction","name":"Comment","target":["https:\/\/macite.tg\/?p=29780#respond"]}]},{"@type":"WebPage","@id":"https:\/\/macite.tg\/?p=29780","url":"https:\/\/macite.tg\/?p=29780","name":"MARONCANITE DU SAHARA\u00a0: La R\u00e9publique du Gabon salue l\u2019adoption historique de la R\u00e9solution 2797 du Conseil de s\u00e9curit\u00e9 de l\u2019ONU -","isPartOf":{"@id":"https:\/\/macite.tg\/#website"},"primaryImageOfPage":{"@id":"https:\/\/macite.tg\/?p=29780#primaryimage"},"image":{"@id":"https:\/\/macite.tg\/?p=29780#primaryimage"},"thumbnailUrl":"https:\/\/macite.tg\/wp-content\/uploads\/2026\/04\/image-46.png","datePublished":"2026-04-15T20:03:14+00:00","dateModified":"2026-04-15T20:03:29+00:00","author":{"@id":"https:\/\/macite.tg\/#\/schema\/person\/e9f2de7e5dbbe7770a9402c7ce82f5c2"},"breadcrumb":{"@id":"https:\/\/macite.tg\/?p=29780#breadcrumb"},"inLanguage":"fr-FR","potentialAction":[{"@type":"ReadAction","target":["https:\/\/macite.tg\/?p=29780"]}]},{"@type":"ImageObject","inLanguage":"fr-FR","@id":"https:\/\/macite.tg\/?p=29780#primaryimage","url":"https:\/\/macite.tg\/wp-content\/uploads\/2026\/04\/image-46.png","contentUrl":"https:\/\/macite.tg\/wp-content\/uploads\/2026\/04\/image-46.png","width":423,"height":234},{"@type":"BreadcrumbList","@id":"https:\/\/macite.tg\/?p=29780#breadcrumb","itemListElement":[{"@type":"ListItem","position":1,"name":"Accueil","item":"https:\/\/macite.tg\/"},{"@type":"ListItem","position":2,"name":"MARONCANITE DU SAHARA\u00a0: La R\u00e9publique du Gabon salue l\u2019adoption historique de la R\u00e9solution 2797 du Conseil de s\u00e9curit\u00e9 de l\u2019ONU"}]},{"@type":"WebSite","@id":"https:\/\/macite.tg\/#website","url":"https:\/\/macite.tg\/","name":"","description":"L&#039;information, la bonne!!!","potentialAction":[{"@type":"SearchAction","target":{"@type":"EntryPoint","urlTemplate":"https:\/\/macite.tg\/?s={search_term_string}"},"query-input":{"@type":"PropertyValueSpecification","valueRequired":true,"valueName":"search_term_string"}}],"inLanguage":"fr-FR"},{"@type":"Person","@id":"https:\/\/macite.tg\/#\/schema\/person\/e9f2de7e5dbbe7770a9402c7ce82f5c2","name":"Jean Pierre BAWELA","image":{"@type":"ImageObject","inLanguage":"fr-FR","@id":"https:\/\/macite.tg\/wp-content\/uploads\/2023\/09\/WhatsApp-Image-2023-09-19-at-14.44.41-122x122.jpeg","url":"https:\/\/macite.tg\/wp-content\/uploads\/2023\/09\/WhatsApp-Image-2023-09-19-at-14.44.41-122x122.jpeg","contentUrl":"https:\/\/macite.tg\/wp-content\/uploads\/2023\/09\/WhatsApp-Image-2023-09-19-at-14.44.41-122x122.jpeg","caption":"Jean Pierre BAWELA"},"url":"https:\/\/macite.tg\/?author=2"}]}},"_links":{"self":[{"href":"https:\/\/macite.tg\/index.php?rest_route=\/wp\/v2\/posts\/29780","targetHints":{"allow":["GET"]}}],"collection":[{"href":"https:\/\/macite.tg\/index.php?rest_route=\/wp\/v2\/posts"}],"about":[{"href":"https:\/\/macite.tg\/index.php?rest_route=\/wp\/v2\/types\/post"}],"author":[{"embeddable":true,"href":"https:\/\/macite.tg\/index.php?rest_route=\/wp\/v2\/users\/2"}],"replies":[{"embeddable":true,"href":"https:\/\/macite.tg\/index.php?rest_route=%2Fwp%2Fv2%2Fcomments&post=29780"}],"version-history":[{"count":0,"href":"https:\/\/macite.tg\/index.php?rest_route=\/wp\/v2\/posts\/29780\/revisions"}],"wp:featuredmedia":[{"embeddable":true,"href":"https:\/\/macite.tg\/index.php?rest_route=\/wp\/v2\/media\/29783"}],"wp:attachment":[{"href":"https:\/\/macite.tg\/index.php?rest_route=%2Fwp%2Fv2%2Fmedia&parent=29780"}],"wp:term":[{"taxonomy":"category","embeddable":true,"href":"https:\/\/macite.tg\/index.php?rest_route=%2Fwp%2Fv2%2Fcategories&post=29780"},{"taxonomy":"post_tag","embeddable":true,"href":"https:\/\/macite.tg\/index.php?rest_route=%2Fwp%2Fv2%2Ftags&post=29780"}],"curies":[{"name":"wp","href":"https:\/\/api.w.org\/{rel}","templated":true}]}}