{"id":29779,"date":"2026-04-15T19:30:34","date_gmt":"2026-04-15T19:30:34","guid":{"rendered":"https:\/\/macite.tg\/?p=29779"},"modified":"2026-04-15T19:30:41","modified_gmt":"2026-04-15T19:30:41","slug":"marocanite-du-sahara-la-republique-de-sao-tome-et-principe-reitere-son-soutien-au-plan-dautonomie-sous-souverainete-marocaine-comme-unique-solution","status":"publish","type":"post","link":"https:\/\/macite.tg\/?p=29779","title":{"rendered":"MAROCANITE DU SAHARA\u00a0: La R\u00e9publique de Sao Tom\u00e9-et-Principe r\u00e9it\u00e8re son soutien au Plan d\u2019autonomie sous souverainet\u00e9 marocaine comme unique solution"},"content":{"rendered":"\n<p class=\"wp-block-paragraph\"><strong><em>La dynamique internationale impuls\u00e9e par Sa Majest\u00e9 le Roi Mohammed VI, que Dieu Le glorifie, en faveur du Plan d\u2019autonomie et de la souverainet\u00e9 du Royaume sur son Sahara, ne cesse de porter des fruits. Le consensus international va croissant et la liste des soutiens \u00e0 la marocanit\u00e9 du Sahara ne cesse de s\u2019allonger.<\/em><\/strong><\/p>\n\n\n\n<p class=\"wp-block-paragraph\">En effet, la R\u00e9publique de Sao Tom\u00e9-et-Principe a r\u00e9affirm\u00e9, le mardi 14 avril 2026, sa position constante de soutien \u00e0 la marocanit\u00e9 du Sahara. L\u2019archipel va plus loin en appuyant le Plan d\u2019autonomie sous souverainet\u00e9 marocaine comme unique solution \u00e0 ce diff\u00e9rend r\u00e9gional.<\/p>\n\n\n\n<figure class=\"wp-block-image size-full\"><img loading=\"lazy\" decoding=\"async\" width=\"851\" height=\"315\" src=\"https:\/\/macite.tg\/wp-content\/uploads\/2026\/03\/OTR_Ferer-pour-batir-1-1.jpg\" alt=\"\" class=\"wp-image-29356\" srcset=\"https:\/\/macite.tg\/wp-content\/uploads\/2026\/03\/OTR_Ferer-pour-batir-1-1.jpg 851w, https:\/\/macite.tg\/wp-content\/uploads\/2026\/03\/OTR_Ferer-pour-batir-1-1-300x111.jpg 300w, https:\/\/macite.tg\/wp-content\/uploads\/2026\/03\/OTR_Ferer-pour-batir-1-1-768x284.jpg 768w\" sizes=\"auto, (max-width: 851px) 100vw, 851px\" \/><\/figure>\n\n\n\n<p class=\"wp-block-paragraph\">Cette position, il faut le souligner, a \u00e9t\u00e9 exprim\u00e9e dans une d\u00e9claration \u00e0 la presse, mardi dernier \u00e0 Rabat, \u00e0 l\u2019issue des entretiens entre le ministre des Affaires \u00e9trang\u00e8res, de la Coop\u00e9ration africaine et des Marocains r\u00e9sidant \u00e0 l\u2019\u00e9tranger, Nasser Bourita, et la ministre d\u2019\u00c9tat des Affaires \u00e9trang\u00e8res, de la Coop\u00e9ration et des Communaut\u00e9s de Sao Tom\u00e9-et-Principe, Ilza Maria dos Santos Amado Vaz.<\/p>\n\n\n\n<p class=\"wp-block-paragraph\">Selon cette d\u00e9claration, Sao Tom\u00e9-et-Principe r\u00e9affirme sa la position ferme et constante en faveur de l\u2019int\u00e9grit\u00e9 territoriale et de la souverainet\u00e9 du Maroc sur l\u2019ensemble de son territoire, y compris la r\u00e9gion du Sahara.<\/p>\n\n\n\n<p class=\"wp-block-paragraph\">Tout en r\u00e9it\u00e9rant le plein soutien de Sao Tom\u00e9-et-Principe au plan d\u2019autonomie pr\u00e9sent\u00e9 par le Royaume du Maroc, comme la seule solution cr\u00e9dible et r\u00e9aliste pour la r\u00e9solution de ce diff\u00e9rend r\u00e9gional, la cheffe de la diplomatie de l\u2019Archipel a salu\u00e9 l\u2019adoption historique de la r\u00e9solution 2797 du Conseil de s\u00e9curit\u00e9 de l\u2019ONU, qui consacre, dans le cadre de la souverainet\u00e9 marocaine, le Plan d\u2019autonomie propos\u00e9 par le Royaume du Maroc <em>\u00ab&nbsp;comme base s\u00e9rieuse, cr\u00e9dible et durable pour parvenir \u00e0 une <\/em><em>solution politique \u00e0 cette question&nbsp;\u00bb.<\/em><\/p>\n\n\n\n<p class=\"wp-block-paragraph\">Madame Ilza Maria dos Santos Amado Vaz s\u2019est \u00e9galement f\u00e9licit\u00e9e des avanc\u00e9es significatives r\u00e9alis\u00e9es par le Royaume du Maroc dans le d\u00e9veloppement socio-\u00e9conomique des Provinces du Sud \u00e0 travers le Nouveau Mod\u00e8le de d\u00e9veloppement, qui favorise la stabilit\u00e9, la s\u00e9curit\u00e9 et l\u2019int\u00e9gration r\u00e9gionale.<\/p>\n\n\n<div class=\"wp-block-image\">\n<figure class=\"aligncenter size-full\"><img loading=\"lazy\" decoding=\"async\" width=\"429\" height=\"590\" src=\"https:\/\/macite.tg\/wp-content\/uploads\/2026\/04\/661706308_1573547144780086_1836717146315080985_n.jpg\" alt=\"\" class=\"wp-image-29721\" srcset=\"https:\/\/macite.tg\/wp-content\/uploads\/2026\/04\/661706308_1573547144780086_1836717146315080985_n.jpg 429w, https:\/\/macite.tg\/wp-content\/uploads\/2026\/04\/661706308_1573547144780086_1836717146315080985_n-218x300.jpg 218w\" sizes=\"auto, (max-width: 429px) 100vw, 429px\" \/><\/figure>\n<\/div>\n\n\n<p class=\"wp-block-paragraph\">Notons que cette position, telle que r\u00e9it\u00e9r\u00e9e par la diplomate de l\u2019archipel, s\u2019inscrit dans le cadre du consensus international croissant gr\u00e2ce de la dynamique internationale impuls\u00e9e par Sa Majest\u00e9 le Roi Mohammed VI en faveur du plan d\u2019autonomie et de la souverainet\u00e9 du Royaume sur son Sahara.<\/p>\n\n\n\n<p class=\"wp-block-paragraph\"><strong>MC<\/strong><\/p>\n\n\n\n<p class=\"wp-block-paragraph\"><a><strong><em>@macite.tg&nbsp;&nbsp;&nbsp;&nbsp;&nbsp;&nbsp;&nbsp;&nbsp;<\/em><\/strong><\/a><\/p>\n\n\n\n<p class=\"wp-block-paragraph\"><strong><em>E-mail&nbsp;: <\/em><\/strong><a href=\"mailto:maciteinfo@gmail.com\"><strong><em>maciteinfo@gmail.com<\/em><\/strong><\/a><strong><em>; <\/em><\/strong><a href=\"mailto:bawela1@gmail.com\"><strong><em>bawela1@gmail.com<\/em><\/strong><\/a><strong><em><\/em><\/strong><\/p>\n\n\n\n<p class=\"wp-block-paragraph\"><strong><em>Pour vos annonces, (publi)reportages, etc., joignez-nous au (00228)91515309\/<strong>79872224 <\/strong><strong><\/strong><\/em><\/strong><\/p>\n\n\n\n<p class=\"wp-block-paragraph\"><strong><em>www.macite.tg, L\u2019information, la bonne&nbsp;!<\/em><\/strong><\/p>\n","protected":false},"excerpt":{"rendered":"<p class=\"text-justify mb-2\" >La dynamique internationale impuls\u00e9e par Sa Majest\u00e9 le Roi Mohammed VI, que Dieu Le glorifie, en faveur du Plan d\u2019autonomie et de la souverainet\u00e9 du Royaume sur son Sahara, ne cesse de porter des fruits. Le consensus international va croissant et la liste des soutiens [&hellip;]<\/p>\n","protected":false},"author":2,"featured_media":29781,"comment_status":"open","ping_status":"open","sticky":false,"template":"","format":"standard","meta":{"footnotes":""},"categories":[20,8],"tags":[],"class_list":["post-29779","post","type-post","status-publish","format-standard","has-post-thumbnail","hentry","category-actualite","category-diplomatie"],"yoast_head":"<!-- This site is optimized with the Yoast SEO plugin v28.4 - https:\/\/yoast.com\/product\/yoast-seo-wordpress\/ -->\n<title>MAROCANITE DU SAHARA\u00a0: La R\u00e9publique de Sao Tom\u00e9-et-Principe r\u00e9it\u00e8re son soutien au Plan d\u2019autonomie sous souverainet\u00e9 marocaine comme unique solution -<\/title>\n<meta name=\"robots\" content=\"index, follow, max-snippet:-1, max-image-preview:large, max-video-preview:-1\" \/>\n<link rel=\"canonical\" href=\"https:\/\/macite.tg\/?p=29779\" \/>\n<meta property=\"og:locale\" content=\"fr_FR\" \/>\n<meta property=\"og:type\" content=\"article\" \/>\n<meta property=\"og:title\" content=\"MAROCANITE DU SAHARA\u00a0: La R\u00e9publique de Sao Tom\u00e9-et-Principe r\u00e9it\u00e8re son soutien au Plan d\u2019autonomie sous souverainet\u00e9 marocaine comme unique solution -\" \/>\n<meta property=\"og:description\" content=\"La dynamique internationale impuls\u00e9e par Sa Majest\u00e9 le Roi Mohammed VI, que Dieu Le glorifie, en faveur du Plan d\u2019autonomie et de la souverainet\u00e9 du Royaume sur son Sahara, ne cesse de porter des fruits. Le consensus international va croissant et la liste des soutiens [&hellip;]\" \/>\n<meta property=\"og:url\" content=\"https:\/\/macite.tg\/?p=29779\" \/>\n<meta property=\"article:published_time\" content=\"2026-04-15T19:30:34+00:00\" \/>\n<meta property=\"article:modified_time\" content=\"2026-04-15T19:30:41+00:00\" \/>\n<meta property=\"og:image\" content=\"https:\/\/macite.tg\/wp-content\/uploads\/2026\/04\/image-45.png\" \/>\n\t<meta property=\"og:image:width\" content=\"410\" \/>\n\t<meta property=\"og:image:height\" content=\"243\" \/>\n\t<meta property=\"og:image:type\" content=\"image\/png\" \/>\n<meta name=\"author\" content=\"Jean Pierre BAWELA\" \/>\n<meta name=\"twitter:card\" content=\"summary_large_image\" \/>\n<meta name=\"twitter:label1\" content=\"\u00c9crit par\" \/>\n\t<meta name=\"twitter:data1\" content=\"Jean Pierre BAWELA\" \/>\n\t<meta name=\"twitter:label2\" content=\"Dur\u00e9e de lecture estim\u00e9e\" \/>\n\t<meta name=\"twitter:data2\" content=\"3 minutes\" \/>\n<script type=\"application\/ld+json\" class=\"yoast-schema-graph\">{\"@context\":\"https:\\\/\\\/schema.org\",\"@graph\":[{\"@type\":\"Article\",\"@id\":\"https:\\\/\\\/macite.tg\\\/?p=29779#article\",\"isPartOf\":{\"@id\":\"https:\\\/\\\/macite.tg\\\/?p=29779\"},\"author\":{\"name\":\"Jean Pierre BAWELA\",\"@id\":\"https:\\\/\\\/macite.tg\\\/#\\\/schema\\\/person\\\/e9f2de7e5dbbe7770a9402c7ce82f5c2\"},\"headline\":\"MAROCANITE DU SAHARA\u00a0: La R\u00e9publique de Sao Tom\u00e9-et-Principe r\u00e9it\u00e8re son soutien au Plan d\u2019autonomie sous souverainet\u00e9 marocaine comme unique solution\",\"datePublished\":\"2026-04-15T19:30:34+00:00\",\"dateModified\":\"2026-04-15T19:30:41+00:00\",\"mainEntityOfPage\":{\"@id\":\"https:\\\/\\\/macite.tg\\\/?p=29779\"},\"wordCount\":488,\"commentCount\":0,\"image\":{\"@id\":\"https:\\\/\\\/macite.tg\\\/?p=29779#primaryimage\"},\"thumbnailUrl\":\"https:\\\/\\\/macite.tg\\\/wp-content\\\/uploads\\\/2026\\\/04\\\/image-45.png\",\"articleSection\":[\"ACTUALITE\",\"DIPLOMATIE\"],\"inLanguage\":\"fr-FR\",\"potentialAction\":[{\"@type\":\"CommentAction\",\"name\":\"Comment\",\"target\":[\"https:\\\/\\\/macite.tg\\\/?p=29779#respond\"]}]},{\"@type\":\"WebPage\",\"@id\":\"https:\\\/\\\/macite.tg\\\/?p=29779\",\"url\":\"https:\\\/\\\/macite.tg\\\/?p=29779\",\"name\":\"MAROCANITE DU SAHARA\u00a0: La R\u00e9publique de Sao Tom\u00e9-et-Principe r\u00e9it\u00e8re son soutien au Plan d\u2019autonomie sous souverainet\u00e9 marocaine comme unique solution -\",\"isPartOf\":{\"@id\":\"https:\\\/\\\/macite.tg\\\/#website\"},\"primaryImageOfPage\":{\"@id\":\"https:\\\/\\\/macite.tg\\\/?p=29779#primaryimage\"},\"image\":{\"@id\":\"https:\\\/\\\/macite.tg\\\/?p=29779#primaryimage\"},\"thumbnailUrl\":\"https:\\\/\\\/macite.tg\\\/wp-content\\\/uploads\\\/2026\\\/04\\\/image-45.png\",\"datePublished\":\"2026-04-15T19:30:34+00:00\",\"dateModified\":\"2026-04-15T19:30:41+00:00\",\"author\":{\"@id\":\"https:\\\/\\\/macite.tg\\\/#\\\/schema\\\/person\\\/e9f2de7e5dbbe7770a9402c7ce82f5c2\"},\"breadcrumb\":{\"@id\":\"https:\\\/\\\/macite.tg\\\/?p=29779#breadcrumb\"},\"inLanguage\":\"fr-FR\",\"potentialAction\":[{\"@type\":\"ReadAction\",\"target\":[\"https:\\\/\\\/macite.tg\\\/?p=29779\"]}]},{\"@type\":\"ImageObject\",\"inLanguage\":\"fr-FR\",\"@id\":\"https:\\\/\\\/macite.tg\\\/?p=29779#primaryimage\",\"url\":\"https:\\\/\\\/macite.tg\\\/wp-content\\\/uploads\\\/2026\\\/04\\\/image-45.png\",\"contentUrl\":\"https:\\\/\\\/macite.tg\\\/wp-content\\\/uploads\\\/2026\\\/04\\\/image-45.png\",\"width\":410,\"height\":243},{\"@type\":\"BreadcrumbList\",\"@id\":\"https:\\\/\\\/macite.tg\\\/?p=29779#breadcrumb\",\"itemListElement\":[{\"@type\":\"ListItem\",\"position\":1,\"name\":\"Accueil\",\"item\":\"https:\\\/\\\/macite.tg\\\/\"},{\"@type\":\"ListItem\",\"position\":2,\"name\":\"MAROCANITE DU SAHARA\u00a0: La R\u00e9publique de Sao Tom\u00e9-et-Principe r\u00e9it\u00e8re son soutien au Plan d\u2019autonomie sous souverainet\u00e9 marocaine comme unique solution\"}]},{\"@type\":\"WebSite\",\"@id\":\"https:\\\/\\\/macite.tg\\\/#website\",\"url\":\"https:\\\/\\\/macite.tg\\\/\",\"name\":\"\",\"description\":\"L&#039;information, la bonne!!!\",\"potentialAction\":[{\"@type\":\"SearchAction\",\"target\":{\"@type\":\"EntryPoint\",\"urlTemplate\":\"https:\\\/\\\/macite.tg\\\/?s={search_term_string}\"},\"query-input\":{\"@type\":\"PropertyValueSpecification\",\"valueRequired\":true,\"valueName\":\"search_term_string\"}}],\"inLanguage\":\"fr-FR\"},{\"@type\":\"Person\",\"@id\":\"https:\\\/\\\/macite.tg\\\/#\\\/schema\\\/person\\\/e9f2de7e5dbbe7770a9402c7ce82f5c2\",\"name\":\"Jean Pierre BAWELA\",\"image\":{\"@type\":\"ImageObject\",\"inLanguage\":\"fr-FR\",\"@id\":\"https:\\\/\\\/macite.tg\\\/wp-content\\\/uploads\\\/2023\\\/09\\\/WhatsApp-Image-2023-09-19-at-14.44.41-122x122.jpeg\",\"url\":\"https:\\\/\\\/macite.tg\\\/wp-content\\\/uploads\\\/2023\\\/09\\\/WhatsApp-Image-2023-09-19-at-14.44.41-122x122.jpeg\",\"contentUrl\":\"https:\\\/\\\/macite.tg\\\/wp-content\\\/uploads\\\/2023\\\/09\\\/WhatsApp-Image-2023-09-19-at-14.44.41-122x122.jpeg\",\"caption\":\"Jean Pierre BAWELA\"},\"url\":\"https:\\\/\\\/macite.tg\\\/?author=2\"}]}<\/script>\n<!-- \/ Yoast SEO plugin. -->","yoast_head_json":{"title":"MAROCANITE DU SAHARA\u00a0: La R\u00e9publique de Sao Tom\u00e9-et-Principe r\u00e9it\u00e8re son soutien au Plan d\u2019autonomie sous souverainet\u00e9 marocaine comme unique solution -","robots":{"index":"index","follow":"follow","max-snippet":"max-snippet:-1","max-image-preview":"max-image-preview:large","max-video-preview":"max-video-preview:-1"},"canonical":"https:\/\/macite.tg\/?p=29779","og_locale":"fr_FR","og_type":"article","og_title":"MAROCANITE DU SAHARA\u00a0: La R\u00e9publique de Sao Tom\u00e9-et-Principe r\u00e9it\u00e8re son soutien au Plan d\u2019autonomie sous souverainet\u00e9 marocaine comme unique solution -","og_description":"La dynamique internationale impuls\u00e9e par Sa Majest\u00e9 le Roi Mohammed VI, que Dieu Le glorifie, en faveur du Plan d\u2019autonomie et de la souverainet\u00e9 du Royaume sur son Sahara, ne cesse de porter des fruits. Le consensus international va croissant et la liste des soutiens [&hellip;]","og_url":"https:\/\/macite.tg\/?p=29779","article_published_time":"2026-04-15T19:30:34+00:00","article_modified_time":"2026-04-15T19:30:41+00:00","og_image":[{"width":410,"height":243,"url":"https:\/\/macite.tg\/wp-content\/uploads\/2026\/04\/image-45.png","type":"image\/png"}],"author":"Jean Pierre BAWELA","twitter_card":"summary_large_image","twitter_misc":{"\u00c9crit par":"Jean Pierre BAWELA","Dur\u00e9e de lecture estim\u00e9e":"3 minutes"},"schema":{"@context":"https:\/\/schema.org","@graph":[{"@type":"Article","@id":"https:\/\/macite.tg\/?p=29779#article","isPartOf":{"@id":"https:\/\/macite.tg\/?p=29779"},"author":{"name":"Jean Pierre BAWELA","@id":"https:\/\/macite.tg\/#\/schema\/person\/e9f2de7e5dbbe7770a9402c7ce82f5c2"},"headline":"MAROCANITE DU SAHARA\u00a0: La R\u00e9publique de Sao Tom\u00e9-et-Principe r\u00e9it\u00e8re son soutien au Plan d\u2019autonomie sous souverainet\u00e9 marocaine comme unique solution","datePublished":"2026-04-15T19:30:34+00:00","dateModified":"2026-04-15T19:30:41+00:00","mainEntityOfPage":{"@id":"https:\/\/macite.tg\/?p=29779"},"wordCount":488,"commentCount":0,"image":{"@id":"https:\/\/macite.tg\/?p=29779#primaryimage"},"thumbnailUrl":"https:\/\/macite.tg\/wp-content\/uploads\/2026\/04\/image-45.png","articleSection":["ACTUALITE","DIPLOMATIE"],"inLanguage":"fr-FR","potentialAction":[{"@type":"CommentAction","name":"Comment","target":["https:\/\/macite.tg\/?p=29779#respond"]}]},{"@type":"WebPage","@id":"https:\/\/macite.tg\/?p=29779","url":"https:\/\/macite.tg\/?p=29779","name":"MAROCANITE DU SAHARA\u00a0: La R\u00e9publique de Sao Tom\u00e9-et-Principe r\u00e9it\u00e8re son soutien au Plan d\u2019autonomie sous souverainet\u00e9 marocaine comme unique solution -","isPartOf":{"@id":"https:\/\/macite.tg\/#website"},"primaryImageOfPage":{"@id":"https:\/\/macite.tg\/?p=29779#primaryimage"},"image":{"@id":"https:\/\/macite.tg\/?p=29779#primaryimage"},"thumbnailUrl":"https:\/\/macite.tg\/wp-content\/uploads\/2026\/04\/image-45.png","datePublished":"2026-04-15T19:30:34+00:00","dateModified":"2026-04-15T19:30:41+00:00","author":{"@id":"https:\/\/macite.tg\/#\/schema\/person\/e9f2de7e5dbbe7770a9402c7ce82f5c2"},"breadcrumb":{"@id":"https:\/\/macite.tg\/?p=29779#breadcrumb"},"inLanguage":"fr-FR","potentialAction":[{"@type":"ReadAction","target":["https:\/\/macite.tg\/?p=29779"]}]},{"@type":"ImageObject","inLanguage":"fr-FR","@id":"https:\/\/macite.tg\/?p=29779#primaryimage","url":"https:\/\/macite.tg\/wp-content\/uploads\/2026\/04\/image-45.png","contentUrl":"https:\/\/macite.tg\/wp-content\/uploads\/2026\/04\/image-45.png","width":410,"height":243},{"@type":"BreadcrumbList","@id":"https:\/\/macite.tg\/?p=29779#breadcrumb","itemListElement":[{"@type":"ListItem","position":1,"name":"Accueil","item":"https:\/\/macite.tg\/"},{"@type":"ListItem","position":2,"name":"MAROCANITE DU SAHARA\u00a0: La R\u00e9publique de Sao Tom\u00e9-et-Principe r\u00e9it\u00e8re son soutien au Plan d\u2019autonomie sous souverainet\u00e9 marocaine comme unique solution"}]},{"@type":"WebSite","@id":"https:\/\/macite.tg\/#website","url":"https:\/\/macite.tg\/","name":"","description":"L&#039;information, la bonne!!!","potentialAction":[{"@type":"SearchAction","target":{"@type":"EntryPoint","urlTemplate":"https:\/\/macite.tg\/?s={search_term_string}"},"query-input":{"@type":"PropertyValueSpecification","valueRequired":true,"valueName":"search_term_string"}}],"inLanguage":"fr-FR"},{"@type":"Person","@id":"https:\/\/macite.tg\/#\/schema\/person\/e9f2de7e5dbbe7770a9402c7ce82f5c2","name":"Jean Pierre BAWELA","image":{"@type":"ImageObject","inLanguage":"fr-FR","@id":"https:\/\/macite.tg\/wp-content\/uploads\/2023\/09\/WhatsApp-Image-2023-09-19-at-14.44.41-122x122.jpeg","url":"https:\/\/macite.tg\/wp-content\/uploads\/2023\/09\/WhatsApp-Image-2023-09-19-at-14.44.41-122x122.jpeg","contentUrl":"https:\/\/macite.tg\/wp-content\/uploads\/2023\/09\/WhatsApp-Image-2023-09-19-at-14.44.41-122x122.jpeg","caption":"Jean Pierre BAWELA"},"url":"https:\/\/macite.tg\/?author=2"}]}},"_links":{"self":[{"href":"https:\/\/macite.tg\/index.php?rest_route=\/wp\/v2\/posts\/29779","targetHints":{"allow":["GET"]}}],"collection":[{"href":"https:\/\/macite.tg\/index.php?rest_route=\/wp\/v2\/posts"}],"about":[{"href":"https:\/\/macite.tg\/index.php?rest_route=\/wp\/v2\/types\/post"}],"author":[{"embeddable":true,"href":"https:\/\/macite.tg\/index.php?rest_route=\/wp\/v2\/users\/2"}],"replies":[{"embeddable":true,"href":"https:\/\/macite.tg\/index.php?rest_route=%2Fwp%2Fv2%2Fcomments&post=29779"}],"version-history":[{"count":0,"href":"https:\/\/macite.tg\/index.php?rest_route=\/wp\/v2\/posts\/29779\/revisions"}],"wp:featuredmedia":[{"embeddable":true,"href":"https:\/\/macite.tg\/index.php?rest_route=\/wp\/v2\/media\/29781"}],"wp:attachment":[{"href":"https:\/\/macite.tg\/index.php?rest_route=%2Fwp%2Fv2%2Fmedia&parent=29779"}],"wp:term":[{"taxonomy":"category","embeddable":true,"href":"https:\/\/macite.tg\/index.php?rest_route=%2Fwp%2Fv2%2Fcategories&post=29779"},{"taxonomy":"post_tag","embeddable":true,"href":"https:\/\/macite.tg\/index.php?rest_route=%2Fwp%2Fv2%2Ftags&post=29779"}],"curies":[{"name":"wp","href":"https:\/\/api.w.org\/{rel}","templated":true}]}}