{"id":29765,"date":"2026-04-15T17:46:59","date_gmt":"2026-04-15T17:46:59","guid":{"rendered":"https:\/\/macite.tg\/?p=29765"},"modified":"2026-04-15T17:47:29","modified_gmt":"2026-04-15T17:47:29","slug":"benin-presidentielle-2026-ce-que-revele-le-rapport-du-conseil-de-lentente-ce","status":"publish","type":"post","link":"https:\/\/macite.tg\/?p=29765","title":{"rendered":"BENIN \/ PRESIDENTIELLE 2026 : Ce que r\u00e9v\u00e8le le rapport du Conseil de l\u2019Entente (CE)"},"content":{"rendered":"\n<p class=\"wp-block-paragraph\"><strong><em>Dans le cadre de la pr\u00e9sidentielle du 12 avril 2026 au&nbsp;B\u00e9nin, la mission d\u2019observation du&nbsp;Conseil de l\u2019Entente, d\u00e9ploy\u00e9e dans quinze communes et couvrant 250 bureaux de vote, a constat\u00e9 une organisation sereine et transparente. Elle a soulign\u00e9 ses constats dans une d\u00e9claration pr\u00e9liminaire rendue publique ce mardi 14 avril.<\/em><\/strong><\/p>\n\n\n\n<p class=\"wp-block-paragraph\"><strong>Pr\u00e9sidentielle 2026 au B\u00e9nin : les constats de la mission d\u2019observation du Conseil de l\u2019Entente<\/strong><\/p>\n\n\n\n<p class=\"wp-block-paragraph\">Le Conseil de l\u2019Entente a constat\u00e9 un scrutin apais\u00e9 et globalement transparent au B\u00e9nin. C\u2019est ce qu\u2019il convient de retenir de son rapport d\u2019observation. La Mission a surtout signal\u00e9 la digitalisation du processus \u00e9lectoral qui a permis une&nbsp;<strong>compilation rapide des premiers chiffres issus des urnes<\/strong>. Cette digitalisation s\u2019est \u00e9galement illustr\u00e9e en amont par la confection de la liste \u00e9lectorale sur la base du registre d\u2019\u00e9tat civil informatis\u00e9.<\/p>\n\n\n\n<figure class=\"wp-block-image size-full\"><img loading=\"lazy\" decoding=\"async\" width=\"851\" height=\"315\" src=\"https:\/\/macite.tg\/wp-content\/uploads\/2026\/03\/OTR_Ferer-pour-batir-1-1.jpg\" alt=\"\" class=\"wp-image-29356\" srcset=\"https:\/\/macite.tg\/wp-content\/uploads\/2026\/03\/OTR_Ferer-pour-batir-1-1.jpg 851w, https:\/\/macite.tg\/wp-content\/uploads\/2026\/03\/OTR_Ferer-pour-batir-1-1-300x111.jpg 300w, https:\/\/macite.tg\/wp-content\/uploads\/2026\/03\/OTR_Ferer-pour-batir-1-1-768x284.jpg 768w\" sizes=\"auto, (max-width: 851px) 100vw, 851px\" \/><\/figure>\n\n\n\n<p class=\"wp-block-paragraph\">Cette t\u00e2che a \u00e9t\u00e9 accomplie par l\u2019Agence nationale d\u2019identification des personnes (<strong>ANIP<\/strong>). Toujours sur le volet digitalisation, la d\u00e9l\u00e9gation du Conseil de l\u2019Entente a salu\u00e9 le vote par procuration en ligne d\u00e9di\u00e9 aux \u00e9lecteurs de la diaspora b\u00e9ninoise et les demandes d\u2019accr\u00e9ditation des observateurs qui ont \u00e9t\u00e9 trait\u00e9es en ligne.<\/p>\n\n\n\n<p class=\"wp-block-paragraph\">Sur le d\u00e9roulement du vote, la mission a indiqu\u00e9 que le scrutin pr\u00e9sidentiel du 12 avril 2026 au B\u00e9nin s\u2019est d\u00e9roul\u00e9 dans des conditions jug\u00e9es globalement satisfaisantes. Les bureaux et postes de vote visit\u00e9s par les observateurs ont ouvert \u00e0 l\u2019heure, avec tout le mat\u00e9riel requis disponible, et le processus s\u2019est d\u00e9roul\u00e9 dans le calme, la discipline et la s\u00e9r\u00e9nit\u00e9. Les observateurs du Conseil de l\u2019Entente ont signal\u00e9 que le secret du vote a \u00e9t\u00e9 respect\u00e9,&nbsp;<em>\u00ab&nbsp;m\u00eame si la qualit\u00e9 et le positionnement de certains isoloirs pourraient \u00eatre am\u00e9lior\u00e9s pour renforcer la confidentialit\u00e9&nbsp;\u00bb<\/em>.<\/p>\n\n\n\n<p class=\"wp-block-paragraph\">La Mission a salu\u00e9 la jeunesse du personnel \u00e9lectoral ainsi que la forte pr\u00e9sence des femmes parmi les agents mobilis\u00e9s. Elle a \u00e9galement relev\u00e9 la pr\u00e9sence des repr\u00e9sentants des candidats, plus visible du c\u00f4t\u00e9 de la majorit\u00e9 pr\u00e9sidentielle, ainsi que celle des observateurs nationaux et des d\u00e9l\u00e9gu\u00e9s de la Cour constitutionnelle.<\/p>\n\n\n\n<p class=\"wp-block-paragraph\">En ce qui concerne le taux de participation, la mission a not\u00e9 une participation notable dans plusieurs centres de vote. Elle a \u00e9galement not\u00e9 que la dur\u00e9e l\u00e9gale du scrutin a \u00e9t\u00e9 respect\u00e9e et le d\u00e9pouillement a d\u00e9but\u00e9 imm\u00e9diatement et publiquement apr\u00e8s la cl\u00f4ture. Une pratique qui renforce la cr\u00e9dibilit\u00e9 et la transparence de l\u2019\u00e9lection.<\/p>\n\n\n<div class=\"wp-block-image\">\n<figure class=\"aligncenter size-full\"><img loading=\"lazy\" decoding=\"async\" width=\"650\" height=\"650\" src=\"https:\/\/macite.tg\/wp-content\/uploads\/2026\/04\/nagode-horaires.jpeg\" alt=\"\" class=\"wp-image-29503\" srcset=\"https:\/\/macite.tg\/wp-content\/uploads\/2026\/04\/nagode-horaires.jpeg 650w, https:\/\/macite.tg\/wp-content\/uploads\/2026\/04\/nagode-horaires-300x300.jpeg 300w, https:\/\/macite.tg\/wp-content\/uploads\/2026\/04\/nagode-horaires-150x150.jpeg 150w, https:\/\/macite.tg\/wp-content\/uploads\/2026\/04\/nagode-horaires-122x122.jpeg 122w\" sizes=\"auto, (max-width: 650px) 100vw, 650px\" \/><\/figure>\n<\/div>\n\n\n<p class=\"wp-block-paragraph\"><strong>Le fair-play de Paul Hounkp\u00e8 salu\u00e9<\/strong><\/p>\n\n\n\n<p class=\"wp-block-paragraph\">La d\u00e9l\u00e9gation du Conseil de l\u2019Entente a not\u00e9 avec satisfaction la promptitude du candidat de l\u2019opposition,&nbsp;Paul Hounkp\u00e8, qui n\u2019a pas attendu les r\u00e9sultats provisoires pour reconna\u00eetre sa d\u00e9faite. Il a f\u00e9licit\u00e9 le candidat de la mouvance,&nbsp;<strong>Romuald Wadagni<\/strong>&nbsp;qui a remport\u00e9 l\u2019\u00e9lection avec<strong>&nbsp;94,05 %<\/strong>&nbsp;des suffrages exprim\u00e9s.&nbsp;<\/p>\n\n\n\n<p class=\"wp-block-paragraph\"><em>\u00ab&nbsp;La Mission consid\u00e8re que cet acte, empreint d\u2019une grande hauteur de vue et d\u2019un profond respect des institutions, constitue un signal fort en faveur de l\u2019enracinement de la culture d\u00e9mocratique au B\u00e9nin, et un exemple positif pour les pratiques politiques dans l\u2019espace sous-r\u00e9gional et contribue de mani\u00e8re d\u00e9terminante \u00e0 la pr\u00e9servation d\u2019un climat de paix, de confiance et de stabilit\u00e9 dans la phase post-\u00e9lectorale&nbsp;\u00bb<\/em>.<\/p>\n\n\n\n<p class=\"wp-block-paragraph\"><strong>Deux principales recommandations \u00e0 retenir<\/strong><\/p>\n\n\n\n<p class=\"wp-block-paragraph\">Malgr\u00e9 les points positifs soulign\u00e9s, les observateurs du Conseil de l\u2019Entente font deux recommandations majeures pour optimiser le syst\u00e8me.<\/p>\n\n\n<div class=\"wp-block-image\">\n<figure class=\"aligncenter size-full\"><img loading=\"lazy\" decoding=\"async\" width=\"429\" height=\"590\" src=\"https:\/\/macite.tg\/wp-content\/uploads\/2026\/04\/661706308_1573547144780086_1836717146315080985_n.jpg\" alt=\"\" class=\"wp-image-29721\" srcset=\"https:\/\/macite.tg\/wp-content\/uploads\/2026\/04\/661706308_1573547144780086_1836717146315080985_n.jpg 429w, https:\/\/macite.tg\/wp-content\/uploads\/2026\/04\/661706308_1573547144780086_1836717146315080985_n-218x300.jpg 218w\" sizes=\"auto, (max-width: 429px) 100vw, 429px\" \/><\/figure>\n<\/div>\n\n\n<p class=\"wp-block-paragraph\">Il recommande aux institutions comp\u00e9tentes de mener une&nbsp;<em>\u00ab&nbsp;r\u00e9flexion normative sur le vote \u00e9lectronique, en particulier en faveur de la diaspora, dans le prolongement de la dynamique de digitalisation constat\u00e9e et appr\u00e9ci\u00e9e&nbsp;\u00bb<\/em>.<\/p>\n\n\n\n<p class=\"wp-block-paragraph\">Ils proposent \u00e9galement la mise en \u0153uvre d\u2019un programme structur\u00e9 de professionnalisation des agents \u00e9lectoraux, afin de permettre \u00e0 la Commission \u00e9lectorale nationale autonome de disposer d\u2019agents stables&nbsp;<em>\u00ab&nbsp;mieux form\u00e9s et davantage professionnels&nbsp;\u00bb<\/em>.<\/p>\n\n\n\n<p class=\"wp-block-paragraph\"><strong>MSN<\/strong><\/p>\n\n\n\n<p class=\"wp-block-paragraph\"><a><strong><em>@macite.tg&nbsp;&nbsp;&nbsp;&nbsp;&nbsp;&nbsp;&nbsp;&nbsp;<\/em><\/strong><\/a><\/p>\n\n\n\n<p class=\"wp-block-paragraph\"><strong><em>E-mail&nbsp;: <\/em><\/strong><a href=\"mailto:maciteinfo@gmail.com\"><strong><em>maciteinfo@gmail.com<\/em><\/strong><\/a><strong><em>; <\/em><\/strong><a href=\"mailto:bawela1@gmail.com\"><strong><em>bawela1@gmail.com<\/em><\/strong><\/a><strong><em><\/em><\/strong><\/p>\n\n\n\n<p class=\"wp-block-paragraph\"><strong><em>Pour vos annonces, (publi)reportages, etc., joignez-nous au (00228)91515309\/<strong>79872224 <\/strong><strong><\/strong><\/em><\/strong><\/p>\n\n\n\n<p class=\"wp-block-paragraph\"><strong><em>www.macite.tg, L\u2019information, la bonne&nbsp;!<\/em><\/strong><\/p>\n\n\n\n<p class=\"wp-block-paragraph\"><\/p>\n","protected":false},"excerpt":{"rendered":"<p class=\"text-justify mb-2\" >Dans le cadre de la pr\u00e9sidentielle du 12 avril 2026 au&nbsp;B\u00e9nin, la mission d\u2019observation du&nbsp;Conseil de l\u2019Entente, d\u00e9ploy\u00e9e dans quinze communes et couvrant 250 bureaux de vote, a constat\u00e9 une organisation sereine et transparente. Elle a soulign\u00e9 ses constats dans une d\u00e9claration pr\u00e9liminaire rendue publique [&hellip;]<\/p>\n","protected":false},"author":2,"featured_media":29767,"comment_status":"open","ping_status":"open","sticky":false,"template":"","format":"standard","meta":{"footnotes":""},"categories":[20,1],"tags":[],"class_list":["post-29765","post","type-post","status-publish","format-standard","has-post-thumbnail","hentry","category-actualite","category-politique"],"yoast_head":"<!-- This site is optimized with the Yoast SEO plugin v28.4 - https:\/\/yoast.com\/product\/yoast-seo-wordpress\/ -->\n<title>BENIN \/ PRESIDENTIELLE 2026 : Ce que r\u00e9v\u00e8le le rapport du Conseil de l\u2019Entente (CE) -<\/title>\n<meta name=\"robots\" content=\"index, follow, max-snippet:-1, max-image-preview:large, max-video-preview:-1\" \/>\n<link rel=\"canonical\" href=\"https:\/\/macite.tg\/?p=29765\" \/>\n<meta property=\"og:locale\" content=\"fr_FR\" \/>\n<meta property=\"og:type\" content=\"article\" \/>\n<meta property=\"og:title\" content=\"BENIN \/ PRESIDENTIELLE 2026 : Ce que r\u00e9v\u00e8le le rapport du Conseil de l\u2019Entente (CE) -\" \/>\n<meta property=\"og:description\" content=\"Dans le cadre de la pr\u00e9sidentielle du 12 avril 2026 au&nbsp;B\u00e9nin, la mission d\u2019observation du&nbsp;Conseil de l\u2019Entente, d\u00e9ploy\u00e9e dans quinze communes et couvrant 250 bureaux de vote, a constat\u00e9 une organisation sereine et transparente. Elle a soulign\u00e9 ses constats dans une d\u00e9claration pr\u00e9liminaire rendue publique [&hellip;]\" \/>\n<meta property=\"og:url\" content=\"https:\/\/macite.tg\/?p=29765\" \/>\n<meta property=\"article:published_time\" content=\"2026-04-15T17:46:59+00:00\" \/>\n<meta property=\"article:modified_time\" content=\"2026-04-15T17:47:29+00:00\" \/>\n<meta property=\"og:image\" content=\"https:\/\/macite.tg\/wp-content\/uploads\/2026\/04\/image-42.png\" \/>\n\t<meta property=\"og:image:width\" content=\"534\" \/>\n\t<meta property=\"og:image:height\" content=\"294\" \/>\n\t<meta property=\"og:image:type\" content=\"image\/png\" \/>\n<meta name=\"author\" content=\"Jean Pierre BAWELA\" \/>\n<meta name=\"twitter:card\" content=\"summary_large_image\" \/>\n<meta name=\"twitter:label1\" content=\"\u00c9crit par\" \/>\n\t<meta name=\"twitter:data1\" content=\"Jean Pierre BAWELA\" \/>\n\t<meta name=\"twitter:label2\" content=\"Dur\u00e9e de lecture estim\u00e9e\" \/>\n\t<meta name=\"twitter:data2\" content=\"4 minutes\" \/>\n<script type=\"application\/ld+json\" class=\"yoast-schema-graph\">{\"@context\":\"https:\\\/\\\/schema.org\",\"@graph\":[{\"@type\":\"Article\",\"@id\":\"https:\\\/\\\/macite.tg\\\/?p=29765#article\",\"isPartOf\":{\"@id\":\"https:\\\/\\\/macite.tg\\\/?p=29765\"},\"author\":{\"name\":\"Jean Pierre BAWELA\",\"@id\":\"https:\\\/\\\/macite.tg\\\/#\\\/schema\\\/person\\\/e9f2de7e5dbbe7770a9402c7ce82f5c2\"},\"headline\":\"BENIN \\\/ PRESIDENTIELLE 2026 : Ce que r\u00e9v\u00e8le le rapport du Conseil de l\u2019Entente (CE)\",\"datePublished\":\"2026-04-15T17:46:59+00:00\",\"dateModified\":\"2026-04-15T17:47:29+00:00\",\"mainEntityOfPage\":{\"@id\":\"https:\\\/\\\/macite.tg\\\/?p=29765\"},\"wordCount\":749,\"commentCount\":0,\"image\":{\"@id\":\"https:\\\/\\\/macite.tg\\\/?p=29765#primaryimage\"},\"thumbnailUrl\":\"https:\\\/\\\/macite.tg\\\/wp-content\\\/uploads\\\/2026\\\/04\\\/image-42.png\",\"articleSection\":[\"ACTUALITE\",\"POLITIQUE\"],\"inLanguage\":\"fr-FR\",\"potentialAction\":[{\"@type\":\"CommentAction\",\"name\":\"Comment\",\"target\":[\"https:\\\/\\\/macite.tg\\\/?p=29765#respond\"]}]},{\"@type\":\"WebPage\",\"@id\":\"https:\\\/\\\/macite.tg\\\/?p=29765\",\"url\":\"https:\\\/\\\/macite.tg\\\/?p=29765\",\"name\":\"BENIN \\\/ PRESIDENTIELLE 2026 : Ce que r\u00e9v\u00e8le le rapport du Conseil de l\u2019Entente (CE) -\",\"isPartOf\":{\"@id\":\"https:\\\/\\\/macite.tg\\\/#website\"},\"primaryImageOfPage\":{\"@id\":\"https:\\\/\\\/macite.tg\\\/?p=29765#primaryimage\"},\"image\":{\"@id\":\"https:\\\/\\\/macite.tg\\\/?p=29765#primaryimage\"},\"thumbnailUrl\":\"https:\\\/\\\/macite.tg\\\/wp-content\\\/uploads\\\/2026\\\/04\\\/image-42.png\",\"datePublished\":\"2026-04-15T17:46:59+00:00\",\"dateModified\":\"2026-04-15T17:47:29+00:00\",\"author\":{\"@id\":\"https:\\\/\\\/macite.tg\\\/#\\\/schema\\\/person\\\/e9f2de7e5dbbe7770a9402c7ce82f5c2\"},\"breadcrumb\":{\"@id\":\"https:\\\/\\\/macite.tg\\\/?p=29765#breadcrumb\"},\"inLanguage\":\"fr-FR\",\"potentialAction\":[{\"@type\":\"ReadAction\",\"target\":[\"https:\\\/\\\/macite.tg\\\/?p=29765\"]}]},{\"@type\":\"ImageObject\",\"inLanguage\":\"fr-FR\",\"@id\":\"https:\\\/\\\/macite.tg\\\/?p=29765#primaryimage\",\"url\":\"https:\\\/\\\/macite.tg\\\/wp-content\\\/uploads\\\/2026\\\/04\\\/image-42.png\",\"contentUrl\":\"https:\\\/\\\/macite.tg\\\/wp-content\\\/uploads\\\/2026\\\/04\\\/image-42.png\",\"width\":534,\"height\":294},{\"@type\":\"BreadcrumbList\",\"@id\":\"https:\\\/\\\/macite.tg\\\/?p=29765#breadcrumb\",\"itemListElement\":[{\"@type\":\"ListItem\",\"position\":1,\"name\":\"Accueil\",\"item\":\"https:\\\/\\\/macite.tg\\\/\"},{\"@type\":\"ListItem\",\"position\":2,\"name\":\"BENIN \\\/ PRESIDENTIELLE 2026 : Ce que r\u00e9v\u00e8le le rapport du Conseil de l\u2019Entente (CE)\"}]},{\"@type\":\"WebSite\",\"@id\":\"https:\\\/\\\/macite.tg\\\/#website\",\"url\":\"https:\\\/\\\/macite.tg\\\/\",\"name\":\"\",\"description\":\"L&#039;information, la bonne!!!\",\"potentialAction\":[{\"@type\":\"SearchAction\",\"target\":{\"@type\":\"EntryPoint\",\"urlTemplate\":\"https:\\\/\\\/macite.tg\\\/?s={search_term_string}\"},\"query-input\":{\"@type\":\"PropertyValueSpecification\",\"valueRequired\":true,\"valueName\":\"search_term_string\"}}],\"inLanguage\":\"fr-FR\"},{\"@type\":\"Person\",\"@id\":\"https:\\\/\\\/macite.tg\\\/#\\\/schema\\\/person\\\/e9f2de7e5dbbe7770a9402c7ce82f5c2\",\"name\":\"Jean Pierre BAWELA\",\"image\":{\"@type\":\"ImageObject\",\"inLanguage\":\"fr-FR\",\"@id\":\"https:\\\/\\\/macite.tg\\\/wp-content\\\/uploads\\\/2023\\\/09\\\/WhatsApp-Image-2023-09-19-at-14.44.41-122x122.jpeg\",\"url\":\"https:\\\/\\\/macite.tg\\\/wp-content\\\/uploads\\\/2023\\\/09\\\/WhatsApp-Image-2023-09-19-at-14.44.41-122x122.jpeg\",\"contentUrl\":\"https:\\\/\\\/macite.tg\\\/wp-content\\\/uploads\\\/2023\\\/09\\\/WhatsApp-Image-2023-09-19-at-14.44.41-122x122.jpeg\",\"caption\":\"Jean Pierre BAWELA\"},\"url\":\"https:\\\/\\\/macite.tg\\\/?author=2\"}]}<\/script>\n<!-- \/ Yoast SEO plugin. -->","yoast_head_json":{"title":"BENIN \/ PRESIDENTIELLE 2026 : Ce que r\u00e9v\u00e8le le rapport du Conseil de l\u2019Entente (CE) -","robots":{"index":"index","follow":"follow","max-snippet":"max-snippet:-1","max-image-preview":"max-image-preview:large","max-video-preview":"max-video-preview:-1"},"canonical":"https:\/\/macite.tg\/?p=29765","og_locale":"fr_FR","og_type":"article","og_title":"BENIN \/ PRESIDENTIELLE 2026 : Ce que r\u00e9v\u00e8le le rapport du Conseil de l\u2019Entente (CE) -","og_description":"Dans le cadre de la pr\u00e9sidentielle du 12 avril 2026 au&nbsp;B\u00e9nin, la mission d\u2019observation du&nbsp;Conseil de l\u2019Entente, d\u00e9ploy\u00e9e dans quinze communes et couvrant 250 bureaux de vote, a constat\u00e9 une organisation sereine et transparente. Elle a soulign\u00e9 ses constats dans une d\u00e9claration pr\u00e9liminaire rendue publique [&hellip;]","og_url":"https:\/\/macite.tg\/?p=29765","article_published_time":"2026-04-15T17:46:59+00:00","article_modified_time":"2026-04-15T17:47:29+00:00","og_image":[{"width":534,"height":294,"url":"https:\/\/macite.tg\/wp-content\/uploads\/2026\/04\/image-42.png","type":"image\/png"}],"author":"Jean Pierre BAWELA","twitter_card":"summary_large_image","twitter_misc":{"\u00c9crit par":"Jean Pierre BAWELA","Dur\u00e9e de lecture estim\u00e9e":"4 minutes"},"schema":{"@context":"https:\/\/schema.org","@graph":[{"@type":"Article","@id":"https:\/\/macite.tg\/?p=29765#article","isPartOf":{"@id":"https:\/\/macite.tg\/?p=29765"},"author":{"name":"Jean Pierre BAWELA","@id":"https:\/\/macite.tg\/#\/schema\/person\/e9f2de7e5dbbe7770a9402c7ce82f5c2"},"headline":"BENIN \/ PRESIDENTIELLE 2026 : Ce que r\u00e9v\u00e8le le rapport du Conseil de l\u2019Entente (CE)","datePublished":"2026-04-15T17:46:59+00:00","dateModified":"2026-04-15T17:47:29+00:00","mainEntityOfPage":{"@id":"https:\/\/macite.tg\/?p=29765"},"wordCount":749,"commentCount":0,"image":{"@id":"https:\/\/macite.tg\/?p=29765#primaryimage"},"thumbnailUrl":"https:\/\/macite.tg\/wp-content\/uploads\/2026\/04\/image-42.png","articleSection":["ACTUALITE","POLITIQUE"],"inLanguage":"fr-FR","potentialAction":[{"@type":"CommentAction","name":"Comment","target":["https:\/\/macite.tg\/?p=29765#respond"]}]},{"@type":"WebPage","@id":"https:\/\/macite.tg\/?p=29765","url":"https:\/\/macite.tg\/?p=29765","name":"BENIN \/ PRESIDENTIELLE 2026 : Ce que r\u00e9v\u00e8le le rapport du Conseil de l\u2019Entente (CE) -","isPartOf":{"@id":"https:\/\/macite.tg\/#website"},"primaryImageOfPage":{"@id":"https:\/\/macite.tg\/?p=29765#primaryimage"},"image":{"@id":"https:\/\/macite.tg\/?p=29765#primaryimage"},"thumbnailUrl":"https:\/\/macite.tg\/wp-content\/uploads\/2026\/04\/image-42.png","datePublished":"2026-04-15T17:46:59+00:00","dateModified":"2026-04-15T17:47:29+00:00","author":{"@id":"https:\/\/macite.tg\/#\/schema\/person\/e9f2de7e5dbbe7770a9402c7ce82f5c2"},"breadcrumb":{"@id":"https:\/\/macite.tg\/?p=29765#breadcrumb"},"inLanguage":"fr-FR","potentialAction":[{"@type":"ReadAction","target":["https:\/\/macite.tg\/?p=29765"]}]},{"@type":"ImageObject","inLanguage":"fr-FR","@id":"https:\/\/macite.tg\/?p=29765#primaryimage","url":"https:\/\/macite.tg\/wp-content\/uploads\/2026\/04\/image-42.png","contentUrl":"https:\/\/macite.tg\/wp-content\/uploads\/2026\/04\/image-42.png","width":534,"height":294},{"@type":"BreadcrumbList","@id":"https:\/\/macite.tg\/?p=29765#breadcrumb","itemListElement":[{"@type":"ListItem","position":1,"name":"Accueil","item":"https:\/\/macite.tg\/"},{"@type":"ListItem","position":2,"name":"BENIN \/ PRESIDENTIELLE 2026 : Ce que r\u00e9v\u00e8le le rapport du Conseil de l\u2019Entente (CE)"}]},{"@type":"WebSite","@id":"https:\/\/macite.tg\/#website","url":"https:\/\/macite.tg\/","name":"","description":"L&#039;information, la bonne!!!","potentialAction":[{"@type":"SearchAction","target":{"@type":"EntryPoint","urlTemplate":"https:\/\/macite.tg\/?s={search_term_string}"},"query-input":{"@type":"PropertyValueSpecification","valueRequired":true,"valueName":"search_term_string"}}],"inLanguage":"fr-FR"},{"@type":"Person","@id":"https:\/\/macite.tg\/#\/schema\/person\/e9f2de7e5dbbe7770a9402c7ce82f5c2","name":"Jean Pierre BAWELA","image":{"@type":"ImageObject","inLanguage":"fr-FR","@id":"https:\/\/macite.tg\/wp-content\/uploads\/2023\/09\/WhatsApp-Image-2023-09-19-at-14.44.41-122x122.jpeg","url":"https:\/\/macite.tg\/wp-content\/uploads\/2023\/09\/WhatsApp-Image-2023-09-19-at-14.44.41-122x122.jpeg","contentUrl":"https:\/\/macite.tg\/wp-content\/uploads\/2023\/09\/WhatsApp-Image-2023-09-19-at-14.44.41-122x122.jpeg","caption":"Jean Pierre BAWELA"},"url":"https:\/\/macite.tg\/?author=2"}]}},"_links":{"self":[{"href":"https:\/\/macite.tg\/index.php?rest_route=\/wp\/v2\/posts\/29765","targetHints":{"allow":["GET"]}}],"collection":[{"href":"https:\/\/macite.tg\/index.php?rest_route=\/wp\/v2\/posts"}],"about":[{"href":"https:\/\/macite.tg\/index.php?rest_route=\/wp\/v2\/types\/post"}],"author":[{"embeddable":true,"href":"https:\/\/macite.tg\/index.php?rest_route=\/wp\/v2\/users\/2"}],"replies":[{"embeddable":true,"href":"https:\/\/macite.tg\/index.php?rest_route=%2Fwp%2Fv2%2Fcomments&post=29765"}],"version-history":[{"count":0,"href":"https:\/\/macite.tg\/index.php?rest_route=\/wp\/v2\/posts\/29765\/revisions"}],"wp:featuredmedia":[{"embeddable":true,"href":"https:\/\/macite.tg\/index.php?rest_route=\/wp\/v2\/media\/29767"}],"wp:attachment":[{"href":"https:\/\/macite.tg\/index.php?rest_route=%2Fwp%2Fv2%2Fmedia&parent=29765"}],"wp:term":[{"taxonomy":"category","embeddable":true,"href":"https:\/\/macite.tg\/index.php?rest_route=%2Fwp%2Fv2%2Fcategories&post=29765"},{"taxonomy":"post_tag","embeddable":true,"href":"https:\/\/macite.tg\/index.php?rest_route=%2Fwp%2Fv2%2Ftags&post=29765"}],"curies":[{"name":"wp","href":"https:\/\/api.w.org\/{rel}","templated":true}]}}