{"id":29437,"date":"2026-03-31T16:41:56","date_gmt":"2026-03-31T16:41:56","guid":{"rendered":"https:\/\/macite.tg\/?p=29437"},"modified":"2026-03-31T16:42:04","modified_gmt":"2026-03-31T16:42:04","slug":"culture-la-prefecture-de-doufelgou-se-prepare-a-celebrer-sa-fete-traditionnelle-sintu-janjaagu","status":"publish","type":"post","link":"https:\/\/macite.tg\/?p=29437","title":{"rendered":"CULTURE : La pr\u00e9fecture de Doufelgou se pr\u00e9pare \u00e0 c\u00e9l\u00e9brer sa f\u00eate traditionnelle \u00ab\u00a0Sintu-Janjaagu\u00a0\u00bb"},"content":{"rendered":"\n<p class=\"wp-block-paragraph\"><strong><em>C\u2019est le rendez-vous annuel incontournable des filles et fils de la pr\u00e9fecture de Doufelgou. Cette ann\u00e9e encore la f\u00eate traditionnelle \u00ab&nbsp;Sintu-Janjaagu&nbsp;\u00bb va mobiliser la population de cette pr\u00e9fecture et de sa diaspora pour magnifier sa richesse culturelle. Les festivit\u00e9s se tiendront dans les diff\u00e9rents cantons de la pr\u00e9fecture de Doufelgou les 16 et 17 avril avant de conna\u00eetre leur apoth\u00e9ose le 18 avril 2026 dans le canton de Siou.<\/em><\/strong><\/p>\n\n\n\n<p class=\"wp-block-paragraph\"><em>\u00ab&nbsp;Sintu-Janjaagu, c\u2019est le rendez-vous embl\u00e9matique des filles et fis de Doufelgou au cours de l\u2019ann\u00e9e. C\u2019est un rendez-vous d\u00e9sormais incontournable, au cours duquel les fils et filles de Doufelgou, leurs amis, ainsi que des Togolais et des invit\u00e9s venus d\u2019ailleurs, se retrouvent sur le territoire de Doufelgou, et ce, depuis quelques ann\u00e9es, dans un canton diff\u00e9rent \u00e0 chaque \u00e9dition.<\/em><\/p>\n\n\n\n<figure class=\"wp-block-image size-full\"><img loading=\"lazy\" decoding=\"async\" width=\"851\" height=\"315\" src=\"https:\/\/macite.tg\/wp-content\/uploads\/2026\/03\/OTR_Ferer-pour-batir-1-1.jpg\" alt=\"\" class=\"wp-image-29356\" srcset=\"https:\/\/macite.tg\/wp-content\/uploads\/2026\/03\/OTR_Ferer-pour-batir-1-1.jpg 851w, https:\/\/macite.tg\/wp-content\/uploads\/2026\/03\/OTR_Ferer-pour-batir-1-1-300x111.jpg 300w, https:\/\/macite.tg\/wp-content\/uploads\/2026\/03\/OTR_Ferer-pour-batir-1-1-768x284.jpg 768w\" sizes=\"auto, (max-width: 851px) 100vw, 851px\" \/><\/figure>\n\n\n\n<p class=\"wp-block-paragraph\"><em>L\u2019objectif c\u2019est de communier dans la tradition de nos anc\u00eatres. C\u2019est aussi en premier lieu, rendre gr\u00e2ce \u00e0 Dieu pour une ann\u00e9e qui s\u2019ach\u00e8ve, rendre hommage aux m\u00e2nes de nos anc\u00eatres et prier pour la nouvelle ann\u00e9e qui va commencer. Donc c\u2019est un rendez-vous culturel, de communion, de fraternisation et de r\u00e9flexion aussi pour le d\u00e9veloppement de la pr\u00e9fecture, des cantons, des villages et des hameaux&nbsp;\u00bb,<\/em> a soulign\u00e9 le pr\u00e9sident du comit\u00e9 d\u2019organisation, M. Bikp\u00e9ta Anakoma, lors d\u2019une \u00e9mission t\u00e9l\u00e9vis\u00e9e ce 30 mars 2026 sur New world TV.<\/p>\n\n\n\n<p class=\"wp-block-paragraph\">L\u2019apoth\u00e9ose de cette f\u00eate traditionnelle est le point culminant d\u2019une s\u00e9rie d\u2019activit\u00e9s organis\u00e9es dans les quinze cantons de la pr\u00e9fecture de Doufelgou. Dans cet agenda culturel, on note des journ\u00e9es de r\u00e9flexion sur les d\u00e9fis li\u00e9s au d\u00e9veloppement de chaque localit\u00e9, des manifestations sportives et autres. L\u2019\u00e9dition 2026 de Sintu-Janjaagu place toutes les festivit\u00e9s sous le th\u00e8me&nbsp;: <strong><em>\u00ab&nbsp;Traditions solidaires, communaut\u00e9s mobilis\u00e9es pour la paix, la s\u00e9curit\u00e9 et le d\u00e9veloppement&nbsp;\u00bb.<\/em><\/strong> Le choix de ce th\u00e8me ne s\u2019est pas fait ex nihilo.<\/p>\n\n\n\n<p class=\"wp-block-paragraph\"><em>\u00ab&nbsp;Nos peuples sont des peuples solidaires \u00e0 la base, qui sont attach\u00e9s \u00e0 leur traditions&nbsp;; des traditions qui expriment leur identit\u00e9, une identit\u00e9 ouverte, une identit\u00e9 qui respecte toutes les autres dans le concert de notre Nation. Donc c\u2019est enracin\u00e9 dans cette tradition que les filles fils et de Doufelgou sont partout au Togo o\u00f9 le devoir les appelle pour apporter leur pierre \u00e0 la construction nationale. Dans ce sens, ils \u0153uvrent partout o\u00f9 ils sont \u00e0 la paix, \u00e0 la s\u00e9curit\u00e9 et surtout pour leur milieu au d\u00e9veloppement local durable&nbsp;\u00bb,<\/em> a poursuivi le pr\u00e9sident du comit\u00e9 d\u2019organisation M. Anakoma Bikp\u00e9ta.<\/p>\n\n\n\n<p class=\"wp-block-paragraph\">Peupl\u00e9e majoritairement de communaut\u00e9s <em>\u00ab Lamba&nbsp;\u00bb<\/em> et <em>\u00ab&nbsp;Nawd\u00e9ba\u00bb,<\/em> la pr\u00e9fecture de Doufelgou s\u2019appr\u00eate \u00e0 c\u00e9l\u00e9brer la 37\u1d49 \u00e9dition de sa f\u00eate traditionnelle <em>\u00ab Sintu-Janjaagu \u00bb.<\/em> \u00c0 cette occasion, le pr\u00e9sident du Comit\u00e9 d\u2019organisation lance un appel solennel \u00e0 la mobilisation g\u00e9n\u00e9rale en ces termes&nbsp;:<\/p>\n\n\n<div class=\"wp-block-image\">\n<figure class=\"aligncenter size-full\"><img loading=\"lazy\" decoding=\"async\" width=\"509\" height=\"720\" src=\"https:\/\/macite.tg\/wp-content\/uploads\/2026\/03\/OTR_Payez-la-TVM-simple-et-pratique-1.jpg\" alt=\"\" class=\"wp-image-29372\" srcset=\"https:\/\/macite.tg\/wp-content\/uploads\/2026\/03\/OTR_Payez-la-TVM-simple-et-pratique-1.jpg 509w, https:\/\/macite.tg\/wp-content\/uploads\/2026\/03\/OTR_Payez-la-TVM-simple-et-pratique-1-212x300.jpg 212w\" sizes=\"auto, (max-width: 509px) 100vw, 509px\" \/><\/figure>\n<\/div>\n\n\n<p class=\"wp-block-paragraph\"><em>\u00ab Je lance un appel solennel \u00e0 toutes les filles et \u00e0 tous les fils de Doufelgou, r\u00e9sidant sur l\u2019ensemble du territoire national comme au sein de la diaspora, \u00e0 r\u00e9pondre massivement \u00e0 ce grand rendez-vous de retrouvailles pr\u00e9vu \u00e0 Siou le 18 avril prochain. J\u2019invite \u00e9galement tous les Togolais, notamment ceux en p\u00e9riode de cong\u00e9s, \u00e0 venir d\u00e9couvrir les richesses de Doufelgou, \u00e0 travers la diversit\u00e9 de son patrimoine culturel et l\u2019hospitalit\u00e9 chaleureuse de ses populations, dans une atmosph\u00e8re empreinte de convivialit\u00e9 et de c\u00e9l\u00e9bration \u00bb,<\/em> a-t-il conclu.<\/p>\n\n\n\n<p class=\"wp-block-paragraph\"><strong>G.K.<\/strong><\/p>\n\n\n\n<p class=\"wp-block-paragraph\"><a><strong><em>@macite.tg&nbsp;&nbsp;&nbsp;&nbsp;&nbsp;&nbsp;&nbsp;&nbsp;<\/em><\/strong><\/a><\/p>\n\n\n\n<p class=\"wp-block-paragraph\"><strong><em>E-mail&nbsp;: <\/em><\/strong><a href=\"mailto:maciteinfo@gmail.com\"><strong><em>maciteinfo@gmail.com<\/em><\/strong><\/a><strong><em>; <\/em><\/strong><a href=\"mailto:bawela1@gmail.com\"><strong><em>bawela1@gmail.com<\/em><\/strong><\/a><strong><em><\/em><\/strong><\/p>\n\n\n\n<p class=\"wp-block-paragraph\"><strong><em>Pour vos annonces, (publi)reportages, etc., joignez-nous au (00228)91515309\/<strong>79872224 <\/strong><strong><\/strong><\/em><\/strong><\/p>\n\n\n\n<p class=\"wp-block-paragraph\"><strong><em>www.macite.tg, L\u2019information, la bonne&nbsp;!<\/em><\/strong><\/p>\n","protected":false},"excerpt":{"rendered":"<p class=\"text-justify mb-2\" >C\u2019est le rendez-vous annuel incontournable des filles et fils de la pr\u00e9fecture de Doufelgou. Cette ann\u00e9e encore la f\u00eate traditionnelle \u00ab&nbsp;Sintu-Janjaagu&nbsp;\u00bb va mobiliser la population de cette pr\u00e9fecture et de sa diaspora pour magnifier sa richesse culturelle. Les festivit\u00e9s se tiendront dans les diff\u00e9rents cantons [&hellip;]<\/p>\n","protected":false},"author":2,"featured_media":29440,"comment_status":"open","ping_status":"open","sticky":false,"template":"","format":"standard","meta":{"footnotes":""},"categories":[20,18],"tags":[],"class_list":["post-29437","post","type-post","status-publish","format-standard","has-post-thumbnail","hentry","category-actualite","category-culture"],"yoast_head":"<!-- This site is optimized with the Yoast SEO plugin v28.4 - https:\/\/yoast.com\/product\/yoast-seo-wordpress\/ -->\n<title>CULTURE : La pr\u00e9fecture de Doufelgou se pr\u00e9pare \u00e0 c\u00e9l\u00e9brer sa f\u00eate traditionnelle \u00ab\u00a0Sintu-Janjaagu\u00a0\u00bb -<\/title>\n<meta name=\"robots\" content=\"index, follow, max-snippet:-1, max-image-preview:large, max-video-preview:-1\" \/>\n<link rel=\"canonical\" href=\"https:\/\/macite.tg\/?p=29437\" \/>\n<meta property=\"og:locale\" content=\"fr_FR\" \/>\n<meta property=\"og:type\" content=\"article\" \/>\n<meta property=\"og:title\" content=\"CULTURE : La pr\u00e9fecture de Doufelgou se pr\u00e9pare \u00e0 c\u00e9l\u00e9brer sa f\u00eate traditionnelle \u00ab\u00a0Sintu-Janjaagu\u00a0\u00bb -\" \/>\n<meta property=\"og:description\" content=\"C\u2019est le rendez-vous annuel incontournable des filles et fils de la pr\u00e9fecture de Doufelgou. Cette ann\u00e9e encore la f\u00eate traditionnelle \u00ab&nbsp;Sintu-Janjaagu&nbsp;\u00bb va mobiliser la population de cette pr\u00e9fecture et de sa diaspora pour magnifier sa richesse culturelle. Les festivit\u00e9s se tiendront dans les diff\u00e9rents cantons [&hellip;]\" \/>\n<meta property=\"og:url\" content=\"https:\/\/macite.tg\/?p=29437\" \/>\n<meta property=\"article:published_time\" content=\"2026-03-31T16:41:56+00:00\" \/>\n<meta property=\"article:modified_time\" content=\"2026-03-31T16:42:04+00:00\" \/>\n<meta property=\"og:image\" content=\"https:\/\/macite.tg\/wp-content\/uploads\/2026\/03\/806f0c47-fd7a-4c23-92e6-3fdb73fe2fb0.jpg\" \/>\n\t<meta property=\"og:image:width\" content=\"500\" \/>\n\t<meta property=\"og:image:height\" content=\"333\" \/>\n\t<meta property=\"og:image:type\" content=\"image\/jpeg\" \/>\n<meta name=\"author\" content=\"Jean Pierre BAWELA\" \/>\n<meta name=\"twitter:card\" content=\"summary_large_image\" \/>\n<meta name=\"twitter:label1\" content=\"\u00c9crit par\" \/>\n\t<meta name=\"twitter:data1\" content=\"Jean Pierre BAWELA\" \/>\n\t<meta name=\"twitter:label2\" content=\"Dur\u00e9e de lecture estim\u00e9e\" \/>\n\t<meta name=\"twitter:data2\" content=\"4 minutes\" \/>\n<script type=\"application\/ld+json\" class=\"yoast-schema-graph\">{\"@context\":\"https:\\\/\\\/schema.org\",\"@graph\":[{\"@type\":\"Article\",\"@id\":\"https:\\\/\\\/macite.tg\\\/?p=29437#article\",\"isPartOf\":{\"@id\":\"https:\\\/\\\/macite.tg\\\/?p=29437\"},\"author\":{\"name\":\"Jean Pierre BAWELA\",\"@id\":\"https:\\\/\\\/macite.tg\\\/#\\\/schema\\\/person\\\/e9f2de7e5dbbe7770a9402c7ce82f5c2\"},\"headline\":\"CULTURE : La pr\u00e9fecture de Doufelgou se pr\u00e9pare \u00e0 c\u00e9l\u00e9brer sa f\u00eate traditionnelle \u00ab\u00a0Sintu-Janjaagu\u00a0\u00bb\",\"datePublished\":\"2026-03-31T16:41:56+00:00\",\"dateModified\":\"2026-03-31T16:42:04+00:00\",\"mainEntityOfPage\":{\"@id\":\"https:\\\/\\\/macite.tg\\\/?p=29437\"},\"wordCount\":662,\"commentCount\":0,\"image\":{\"@id\":\"https:\\\/\\\/macite.tg\\\/?p=29437#primaryimage\"},\"thumbnailUrl\":\"https:\\\/\\\/macite.tg\\\/wp-content\\\/uploads\\\/2026\\\/03\\\/806f0c47-fd7a-4c23-92e6-3fdb73fe2fb0.jpg\",\"articleSection\":[\"ACTUALITE\",\"CULTURE\"],\"inLanguage\":\"fr-FR\",\"potentialAction\":[{\"@type\":\"CommentAction\",\"name\":\"Comment\",\"target\":[\"https:\\\/\\\/macite.tg\\\/?p=29437#respond\"]}]},{\"@type\":\"WebPage\",\"@id\":\"https:\\\/\\\/macite.tg\\\/?p=29437\",\"url\":\"https:\\\/\\\/macite.tg\\\/?p=29437\",\"name\":\"CULTURE : La pr\u00e9fecture de Doufelgou se pr\u00e9pare \u00e0 c\u00e9l\u00e9brer sa f\u00eate traditionnelle \u00ab\u00a0Sintu-Janjaagu\u00a0\u00bb -\",\"isPartOf\":{\"@id\":\"https:\\\/\\\/macite.tg\\\/#website\"},\"primaryImageOfPage\":{\"@id\":\"https:\\\/\\\/macite.tg\\\/?p=29437#primaryimage\"},\"image\":{\"@id\":\"https:\\\/\\\/macite.tg\\\/?p=29437#primaryimage\"},\"thumbnailUrl\":\"https:\\\/\\\/macite.tg\\\/wp-content\\\/uploads\\\/2026\\\/03\\\/806f0c47-fd7a-4c23-92e6-3fdb73fe2fb0.jpg\",\"datePublished\":\"2026-03-31T16:41:56+00:00\",\"dateModified\":\"2026-03-31T16:42:04+00:00\",\"author\":{\"@id\":\"https:\\\/\\\/macite.tg\\\/#\\\/schema\\\/person\\\/e9f2de7e5dbbe7770a9402c7ce82f5c2\"},\"breadcrumb\":{\"@id\":\"https:\\\/\\\/macite.tg\\\/?p=29437#breadcrumb\"},\"inLanguage\":\"fr-FR\",\"potentialAction\":[{\"@type\":\"ReadAction\",\"target\":[\"https:\\\/\\\/macite.tg\\\/?p=29437\"]}]},{\"@type\":\"ImageObject\",\"inLanguage\":\"fr-FR\",\"@id\":\"https:\\\/\\\/macite.tg\\\/?p=29437#primaryimage\",\"url\":\"https:\\\/\\\/macite.tg\\\/wp-content\\\/uploads\\\/2026\\\/03\\\/806f0c47-fd7a-4c23-92e6-3fdb73fe2fb0.jpg\",\"contentUrl\":\"https:\\\/\\\/macite.tg\\\/wp-content\\\/uploads\\\/2026\\\/03\\\/806f0c47-fd7a-4c23-92e6-3fdb73fe2fb0.jpg\",\"width\":500,\"height\":333},{\"@type\":\"BreadcrumbList\",\"@id\":\"https:\\\/\\\/macite.tg\\\/?p=29437#breadcrumb\",\"itemListElement\":[{\"@type\":\"ListItem\",\"position\":1,\"name\":\"Accueil\",\"item\":\"https:\\\/\\\/macite.tg\\\/\"},{\"@type\":\"ListItem\",\"position\":2,\"name\":\"CULTURE : La pr\u00e9fecture de Doufelgou se pr\u00e9pare \u00e0 c\u00e9l\u00e9brer sa f\u00eate traditionnelle \u00ab\u00a0Sintu-Janjaagu\u00a0\u00bb\"}]},{\"@type\":\"WebSite\",\"@id\":\"https:\\\/\\\/macite.tg\\\/#website\",\"url\":\"https:\\\/\\\/macite.tg\\\/\",\"name\":\"\",\"description\":\"L&#039;information, la bonne!!!\",\"potentialAction\":[{\"@type\":\"SearchAction\",\"target\":{\"@type\":\"EntryPoint\",\"urlTemplate\":\"https:\\\/\\\/macite.tg\\\/?s={search_term_string}\"},\"query-input\":{\"@type\":\"PropertyValueSpecification\",\"valueRequired\":true,\"valueName\":\"search_term_string\"}}],\"inLanguage\":\"fr-FR\"},{\"@type\":\"Person\",\"@id\":\"https:\\\/\\\/macite.tg\\\/#\\\/schema\\\/person\\\/e9f2de7e5dbbe7770a9402c7ce82f5c2\",\"name\":\"Jean Pierre BAWELA\",\"image\":{\"@type\":\"ImageObject\",\"inLanguage\":\"fr-FR\",\"@id\":\"https:\\\/\\\/macite.tg\\\/wp-content\\\/uploads\\\/2023\\\/09\\\/WhatsApp-Image-2023-09-19-at-14.44.41-122x122.jpeg\",\"url\":\"https:\\\/\\\/macite.tg\\\/wp-content\\\/uploads\\\/2023\\\/09\\\/WhatsApp-Image-2023-09-19-at-14.44.41-122x122.jpeg\",\"contentUrl\":\"https:\\\/\\\/macite.tg\\\/wp-content\\\/uploads\\\/2023\\\/09\\\/WhatsApp-Image-2023-09-19-at-14.44.41-122x122.jpeg\",\"caption\":\"Jean Pierre BAWELA\"},\"url\":\"https:\\\/\\\/macite.tg\\\/?author=2\"}]}<\/script>\n<!-- \/ Yoast SEO plugin. -->","yoast_head_json":{"title":"CULTURE : La pr\u00e9fecture de Doufelgou se pr\u00e9pare \u00e0 c\u00e9l\u00e9brer sa f\u00eate traditionnelle \u00ab\u00a0Sintu-Janjaagu\u00a0\u00bb -","robots":{"index":"index","follow":"follow","max-snippet":"max-snippet:-1","max-image-preview":"max-image-preview:large","max-video-preview":"max-video-preview:-1"},"canonical":"https:\/\/macite.tg\/?p=29437","og_locale":"fr_FR","og_type":"article","og_title":"CULTURE : La pr\u00e9fecture de Doufelgou se pr\u00e9pare \u00e0 c\u00e9l\u00e9brer sa f\u00eate traditionnelle \u00ab\u00a0Sintu-Janjaagu\u00a0\u00bb -","og_description":"C\u2019est le rendez-vous annuel incontournable des filles et fils de la pr\u00e9fecture de Doufelgou. Cette ann\u00e9e encore la f\u00eate traditionnelle \u00ab&nbsp;Sintu-Janjaagu&nbsp;\u00bb va mobiliser la population de cette pr\u00e9fecture et de sa diaspora pour magnifier sa richesse culturelle. Les festivit\u00e9s se tiendront dans les diff\u00e9rents cantons [&hellip;]","og_url":"https:\/\/macite.tg\/?p=29437","article_published_time":"2026-03-31T16:41:56+00:00","article_modified_time":"2026-03-31T16:42:04+00:00","og_image":[{"width":500,"height":333,"url":"https:\/\/macite.tg\/wp-content\/uploads\/2026\/03\/806f0c47-fd7a-4c23-92e6-3fdb73fe2fb0.jpg","type":"image\/jpeg"}],"author":"Jean Pierre BAWELA","twitter_card":"summary_large_image","twitter_misc":{"\u00c9crit par":"Jean Pierre BAWELA","Dur\u00e9e de lecture estim\u00e9e":"4 minutes"},"schema":{"@context":"https:\/\/schema.org","@graph":[{"@type":"Article","@id":"https:\/\/macite.tg\/?p=29437#article","isPartOf":{"@id":"https:\/\/macite.tg\/?p=29437"},"author":{"name":"Jean Pierre BAWELA","@id":"https:\/\/macite.tg\/#\/schema\/person\/e9f2de7e5dbbe7770a9402c7ce82f5c2"},"headline":"CULTURE : La pr\u00e9fecture de Doufelgou se pr\u00e9pare \u00e0 c\u00e9l\u00e9brer sa f\u00eate traditionnelle \u00ab\u00a0Sintu-Janjaagu\u00a0\u00bb","datePublished":"2026-03-31T16:41:56+00:00","dateModified":"2026-03-31T16:42:04+00:00","mainEntityOfPage":{"@id":"https:\/\/macite.tg\/?p=29437"},"wordCount":662,"commentCount":0,"image":{"@id":"https:\/\/macite.tg\/?p=29437#primaryimage"},"thumbnailUrl":"https:\/\/macite.tg\/wp-content\/uploads\/2026\/03\/806f0c47-fd7a-4c23-92e6-3fdb73fe2fb0.jpg","articleSection":["ACTUALITE","CULTURE"],"inLanguage":"fr-FR","potentialAction":[{"@type":"CommentAction","name":"Comment","target":["https:\/\/macite.tg\/?p=29437#respond"]}]},{"@type":"WebPage","@id":"https:\/\/macite.tg\/?p=29437","url":"https:\/\/macite.tg\/?p=29437","name":"CULTURE : La pr\u00e9fecture de Doufelgou se pr\u00e9pare \u00e0 c\u00e9l\u00e9brer sa f\u00eate traditionnelle \u00ab\u00a0Sintu-Janjaagu\u00a0\u00bb -","isPartOf":{"@id":"https:\/\/macite.tg\/#website"},"primaryImageOfPage":{"@id":"https:\/\/macite.tg\/?p=29437#primaryimage"},"image":{"@id":"https:\/\/macite.tg\/?p=29437#primaryimage"},"thumbnailUrl":"https:\/\/macite.tg\/wp-content\/uploads\/2026\/03\/806f0c47-fd7a-4c23-92e6-3fdb73fe2fb0.jpg","datePublished":"2026-03-31T16:41:56+00:00","dateModified":"2026-03-31T16:42:04+00:00","author":{"@id":"https:\/\/macite.tg\/#\/schema\/person\/e9f2de7e5dbbe7770a9402c7ce82f5c2"},"breadcrumb":{"@id":"https:\/\/macite.tg\/?p=29437#breadcrumb"},"inLanguage":"fr-FR","potentialAction":[{"@type":"ReadAction","target":["https:\/\/macite.tg\/?p=29437"]}]},{"@type":"ImageObject","inLanguage":"fr-FR","@id":"https:\/\/macite.tg\/?p=29437#primaryimage","url":"https:\/\/macite.tg\/wp-content\/uploads\/2026\/03\/806f0c47-fd7a-4c23-92e6-3fdb73fe2fb0.jpg","contentUrl":"https:\/\/macite.tg\/wp-content\/uploads\/2026\/03\/806f0c47-fd7a-4c23-92e6-3fdb73fe2fb0.jpg","width":500,"height":333},{"@type":"BreadcrumbList","@id":"https:\/\/macite.tg\/?p=29437#breadcrumb","itemListElement":[{"@type":"ListItem","position":1,"name":"Accueil","item":"https:\/\/macite.tg\/"},{"@type":"ListItem","position":2,"name":"CULTURE : La pr\u00e9fecture de Doufelgou se pr\u00e9pare \u00e0 c\u00e9l\u00e9brer sa f\u00eate traditionnelle \u00ab\u00a0Sintu-Janjaagu\u00a0\u00bb"}]},{"@type":"WebSite","@id":"https:\/\/macite.tg\/#website","url":"https:\/\/macite.tg\/","name":"","description":"L&#039;information, la bonne!!!","potentialAction":[{"@type":"SearchAction","target":{"@type":"EntryPoint","urlTemplate":"https:\/\/macite.tg\/?s={search_term_string}"},"query-input":{"@type":"PropertyValueSpecification","valueRequired":true,"valueName":"search_term_string"}}],"inLanguage":"fr-FR"},{"@type":"Person","@id":"https:\/\/macite.tg\/#\/schema\/person\/e9f2de7e5dbbe7770a9402c7ce82f5c2","name":"Jean Pierre BAWELA","image":{"@type":"ImageObject","inLanguage":"fr-FR","@id":"https:\/\/macite.tg\/wp-content\/uploads\/2023\/09\/WhatsApp-Image-2023-09-19-at-14.44.41-122x122.jpeg","url":"https:\/\/macite.tg\/wp-content\/uploads\/2023\/09\/WhatsApp-Image-2023-09-19-at-14.44.41-122x122.jpeg","contentUrl":"https:\/\/macite.tg\/wp-content\/uploads\/2023\/09\/WhatsApp-Image-2023-09-19-at-14.44.41-122x122.jpeg","caption":"Jean Pierre BAWELA"},"url":"https:\/\/macite.tg\/?author=2"}]}},"_links":{"self":[{"href":"https:\/\/macite.tg\/index.php?rest_route=\/wp\/v2\/posts\/29437","targetHints":{"allow":["GET"]}}],"collection":[{"href":"https:\/\/macite.tg\/index.php?rest_route=\/wp\/v2\/posts"}],"about":[{"href":"https:\/\/macite.tg\/index.php?rest_route=\/wp\/v2\/types\/post"}],"author":[{"embeddable":true,"href":"https:\/\/macite.tg\/index.php?rest_route=\/wp\/v2\/users\/2"}],"replies":[{"embeddable":true,"href":"https:\/\/macite.tg\/index.php?rest_route=%2Fwp%2Fv2%2Fcomments&post=29437"}],"version-history":[{"count":0,"href":"https:\/\/macite.tg\/index.php?rest_route=\/wp\/v2\/posts\/29437\/revisions"}],"wp:featuredmedia":[{"embeddable":true,"href":"https:\/\/macite.tg\/index.php?rest_route=\/wp\/v2\/media\/29440"}],"wp:attachment":[{"href":"https:\/\/macite.tg\/index.php?rest_route=%2Fwp%2Fv2%2Fmedia&parent=29437"}],"wp:term":[{"taxonomy":"category","embeddable":true,"href":"https:\/\/macite.tg\/index.php?rest_route=%2Fwp%2Fv2%2Fcategories&post=29437"},{"taxonomy":"post_tag","embeddable":true,"href":"https:\/\/macite.tg\/index.php?rest_route=%2Fwp%2Fv2%2Ftags&post=29437"}],"curies":[{"name":"wp","href":"https:\/\/api.w.org\/{rel}","templated":true}]}}