{"id":29306,"date":"2026-03-26T15:55:50","date_gmt":"2026-03-26T15:55:50","guid":{"rendered":"https:\/\/macite.tg\/?p=29306"},"modified":"2026-03-26T15:55:59","modified_gmt":"2026-03-26T15:55:59","slug":"tchad-deces-de-la-deputee-haoua-outman-djame","status":"publish","type":"post","link":"https:\/\/macite.tg\/?p=29306","title":{"rendered":"TCHAD : D\u00e9c\u00e8s de la d\u00e9put\u00e9e Haoua Outman Djam\u00e9"},"content":{"rendered":"\n<p class=\"wp-block-paragraph\"><strong><em>La d\u00e9put\u00e9e et figure politique majeure du Tchad, Dr Haoua Outman Djame, a tir\u00e9 sa r\u00e9v\u00e9rence ce 26 mars 2026 \u00e0 Paris, en France, de suite d\u2019une maladie. L\u2019Assembl\u00e9e nationale confirme le d\u00e9c\u00e8s et pr\u00e9sente ses condol\u00e9ances.<\/em><\/strong><\/p>\n\n\n\n<p class=\"wp-block-paragraph\">Dr Haoua Outman Djame, \u00e9lue d\u00e9put\u00e9e \u00e0 l&rsquo;Assembl\u00e9e nationale sous la banni\u00e8re du Mouvement Patriotique du Salut (MPS) du D\u00e9partement de Haraz Albiar, province de Hadjar Lamis Est, n\u2019est plus. &nbsp;Elle \u00e9tait, depuis l&rsquo;installation de la 4\u00e8me L\u00e9gislature, pr\u00e9sidente de la Commission Affaires \u00e9trang\u00e8res.<\/p>\n\n\n\n<figure class=\"wp-block-image size-full\"><img loading=\"lazy\" decoding=\"async\" width=\"851\" height=\"315\" src=\"https:\/\/macite.tg\/wp-content\/uploads\/2026\/03\/OTR_Bandeau-Renseignements.jpg\" alt=\"\" class=\"wp-image-29073\" srcset=\"https:\/\/macite.tg\/wp-content\/uploads\/2026\/03\/OTR_Bandeau-Renseignements.jpg 851w, https:\/\/macite.tg\/wp-content\/uploads\/2026\/03\/OTR_Bandeau-Renseignements-300x111.jpg 300w, https:\/\/macite.tg\/wp-content\/uploads\/2026\/03\/OTR_Bandeau-Renseignements-768x284.jpg 768w\" sizes=\"auto, (max-width: 851px) 100vw, 851px\" \/><\/figure>\n\n\n\n<p class=\"wp-block-paragraph\">L\u2019Assembl\u00e9e nationale confie que tout au long de son mandat, elle a apport\u00e9 une contribution remarquable aux travaux parlementaires et rempli avec totale r\u00e9gularit\u00e9, d\u00e9vouement, et surtout avec un sens tr\u00e8s \u00e9lev\u00e9 des responsabilit\u00e9s toutes les missions qui lui ont \u00e9t\u00e9 confi\u00e9es. L\u2019institution adresse des condol\u00e9ances \u00e0 la famille professionnelle et biologique de la d\u00e9funte.<\/p>\n\n\n<div class=\"wp-block-image\">\n<figure class=\"aligncenter size-full is-resized\"><img loading=\"lazy\" decoding=\"async\" width=\"500\" height=\"304\" src=\"https:\/\/macite.tg\/wp-content\/uploads\/2026\/03\/OTR_SAM.jpg\" alt=\"\" class=\"wp-image-29055\" style=\"width:625px;height:auto\" srcset=\"https:\/\/macite.tg\/wp-content\/uploads\/2026\/03\/OTR_SAM.jpg 500w, https:\/\/macite.tg\/wp-content\/uploads\/2026\/03\/OTR_SAM-300x182.jpg 300w\" sizes=\"auto, (max-width: 500px) 100vw, 500px\" \/><\/figure>\n<\/div>\n\n\n<p class=\"wp-block-paragraph\"><em>\u00ab&nbsp;Le Tchad perd en elle une figure majeure de la vie politique attach\u00e9e aux valeurs r\u00e9publicaines&nbsp;\u00bb,<\/em> regrette le pr\u00e9sident de l\u2019Assembl\u00e9e nationale, Ali Kolotou Tchaimi.<\/p>\n\n\n\n<p class=\"wp-block-paragraph\"><strong>Source<\/strong> : <strong>Journal du Tchad<\/strong><\/p>\n\n\n\n<p class=\"wp-block-paragraph\"><strong><em>@macite.tg&nbsp;&nbsp;&nbsp;&nbsp;&nbsp;&nbsp;&nbsp;&nbsp;<\/em><\/strong><\/p>\n\n\n\n<p class=\"wp-block-paragraph\"><strong><em>E-mail&nbsp;: <\/em><\/strong><a href=\"mailto:maciteinfo@gmail.com\"><strong><em>maciteinfo@gmail.com<\/em><\/strong><\/a><strong><em>; <\/em><\/strong><a href=\"mailto:bawela1@gmail.com\"><strong><em>bawela1@gmail.com<\/em><\/strong><\/a><strong><em> <\/em><\/strong><strong><em><\/em><\/strong><\/p>\n\n\n\n<p class=\"wp-block-paragraph\"><strong><em>Pour vos annonces, (publi)reportages, etc., joignez-nous au (00228)91515309\/<strong>79872224 <\/strong><strong><\/strong><\/em><\/strong><\/p>\n\n\n\n<p class=\"wp-block-paragraph\"><strong><em>www.macite.tg, L\u2019information, la bonne&nbsp;!<\/em><\/strong><\/p>\n","protected":false},"excerpt":{"rendered":"<p class=\"text-justify mb-2\" >La d\u00e9put\u00e9e et figure politique majeure du Tchad, Dr Haoua Outman Djame, a tir\u00e9 sa r\u00e9v\u00e9rence ce 26 mars 2026 \u00e0 Paris, en France, de suite d\u2019une maladie. L\u2019Assembl\u00e9e nationale confirme le d\u00e9c\u00e8s et pr\u00e9sente ses condol\u00e9ances. Dr Haoua Outman Djame, \u00e9lue d\u00e9put\u00e9e \u00e0 l&rsquo;Assembl\u00e9e [&hellip;]<\/p>\n","protected":false},"author":2,"featured_media":29307,"comment_status":"open","ping_status":"open","sticky":false,"template":"","format":"standard","meta":{"footnotes":""},"categories":[20,35],"tags":[],"class_list":["post-29306","post","type-post","status-publish","format-standard","has-post-thumbnail","hentry","category-actualite","category-necrologie"],"yoast_head":"<!-- This site is optimized with the Yoast SEO plugin v28.4 - https:\/\/yoast.com\/product\/yoast-seo-wordpress\/ -->\n<title>TCHAD : D\u00e9c\u00e8s de la d\u00e9put\u00e9e Haoua Outman Djam\u00e9 -<\/title>\n<meta name=\"robots\" content=\"index, follow, max-snippet:-1, max-image-preview:large, max-video-preview:-1\" \/>\n<link rel=\"canonical\" href=\"https:\/\/macite.tg\/?p=29306\" \/>\n<meta property=\"og:locale\" content=\"fr_FR\" \/>\n<meta property=\"og:type\" content=\"article\" \/>\n<meta property=\"og:title\" content=\"TCHAD : D\u00e9c\u00e8s de la d\u00e9put\u00e9e Haoua Outman Djam\u00e9 -\" \/>\n<meta property=\"og:description\" content=\"La d\u00e9put\u00e9e et figure politique majeure du Tchad, Dr Haoua Outman Djame, a tir\u00e9 sa r\u00e9v\u00e9rence ce 26 mars 2026 \u00e0 Paris, en France, de suite d\u2019une maladie. L\u2019Assembl\u00e9e nationale confirme le d\u00e9c\u00e8s et pr\u00e9sente ses condol\u00e9ances. Dr Haoua Outman Djame, \u00e9lue d\u00e9put\u00e9e \u00e0 l&rsquo;Assembl\u00e9e [&hellip;]\" \/>\n<meta property=\"og:url\" content=\"https:\/\/macite.tg\/?p=29306\" \/>\n<meta property=\"article:published_time\" content=\"2026-03-26T15:55:50+00:00\" \/>\n<meta property=\"article:modified_time\" content=\"2026-03-26T15:55:59+00:00\" \/>\n<meta property=\"og:image\" content=\"https:\/\/macite.tg\/wp-content\/uploads\/2026\/03\/image-87.png\" \/>\n\t<meta property=\"og:image:width\" content=\"534\" \/>\n\t<meta property=\"og:image:height\" content=\"357\" \/>\n\t<meta property=\"og:image:type\" content=\"image\/png\" \/>\n<meta name=\"author\" content=\"Jean Pierre BAWELA\" \/>\n<meta name=\"twitter:card\" content=\"summary_large_image\" \/>\n<meta name=\"twitter:label1\" content=\"\u00c9crit par\" \/>\n\t<meta name=\"twitter:data1\" content=\"Jean Pierre BAWELA\" \/>\n\t<meta name=\"twitter:label2\" content=\"Dur\u00e9e de lecture estim\u00e9e\" \/>\n\t<meta name=\"twitter:data2\" content=\"2 minutes\" \/>\n<script type=\"application\/ld+json\" class=\"yoast-schema-graph\">{\"@context\":\"https:\\\/\\\/schema.org\",\"@graph\":[{\"@type\":\"Article\",\"@id\":\"https:\\\/\\\/macite.tg\\\/?p=29306#article\",\"isPartOf\":{\"@id\":\"https:\\\/\\\/macite.tg\\\/?p=29306\"},\"author\":{\"name\":\"Jean Pierre BAWELA\",\"@id\":\"https:\\\/\\\/macite.tg\\\/#\\\/schema\\\/person\\\/e9f2de7e5dbbe7770a9402c7ce82f5c2\"},\"headline\":\"TCHAD : D\u00e9c\u00e8s de la d\u00e9put\u00e9e Haoua Outman Djam\u00e9\",\"datePublished\":\"2026-03-26T15:55:50+00:00\",\"dateModified\":\"2026-03-26T15:55:59+00:00\",\"mainEntityOfPage\":{\"@id\":\"https:\\\/\\\/macite.tg\\\/?p=29306\"},\"wordCount\":246,\"commentCount\":0,\"image\":{\"@id\":\"https:\\\/\\\/macite.tg\\\/?p=29306#primaryimage\"},\"thumbnailUrl\":\"https:\\\/\\\/macite.tg\\\/wp-content\\\/uploads\\\/2026\\\/03\\\/image-87.png\",\"articleSection\":[\"ACTUALITE\",\"NECROLOGIE\"],\"inLanguage\":\"fr-FR\",\"potentialAction\":[{\"@type\":\"CommentAction\",\"name\":\"Comment\",\"target\":[\"https:\\\/\\\/macite.tg\\\/?p=29306#respond\"]}]},{\"@type\":\"WebPage\",\"@id\":\"https:\\\/\\\/macite.tg\\\/?p=29306\",\"url\":\"https:\\\/\\\/macite.tg\\\/?p=29306\",\"name\":\"TCHAD : D\u00e9c\u00e8s de la d\u00e9put\u00e9e Haoua Outman Djam\u00e9 -\",\"isPartOf\":{\"@id\":\"https:\\\/\\\/macite.tg\\\/#website\"},\"primaryImageOfPage\":{\"@id\":\"https:\\\/\\\/macite.tg\\\/?p=29306#primaryimage\"},\"image\":{\"@id\":\"https:\\\/\\\/macite.tg\\\/?p=29306#primaryimage\"},\"thumbnailUrl\":\"https:\\\/\\\/macite.tg\\\/wp-content\\\/uploads\\\/2026\\\/03\\\/image-87.png\",\"datePublished\":\"2026-03-26T15:55:50+00:00\",\"dateModified\":\"2026-03-26T15:55:59+00:00\",\"author\":{\"@id\":\"https:\\\/\\\/macite.tg\\\/#\\\/schema\\\/person\\\/e9f2de7e5dbbe7770a9402c7ce82f5c2\"},\"breadcrumb\":{\"@id\":\"https:\\\/\\\/macite.tg\\\/?p=29306#breadcrumb\"},\"inLanguage\":\"fr-FR\",\"potentialAction\":[{\"@type\":\"ReadAction\",\"target\":[\"https:\\\/\\\/macite.tg\\\/?p=29306\"]}]},{\"@type\":\"ImageObject\",\"inLanguage\":\"fr-FR\",\"@id\":\"https:\\\/\\\/macite.tg\\\/?p=29306#primaryimage\",\"url\":\"https:\\\/\\\/macite.tg\\\/wp-content\\\/uploads\\\/2026\\\/03\\\/image-87.png\",\"contentUrl\":\"https:\\\/\\\/macite.tg\\\/wp-content\\\/uploads\\\/2026\\\/03\\\/image-87.png\",\"width\":534,\"height\":357},{\"@type\":\"BreadcrumbList\",\"@id\":\"https:\\\/\\\/macite.tg\\\/?p=29306#breadcrumb\",\"itemListElement\":[{\"@type\":\"ListItem\",\"position\":1,\"name\":\"Accueil\",\"item\":\"https:\\\/\\\/macite.tg\\\/\"},{\"@type\":\"ListItem\",\"position\":2,\"name\":\"TCHAD : D\u00e9c\u00e8s de la d\u00e9put\u00e9e Haoua Outman Djam\u00e9\"}]},{\"@type\":\"WebSite\",\"@id\":\"https:\\\/\\\/macite.tg\\\/#website\",\"url\":\"https:\\\/\\\/macite.tg\\\/\",\"name\":\"\",\"description\":\"L&#039;information, la bonne!!!\",\"potentialAction\":[{\"@type\":\"SearchAction\",\"target\":{\"@type\":\"EntryPoint\",\"urlTemplate\":\"https:\\\/\\\/macite.tg\\\/?s={search_term_string}\"},\"query-input\":{\"@type\":\"PropertyValueSpecification\",\"valueRequired\":true,\"valueName\":\"search_term_string\"}}],\"inLanguage\":\"fr-FR\"},{\"@type\":\"Person\",\"@id\":\"https:\\\/\\\/macite.tg\\\/#\\\/schema\\\/person\\\/e9f2de7e5dbbe7770a9402c7ce82f5c2\",\"name\":\"Jean Pierre BAWELA\",\"image\":{\"@type\":\"ImageObject\",\"inLanguage\":\"fr-FR\",\"@id\":\"https:\\\/\\\/macite.tg\\\/wp-content\\\/uploads\\\/2023\\\/09\\\/WhatsApp-Image-2023-09-19-at-14.44.41-122x122.jpeg\",\"url\":\"https:\\\/\\\/macite.tg\\\/wp-content\\\/uploads\\\/2023\\\/09\\\/WhatsApp-Image-2023-09-19-at-14.44.41-122x122.jpeg\",\"contentUrl\":\"https:\\\/\\\/macite.tg\\\/wp-content\\\/uploads\\\/2023\\\/09\\\/WhatsApp-Image-2023-09-19-at-14.44.41-122x122.jpeg\",\"caption\":\"Jean Pierre BAWELA\"},\"url\":\"https:\\\/\\\/macite.tg\\\/?author=2\"}]}<\/script>\n<!-- \/ Yoast SEO plugin. -->","yoast_head_json":{"title":"TCHAD : D\u00e9c\u00e8s de la d\u00e9put\u00e9e Haoua Outman Djam\u00e9 -","robots":{"index":"index","follow":"follow","max-snippet":"max-snippet:-1","max-image-preview":"max-image-preview:large","max-video-preview":"max-video-preview:-1"},"canonical":"https:\/\/macite.tg\/?p=29306","og_locale":"fr_FR","og_type":"article","og_title":"TCHAD : D\u00e9c\u00e8s de la d\u00e9put\u00e9e Haoua Outman Djam\u00e9 -","og_description":"La d\u00e9put\u00e9e et figure politique majeure du Tchad, Dr Haoua Outman Djame, a tir\u00e9 sa r\u00e9v\u00e9rence ce 26 mars 2026 \u00e0 Paris, en France, de suite d\u2019une maladie. L\u2019Assembl\u00e9e nationale confirme le d\u00e9c\u00e8s et pr\u00e9sente ses condol\u00e9ances. Dr Haoua Outman Djame, \u00e9lue d\u00e9put\u00e9e \u00e0 l&rsquo;Assembl\u00e9e [&hellip;]","og_url":"https:\/\/macite.tg\/?p=29306","article_published_time":"2026-03-26T15:55:50+00:00","article_modified_time":"2026-03-26T15:55:59+00:00","og_image":[{"width":534,"height":357,"url":"https:\/\/macite.tg\/wp-content\/uploads\/2026\/03\/image-87.png","type":"image\/png"}],"author":"Jean Pierre BAWELA","twitter_card":"summary_large_image","twitter_misc":{"\u00c9crit par":"Jean Pierre BAWELA","Dur\u00e9e de lecture estim\u00e9e":"2 minutes"},"schema":{"@context":"https:\/\/schema.org","@graph":[{"@type":"Article","@id":"https:\/\/macite.tg\/?p=29306#article","isPartOf":{"@id":"https:\/\/macite.tg\/?p=29306"},"author":{"name":"Jean Pierre BAWELA","@id":"https:\/\/macite.tg\/#\/schema\/person\/e9f2de7e5dbbe7770a9402c7ce82f5c2"},"headline":"TCHAD : D\u00e9c\u00e8s de la d\u00e9put\u00e9e Haoua Outman Djam\u00e9","datePublished":"2026-03-26T15:55:50+00:00","dateModified":"2026-03-26T15:55:59+00:00","mainEntityOfPage":{"@id":"https:\/\/macite.tg\/?p=29306"},"wordCount":246,"commentCount":0,"image":{"@id":"https:\/\/macite.tg\/?p=29306#primaryimage"},"thumbnailUrl":"https:\/\/macite.tg\/wp-content\/uploads\/2026\/03\/image-87.png","articleSection":["ACTUALITE","NECROLOGIE"],"inLanguage":"fr-FR","potentialAction":[{"@type":"CommentAction","name":"Comment","target":["https:\/\/macite.tg\/?p=29306#respond"]}]},{"@type":"WebPage","@id":"https:\/\/macite.tg\/?p=29306","url":"https:\/\/macite.tg\/?p=29306","name":"TCHAD : D\u00e9c\u00e8s de la d\u00e9put\u00e9e Haoua Outman Djam\u00e9 -","isPartOf":{"@id":"https:\/\/macite.tg\/#website"},"primaryImageOfPage":{"@id":"https:\/\/macite.tg\/?p=29306#primaryimage"},"image":{"@id":"https:\/\/macite.tg\/?p=29306#primaryimage"},"thumbnailUrl":"https:\/\/macite.tg\/wp-content\/uploads\/2026\/03\/image-87.png","datePublished":"2026-03-26T15:55:50+00:00","dateModified":"2026-03-26T15:55:59+00:00","author":{"@id":"https:\/\/macite.tg\/#\/schema\/person\/e9f2de7e5dbbe7770a9402c7ce82f5c2"},"breadcrumb":{"@id":"https:\/\/macite.tg\/?p=29306#breadcrumb"},"inLanguage":"fr-FR","potentialAction":[{"@type":"ReadAction","target":["https:\/\/macite.tg\/?p=29306"]}]},{"@type":"ImageObject","inLanguage":"fr-FR","@id":"https:\/\/macite.tg\/?p=29306#primaryimage","url":"https:\/\/macite.tg\/wp-content\/uploads\/2026\/03\/image-87.png","contentUrl":"https:\/\/macite.tg\/wp-content\/uploads\/2026\/03\/image-87.png","width":534,"height":357},{"@type":"BreadcrumbList","@id":"https:\/\/macite.tg\/?p=29306#breadcrumb","itemListElement":[{"@type":"ListItem","position":1,"name":"Accueil","item":"https:\/\/macite.tg\/"},{"@type":"ListItem","position":2,"name":"TCHAD : D\u00e9c\u00e8s de la d\u00e9put\u00e9e Haoua Outman Djam\u00e9"}]},{"@type":"WebSite","@id":"https:\/\/macite.tg\/#website","url":"https:\/\/macite.tg\/","name":"","description":"L&#039;information, la bonne!!!","potentialAction":[{"@type":"SearchAction","target":{"@type":"EntryPoint","urlTemplate":"https:\/\/macite.tg\/?s={search_term_string}"},"query-input":{"@type":"PropertyValueSpecification","valueRequired":true,"valueName":"search_term_string"}}],"inLanguage":"fr-FR"},{"@type":"Person","@id":"https:\/\/macite.tg\/#\/schema\/person\/e9f2de7e5dbbe7770a9402c7ce82f5c2","name":"Jean Pierre BAWELA","image":{"@type":"ImageObject","inLanguage":"fr-FR","@id":"https:\/\/macite.tg\/wp-content\/uploads\/2023\/09\/WhatsApp-Image-2023-09-19-at-14.44.41-122x122.jpeg","url":"https:\/\/macite.tg\/wp-content\/uploads\/2023\/09\/WhatsApp-Image-2023-09-19-at-14.44.41-122x122.jpeg","contentUrl":"https:\/\/macite.tg\/wp-content\/uploads\/2023\/09\/WhatsApp-Image-2023-09-19-at-14.44.41-122x122.jpeg","caption":"Jean Pierre BAWELA"},"url":"https:\/\/macite.tg\/?author=2"}]}},"_links":{"self":[{"href":"https:\/\/macite.tg\/index.php?rest_route=\/wp\/v2\/posts\/29306","targetHints":{"allow":["GET"]}}],"collection":[{"href":"https:\/\/macite.tg\/index.php?rest_route=\/wp\/v2\/posts"}],"about":[{"href":"https:\/\/macite.tg\/index.php?rest_route=\/wp\/v2\/types\/post"}],"author":[{"embeddable":true,"href":"https:\/\/macite.tg\/index.php?rest_route=\/wp\/v2\/users\/2"}],"replies":[{"embeddable":true,"href":"https:\/\/macite.tg\/index.php?rest_route=%2Fwp%2Fv2%2Fcomments&post=29306"}],"version-history":[{"count":0,"href":"https:\/\/macite.tg\/index.php?rest_route=\/wp\/v2\/posts\/29306\/revisions"}],"wp:featuredmedia":[{"embeddable":true,"href":"https:\/\/macite.tg\/index.php?rest_route=\/wp\/v2\/media\/29307"}],"wp:attachment":[{"href":"https:\/\/macite.tg\/index.php?rest_route=%2Fwp%2Fv2%2Fmedia&parent=29306"}],"wp:term":[{"taxonomy":"category","embeddable":true,"href":"https:\/\/macite.tg\/index.php?rest_route=%2Fwp%2Fv2%2Fcategories&post=29306"},{"taxonomy":"post_tag","embeddable":true,"href":"https:\/\/macite.tg\/index.php?rest_route=%2Fwp%2Fv2%2Ftags&post=29306"}],"curies":[{"name":"wp","href":"https:\/\/api.w.org\/{rel}","templated":true}]}}