{"id":29303,"date":"2026-03-26T15:48:24","date_gmt":"2026-03-26T15:48:24","guid":{"rendered":"https:\/\/macite.tg\/?p=29303"},"modified":"2026-03-26T15:48:34","modified_gmt":"2026-03-26T15:48:34","slug":"guinee-equatoriale-une-visite-papale-au-prix-fort-pour-les-citoyens","status":"publish","type":"post","link":"https:\/\/macite.tg\/?p=29303","title":{"rendered":"GUINEE EQUATORIALE : Une visite papale au prix fort pour les citoyens"},"content":{"rendered":"\n<p class=\"wp-block-paragraph\"><strong><em>Le souverain pontife a pr\u00e9vu une tourn\u00e9e le mois d\u2019avril prochain en Afrique. \u00c0 l\u2019approche de la venue de L\u00e9on XIV \u00e0 Malabo, pr\u00e9vue pour le 21 avril, l\u2019effervescence diplomatique en Guin\u00e9e \u00e9quatoriale se double d\u2019une pol\u00e9mique sociale grandissante. Pour financer l\u2019accueil du souverain pontife, le r\u00e9gime de Teodoro Obiang Nguema, au pouvoir depuis plus de 46 ans, a mis en place des mesures de mobilisation, qui passent mal aupr\u00e8s de la population.<\/em><\/strong><\/p>\n\n\n\n<p class=\"wp-block-paragraph\"><strong>Un financement sur le dos des fonctionnaires<\/strong><\/p>\n\n\n\n<p class=\"wp-block-paragraph\">Alors que le pays jouit d\u2019une manne p\u00e9troli\u00e8re importante, c\u2019est directement dans la poche des agents publics que l\u2019\u00c9tat est all\u00e9 puiser.<\/p>\n\n\n\n<p class=\"wp-block-paragraph\">En f\u00e9vrier, des retenues sur salaire ont \u00e9t\u00e9 op\u00e9r\u00e9es de mani\u00e8re autoritaire. Entre <strong>20.000 et 55.000 F CFA<\/strong> (30 \u00e0 75 euros) par agent ont \u00e9t\u00e9 ponc\u00e9s. Ce qui repr\u00e9sente environ <strong>20 % du revenu mensuel<\/strong> pour de nombreux fonctionnaires et militaires.<\/p>\n\n\n\n<figure class=\"wp-block-image size-full\"><img loading=\"lazy\" decoding=\"async\" width=\"851\" height=\"315\" src=\"https:\/\/macite.tg\/wp-content\/uploads\/2026\/03\/OTR_Bandeau-Renseignements.jpg\" alt=\"\" class=\"wp-image-29073\" srcset=\"https:\/\/macite.tg\/wp-content\/uploads\/2026\/03\/OTR_Bandeau-Renseignements.jpg 851w, https:\/\/macite.tg\/wp-content\/uploads\/2026\/03\/OTR_Bandeau-Renseignements-300x111.jpg 300w, https:\/\/macite.tg\/wp-content\/uploads\/2026\/03\/OTR_Bandeau-Renseignements-768x284.jpg 768w\" sizes=\"auto, (max-width: 851px) 100vw, 851px\" \/><\/figure>\n\n\n\n<p class=\"wp-block-paragraph\"><strong>\u00c9tudiants : Figuration obligatoire et payante<\/strong><\/p>\n\n\n\n<p class=\"wp-block-paragraph\">La jeunesse n\u2019est pas \u00e9pargn\u00e9e par ce protocole de fer. Une circulaire de l\u2019Universit\u00e9 nationale (UNGE) impose non seulement la pr\u00e9sence des \u00e9tudiants lors du passage du Pape, mais exige aussi le port d\u2019un <strong>uniforme sp\u00e9cifique<\/strong> \u00e0 l\u2019effigie de l\u2019\u00e9v\u00e9nement.<\/p>\n\n\n\n<p class=\"wp-block-paragraph\">Loin d\u2019\u00eatre un cadeau, cette tenue est factur\u00e9e <strong>10.000 F CFA<\/strong> (15 euros) aux \u00e9tudiants, ajoutant une pression financi\u00e8re suppl\u00e9mentaire sur des foyers d\u00e9j\u00e0 pr\u00e9caris\u00e9s.<\/p>\n\n\n\n<p class=\"wp-block-paragraph\"><strong>Le paradoxe de \u00ab\u00a0Dilexi te\u00a0\u00bb<\/strong><\/p>\n\n\n\n<p class=\"wp-block-paragraph\">Cette organisation <em>\u00ab\u00a0\u00e0 la schlague\u00a0\u00bb<\/em> cr\u00e9e un contraste saisissant avec le message de L\u00e9on XIV. Sa premi\u00e8re exhortation apostolique, intitul\u00e9e <strong><em>Dilexi te<\/em><\/strong>, pr\u00f4ne justement la d\u00e9fense des plus pauvres et la justice sociale.<\/p>\n\n\n\n<p class=\"wp-block-paragraph\">Pourtant, dans un pays o\u00f9 la libert\u00e9 d\u2019expression est quasi inexistante, le m\u00e9contentement gronde en sourdine. Il est difficile pour les citoyens de Malabo de boycotter une visite dont ils financent, malgr\u00e9 eux, les apparats.<\/p>\n\n\n\n<p class=\"wp-block-paragraph\">Quid des citoyens des autres ob\u00e9diences&nbsp;? Ils sont tous confondus par la d\u00f4me de fer.<\/p>\n\n\n\n<p class=\"wp-block-paragraph\"><strong>Un p\u00e9riple africain sous haute surveillance<\/strong><\/p>\n\n\n\n<p class=\"wp-block-paragraph\">La Guin\u00e9e \u00e9quatoriale constitue l&rsquo;une des \u00e9tapes cl\u00e9s de la premi\u00e8re grande tourn\u00e9e internationale du Pape, qui passera \u00e9galement par <strong>l&rsquo;Alg\u00e9rie, le Cameroun et l&rsquo;Angola<\/strong>.<\/p>\n\n\n<div class=\"wp-block-image\">\n<figure class=\"aligncenter size-large\"><img loading=\"lazy\" decoding=\"async\" width=\"730\" height=\"1024\" src=\"https:\/\/macite.tg\/wp-content\/uploads\/2026\/03\/communique-NAGODE-730x1024.jpg\" alt=\"\" class=\"wp-image-29106\" srcset=\"https:\/\/macite.tg\/wp-content\/uploads\/2026\/03\/communique-NAGODE-730x1024.jpg 730w, https:\/\/macite.tg\/wp-content\/uploads\/2026\/03\/communique-NAGODE-214x300.jpg 214w, https:\/\/macite.tg\/wp-content\/uploads\/2026\/03\/communique-NAGODE-768x1077.jpg 768w, https:\/\/macite.tg\/wp-content\/uploads\/2026\/03\/communique-NAGODE-1095x1536.jpg 1095w, https:\/\/macite.tg\/wp-content\/uploads\/2026\/03\/communique-NAGODE.jpg 1460w\" sizes=\"auto, (max-width: 730px) 100vw, 730px\" \/><\/figure>\n<\/div>\n\n\n<p class=\"wp-block-paragraph\">\u00c0 Malabo, Mongomo et Bata, le programme se veut pourtant tourner vers les marges de la soci\u00e9t\u00e9 : rencontres avec des travailleurs en sant\u00e9 mentale&nbsp;; visite de centres de formation et de prisons&nbsp;; et recueillement en m\u00e9moire des victimes de l&rsquo;explosion de la caserne de 2021.<\/p>\n\n\n\n<p class=\"wp-block-paragraph\">Entre la charit\u00e9 affich\u00e9e par l&rsquo;\u00c9glise et la rigueur impos\u00e9e par le clan Obiang, la visite de L\u00e9on XIV s&rsquo;annonce comme un exercice d&rsquo;\u00e9quilibriste diplomatique dans l&rsquo;un des r\u00e9gimes les plus ferm\u00e9s du continent.<\/p>\n\n\n\n<p class=\"wp-block-paragraph\"><strong>Mab\u00e9 B.<\/strong><\/p>\n\n\n\n<p class=\"wp-block-paragraph\"><a><strong><em>@macite.tg&nbsp;&nbsp;&nbsp;&nbsp;&nbsp;&nbsp;&nbsp;&nbsp;<\/em><\/strong><\/a><\/p>\n\n\n\n<p class=\"wp-block-paragraph\"><strong><em>E-mail&nbsp;: <\/em><\/strong><a href=\"mailto:maciteinfo@gmail.com\"><strong><em>maciteinfo@gmail.com<\/em><\/strong><\/a><strong><em>; <\/em><\/strong><a href=\"mailto:bawela1@gmail.com\"><strong><em>bawela1@gmail.com<\/em><\/strong><\/a><strong><em> <\/em><\/strong><strong><em><\/em><\/strong><\/p>\n\n\n\n<p class=\"wp-block-paragraph\"><strong><em>Pour vos annonces, (publi)reportages, etc., joignez-nous au (00228)91515309\/<strong>79872224 <\/strong><strong><\/strong><\/em><\/strong><\/p>\n\n\n\n<p class=\"wp-block-paragraph\"><strong><em>www.macite.tg, L\u2019information, la bonne&nbsp;!<\/em><\/strong><\/p>\n","protected":false},"excerpt":{"rendered":"<p class=\"text-justify mb-2\" >Le souverain pontife a pr\u00e9vu une tourn\u00e9e le mois d\u2019avril prochain en Afrique. \u00c0 l\u2019approche de la venue de L\u00e9on XIV \u00e0 Malabo, pr\u00e9vue pour le 21 avril, l\u2019effervescence diplomatique en Guin\u00e9e \u00e9quatoriale se double d\u2019une pol\u00e9mique sociale grandissante. Pour financer l\u2019accueil du souverain pontife, [&hellip;]<\/p>\n","protected":false},"author":2,"featured_media":29304,"comment_status":"open","ping_status":"open","sticky":false,"template":"","format":"standard","meta":{"footnotes":""},"categories":[20,8],"tags":[],"class_list":["post-29303","post","type-post","status-publish","format-standard","has-post-thumbnail","hentry","category-actualite","category-diplomatie"],"yoast_head":"<!-- This site is optimized with the Yoast SEO plugin v28.4 - https:\/\/yoast.com\/product\/yoast-seo-wordpress\/ -->\n<title>GUINEE EQUATORIALE : Une visite papale au prix fort pour les citoyens -<\/title>\n<meta name=\"robots\" content=\"index, follow, max-snippet:-1, max-image-preview:large, max-video-preview:-1\" \/>\n<link rel=\"canonical\" href=\"https:\/\/macite.tg\/?p=29303\" \/>\n<meta property=\"og:locale\" content=\"fr_FR\" \/>\n<meta property=\"og:type\" content=\"article\" \/>\n<meta property=\"og:title\" content=\"GUINEE EQUATORIALE : Une visite papale au prix fort pour les citoyens -\" \/>\n<meta property=\"og:description\" content=\"Le souverain pontife a pr\u00e9vu une tourn\u00e9e le mois d\u2019avril prochain en Afrique. \u00c0 l\u2019approche de la venue de L\u00e9on XIV \u00e0 Malabo, pr\u00e9vue pour le 21 avril, l\u2019effervescence diplomatique en Guin\u00e9e \u00e9quatoriale se double d\u2019une pol\u00e9mique sociale grandissante. Pour financer l\u2019accueil du souverain pontife, [&hellip;]\" \/>\n<meta property=\"og:url\" content=\"https:\/\/macite.tg\/?p=29303\" \/>\n<meta property=\"article:published_time\" content=\"2026-03-26T15:48:24+00:00\" \/>\n<meta property=\"article:modified_time\" content=\"2026-03-26T15:48:34+00:00\" \/>\n<meta property=\"og:image\" content=\"https:\/\/macite.tg\/wp-content\/uploads\/2026\/03\/image-86.png\" \/>\n\t<meta property=\"og:image:width\" content=\"534\" \/>\n\t<meta property=\"og:image:height\" content=\"267\" \/>\n\t<meta property=\"og:image:type\" content=\"image\/png\" \/>\n<meta name=\"author\" content=\"Jean Pierre BAWELA\" \/>\n<meta name=\"twitter:card\" content=\"summary_large_image\" \/>\n<meta name=\"twitter:label1\" content=\"\u00c9crit par\" \/>\n\t<meta name=\"twitter:data1\" content=\"Jean Pierre BAWELA\" \/>\n\t<meta name=\"twitter:label2\" content=\"Dur\u00e9e de lecture estim\u00e9e\" \/>\n\t<meta name=\"twitter:data2\" content=\"3 minutes\" \/>\n<script type=\"application\/ld+json\" class=\"yoast-schema-graph\">{\"@context\":\"https:\\\/\\\/schema.org\",\"@graph\":[{\"@type\":\"Article\",\"@id\":\"https:\\\/\\\/macite.tg\\\/?p=29303#article\",\"isPartOf\":{\"@id\":\"https:\\\/\\\/macite.tg\\\/?p=29303\"},\"author\":{\"name\":\"Jean Pierre BAWELA\",\"@id\":\"https:\\\/\\\/macite.tg\\\/#\\\/schema\\\/person\\\/e9f2de7e5dbbe7770a9402c7ce82f5c2\"},\"headline\":\"GUINEE EQUATORIALE : Une visite papale au prix fort pour les citoyens\",\"datePublished\":\"2026-03-26T15:48:24+00:00\",\"dateModified\":\"2026-03-26T15:48:34+00:00\",\"mainEntityOfPage\":{\"@id\":\"https:\\\/\\\/macite.tg\\\/?p=29303\"},\"wordCount\":516,\"commentCount\":0,\"image\":{\"@id\":\"https:\\\/\\\/macite.tg\\\/?p=29303#primaryimage\"},\"thumbnailUrl\":\"https:\\\/\\\/macite.tg\\\/wp-content\\\/uploads\\\/2026\\\/03\\\/image-86.png\",\"articleSection\":[\"ACTUALITE\",\"DIPLOMATIE\"],\"inLanguage\":\"fr-FR\",\"potentialAction\":[{\"@type\":\"CommentAction\",\"name\":\"Comment\",\"target\":[\"https:\\\/\\\/macite.tg\\\/?p=29303#respond\"]}]},{\"@type\":\"WebPage\",\"@id\":\"https:\\\/\\\/macite.tg\\\/?p=29303\",\"url\":\"https:\\\/\\\/macite.tg\\\/?p=29303\",\"name\":\"GUINEE EQUATORIALE : Une visite papale au prix fort pour les citoyens -\",\"isPartOf\":{\"@id\":\"https:\\\/\\\/macite.tg\\\/#website\"},\"primaryImageOfPage\":{\"@id\":\"https:\\\/\\\/macite.tg\\\/?p=29303#primaryimage\"},\"image\":{\"@id\":\"https:\\\/\\\/macite.tg\\\/?p=29303#primaryimage\"},\"thumbnailUrl\":\"https:\\\/\\\/macite.tg\\\/wp-content\\\/uploads\\\/2026\\\/03\\\/image-86.png\",\"datePublished\":\"2026-03-26T15:48:24+00:00\",\"dateModified\":\"2026-03-26T15:48:34+00:00\",\"author\":{\"@id\":\"https:\\\/\\\/macite.tg\\\/#\\\/schema\\\/person\\\/e9f2de7e5dbbe7770a9402c7ce82f5c2\"},\"breadcrumb\":{\"@id\":\"https:\\\/\\\/macite.tg\\\/?p=29303#breadcrumb\"},\"inLanguage\":\"fr-FR\",\"potentialAction\":[{\"@type\":\"ReadAction\",\"target\":[\"https:\\\/\\\/macite.tg\\\/?p=29303\"]}]},{\"@type\":\"ImageObject\",\"inLanguage\":\"fr-FR\",\"@id\":\"https:\\\/\\\/macite.tg\\\/?p=29303#primaryimage\",\"url\":\"https:\\\/\\\/macite.tg\\\/wp-content\\\/uploads\\\/2026\\\/03\\\/image-86.png\",\"contentUrl\":\"https:\\\/\\\/macite.tg\\\/wp-content\\\/uploads\\\/2026\\\/03\\\/image-86.png\",\"width\":534,\"height\":267},{\"@type\":\"BreadcrumbList\",\"@id\":\"https:\\\/\\\/macite.tg\\\/?p=29303#breadcrumb\",\"itemListElement\":[{\"@type\":\"ListItem\",\"position\":1,\"name\":\"Accueil\",\"item\":\"https:\\\/\\\/macite.tg\\\/\"},{\"@type\":\"ListItem\",\"position\":2,\"name\":\"GUINEE EQUATORIALE : Une visite papale au prix fort pour les citoyens\"}]},{\"@type\":\"WebSite\",\"@id\":\"https:\\\/\\\/macite.tg\\\/#website\",\"url\":\"https:\\\/\\\/macite.tg\\\/\",\"name\":\"\",\"description\":\"L&#039;information, la bonne!!!\",\"potentialAction\":[{\"@type\":\"SearchAction\",\"target\":{\"@type\":\"EntryPoint\",\"urlTemplate\":\"https:\\\/\\\/macite.tg\\\/?s={search_term_string}\"},\"query-input\":{\"@type\":\"PropertyValueSpecification\",\"valueRequired\":true,\"valueName\":\"search_term_string\"}}],\"inLanguage\":\"fr-FR\"},{\"@type\":\"Person\",\"@id\":\"https:\\\/\\\/macite.tg\\\/#\\\/schema\\\/person\\\/e9f2de7e5dbbe7770a9402c7ce82f5c2\",\"name\":\"Jean Pierre BAWELA\",\"image\":{\"@type\":\"ImageObject\",\"inLanguage\":\"fr-FR\",\"@id\":\"https:\\\/\\\/macite.tg\\\/wp-content\\\/uploads\\\/2023\\\/09\\\/WhatsApp-Image-2023-09-19-at-14.44.41-122x122.jpeg\",\"url\":\"https:\\\/\\\/macite.tg\\\/wp-content\\\/uploads\\\/2023\\\/09\\\/WhatsApp-Image-2023-09-19-at-14.44.41-122x122.jpeg\",\"contentUrl\":\"https:\\\/\\\/macite.tg\\\/wp-content\\\/uploads\\\/2023\\\/09\\\/WhatsApp-Image-2023-09-19-at-14.44.41-122x122.jpeg\",\"caption\":\"Jean Pierre BAWELA\"},\"url\":\"https:\\\/\\\/macite.tg\\\/?author=2\"}]}<\/script>\n<!-- \/ Yoast SEO plugin. -->","yoast_head_json":{"title":"GUINEE EQUATORIALE : Une visite papale au prix fort pour les citoyens -","robots":{"index":"index","follow":"follow","max-snippet":"max-snippet:-1","max-image-preview":"max-image-preview:large","max-video-preview":"max-video-preview:-1"},"canonical":"https:\/\/macite.tg\/?p=29303","og_locale":"fr_FR","og_type":"article","og_title":"GUINEE EQUATORIALE : Une visite papale au prix fort pour les citoyens -","og_description":"Le souverain pontife a pr\u00e9vu une tourn\u00e9e le mois d\u2019avril prochain en Afrique. \u00c0 l\u2019approche de la venue de L\u00e9on XIV \u00e0 Malabo, pr\u00e9vue pour le 21 avril, l\u2019effervescence diplomatique en Guin\u00e9e \u00e9quatoriale se double d\u2019une pol\u00e9mique sociale grandissante. Pour financer l\u2019accueil du souverain pontife, [&hellip;]","og_url":"https:\/\/macite.tg\/?p=29303","article_published_time":"2026-03-26T15:48:24+00:00","article_modified_time":"2026-03-26T15:48:34+00:00","og_image":[{"width":534,"height":267,"url":"https:\/\/macite.tg\/wp-content\/uploads\/2026\/03\/image-86.png","type":"image\/png"}],"author":"Jean Pierre BAWELA","twitter_card":"summary_large_image","twitter_misc":{"\u00c9crit par":"Jean Pierre BAWELA","Dur\u00e9e de lecture estim\u00e9e":"3 minutes"},"schema":{"@context":"https:\/\/schema.org","@graph":[{"@type":"Article","@id":"https:\/\/macite.tg\/?p=29303#article","isPartOf":{"@id":"https:\/\/macite.tg\/?p=29303"},"author":{"name":"Jean Pierre BAWELA","@id":"https:\/\/macite.tg\/#\/schema\/person\/e9f2de7e5dbbe7770a9402c7ce82f5c2"},"headline":"GUINEE EQUATORIALE : Une visite papale au prix fort pour les citoyens","datePublished":"2026-03-26T15:48:24+00:00","dateModified":"2026-03-26T15:48:34+00:00","mainEntityOfPage":{"@id":"https:\/\/macite.tg\/?p=29303"},"wordCount":516,"commentCount":0,"image":{"@id":"https:\/\/macite.tg\/?p=29303#primaryimage"},"thumbnailUrl":"https:\/\/macite.tg\/wp-content\/uploads\/2026\/03\/image-86.png","articleSection":["ACTUALITE","DIPLOMATIE"],"inLanguage":"fr-FR","potentialAction":[{"@type":"CommentAction","name":"Comment","target":["https:\/\/macite.tg\/?p=29303#respond"]}]},{"@type":"WebPage","@id":"https:\/\/macite.tg\/?p=29303","url":"https:\/\/macite.tg\/?p=29303","name":"GUINEE EQUATORIALE : Une visite papale au prix fort pour les citoyens -","isPartOf":{"@id":"https:\/\/macite.tg\/#website"},"primaryImageOfPage":{"@id":"https:\/\/macite.tg\/?p=29303#primaryimage"},"image":{"@id":"https:\/\/macite.tg\/?p=29303#primaryimage"},"thumbnailUrl":"https:\/\/macite.tg\/wp-content\/uploads\/2026\/03\/image-86.png","datePublished":"2026-03-26T15:48:24+00:00","dateModified":"2026-03-26T15:48:34+00:00","author":{"@id":"https:\/\/macite.tg\/#\/schema\/person\/e9f2de7e5dbbe7770a9402c7ce82f5c2"},"breadcrumb":{"@id":"https:\/\/macite.tg\/?p=29303#breadcrumb"},"inLanguage":"fr-FR","potentialAction":[{"@type":"ReadAction","target":["https:\/\/macite.tg\/?p=29303"]}]},{"@type":"ImageObject","inLanguage":"fr-FR","@id":"https:\/\/macite.tg\/?p=29303#primaryimage","url":"https:\/\/macite.tg\/wp-content\/uploads\/2026\/03\/image-86.png","contentUrl":"https:\/\/macite.tg\/wp-content\/uploads\/2026\/03\/image-86.png","width":534,"height":267},{"@type":"BreadcrumbList","@id":"https:\/\/macite.tg\/?p=29303#breadcrumb","itemListElement":[{"@type":"ListItem","position":1,"name":"Accueil","item":"https:\/\/macite.tg\/"},{"@type":"ListItem","position":2,"name":"GUINEE EQUATORIALE : Une visite papale au prix fort pour les citoyens"}]},{"@type":"WebSite","@id":"https:\/\/macite.tg\/#website","url":"https:\/\/macite.tg\/","name":"","description":"L&#039;information, la bonne!!!","potentialAction":[{"@type":"SearchAction","target":{"@type":"EntryPoint","urlTemplate":"https:\/\/macite.tg\/?s={search_term_string}"},"query-input":{"@type":"PropertyValueSpecification","valueRequired":true,"valueName":"search_term_string"}}],"inLanguage":"fr-FR"},{"@type":"Person","@id":"https:\/\/macite.tg\/#\/schema\/person\/e9f2de7e5dbbe7770a9402c7ce82f5c2","name":"Jean Pierre BAWELA","image":{"@type":"ImageObject","inLanguage":"fr-FR","@id":"https:\/\/macite.tg\/wp-content\/uploads\/2023\/09\/WhatsApp-Image-2023-09-19-at-14.44.41-122x122.jpeg","url":"https:\/\/macite.tg\/wp-content\/uploads\/2023\/09\/WhatsApp-Image-2023-09-19-at-14.44.41-122x122.jpeg","contentUrl":"https:\/\/macite.tg\/wp-content\/uploads\/2023\/09\/WhatsApp-Image-2023-09-19-at-14.44.41-122x122.jpeg","caption":"Jean Pierre BAWELA"},"url":"https:\/\/macite.tg\/?author=2"}]}},"_links":{"self":[{"href":"https:\/\/macite.tg\/index.php?rest_route=\/wp\/v2\/posts\/29303","targetHints":{"allow":["GET"]}}],"collection":[{"href":"https:\/\/macite.tg\/index.php?rest_route=\/wp\/v2\/posts"}],"about":[{"href":"https:\/\/macite.tg\/index.php?rest_route=\/wp\/v2\/types\/post"}],"author":[{"embeddable":true,"href":"https:\/\/macite.tg\/index.php?rest_route=\/wp\/v2\/users\/2"}],"replies":[{"embeddable":true,"href":"https:\/\/macite.tg\/index.php?rest_route=%2Fwp%2Fv2%2Fcomments&post=29303"}],"version-history":[{"count":0,"href":"https:\/\/macite.tg\/index.php?rest_route=\/wp\/v2\/posts\/29303\/revisions"}],"wp:featuredmedia":[{"embeddable":true,"href":"https:\/\/macite.tg\/index.php?rest_route=\/wp\/v2\/media\/29304"}],"wp:attachment":[{"href":"https:\/\/macite.tg\/index.php?rest_route=%2Fwp%2Fv2%2Fmedia&parent=29303"}],"wp:term":[{"taxonomy":"category","embeddable":true,"href":"https:\/\/macite.tg\/index.php?rest_route=%2Fwp%2Fv2%2Fcategories&post=29303"},{"taxonomy":"post_tag","embeddable":true,"href":"https:\/\/macite.tg\/index.php?rest_route=%2Fwp%2Fv2%2Ftags&post=29303"}],"curies":[{"name":"wp","href":"https:\/\/api.w.org\/{rel}","templated":true}]}}