{"id":29293,"date":"2026-03-26T14:15:36","date_gmt":"2026-03-26T14:15:36","guid":{"rendered":"https:\/\/macite.tg\/?p=29293"},"modified":"2026-03-26T14:15:48","modified_gmt":"2026-03-26T14:15:48","slug":"dominique-aliziou-fondateur-du-journal-chronique-de-la-semaine-6-ans-deja","status":"publish","type":"post","link":"https:\/\/macite.tg\/?p=29293","title":{"rendered":"DOMINIQUE ALIZIOU, FONDATEUR DU JOURNAL CHRONIQUE DE LA SEMAINE\u00a0: \u20266 ans d\u00e9j\u00e0 !"},"content":{"rendered":"\n<p class=\"wp-block-paragraph\"><strong><em>Souvenez-vous dans vos pri\u00e8res de feu Dominique Essodina Koffi Alziou, Directeur\u00a0de publication et promoteur du Journal \u2018\u2019\u2019Chronique de la Semaine\u2019, d\u00e9c\u00e9d\u00e9 le 27 mars 2020 des suites d\u2019une courte maladie.<\/em><\/strong><\/p>\n\n\n\n<p class=\"wp-block-paragraph\"><em>\u00ab Ainsi, parle le Seigneur Dieu : Je vais ouvrir vos tombeaux et je vous en ferai remonter,<\/em><\/p>\n\n\n\n<p class=\"wp-block-paragraph\"><em>\u00d4 mon peuple, et je vous ram\u00e8nerai sur la terre d\u2019Isra\u00ebl.&nbsp;<\/em><\/p>\n\n\n\n<p class=\"wp-block-paragraph\"><em>Vous saurez que Je suis le Seigneur,<\/em><\/p>\n\n\n\n<p class=\"wp-block-paragraph\"><em>Quand j\u2019ouvrirai vos tombeaux et vous en ferai remonter,<\/em><\/p>\n\n\n\n<p class=\"wp-block-paragraph\"><em>\u00d4 mon peuple !&nbsp; Je mettrai en vous mon esprit, et vous vivrez \u00bb,<\/em> proph\u00e8te \u00c9z\u00e9kiel.<\/p>\n\n\n\n<figure class=\"wp-block-image size-full\"><img loading=\"lazy\" decoding=\"async\" width=\"851\" height=\"315\" src=\"https:\/\/macite.tg\/wp-content\/uploads\/2026\/03\/OTR_Ferer-pour-batir-1.jpg\" alt=\"\" class=\"wp-image-28714\" srcset=\"https:\/\/macite.tg\/wp-content\/uploads\/2026\/03\/OTR_Ferer-pour-batir-1.jpg 851w, https:\/\/macite.tg\/wp-content\/uploads\/2026\/03\/OTR_Ferer-pour-batir-1-300x111.jpg 300w, https:\/\/macite.tg\/wp-content\/uploads\/2026\/03\/OTR_Ferer-pour-batir-1-768x284.jpg 768w\" sizes=\"auto, (max-width: 851px) 100vw, 851px\" \/><\/figure>\n\n\n\n<p class=\"wp-block-paragraph\">Six ans apr\u00e8s ton retour au P\u00e8re, nous, ta famille biologique et professionnelle, continuons avec foi \u00e0 prier le Dieu Tout-Puissant, qui a ressuscit\u00e9 Jesus Christ, pour le repos \u00e9ternel de ton \u00e2me.<\/p>\n\n\n\n<p class=\"wp-block-paragraph\"><em>\u00ab Car c\u2019est pr\u00e8s de lui est l\u2019amour, pr\u00e8s de lui abonde le rachat. (Ps 129, 7bc). Des profondeurs je crie vers toi, Seigneur, Seigneur, \u00e9coute mon appel !<\/em><\/p>\n\n\n\n<p class=\"wp-block-paragraph\"><em>Que ton oreille se fasse attentive au cri de ma pri\u00e8re !<\/em><\/p>\n\n\n\n<p class=\"wp-block-paragraph\"><em>Si tu retiens les fautes, Seigneur, Seigneur, qui subsistera ?<\/em><\/p>\n\n\n\n<p class=\"wp-block-paragraph\"><em>Mais pr\u00e8s de toi se trouve le pardon pour que l\u2019homme te craigne.<\/em><\/p>\n\n\n\n<p class=\"wp-block-paragraph\"><em>J\u2019esp\u00e8re le Seigneur de toute mon \u00e2me ; je l\u2019esp\u00e8re, et j\u2019attends sa parole.<\/em><\/p>\n\n\n\n<p class=\"wp-block-paragraph\"><em>Mon \u00e2me attend le Seigneur plus qu\u2019un veilleur ne guette l\u2019aurore.<\/em><\/p>\n\n\n\n<p class=\"wp-block-paragraph\"><em>Oui, pr\u00e8s du Seigneur, est l\u2019amour, pr\u00e8s de lui, abonde le rachat. C\u2019est lui qui rach\u00e8tera Isra\u00ebl de toutes ses fautes \u00bb, <\/em>(Ps 129 (130), 1-2, 3-4, 5-6ab, 7bc-8).<\/p>\n\n\n\n<p class=\"wp-block-paragraph\"><em>\u00ab Moi, je suis la r\u00e9surrection et la vie, dit le Seigneur. Celui qui croit en moi ne mourra jamais<\/em> \u00bb.<\/p>\n\n\n\n<p class=\"wp-block-paragraph\">Tu as cru en ton cr\u00e9ateur, l\u2019\u00c9ternel et en ton sauveur, J\u00e9sus-Christ. Nous avons confiance que tu es entr\u00e9, par la mis\u00e9ricorde de Dieu, dans le royaume c\u00e9leste puisque Jesus d\u00e9clare : <em>\u00ab Moi, je suis la r\u00e9surrection et la vie. Celui qui croit en moi, m\u00eame s\u2019il meurt, vivra ; quiconque vit et croit en moi ne mourra jamais \u00bb,<\/em> (cf. Jn 11, 25 &#8211; 26).<\/p>\n\n\n\n<figure class=\"wp-block-image size-full\"><img loading=\"lazy\" decoding=\"async\" width=\"851\" height=\"315\" src=\"https:\/\/macite.tg\/wp-content\/uploads\/2026\/03\/OTR_Bandeau-Renseignements.jpg\" alt=\"\" class=\"wp-image-29073\" srcset=\"https:\/\/macite.tg\/wp-content\/uploads\/2026\/03\/OTR_Bandeau-Renseignements.jpg 851w, https:\/\/macite.tg\/wp-content\/uploads\/2026\/03\/OTR_Bandeau-Renseignements-300x111.jpg 300w, https:\/\/macite.tg\/wp-content\/uploads\/2026\/03\/OTR_Bandeau-Renseignements-768x284.jpg 768w\" sizes=\"auto, (max-width: 851px) 100vw, 851px\" \/><\/figure>\n\n\n\n<p class=\"wp-block-paragraph\"><em>\u00ab Mais si le Christ est en vous, le corps, il est vrai, reste marqu\u00e9 par la mort \u00e0 cause du p\u00e9ch\u00e9, mais l\u2019Esprit vous fait vivre, puisque vous \u00eates devenus des justes. Et si l\u2019Esprit de celui qui a ressuscit\u00e9 J\u00e9sus d\u2019entre les morts habite en vous, celui qui a ressuscit\u00e9 J\u00e9sus, le Christ, d\u2019entre les morts donnera aussi la vie \u00e0 vos corps mortels par son Esprit qui habite en vous \u00bb,<\/em> (Rm 8, 10-11).<\/p>\n\n\n\n<p class=\"wp-block-paragraph\"><strong>La R\u00e9daction (In CHRONIQUE DE LA SEMAINE n\u00b0756 du 26 Mars 2026)<\/strong><\/p>\n\n\n\n<p class=\"wp-block-paragraph\"><a><strong><em>@macite.tg&nbsp;&nbsp;&nbsp;&nbsp;&nbsp;&nbsp;&nbsp;&nbsp;<\/em><\/strong><\/a><\/p>\n\n\n\n<p class=\"wp-block-paragraph\"><strong><em>E-mail&nbsp;: <\/em><\/strong><a href=\"mailto:maciteinfo@gmail.com\"><strong><em>maciteinfo@gmail.com<\/em><\/strong><\/a><strong><em>; <\/em><\/strong><a href=\"mailto:bawela1@gmail.com\"><strong><em>bawela1@gmail.com<\/em><\/strong><\/a><strong><em><\/em><\/strong><\/p>\n\n\n\n<p class=\"wp-block-paragraph\"><strong><em>Pour vos annonces, (publi)reportages, etc., joignez-nous au (00228)91515309\/<strong>79872224 <\/strong><strong><\/strong><\/em><\/strong><\/p>\n\n\n\n<p class=\"wp-block-paragraph\"><strong><em>www.macite.tg, L\u2019information, la bonne&nbsp;!<\/em><\/strong><\/p>\n","protected":false},"excerpt":{"rendered":"<p class=\"text-justify mb-2\" >Souvenez-vous dans vos pri\u00e8res de feu Dominique Essodina Koffi Alziou, Directeur\u00a0de publication et promoteur du Journal \u2018\u2019\u2019Chronique de la Semaine\u2019, d\u00e9c\u00e9d\u00e9 le 27 mars 2020 des suites d\u2019une courte maladie. \u00ab Ainsi, parle le Seigneur Dieu : Je vais ouvrir vos tombeaux et je vous [&hellip;]<\/p>\n","protected":false},"author":2,"featured_media":29295,"comment_status":"open","ping_status":"open","sticky":false,"template":"","format":"standard","meta":{"footnotes":""},"categories":[20,62],"tags":[],"class_list":["post-29293","post","type-post","status-publish","format-standard","has-post-thumbnail","hentry","category-actualite","category-hommage"],"yoast_head":"<!-- This site is optimized with the Yoast SEO plugin v28.4 - https:\/\/yoast.com\/product\/yoast-seo-wordpress\/ -->\n<title>DOMINIQUE ALIZIOU, FONDATEUR DU JOURNAL CHRONIQUE DE LA SEMAINE\u00a0: \u20266 ans d\u00e9j\u00e0 ! -<\/title>\n<meta name=\"robots\" content=\"index, follow, max-snippet:-1, max-image-preview:large, max-video-preview:-1\" \/>\n<link rel=\"canonical\" href=\"https:\/\/macite.tg\/?p=29293\" \/>\n<meta property=\"og:locale\" content=\"fr_FR\" \/>\n<meta property=\"og:type\" content=\"article\" \/>\n<meta property=\"og:title\" content=\"DOMINIQUE ALIZIOU, FONDATEUR DU JOURNAL CHRONIQUE DE LA SEMAINE\u00a0: \u20266 ans d\u00e9j\u00e0 ! -\" \/>\n<meta property=\"og:description\" content=\"Souvenez-vous dans vos pri\u00e8res de feu Dominique Essodina Koffi Alziou, Directeur\u00a0de publication et promoteur du Journal \u2018\u2019\u2019Chronique de la Semaine\u2019, d\u00e9c\u00e9d\u00e9 le 27 mars 2020 des suites d\u2019une courte maladie. \u00ab Ainsi, parle le Seigneur Dieu : Je vais ouvrir vos tombeaux et je vous [&hellip;]\" \/>\n<meta property=\"og:url\" content=\"https:\/\/macite.tg\/?p=29293\" \/>\n<meta property=\"article:published_time\" content=\"2026-03-26T14:15:36+00:00\" \/>\n<meta property=\"article:modified_time\" content=\"2026-03-26T14:15:48+00:00\" \/>\n<meta property=\"og:image\" content=\"https:\/\/macite.tg\/wp-content\/uploads\/2026\/03\/image-84.png\" \/>\n\t<meta property=\"og:image:width\" content=\"202\" \/>\n\t<meta property=\"og:image:height\" content=\"234\" \/>\n\t<meta property=\"og:image:type\" content=\"image\/png\" \/>\n<meta name=\"author\" content=\"Jean Pierre BAWELA\" \/>\n<meta name=\"twitter:card\" content=\"summary_large_image\" \/>\n<meta name=\"twitter:label1\" content=\"\u00c9crit par\" \/>\n\t<meta name=\"twitter:data1\" content=\"Jean Pierre BAWELA\" \/>\n\t<meta name=\"twitter:label2\" content=\"Dur\u00e9e de lecture estim\u00e9e\" \/>\n\t<meta name=\"twitter:data2\" content=\"3 minutes\" \/>\n<script type=\"application\/ld+json\" class=\"yoast-schema-graph\">{\"@context\":\"https:\\\/\\\/schema.org\",\"@graph\":[{\"@type\":\"Article\",\"@id\":\"https:\\\/\\\/macite.tg\\\/?p=29293#article\",\"isPartOf\":{\"@id\":\"https:\\\/\\\/macite.tg\\\/?p=29293\"},\"author\":{\"name\":\"Jean Pierre BAWELA\",\"@id\":\"https:\\\/\\\/macite.tg\\\/#\\\/schema\\\/person\\\/e9f2de7e5dbbe7770a9402c7ce82f5c2\"},\"headline\":\"DOMINIQUE ALIZIOU, FONDATEUR DU JOURNAL CHRONIQUE DE LA SEMAINE\u00a0: \u20266 ans d\u00e9j\u00e0 !\",\"datePublished\":\"2026-03-26T14:15:36+00:00\",\"dateModified\":\"2026-03-26T14:15:48+00:00\",\"mainEntityOfPage\":{\"@id\":\"https:\\\/\\\/macite.tg\\\/?p=29293\"},\"wordCount\":485,\"commentCount\":0,\"image\":{\"@id\":\"https:\\\/\\\/macite.tg\\\/?p=29293#primaryimage\"},\"thumbnailUrl\":\"https:\\\/\\\/macite.tg\\\/wp-content\\\/uploads\\\/2026\\\/03\\\/image-84.png\",\"articleSection\":[\"ACTUALITE\",\"HOMMAGE\"],\"inLanguage\":\"fr-FR\",\"potentialAction\":[{\"@type\":\"CommentAction\",\"name\":\"Comment\",\"target\":[\"https:\\\/\\\/macite.tg\\\/?p=29293#respond\"]}]},{\"@type\":\"WebPage\",\"@id\":\"https:\\\/\\\/macite.tg\\\/?p=29293\",\"url\":\"https:\\\/\\\/macite.tg\\\/?p=29293\",\"name\":\"DOMINIQUE ALIZIOU, FONDATEUR DU JOURNAL CHRONIQUE DE LA SEMAINE\u00a0: \u20266 ans d\u00e9j\u00e0 ! -\",\"isPartOf\":{\"@id\":\"https:\\\/\\\/macite.tg\\\/#website\"},\"primaryImageOfPage\":{\"@id\":\"https:\\\/\\\/macite.tg\\\/?p=29293#primaryimage\"},\"image\":{\"@id\":\"https:\\\/\\\/macite.tg\\\/?p=29293#primaryimage\"},\"thumbnailUrl\":\"https:\\\/\\\/macite.tg\\\/wp-content\\\/uploads\\\/2026\\\/03\\\/image-84.png\",\"datePublished\":\"2026-03-26T14:15:36+00:00\",\"dateModified\":\"2026-03-26T14:15:48+00:00\",\"author\":{\"@id\":\"https:\\\/\\\/macite.tg\\\/#\\\/schema\\\/person\\\/e9f2de7e5dbbe7770a9402c7ce82f5c2\"},\"breadcrumb\":{\"@id\":\"https:\\\/\\\/macite.tg\\\/?p=29293#breadcrumb\"},\"inLanguage\":\"fr-FR\",\"potentialAction\":[{\"@type\":\"ReadAction\",\"target\":[\"https:\\\/\\\/macite.tg\\\/?p=29293\"]}]},{\"@type\":\"ImageObject\",\"inLanguage\":\"fr-FR\",\"@id\":\"https:\\\/\\\/macite.tg\\\/?p=29293#primaryimage\",\"url\":\"https:\\\/\\\/macite.tg\\\/wp-content\\\/uploads\\\/2026\\\/03\\\/image-84.png\",\"contentUrl\":\"https:\\\/\\\/macite.tg\\\/wp-content\\\/uploads\\\/2026\\\/03\\\/image-84.png\",\"width\":202,\"height\":234,\"caption\":\"Feu Dominique ALIZIOU\"},{\"@type\":\"BreadcrumbList\",\"@id\":\"https:\\\/\\\/macite.tg\\\/?p=29293#breadcrumb\",\"itemListElement\":[{\"@type\":\"ListItem\",\"position\":1,\"name\":\"Accueil\",\"item\":\"https:\\\/\\\/macite.tg\\\/\"},{\"@type\":\"ListItem\",\"position\":2,\"name\":\"DOMINIQUE ALIZIOU, FONDATEUR DU JOURNAL CHRONIQUE DE LA SEMAINE\u00a0: \u20266 ans d\u00e9j\u00e0 !\"}]},{\"@type\":\"WebSite\",\"@id\":\"https:\\\/\\\/macite.tg\\\/#website\",\"url\":\"https:\\\/\\\/macite.tg\\\/\",\"name\":\"\",\"description\":\"L&#039;information, la bonne!!!\",\"potentialAction\":[{\"@type\":\"SearchAction\",\"target\":{\"@type\":\"EntryPoint\",\"urlTemplate\":\"https:\\\/\\\/macite.tg\\\/?s={search_term_string}\"},\"query-input\":{\"@type\":\"PropertyValueSpecification\",\"valueRequired\":true,\"valueName\":\"search_term_string\"}}],\"inLanguage\":\"fr-FR\"},{\"@type\":\"Person\",\"@id\":\"https:\\\/\\\/macite.tg\\\/#\\\/schema\\\/person\\\/e9f2de7e5dbbe7770a9402c7ce82f5c2\",\"name\":\"Jean Pierre BAWELA\",\"image\":{\"@type\":\"ImageObject\",\"inLanguage\":\"fr-FR\",\"@id\":\"https:\\\/\\\/macite.tg\\\/wp-content\\\/uploads\\\/2023\\\/09\\\/WhatsApp-Image-2023-09-19-at-14.44.41-122x122.jpeg\",\"url\":\"https:\\\/\\\/macite.tg\\\/wp-content\\\/uploads\\\/2023\\\/09\\\/WhatsApp-Image-2023-09-19-at-14.44.41-122x122.jpeg\",\"contentUrl\":\"https:\\\/\\\/macite.tg\\\/wp-content\\\/uploads\\\/2023\\\/09\\\/WhatsApp-Image-2023-09-19-at-14.44.41-122x122.jpeg\",\"caption\":\"Jean Pierre BAWELA\"},\"url\":\"https:\\\/\\\/macite.tg\\\/?author=2\"}]}<\/script>\n<!-- \/ Yoast SEO plugin. -->","yoast_head_json":{"title":"DOMINIQUE ALIZIOU, FONDATEUR DU JOURNAL CHRONIQUE DE LA SEMAINE\u00a0: \u20266 ans d\u00e9j\u00e0 ! -","robots":{"index":"index","follow":"follow","max-snippet":"max-snippet:-1","max-image-preview":"max-image-preview:large","max-video-preview":"max-video-preview:-1"},"canonical":"https:\/\/macite.tg\/?p=29293","og_locale":"fr_FR","og_type":"article","og_title":"DOMINIQUE ALIZIOU, FONDATEUR DU JOURNAL CHRONIQUE DE LA SEMAINE\u00a0: \u20266 ans d\u00e9j\u00e0 ! -","og_description":"Souvenez-vous dans vos pri\u00e8res de feu Dominique Essodina Koffi Alziou, Directeur\u00a0de publication et promoteur du Journal \u2018\u2019\u2019Chronique de la Semaine\u2019, d\u00e9c\u00e9d\u00e9 le 27 mars 2020 des suites d\u2019une courte maladie. \u00ab Ainsi, parle le Seigneur Dieu : Je vais ouvrir vos tombeaux et je vous [&hellip;]","og_url":"https:\/\/macite.tg\/?p=29293","article_published_time":"2026-03-26T14:15:36+00:00","article_modified_time":"2026-03-26T14:15:48+00:00","og_image":[{"width":202,"height":234,"url":"https:\/\/macite.tg\/wp-content\/uploads\/2026\/03\/image-84.png","type":"image\/png"}],"author":"Jean Pierre BAWELA","twitter_card":"summary_large_image","twitter_misc":{"\u00c9crit par":"Jean Pierre BAWELA","Dur\u00e9e de lecture estim\u00e9e":"3 minutes"},"schema":{"@context":"https:\/\/schema.org","@graph":[{"@type":"Article","@id":"https:\/\/macite.tg\/?p=29293#article","isPartOf":{"@id":"https:\/\/macite.tg\/?p=29293"},"author":{"name":"Jean Pierre BAWELA","@id":"https:\/\/macite.tg\/#\/schema\/person\/e9f2de7e5dbbe7770a9402c7ce82f5c2"},"headline":"DOMINIQUE ALIZIOU, FONDATEUR DU JOURNAL CHRONIQUE DE LA SEMAINE\u00a0: \u20266 ans d\u00e9j\u00e0 !","datePublished":"2026-03-26T14:15:36+00:00","dateModified":"2026-03-26T14:15:48+00:00","mainEntityOfPage":{"@id":"https:\/\/macite.tg\/?p=29293"},"wordCount":485,"commentCount":0,"image":{"@id":"https:\/\/macite.tg\/?p=29293#primaryimage"},"thumbnailUrl":"https:\/\/macite.tg\/wp-content\/uploads\/2026\/03\/image-84.png","articleSection":["ACTUALITE","HOMMAGE"],"inLanguage":"fr-FR","potentialAction":[{"@type":"CommentAction","name":"Comment","target":["https:\/\/macite.tg\/?p=29293#respond"]}]},{"@type":"WebPage","@id":"https:\/\/macite.tg\/?p=29293","url":"https:\/\/macite.tg\/?p=29293","name":"DOMINIQUE ALIZIOU, FONDATEUR DU JOURNAL CHRONIQUE DE LA SEMAINE\u00a0: \u20266 ans d\u00e9j\u00e0 ! -","isPartOf":{"@id":"https:\/\/macite.tg\/#website"},"primaryImageOfPage":{"@id":"https:\/\/macite.tg\/?p=29293#primaryimage"},"image":{"@id":"https:\/\/macite.tg\/?p=29293#primaryimage"},"thumbnailUrl":"https:\/\/macite.tg\/wp-content\/uploads\/2026\/03\/image-84.png","datePublished":"2026-03-26T14:15:36+00:00","dateModified":"2026-03-26T14:15:48+00:00","author":{"@id":"https:\/\/macite.tg\/#\/schema\/person\/e9f2de7e5dbbe7770a9402c7ce82f5c2"},"breadcrumb":{"@id":"https:\/\/macite.tg\/?p=29293#breadcrumb"},"inLanguage":"fr-FR","potentialAction":[{"@type":"ReadAction","target":["https:\/\/macite.tg\/?p=29293"]}]},{"@type":"ImageObject","inLanguage":"fr-FR","@id":"https:\/\/macite.tg\/?p=29293#primaryimage","url":"https:\/\/macite.tg\/wp-content\/uploads\/2026\/03\/image-84.png","contentUrl":"https:\/\/macite.tg\/wp-content\/uploads\/2026\/03\/image-84.png","width":202,"height":234,"caption":"Feu Dominique ALIZIOU"},{"@type":"BreadcrumbList","@id":"https:\/\/macite.tg\/?p=29293#breadcrumb","itemListElement":[{"@type":"ListItem","position":1,"name":"Accueil","item":"https:\/\/macite.tg\/"},{"@type":"ListItem","position":2,"name":"DOMINIQUE ALIZIOU, FONDATEUR DU JOURNAL CHRONIQUE DE LA SEMAINE\u00a0: \u20266 ans d\u00e9j\u00e0 !"}]},{"@type":"WebSite","@id":"https:\/\/macite.tg\/#website","url":"https:\/\/macite.tg\/","name":"","description":"L&#039;information, la bonne!!!","potentialAction":[{"@type":"SearchAction","target":{"@type":"EntryPoint","urlTemplate":"https:\/\/macite.tg\/?s={search_term_string}"},"query-input":{"@type":"PropertyValueSpecification","valueRequired":true,"valueName":"search_term_string"}}],"inLanguage":"fr-FR"},{"@type":"Person","@id":"https:\/\/macite.tg\/#\/schema\/person\/e9f2de7e5dbbe7770a9402c7ce82f5c2","name":"Jean Pierre BAWELA","image":{"@type":"ImageObject","inLanguage":"fr-FR","@id":"https:\/\/macite.tg\/wp-content\/uploads\/2023\/09\/WhatsApp-Image-2023-09-19-at-14.44.41-122x122.jpeg","url":"https:\/\/macite.tg\/wp-content\/uploads\/2023\/09\/WhatsApp-Image-2023-09-19-at-14.44.41-122x122.jpeg","contentUrl":"https:\/\/macite.tg\/wp-content\/uploads\/2023\/09\/WhatsApp-Image-2023-09-19-at-14.44.41-122x122.jpeg","caption":"Jean Pierre BAWELA"},"url":"https:\/\/macite.tg\/?author=2"}]}},"_links":{"self":[{"href":"https:\/\/macite.tg\/index.php?rest_route=\/wp\/v2\/posts\/29293","targetHints":{"allow":["GET"]}}],"collection":[{"href":"https:\/\/macite.tg\/index.php?rest_route=\/wp\/v2\/posts"}],"about":[{"href":"https:\/\/macite.tg\/index.php?rest_route=\/wp\/v2\/types\/post"}],"author":[{"embeddable":true,"href":"https:\/\/macite.tg\/index.php?rest_route=\/wp\/v2\/users\/2"}],"replies":[{"embeddable":true,"href":"https:\/\/macite.tg\/index.php?rest_route=%2Fwp%2Fv2%2Fcomments&post=29293"}],"version-history":[{"count":0,"href":"https:\/\/macite.tg\/index.php?rest_route=\/wp\/v2\/posts\/29293\/revisions"}],"wp:featuredmedia":[{"embeddable":true,"href":"https:\/\/macite.tg\/index.php?rest_route=\/wp\/v2\/media\/29295"}],"wp:attachment":[{"href":"https:\/\/macite.tg\/index.php?rest_route=%2Fwp%2Fv2%2Fmedia&parent=29293"}],"wp:term":[{"taxonomy":"category","embeddable":true,"href":"https:\/\/macite.tg\/index.php?rest_route=%2Fwp%2Fv2%2Fcategories&post=29293"},{"taxonomy":"post_tag","embeddable":true,"href":"https:\/\/macite.tg\/index.php?rest_route=%2Fwp%2Fv2%2Ftags&post=29293"}],"curies":[{"name":"wp","href":"https:\/\/api.w.org\/{rel}","templated":true}]}}