{"id":29290,"date":"2026-03-26T10:02:00","date_gmt":"2026-03-26T10:02:00","guid":{"rendered":"https:\/\/macite.tg\/?p=29290"},"modified":"2026-03-26T10:02:09","modified_gmt":"2026-03-26T10:02:09","slug":"cooperation-le-president-de-lassemblee-nationale-a-echange-avec-lambassadeur-du-senegal-au-togo","status":"publish","type":"post","link":"https:\/\/macite.tg\/?p=29290","title":{"rendered":"COOPERATION : Le Pr\u00e9sident de l\u2019Assembl\u00e9e nationale a \u00e9chang\u00e9 avec l\u2019Ambassadeur du S\u00e9n\u00e9gal au Togo"},"content":{"rendered":"\n<p class=\"wp-block-paragraph\"><em><strong>Le Pr\u00e9sident de l\u2019Assembl\u00e9e nationale, le Professeur Komi Selom Klassou, a re\u00e7u en audience, hier mercredi 25 mars 2026, S.E.M. Mamadou Moustapha Loum, ambassadeur de la R\u00e9publique du S\u00e9n\u00e9gal pr\u00e8s le Togo, au palais de la repr\u00e9sentation nationale.<\/strong><\/em><\/p>\n\n\n\n<p class=\"wp-block-paragraph\">Au cours des \u00e9changes, l\u2019ambassadeur du S\u00e9n\u00e9gal a indiqu\u00e9 que sa d\u00e9marche s\u2019inscrivait dans une volont\u00e9 de raffermir les liens de coop\u00e9ration et de convivialit\u00e9 institutionnelle, \u00e0 travers une visite de courtoisie aupr\u00e8s du pr\u00e9sident de l\u2019Assembl\u00e9e nationale. Il a, \u00e0 cet effet, exprim\u00e9 toute l\u2019amiti\u00e9 et la fraternit\u00e9 du peuple s\u00e9n\u00e9galais \u00e0 l\u2019endroit du peuple togolais.<\/p>\n\n\n\n<p class=\"wp-block-paragraph\"><em>\u00ab L&rsquo;occasion a \u00e9t\u00e9 saisie pour discuter de la coop\u00e9ration parlementaire, de la coop\u00e9ration bilat\u00e9rale entre le S\u00e9n\u00e9gal et le Togo, qui est une coop\u00e9ration tr\u00e8s ancienne. Le S\u00e9n\u00e9gal et le Togo, depuis les ind\u00e9pendances, ont toujours entretenu d&rsquo;excellentes relations au plan bilat\u00e9ral mais aussi au niveau des instances internationales \u00bb,<\/em> a soulign\u00e9 le diplomate s\u00e9n\u00e9galais.<\/p>\n\n\n<div class=\"wp-block-image\">\n<figure class=\"aligncenter size-full\"><img loading=\"lazy\" decoding=\"async\" width=\"512\" height=\"640\" src=\"https:\/\/macite.tg\/wp-content\/uploads\/2026\/03\/Web-26-mars26.jpg\" alt=\"\" class=\"wp-image-29229\" srcset=\"https:\/\/macite.tg\/wp-content\/uploads\/2026\/03\/Web-26-mars26.jpg 512w, https:\/\/macite.tg\/wp-content\/uploads\/2026\/03\/Web-26-mars26-240x300.jpg 240w\" sizes=\"auto, (max-width: 512px) 100vw, 512px\" \/><\/figure>\n<\/div>\n\n\n<p class=\"wp-block-paragraph\">L&rsquo;ambassadeur Mamadou Moustapha Loum a \u00e9galement d\u00e9clar\u00e9 soulign\u00e9 que les deux pays partagent une vision commune sur des enjeux majeurs tels que l\u2019int\u00e9gration africaine, le r\u00e8glement des conflits ainsi que la promotion de la paix et de la s\u00e9curit\u00e9 sur le continent, domaines dans lesquels ils jouent un r\u00f4le pionnier. Il a par ailleurs indiqu\u00e9 \u00eatre venu \u00e9changer sur ces questions et recueillir des conseils, saluant par ailleurs la qualit\u00e9 des \u00e9changes, empreints de cordialit\u00e9.<\/p>\n\n\n\n<p class=\"wp-block-paragraph\">Les relations entre le Togo et le S\u00e9n\u00e9gal s\u2019inscrivent dans une tradition ancienne de coop\u00e9ration, fond\u00e9e sur des accords conclus d\u00e8s 1964 dans les domaines juridique, diplomatique, commercial et culturel. Au fil des d\u00e9cennies, ce partenariat n\u2019a cess\u00e9 de se consolider, notamment \u00e0 travers des consultations diplomatiques de haut niveau, t\u00e9moignant de la solidit\u00e9 des liens d\u2019amiti\u00e9 et de la qualit\u00e9 de la coop\u00e9ration entre les deux pays.<\/p>\n\n\n\n<p class=\"wp-block-paragraph\">S.E.M. Mamadou Moustapha Loum est un juriste et administrateur civil de formation. Il a cumul\u00e9 pr\u00e8s de trois d\u00e9cennies d\u2019exp\u00e9rience au sein de la diplomatie s\u00e9n\u00e9galaise. Avant sa nomination au Togo, il exer\u00e7ait les fonctions de Consul g\u00e9n\u00e9ral \u00e0 Madrid, en Espagne. Son parcours l\u2019a \u00e9galement conduit \u00e0 occuper les postes de Charg\u00e9 d\u2019affaires par int\u00e9rim au Consulat g\u00e9n\u00e9ral du S\u00e9n\u00e9gal \u00e0 New York, de Premier secr\u00e9taire \u00e0 l\u2019ambassade du S\u00e9n\u00e9gal \u00e0 Kingston, en Jama\u00efque, ainsi que de deuxi\u00e8me conseiller \u00e0 l\u2019ambassade du S\u00e9n\u00e9gal \u00e0 Washington D.C.<\/p>\n\n\n\n<figure class=\"wp-block-image size-full\"><img loading=\"lazy\" decoding=\"async\" width=\"851\" height=\"315\" src=\"https:\/\/macite.tg\/wp-content\/uploads\/2026\/03\/OTR_Bandeau-Renseignements.jpg\" alt=\"\" class=\"wp-image-29073\" srcset=\"https:\/\/macite.tg\/wp-content\/uploads\/2026\/03\/OTR_Bandeau-Renseignements.jpg 851w, https:\/\/macite.tg\/wp-content\/uploads\/2026\/03\/OTR_Bandeau-Renseignements-300x111.jpg 300w, https:\/\/macite.tg\/wp-content\/uploads\/2026\/03\/OTR_Bandeau-Renseignements-768x284.jpg 768w\" sizes=\"auto, (max-width: 851px) 100vw, 851px\" \/><\/figure>\n\n\n\n<p class=\"wp-block-paragraph\">Cette audience illustre la volont\u00e9 commune du Togo et du S\u00e9n\u00e9gal de hisser davantage leur coop\u00e9ration \u00e0 un niveau strat\u00e9gique, notamment sur le plan parlementaire, au service de la paix, de la stabilit\u00e9 et de l\u2019int\u00e9gration africaine. \u200e<\/p>\n\n\n\n<p class=\"wp-block-paragraph\"><strong>AN<\/strong><\/p>\n\n\n\n<p class=\"wp-block-paragraph\"><a><strong><em>@macite.tg&nbsp;&nbsp;&nbsp;&nbsp;&nbsp;&nbsp;&nbsp;&nbsp;<\/em><\/strong><\/a><\/p>\n\n\n\n<p class=\"wp-block-paragraph\"><strong><em>E-mail&nbsp;: <\/em><\/strong><a href=\"mailto:maciteinfo@gmail.com\"><strong><em>maciteinfo@gmail.com<\/em><\/strong><\/a><strong><em>; <\/em><\/strong><a href=\"mailto:bawela1@gmail.com\"><strong><em>bawela1@gmail.com<\/em><\/strong><\/a><strong><em> <\/em><\/strong><strong><em><\/em><\/strong><\/p>\n\n\n\n<p class=\"wp-block-paragraph\"><strong><em>Pour vos annonces, (publi)reportages, etc., joignez-nous au (00228)91515309\/<strong>79872224 <\/strong><strong><\/strong><\/em><\/strong><\/p>\n\n\n\n<p class=\"wp-block-paragraph\"><strong><em>www.macite.tg, L\u2019information, la bonne&nbsp;!<\/em><\/strong><\/p>\n","protected":false},"excerpt":{"rendered":"<p class=\"text-justify mb-2\" >Le Pr\u00e9sident de l\u2019Assembl\u00e9e nationale, le Professeur Komi Selom Klassou, a re\u00e7u en audience, hier mercredi 25 mars 2026, S.E.M. Mamadou Moustapha Loum, ambassadeur de la R\u00e9publique du S\u00e9n\u00e9gal pr\u00e8s le Togo, au palais de la repr\u00e9sentation nationale. Au cours des \u00e9changes, l\u2019ambassadeur du S\u00e9n\u00e9gal [&hellip;]<\/p>\n","protected":false},"author":2,"featured_media":29291,"comment_status":"open","ping_status":"open","sticky":false,"template":"","format":"standard","meta":{"footnotes":""},"categories":[20,16],"tags":[],"class_list":["post-29290","post","type-post","status-publish","format-standard","has-post-thumbnail","hentry","category-actualite","category-cooperation"],"yoast_head":"<!-- This site is optimized with the Yoast SEO plugin v28.4 - https:\/\/yoast.com\/product\/yoast-seo-wordpress\/ -->\n<title>COOPERATION : Le Pr\u00e9sident de l\u2019Assembl\u00e9e nationale a \u00e9chang\u00e9 avec l\u2019Ambassadeur du S\u00e9n\u00e9gal au Togo -<\/title>\n<meta name=\"robots\" content=\"index, follow, max-snippet:-1, max-image-preview:large, max-video-preview:-1\" \/>\n<link rel=\"canonical\" href=\"https:\/\/macite.tg\/?p=29290\" \/>\n<meta property=\"og:locale\" content=\"fr_FR\" \/>\n<meta property=\"og:type\" content=\"article\" \/>\n<meta property=\"og:title\" content=\"COOPERATION : Le Pr\u00e9sident de l\u2019Assembl\u00e9e nationale a \u00e9chang\u00e9 avec l\u2019Ambassadeur du S\u00e9n\u00e9gal au Togo -\" \/>\n<meta property=\"og:description\" content=\"Le Pr\u00e9sident de l\u2019Assembl\u00e9e nationale, le Professeur Komi Selom Klassou, a re\u00e7u en audience, hier mercredi 25 mars 2026, S.E.M. Mamadou Moustapha Loum, ambassadeur de la R\u00e9publique du S\u00e9n\u00e9gal pr\u00e8s le Togo, au palais de la repr\u00e9sentation nationale. Au cours des \u00e9changes, l\u2019ambassadeur du S\u00e9n\u00e9gal [&hellip;]\" \/>\n<meta property=\"og:url\" content=\"https:\/\/macite.tg\/?p=29290\" \/>\n<meta property=\"article:published_time\" content=\"2026-03-26T10:02:00+00:00\" \/>\n<meta property=\"article:modified_time\" content=\"2026-03-26T10:02:09+00:00\" \/>\n<meta property=\"og:image\" content=\"https:\/\/macite.tg\/wp-content\/uploads\/2026\/03\/AN-Senegal.jpg\" \/>\n\t<meta property=\"og:image:width\" content=\"500\" \/>\n\t<meta property=\"og:image:height\" content=\"175\" \/>\n\t<meta property=\"og:image:type\" content=\"image\/jpeg\" \/>\n<meta name=\"author\" content=\"Jean Pierre BAWELA\" \/>\n<meta name=\"twitter:card\" content=\"summary_large_image\" \/>\n<meta name=\"twitter:label1\" content=\"\u00c9crit par\" \/>\n\t<meta name=\"twitter:data1\" content=\"Jean Pierre BAWELA\" \/>\n\t<meta name=\"twitter:label2\" content=\"Dur\u00e9e de lecture estim\u00e9e\" \/>\n\t<meta name=\"twitter:data2\" content=\"3 minutes\" \/>\n<script type=\"application\/ld+json\" class=\"yoast-schema-graph\">{\"@context\":\"https:\\\/\\\/schema.org\",\"@graph\":[{\"@type\":\"Article\",\"@id\":\"https:\\\/\\\/macite.tg\\\/?p=29290#article\",\"isPartOf\":{\"@id\":\"https:\\\/\\\/macite.tg\\\/?p=29290\"},\"author\":{\"name\":\"Jean Pierre BAWELA\",\"@id\":\"https:\\\/\\\/macite.tg\\\/#\\\/schema\\\/person\\\/e9f2de7e5dbbe7770a9402c7ce82f5c2\"},\"headline\":\"COOPERATION : Le Pr\u00e9sident de l\u2019Assembl\u00e9e nationale a \u00e9chang\u00e9 avec l\u2019Ambassadeur du S\u00e9n\u00e9gal au Togo\",\"datePublished\":\"2026-03-26T10:02:00+00:00\",\"dateModified\":\"2026-03-26T10:02:09+00:00\",\"mainEntityOfPage\":{\"@id\":\"https:\\\/\\\/macite.tg\\\/?p=29290\"},\"wordCount\":548,\"commentCount\":0,\"image\":{\"@id\":\"https:\\\/\\\/macite.tg\\\/?p=29290#primaryimage\"},\"thumbnailUrl\":\"https:\\\/\\\/macite.tg\\\/wp-content\\\/uploads\\\/2026\\\/03\\\/AN-Senegal.jpg\",\"articleSection\":[\"ACTUALITE\",\"COOPERATION\"],\"inLanguage\":\"fr-FR\",\"potentialAction\":[{\"@type\":\"CommentAction\",\"name\":\"Comment\",\"target\":[\"https:\\\/\\\/macite.tg\\\/?p=29290#respond\"]}]},{\"@type\":\"WebPage\",\"@id\":\"https:\\\/\\\/macite.tg\\\/?p=29290\",\"url\":\"https:\\\/\\\/macite.tg\\\/?p=29290\",\"name\":\"COOPERATION : Le Pr\u00e9sident de l\u2019Assembl\u00e9e nationale a \u00e9chang\u00e9 avec l\u2019Ambassadeur du S\u00e9n\u00e9gal au Togo -\",\"isPartOf\":{\"@id\":\"https:\\\/\\\/macite.tg\\\/#website\"},\"primaryImageOfPage\":{\"@id\":\"https:\\\/\\\/macite.tg\\\/?p=29290#primaryimage\"},\"image\":{\"@id\":\"https:\\\/\\\/macite.tg\\\/?p=29290#primaryimage\"},\"thumbnailUrl\":\"https:\\\/\\\/macite.tg\\\/wp-content\\\/uploads\\\/2026\\\/03\\\/AN-Senegal.jpg\",\"datePublished\":\"2026-03-26T10:02:00+00:00\",\"dateModified\":\"2026-03-26T10:02:09+00:00\",\"author\":{\"@id\":\"https:\\\/\\\/macite.tg\\\/#\\\/schema\\\/person\\\/e9f2de7e5dbbe7770a9402c7ce82f5c2\"},\"breadcrumb\":{\"@id\":\"https:\\\/\\\/macite.tg\\\/?p=29290#breadcrumb\"},\"inLanguage\":\"fr-FR\",\"potentialAction\":[{\"@type\":\"ReadAction\",\"target\":[\"https:\\\/\\\/macite.tg\\\/?p=29290\"]}]},{\"@type\":\"ImageObject\",\"inLanguage\":\"fr-FR\",\"@id\":\"https:\\\/\\\/macite.tg\\\/?p=29290#primaryimage\",\"url\":\"https:\\\/\\\/macite.tg\\\/wp-content\\\/uploads\\\/2026\\\/03\\\/AN-Senegal.jpg\",\"contentUrl\":\"https:\\\/\\\/macite.tg\\\/wp-content\\\/uploads\\\/2026\\\/03\\\/AN-Senegal.jpg\",\"width\":500,\"height\":175},{\"@type\":\"BreadcrumbList\",\"@id\":\"https:\\\/\\\/macite.tg\\\/?p=29290#breadcrumb\",\"itemListElement\":[{\"@type\":\"ListItem\",\"position\":1,\"name\":\"Accueil\",\"item\":\"https:\\\/\\\/macite.tg\\\/\"},{\"@type\":\"ListItem\",\"position\":2,\"name\":\"COOPERATION : Le Pr\u00e9sident de l\u2019Assembl\u00e9e nationale a \u00e9chang\u00e9 avec l\u2019Ambassadeur du S\u00e9n\u00e9gal au Togo\"}]},{\"@type\":\"WebSite\",\"@id\":\"https:\\\/\\\/macite.tg\\\/#website\",\"url\":\"https:\\\/\\\/macite.tg\\\/\",\"name\":\"\",\"description\":\"L&#039;information, la bonne!!!\",\"potentialAction\":[{\"@type\":\"SearchAction\",\"target\":{\"@type\":\"EntryPoint\",\"urlTemplate\":\"https:\\\/\\\/macite.tg\\\/?s={search_term_string}\"},\"query-input\":{\"@type\":\"PropertyValueSpecification\",\"valueRequired\":true,\"valueName\":\"search_term_string\"}}],\"inLanguage\":\"fr-FR\"},{\"@type\":\"Person\",\"@id\":\"https:\\\/\\\/macite.tg\\\/#\\\/schema\\\/person\\\/e9f2de7e5dbbe7770a9402c7ce82f5c2\",\"name\":\"Jean Pierre BAWELA\",\"image\":{\"@type\":\"ImageObject\",\"inLanguage\":\"fr-FR\",\"@id\":\"https:\\\/\\\/macite.tg\\\/wp-content\\\/uploads\\\/2023\\\/09\\\/WhatsApp-Image-2023-09-19-at-14.44.41-122x122.jpeg\",\"url\":\"https:\\\/\\\/macite.tg\\\/wp-content\\\/uploads\\\/2023\\\/09\\\/WhatsApp-Image-2023-09-19-at-14.44.41-122x122.jpeg\",\"contentUrl\":\"https:\\\/\\\/macite.tg\\\/wp-content\\\/uploads\\\/2023\\\/09\\\/WhatsApp-Image-2023-09-19-at-14.44.41-122x122.jpeg\",\"caption\":\"Jean Pierre BAWELA\"},\"url\":\"https:\\\/\\\/macite.tg\\\/?author=2\"}]}<\/script>\n<!-- \/ Yoast SEO plugin. -->","yoast_head_json":{"title":"COOPERATION : Le Pr\u00e9sident de l\u2019Assembl\u00e9e nationale a \u00e9chang\u00e9 avec l\u2019Ambassadeur du S\u00e9n\u00e9gal au Togo -","robots":{"index":"index","follow":"follow","max-snippet":"max-snippet:-1","max-image-preview":"max-image-preview:large","max-video-preview":"max-video-preview:-1"},"canonical":"https:\/\/macite.tg\/?p=29290","og_locale":"fr_FR","og_type":"article","og_title":"COOPERATION : Le Pr\u00e9sident de l\u2019Assembl\u00e9e nationale a \u00e9chang\u00e9 avec l\u2019Ambassadeur du S\u00e9n\u00e9gal au Togo -","og_description":"Le Pr\u00e9sident de l\u2019Assembl\u00e9e nationale, le Professeur Komi Selom Klassou, a re\u00e7u en audience, hier mercredi 25 mars 2026, S.E.M. Mamadou Moustapha Loum, ambassadeur de la R\u00e9publique du S\u00e9n\u00e9gal pr\u00e8s le Togo, au palais de la repr\u00e9sentation nationale. Au cours des \u00e9changes, l\u2019ambassadeur du S\u00e9n\u00e9gal [&hellip;]","og_url":"https:\/\/macite.tg\/?p=29290","article_published_time":"2026-03-26T10:02:00+00:00","article_modified_time":"2026-03-26T10:02:09+00:00","og_image":[{"width":500,"height":175,"url":"https:\/\/macite.tg\/wp-content\/uploads\/2026\/03\/AN-Senegal.jpg","type":"image\/jpeg"}],"author":"Jean Pierre BAWELA","twitter_card":"summary_large_image","twitter_misc":{"\u00c9crit par":"Jean Pierre BAWELA","Dur\u00e9e de lecture estim\u00e9e":"3 minutes"},"schema":{"@context":"https:\/\/schema.org","@graph":[{"@type":"Article","@id":"https:\/\/macite.tg\/?p=29290#article","isPartOf":{"@id":"https:\/\/macite.tg\/?p=29290"},"author":{"name":"Jean Pierre BAWELA","@id":"https:\/\/macite.tg\/#\/schema\/person\/e9f2de7e5dbbe7770a9402c7ce82f5c2"},"headline":"COOPERATION : Le Pr\u00e9sident de l\u2019Assembl\u00e9e nationale a \u00e9chang\u00e9 avec l\u2019Ambassadeur du S\u00e9n\u00e9gal au Togo","datePublished":"2026-03-26T10:02:00+00:00","dateModified":"2026-03-26T10:02:09+00:00","mainEntityOfPage":{"@id":"https:\/\/macite.tg\/?p=29290"},"wordCount":548,"commentCount":0,"image":{"@id":"https:\/\/macite.tg\/?p=29290#primaryimage"},"thumbnailUrl":"https:\/\/macite.tg\/wp-content\/uploads\/2026\/03\/AN-Senegal.jpg","articleSection":["ACTUALITE","COOPERATION"],"inLanguage":"fr-FR","potentialAction":[{"@type":"CommentAction","name":"Comment","target":["https:\/\/macite.tg\/?p=29290#respond"]}]},{"@type":"WebPage","@id":"https:\/\/macite.tg\/?p=29290","url":"https:\/\/macite.tg\/?p=29290","name":"COOPERATION : Le Pr\u00e9sident de l\u2019Assembl\u00e9e nationale a \u00e9chang\u00e9 avec l\u2019Ambassadeur du S\u00e9n\u00e9gal au Togo -","isPartOf":{"@id":"https:\/\/macite.tg\/#website"},"primaryImageOfPage":{"@id":"https:\/\/macite.tg\/?p=29290#primaryimage"},"image":{"@id":"https:\/\/macite.tg\/?p=29290#primaryimage"},"thumbnailUrl":"https:\/\/macite.tg\/wp-content\/uploads\/2026\/03\/AN-Senegal.jpg","datePublished":"2026-03-26T10:02:00+00:00","dateModified":"2026-03-26T10:02:09+00:00","author":{"@id":"https:\/\/macite.tg\/#\/schema\/person\/e9f2de7e5dbbe7770a9402c7ce82f5c2"},"breadcrumb":{"@id":"https:\/\/macite.tg\/?p=29290#breadcrumb"},"inLanguage":"fr-FR","potentialAction":[{"@type":"ReadAction","target":["https:\/\/macite.tg\/?p=29290"]}]},{"@type":"ImageObject","inLanguage":"fr-FR","@id":"https:\/\/macite.tg\/?p=29290#primaryimage","url":"https:\/\/macite.tg\/wp-content\/uploads\/2026\/03\/AN-Senegal.jpg","contentUrl":"https:\/\/macite.tg\/wp-content\/uploads\/2026\/03\/AN-Senegal.jpg","width":500,"height":175},{"@type":"BreadcrumbList","@id":"https:\/\/macite.tg\/?p=29290#breadcrumb","itemListElement":[{"@type":"ListItem","position":1,"name":"Accueil","item":"https:\/\/macite.tg\/"},{"@type":"ListItem","position":2,"name":"COOPERATION : Le Pr\u00e9sident de l\u2019Assembl\u00e9e nationale a \u00e9chang\u00e9 avec l\u2019Ambassadeur du S\u00e9n\u00e9gal au Togo"}]},{"@type":"WebSite","@id":"https:\/\/macite.tg\/#website","url":"https:\/\/macite.tg\/","name":"","description":"L&#039;information, la bonne!!!","potentialAction":[{"@type":"SearchAction","target":{"@type":"EntryPoint","urlTemplate":"https:\/\/macite.tg\/?s={search_term_string}"},"query-input":{"@type":"PropertyValueSpecification","valueRequired":true,"valueName":"search_term_string"}}],"inLanguage":"fr-FR"},{"@type":"Person","@id":"https:\/\/macite.tg\/#\/schema\/person\/e9f2de7e5dbbe7770a9402c7ce82f5c2","name":"Jean Pierre BAWELA","image":{"@type":"ImageObject","inLanguage":"fr-FR","@id":"https:\/\/macite.tg\/wp-content\/uploads\/2023\/09\/WhatsApp-Image-2023-09-19-at-14.44.41-122x122.jpeg","url":"https:\/\/macite.tg\/wp-content\/uploads\/2023\/09\/WhatsApp-Image-2023-09-19-at-14.44.41-122x122.jpeg","contentUrl":"https:\/\/macite.tg\/wp-content\/uploads\/2023\/09\/WhatsApp-Image-2023-09-19-at-14.44.41-122x122.jpeg","caption":"Jean Pierre BAWELA"},"url":"https:\/\/macite.tg\/?author=2"}]}},"_links":{"self":[{"href":"https:\/\/macite.tg\/index.php?rest_route=\/wp\/v2\/posts\/29290","targetHints":{"allow":["GET"]}}],"collection":[{"href":"https:\/\/macite.tg\/index.php?rest_route=\/wp\/v2\/posts"}],"about":[{"href":"https:\/\/macite.tg\/index.php?rest_route=\/wp\/v2\/types\/post"}],"author":[{"embeddable":true,"href":"https:\/\/macite.tg\/index.php?rest_route=\/wp\/v2\/users\/2"}],"replies":[{"embeddable":true,"href":"https:\/\/macite.tg\/index.php?rest_route=%2Fwp%2Fv2%2Fcomments&post=29290"}],"version-history":[{"count":0,"href":"https:\/\/macite.tg\/index.php?rest_route=\/wp\/v2\/posts\/29290\/revisions"}],"wp:featuredmedia":[{"embeddable":true,"href":"https:\/\/macite.tg\/index.php?rest_route=\/wp\/v2\/media\/29291"}],"wp:attachment":[{"href":"https:\/\/macite.tg\/index.php?rest_route=%2Fwp%2Fv2%2Fmedia&parent=29290"}],"wp:term":[{"taxonomy":"category","embeddable":true,"href":"https:\/\/macite.tg\/index.php?rest_route=%2Fwp%2Fv2%2Fcategories&post=29290"},{"taxonomy":"post_tag","embeddable":true,"href":"https:\/\/macite.tg\/index.php?rest_route=%2Fwp%2Fv2%2Ftags&post=29290"}],"curies":[{"name":"wp","href":"https:\/\/api.w.org\/{rel}","templated":true}]}}