{"id":29279,"date":"2026-03-26T09:12:24","date_gmt":"2026-03-26T09:12:24","guid":{"rendered":"https:\/\/macite.tg\/?p=29279"},"modified":"2026-03-26T09:12:32","modified_gmt":"2026-03-26T09:12:32","slug":"afrique-du-sud-le-chef-de-la-police-devant-les-tribunaux-pour-corruption","status":"publish","type":"post","link":"https:\/\/macite.tg\/?p=29279","title":{"rendered":"AFRIQUE DU SUD : Le chef de la Police devant les tribunaux pour corruption"},"content":{"rendered":"\n<p class=\"wp-block-paragraph\"><strong><em>Les procureurs sud-africains ont annonc\u00e9, ce mercredi, avoir convoqu\u00e9 le chef de la police dans le cadre d&rsquo;un appel d&rsquo;offres de 20 millions de dollars dans le secteur de la sant\u00e9. Cette affaire a secou\u00e9 le pays et impliqu\u00e9 une douzaine d&rsquo;autres officiers.<\/em><\/strong><em><\/em><\/p>\n\n\n\n<p class=\"wp-block-paragraph\">Le commissaire national de police Fannie Masemola a re\u00e7u une convocation pour compara\u00eetre devant le tribunal le mois prochain, a d\u00e9clar\u00e9 Kaizer Kganyago, porte-parole du Parquet national sud-africain.<\/p>\n\n\n\n<p class=\"wp-block-paragraph\">L&rsquo;affaire porte sur un appel d&rsquo;offres de la police, d\u00e9sormais annul\u00e9, concernant des services de sant\u00e9 pour 2024, attribu\u00e9 \u00e0 l&rsquo;homme d&rsquo;affaires Vusimuzi \u00ab Cat \u00bb Matlala, soup\u00e7onn\u00e9 d&rsquo;avoir des liens avec le crime organis\u00e9.<\/p>\n\n\n<div class=\"wp-block-image\">\n<figure class=\"aligncenter size-full\"><img loading=\"lazy\" decoding=\"async\" width=\"512\" height=\"640\" src=\"https:\/\/macite.tg\/wp-content\/uploads\/2026\/03\/Web-26-mars26.jpg\" alt=\"\" class=\"wp-image-29229\" srcset=\"https:\/\/macite.tg\/wp-content\/uploads\/2026\/03\/Web-26-mars26.jpg 512w, https:\/\/macite.tg\/wp-content\/uploads\/2026\/03\/Web-26-mars26-240x300.jpg 240w\" sizes=\"auto, (max-width: 512px) 100vw, 512px\" \/><\/figure>\n<\/div>\n\n\n<p class=\"wp-block-paragraph\">On ignore pour l&rsquo;instant quelles accusations p\u00e8seront contre Masemola, mais une porte-parole de la police a confirm\u00e9 qu&rsquo;il se pr\u00e9senterait au tribunal le 21 avril.<\/p>\n\n\n\n<p class=\"wp-block-paragraph\">Quinze personnes, dont une douzaine de policiers et un directeur de la soci\u00e9t\u00e9 de Matlala, ont \u00e9t\u00e9 inculp\u00e9es mercredi pour corruption dans l&rsquo;attribution de cet appel d&rsquo;offres.<\/p>\n\n\n\n<p class=\"wp-block-paragraph\">Tous, \u00e0 l&rsquo;exception de Matlala, qui avait d\u00e9j\u00e0 re\u00e7u 50 millions de rands (2,9 millions de dollars) avant la r\u00e9siliation du contrat, ont \u00e9t\u00e9 lib\u00e9r\u00e9s sous caution.<\/p>\n\n\n\n<p class=\"wp-block-paragraph\">D\u00e9crit localement comme un <em>\u00ab tenderpreneur \u00bb,<\/em> terme d\u00e9signant les personnes qui ont fait fortune gr\u00e2ce \u00e0 des contrats gouvernementaux, Matlala s&rsquo;est retrouv\u00e9 sous les feux de la rampe au niveau national apr\u00e8s qu&rsquo;un chef de police r\u00e9gional eut accus\u00e9 les forces de l&rsquo;ordre et le ministre sud-africain de la Police de se livrer \u00e0 des activit\u00e9s criminelles.<\/p>\n\n\n\n<p class=\"wp-block-paragraph\">Ces all\u00e9gations ont entra\u00een\u00e9 la destitution du ministre et la mise en place d\u2019une commission d\u2019enqu\u00eate officielle par le pr\u00e9sident, transformant cette affaire en un v\u00e9ritable spectacle national.<\/p>\n\n\n\n<p class=\"wp-block-paragraph\">Diffus\u00e9es quotidiennement \u00e0 la t\u00e9l\u00e9vision et \u00e0 la radio, les audiences sont devenues un feuilleton suivi de pr\u00e8s par les Sud-Africains.<\/p>\n\n\n\n<p class=\"wp-block-paragraph\">Une enqu\u00eate parlementaire distincte examine \u00e9galement les all\u00e9gations selon lesquelles des officiers sup\u00e9rieurs auraient entretenu des liens corrompus avec des chefs du crime organis\u00e9 et auraient accept\u00e9 de l\u2019argent en \u00e9change de faveurs.<\/p>\n\n\n<div class=\"wp-block-image\">\n<figure class=\"aligncenter size-full is-resized\"><img loading=\"lazy\" decoding=\"async\" width=\"500\" height=\"304\" src=\"https:\/\/macite.tg\/wp-content\/uploads\/2026\/03\/OTR_SAM.jpg\" alt=\"\" class=\"wp-image-29055\" style=\"width:688px;height:auto\" srcset=\"https:\/\/macite.tg\/wp-content\/uploads\/2026\/03\/OTR_SAM.jpg 500w, https:\/\/macite.tg\/wp-content\/uploads\/2026\/03\/OTR_SAM-300x182.jpg 300w\" sizes=\"auto, (max-width: 500px) 100vw, 500px\" \/><\/figure>\n<\/div>\n\n\n<p class=\"wp-block-paragraph\">Matlala a \u00e9t\u00e9 arr\u00eat\u00e9 en mai de l&rsquo;ann\u00e9e derni\u00e8re dans le cadre de la tentative d&rsquo;assassinat de son ex-compagne Thobejane en 2023.<\/p>\n\n\n\n<p class=\"wp-block-paragraph\">Son nom avait d\u00e9j\u00e0 \u00e9t\u00e9 \u00e9voqu\u00e9 dans le scandale de l&rsquo;h\u00f4pital de Tembisa, o\u00f9 plus de 2,2 milliards de rands (129 millions de dollars) auraient \u00e9t\u00e9 d\u00e9tourn\u00e9s.<\/p>\n\n\n\n<p class=\"wp-block-paragraph\">L&rsquo;affaire de l&rsquo;h\u00f4pital de Tembisa a co\u00fbt\u00e9 la vie \u00e0 la lanceuse d&rsquo;alerte Babita Deokaran en 2021, lorsqu&rsquo;elle a \u00e9t\u00e9 abattue de neuf balles devant son domicile.<\/p>\n\n\n\n<p class=\"wp-block-paragraph\"><strong>MSN<\/strong><\/p>\n\n\n\n<p class=\"wp-block-paragraph\"><a><strong><em>@macite.tg&nbsp;&nbsp;&nbsp;&nbsp;&nbsp;&nbsp;&nbsp;&nbsp;<\/em><\/strong><\/a><\/p>\n\n\n\n<p class=\"wp-block-paragraph\"><strong><em>E-mail&nbsp;: <\/em><\/strong><a href=\"mailto:maciteinfo@gmail.com\"><strong><em>maciteinfo@gmail.com<\/em><\/strong><\/a><strong><em>; <\/em><\/strong><a href=\"mailto:bawela1@gmail.com\"><strong><em>bawela1@gmail.com<\/em><\/strong><\/a><strong><em><\/em><\/strong><\/p>\n\n\n\n<p class=\"wp-block-paragraph\"><strong><em>Pour vos annonces, (publi)reportages, etc., joignez-nous au (00228)91515309\/<strong>79872224 <\/strong><strong><\/strong><\/em><\/strong><\/p>\n\n\n\n<p class=\"wp-block-paragraph\"><strong><em>www.macite.tg, L\u2019information, la bonne&nbsp;!<\/em><\/strong><\/p>\n","protected":false},"excerpt":{"rendered":"<p class=\"text-justify mb-2\" >Les procureurs sud-africains ont annonc\u00e9, ce mercredi, avoir convoqu\u00e9 le chef de la police dans le cadre d&rsquo;un appel d&rsquo;offres de 20 millions de dollars dans le secteur de la sant\u00e9. Cette affaire a secou\u00e9 le pays et impliqu\u00e9 une douzaine d&rsquo;autres officiers. Le commissaire [&hellip;]<\/p>\n","protected":false},"author":2,"featured_media":29280,"comment_status":"open","ping_status":"open","sticky":false,"template":"","format":"standard","meta":{"footnotes":""},"categories":[20,3],"tags":[],"class_list":["post-29279","post","type-post","status-publish","format-standard","has-post-thumbnail","hentry","category-actualite","category-economie"],"yoast_head":"<!-- This site is optimized with the Yoast SEO plugin v28.4 - https:\/\/yoast.com\/product\/yoast-seo-wordpress\/ -->\n<title>AFRIQUE DU SUD : Le chef de la Police devant les tribunaux pour corruption -<\/title>\n<meta name=\"robots\" content=\"index, follow, max-snippet:-1, max-image-preview:large, max-video-preview:-1\" \/>\n<link rel=\"canonical\" href=\"https:\/\/macite.tg\/?p=29279\" \/>\n<meta property=\"og:locale\" content=\"fr_FR\" \/>\n<meta property=\"og:type\" content=\"article\" \/>\n<meta property=\"og:title\" content=\"AFRIQUE DU SUD : Le chef de la Police devant les tribunaux pour corruption -\" \/>\n<meta property=\"og:description\" content=\"Les procureurs sud-africains ont annonc\u00e9, ce mercredi, avoir convoqu\u00e9 le chef de la police dans le cadre d&rsquo;un appel d&rsquo;offres de 20 millions de dollars dans le secteur de la sant\u00e9. Cette affaire a secou\u00e9 le pays et impliqu\u00e9 une douzaine d&rsquo;autres officiers. Le commissaire [&hellip;]\" \/>\n<meta property=\"og:url\" content=\"https:\/\/macite.tg\/?p=29279\" \/>\n<meta property=\"article:published_time\" content=\"2026-03-26T09:12:24+00:00\" \/>\n<meta property=\"article:modified_time\" content=\"2026-03-26T09:12:32+00:00\" \/>\n<meta property=\"og:image\" content=\"https:\/\/macite.tg\/wp-content\/uploads\/2026\/03\/image-81.png\" \/>\n\t<meta property=\"og:image:width\" content=\"534\" \/>\n\t<meta property=\"og:image:height\" content=\"300\" \/>\n\t<meta property=\"og:image:type\" content=\"image\/png\" \/>\n<meta name=\"author\" content=\"Jean Pierre BAWELA\" \/>\n<meta name=\"twitter:card\" content=\"summary_large_image\" \/>\n<meta name=\"twitter:label1\" content=\"\u00c9crit par\" \/>\n\t<meta name=\"twitter:data1\" content=\"Jean Pierre BAWELA\" \/>\n\t<meta name=\"twitter:label2\" content=\"Dur\u00e9e de lecture estim\u00e9e\" \/>\n\t<meta name=\"twitter:data2\" content=\"3 minutes\" \/>\n<script type=\"application\/ld+json\" class=\"yoast-schema-graph\">{\"@context\":\"https:\\\/\\\/schema.org\",\"@graph\":[{\"@type\":\"Article\",\"@id\":\"https:\\\/\\\/macite.tg\\\/?p=29279#article\",\"isPartOf\":{\"@id\":\"https:\\\/\\\/macite.tg\\\/?p=29279\"},\"author\":{\"name\":\"Jean Pierre BAWELA\",\"@id\":\"https:\\\/\\\/macite.tg\\\/#\\\/schema\\\/person\\\/e9f2de7e5dbbe7770a9402c7ce82f5c2\"},\"headline\":\"AFRIQUE DU SUD : Le chef de la Police devant les tribunaux pour corruption\",\"datePublished\":\"2026-03-26T09:12:24+00:00\",\"dateModified\":\"2026-03-26T09:12:32+00:00\",\"mainEntityOfPage\":{\"@id\":\"https:\\\/\\\/macite.tg\\\/?p=29279\"},\"wordCount\":496,\"commentCount\":0,\"image\":{\"@id\":\"https:\\\/\\\/macite.tg\\\/?p=29279#primaryimage\"},\"thumbnailUrl\":\"https:\\\/\\\/macite.tg\\\/wp-content\\\/uploads\\\/2026\\\/03\\\/image-81.png\",\"articleSection\":[\"ACTUALITE\",\"ECONOMIE\"],\"inLanguage\":\"fr-FR\",\"potentialAction\":[{\"@type\":\"CommentAction\",\"name\":\"Comment\",\"target\":[\"https:\\\/\\\/macite.tg\\\/?p=29279#respond\"]}]},{\"@type\":\"WebPage\",\"@id\":\"https:\\\/\\\/macite.tg\\\/?p=29279\",\"url\":\"https:\\\/\\\/macite.tg\\\/?p=29279\",\"name\":\"AFRIQUE DU SUD : Le chef de la Police devant les tribunaux pour corruption -\",\"isPartOf\":{\"@id\":\"https:\\\/\\\/macite.tg\\\/#website\"},\"primaryImageOfPage\":{\"@id\":\"https:\\\/\\\/macite.tg\\\/?p=29279#primaryimage\"},\"image\":{\"@id\":\"https:\\\/\\\/macite.tg\\\/?p=29279#primaryimage\"},\"thumbnailUrl\":\"https:\\\/\\\/macite.tg\\\/wp-content\\\/uploads\\\/2026\\\/03\\\/image-81.png\",\"datePublished\":\"2026-03-26T09:12:24+00:00\",\"dateModified\":\"2026-03-26T09:12:32+00:00\",\"author\":{\"@id\":\"https:\\\/\\\/macite.tg\\\/#\\\/schema\\\/person\\\/e9f2de7e5dbbe7770a9402c7ce82f5c2\"},\"breadcrumb\":{\"@id\":\"https:\\\/\\\/macite.tg\\\/?p=29279#breadcrumb\"},\"inLanguage\":\"fr-FR\",\"potentialAction\":[{\"@type\":\"ReadAction\",\"target\":[\"https:\\\/\\\/macite.tg\\\/?p=29279\"]}]},{\"@type\":\"ImageObject\",\"inLanguage\":\"fr-FR\",\"@id\":\"https:\\\/\\\/macite.tg\\\/?p=29279#primaryimage\",\"url\":\"https:\\\/\\\/macite.tg\\\/wp-content\\\/uploads\\\/2026\\\/03\\\/image-81.png\",\"contentUrl\":\"https:\\\/\\\/macite.tg\\\/wp-content\\\/uploads\\\/2026\\\/03\\\/image-81.png\",\"width\":534,\"height\":300,\"caption\":\"Vusimuzi \u00ab Cat \u00bb Matlala, pr\u00e9sum\u00e9 chef de gang, \u00e0 gauche, accompagn\u00e9 de son associ\u00e9 James Murray, le mercredi 25 mars 2026.\"},{\"@type\":\"BreadcrumbList\",\"@id\":\"https:\\\/\\\/macite.tg\\\/?p=29279#breadcrumb\",\"itemListElement\":[{\"@type\":\"ListItem\",\"position\":1,\"name\":\"Accueil\",\"item\":\"https:\\\/\\\/macite.tg\\\/\"},{\"@type\":\"ListItem\",\"position\":2,\"name\":\"AFRIQUE DU SUD : Le chef de la Police devant les tribunaux pour corruption\"}]},{\"@type\":\"WebSite\",\"@id\":\"https:\\\/\\\/macite.tg\\\/#website\",\"url\":\"https:\\\/\\\/macite.tg\\\/\",\"name\":\"\",\"description\":\"L&#039;information, la bonne!!!\",\"potentialAction\":[{\"@type\":\"SearchAction\",\"target\":{\"@type\":\"EntryPoint\",\"urlTemplate\":\"https:\\\/\\\/macite.tg\\\/?s={search_term_string}\"},\"query-input\":{\"@type\":\"PropertyValueSpecification\",\"valueRequired\":true,\"valueName\":\"search_term_string\"}}],\"inLanguage\":\"fr-FR\"},{\"@type\":\"Person\",\"@id\":\"https:\\\/\\\/macite.tg\\\/#\\\/schema\\\/person\\\/e9f2de7e5dbbe7770a9402c7ce82f5c2\",\"name\":\"Jean Pierre BAWELA\",\"image\":{\"@type\":\"ImageObject\",\"inLanguage\":\"fr-FR\",\"@id\":\"https:\\\/\\\/macite.tg\\\/wp-content\\\/uploads\\\/2023\\\/09\\\/WhatsApp-Image-2023-09-19-at-14.44.41-122x122.jpeg\",\"url\":\"https:\\\/\\\/macite.tg\\\/wp-content\\\/uploads\\\/2023\\\/09\\\/WhatsApp-Image-2023-09-19-at-14.44.41-122x122.jpeg\",\"contentUrl\":\"https:\\\/\\\/macite.tg\\\/wp-content\\\/uploads\\\/2023\\\/09\\\/WhatsApp-Image-2023-09-19-at-14.44.41-122x122.jpeg\",\"caption\":\"Jean Pierre BAWELA\"},\"url\":\"https:\\\/\\\/macite.tg\\\/?author=2\"}]}<\/script>\n<!-- \/ Yoast SEO plugin. -->","yoast_head_json":{"title":"AFRIQUE DU SUD : Le chef de la Police devant les tribunaux pour corruption -","robots":{"index":"index","follow":"follow","max-snippet":"max-snippet:-1","max-image-preview":"max-image-preview:large","max-video-preview":"max-video-preview:-1"},"canonical":"https:\/\/macite.tg\/?p=29279","og_locale":"fr_FR","og_type":"article","og_title":"AFRIQUE DU SUD : Le chef de la Police devant les tribunaux pour corruption -","og_description":"Les procureurs sud-africains ont annonc\u00e9, ce mercredi, avoir convoqu\u00e9 le chef de la police dans le cadre d&rsquo;un appel d&rsquo;offres de 20 millions de dollars dans le secteur de la sant\u00e9. Cette affaire a secou\u00e9 le pays et impliqu\u00e9 une douzaine d&rsquo;autres officiers. Le commissaire [&hellip;]","og_url":"https:\/\/macite.tg\/?p=29279","article_published_time":"2026-03-26T09:12:24+00:00","article_modified_time":"2026-03-26T09:12:32+00:00","og_image":[{"width":534,"height":300,"url":"https:\/\/macite.tg\/wp-content\/uploads\/2026\/03\/image-81.png","type":"image\/png"}],"author":"Jean Pierre BAWELA","twitter_card":"summary_large_image","twitter_misc":{"\u00c9crit par":"Jean Pierre BAWELA","Dur\u00e9e de lecture estim\u00e9e":"3 minutes"},"schema":{"@context":"https:\/\/schema.org","@graph":[{"@type":"Article","@id":"https:\/\/macite.tg\/?p=29279#article","isPartOf":{"@id":"https:\/\/macite.tg\/?p=29279"},"author":{"name":"Jean Pierre BAWELA","@id":"https:\/\/macite.tg\/#\/schema\/person\/e9f2de7e5dbbe7770a9402c7ce82f5c2"},"headline":"AFRIQUE DU SUD : Le chef de la Police devant les tribunaux pour corruption","datePublished":"2026-03-26T09:12:24+00:00","dateModified":"2026-03-26T09:12:32+00:00","mainEntityOfPage":{"@id":"https:\/\/macite.tg\/?p=29279"},"wordCount":496,"commentCount":0,"image":{"@id":"https:\/\/macite.tg\/?p=29279#primaryimage"},"thumbnailUrl":"https:\/\/macite.tg\/wp-content\/uploads\/2026\/03\/image-81.png","articleSection":["ACTUALITE","ECONOMIE"],"inLanguage":"fr-FR","potentialAction":[{"@type":"CommentAction","name":"Comment","target":["https:\/\/macite.tg\/?p=29279#respond"]}]},{"@type":"WebPage","@id":"https:\/\/macite.tg\/?p=29279","url":"https:\/\/macite.tg\/?p=29279","name":"AFRIQUE DU SUD : Le chef de la Police devant les tribunaux pour corruption -","isPartOf":{"@id":"https:\/\/macite.tg\/#website"},"primaryImageOfPage":{"@id":"https:\/\/macite.tg\/?p=29279#primaryimage"},"image":{"@id":"https:\/\/macite.tg\/?p=29279#primaryimage"},"thumbnailUrl":"https:\/\/macite.tg\/wp-content\/uploads\/2026\/03\/image-81.png","datePublished":"2026-03-26T09:12:24+00:00","dateModified":"2026-03-26T09:12:32+00:00","author":{"@id":"https:\/\/macite.tg\/#\/schema\/person\/e9f2de7e5dbbe7770a9402c7ce82f5c2"},"breadcrumb":{"@id":"https:\/\/macite.tg\/?p=29279#breadcrumb"},"inLanguage":"fr-FR","potentialAction":[{"@type":"ReadAction","target":["https:\/\/macite.tg\/?p=29279"]}]},{"@type":"ImageObject","inLanguage":"fr-FR","@id":"https:\/\/macite.tg\/?p=29279#primaryimage","url":"https:\/\/macite.tg\/wp-content\/uploads\/2026\/03\/image-81.png","contentUrl":"https:\/\/macite.tg\/wp-content\/uploads\/2026\/03\/image-81.png","width":534,"height":300,"caption":"Vusimuzi \u00ab Cat \u00bb Matlala, pr\u00e9sum\u00e9 chef de gang, \u00e0 gauche, accompagn\u00e9 de son associ\u00e9 James Murray, le mercredi 25 mars 2026."},{"@type":"BreadcrumbList","@id":"https:\/\/macite.tg\/?p=29279#breadcrumb","itemListElement":[{"@type":"ListItem","position":1,"name":"Accueil","item":"https:\/\/macite.tg\/"},{"@type":"ListItem","position":2,"name":"AFRIQUE DU SUD : Le chef de la Police devant les tribunaux pour corruption"}]},{"@type":"WebSite","@id":"https:\/\/macite.tg\/#website","url":"https:\/\/macite.tg\/","name":"","description":"L&#039;information, la bonne!!!","potentialAction":[{"@type":"SearchAction","target":{"@type":"EntryPoint","urlTemplate":"https:\/\/macite.tg\/?s={search_term_string}"},"query-input":{"@type":"PropertyValueSpecification","valueRequired":true,"valueName":"search_term_string"}}],"inLanguage":"fr-FR"},{"@type":"Person","@id":"https:\/\/macite.tg\/#\/schema\/person\/e9f2de7e5dbbe7770a9402c7ce82f5c2","name":"Jean Pierre BAWELA","image":{"@type":"ImageObject","inLanguage":"fr-FR","@id":"https:\/\/macite.tg\/wp-content\/uploads\/2023\/09\/WhatsApp-Image-2023-09-19-at-14.44.41-122x122.jpeg","url":"https:\/\/macite.tg\/wp-content\/uploads\/2023\/09\/WhatsApp-Image-2023-09-19-at-14.44.41-122x122.jpeg","contentUrl":"https:\/\/macite.tg\/wp-content\/uploads\/2023\/09\/WhatsApp-Image-2023-09-19-at-14.44.41-122x122.jpeg","caption":"Jean Pierre BAWELA"},"url":"https:\/\/macite.tg\/?author=2"}]}},"_links":{"self":[{"href":"https:\/\/macite.tg\/index.php?rest_route=\/wp\/v2\/posts\/29279","targetHints":{"allow":["GET"]}}],"collection":[{"href":"https:\/\/macite.tg\/index.php?rest_route=\/wp\/v2\/posts"}],"about":[{"href":"https:\/\/macite.tg\/index.php?rest_route=\/wp\/v2\/types\/post"}],"author":[{"embeddable":true,"href":"https:\/\/macite.tg\/index.php?rest_route=\/wp\/v2\/users\/2"}],"replies":[{"embeddable":true,"href":"https:\/\/macite.tg\/index.php?rest_route=%2Fwp%2Fv2%2Fcomments&post=29279"}],"version-history":[{"count":0,"href":"https:\/\/macite.tg\/index.php?rest_route=\/wp\/v2\/posts\/29279\/revisions"}],"wp:featuredmedia":[{"embeddable":true,"href":"https:\/\/macite.tg\/index.php?rest_route=\/wp\/v2\/media\/29280"}],"wp:attachment":[{"href":"https:\/\/macite.tg\/index.php?rest_route=%2Fwp%2Fv2%2Fmedia&parent=29279"}],"wp:term":[{"taxonomy":"category","embeddable":true,"href":"https:\/\/macite.tg\/index.php?rest_route=%2Fwp%2Fv2%2Fcategories&post=29279"},{"taxonomy":"post_tag","embeddable":true,"href":"https:\/\/macite.tg\/index.php?rest_route=%2Fwp%2Fv2%2Ftags&post=29279"}],"curies":[{"name":"wp","href":"https:\/\/api.w.org\/{rel}","templated":true}]}}