{"id":29131,"date":"2026-03-19T12:29:59","date_gmt":"2026-03-19T12:29:59","guid":{"rendered":"https:\/\/macite.tg\/?p=29131"},"modified":"2026-03-19T15:30:28","modified_gmt":"2026-03-19T15:30:28","slug":"journees-fifa-togo-voici-ce-quon-peut-noter-de-la-premiere-liste-de-patrice-neveu","status":"publish","type":"post","link":"https:\/\/macite.tg\/?p=29131","title":{"rendered":"JOURNEES FIFA\/TOGO : Voici ce qu&rsquo;on peut noter de la premi\u00e8re liste de Patrice Neveu"},"content":{"rendered":"\n<p class=\"wp-block-paragraph\"><strong><em>Le Togo va bel et bien disputer les journ\u00e9es FIFA de Mars 2026. Nomm\u00e9 \u00e0 la t\u00eate des \u00c9perviers du Togo, il y a quelques semaines, le technicien fran\u00e7ais Patrice Neveu, nouveau s\u00e9lectionneur, a d\u00e9voil\u00e9, ce jeudi 19 mars, sa liste pouvant \u00e9voluer contre la Guin\u00e9e et le Niger. \u00c0 noter la premi\u00e8re de plusieurs nouveaux joueurs dont le cas Marvin Senaya.<\/em><\/strong><\/p>\n\n\n\n<p class=\"wp-block-paragraph\">Le nouveau s\u00e9lectionneur national, Patrice Neveu a anim\u00e9 un point de presse ce jeudi \u00e0 la F\u00e9d\u00e9ration Togolaise de Football (FTF). Occasion pour le technicien fran\u00e7ais de d\u00e9voiler sa premi\u00e8re liste depuis son intronisation, mais aussi et surtout d&rsquo;\u00e9claircir la lanterne du public sportif togolais sur le cas du fils de l&rsquo;ancien international togolais, Senaya Yao, Marvin Senaya. Le seul joueur convoqu\u00e9 sur le plan national, est le gardien de l&rsquo;AC Barracuda, Fabrice M. Kagbatawouli.<\/p>\n\n\n\n<figure class=\"wp-block-image size-full\"><img loading=\"lazy\" decoding=\"async\" width=\"851\" height=\"315\" src=\"https:\/\/macite.tg\/wp-content\/uploads\/2026\/03\/OTR_Bandeau-Renseignements.jpg\" alt=\"\" class=\"wp-image-29073\" srcset=\"https:\/\/macite.tg\/wp-content\/uploads\/2026\/03\/OTR_Bandeau-Renseignements.jpg 851w, https:\/\/macite.tg\/wp-content\/uploads\/2026\/03\/OTR_Bandeau-Renseignements-300x111.jpg 300w, https:\/\/macite.tg\/wp-content\/uploads\/2026\/03\/OTR_Bandeau-Renseignements-768x284.jpg 768w\" sizes=\"auto, (max-width: 851px) 100vw, 851px\" \/><\/figure>\n\n\n\n<p class=\"wp-block-paragraph\">Patrice Neveu a fait confiance \u00e0 26 joueurs. On peut noter la pr\u00e9sence des cadres comme Djene Dakonam, Denke Kevin et autre Laba Kodjo Fodoh. Plusieurs nouvelles t\u00eates int\u00e8grent le nid des \u00c9perviers. Halid Djankpata, Charles Abi ou encore Marvin Senaya. Le cas de ce dernier a fait couler beaucoup d&rsquo;encre ces derni\u00e8res 72h. Figurant sur la pr\u00e9-liste des \u00c9perviers du Togo, le joueur de l&rsquo;AJ Auxerre \u00e9tait \u00e9galement sur la liste des Blacks Stars du Ghana de Otto Addo.<\/p>\n\n\n\n<p class=\"wp-block-paragraph\">Sur la question, le s\u00e9lectionneur des \u00c9perviers a tenu \u00e0 calmer le jeu, tout en restant mesur\u00e9 sur sa position. <em>\u00ab&nbsp;Senaya a \u00e9t\u00e9 contact\u00e9, sa r\u00e9ponse m\u2019est revenue. Elle \u00e9tait positive pour le Togo. Si au rassemblement, il n\u2019est pas l\u00e0, on va tirer les conclusions. Ce que je veux dire, est qu\u2019il a donn\u00e9 son accord et un accord est verbal. Je ne veux pas rentrer dans les pol\u00e9miques. J\u2019attends et c\u2019est \u00e0 partir de l\u00e0 que je tirerai les conclusions&nbsp;\u00bb,<\/em> a-t-il confi\u00e9.<\/p>\n\n\n\n<p class=\"wp-block-paragraph\">Le regroupement d\u00e9marre le 23 mars prochain pour prendre fin le 31 Mars. Deux matchs amicaux sont au menu pour les \u00c9perviers du Togo. Le premier sera face \u00e0 la Guin\u00e9e le 27 Mars avant d&rsquo;affronter le 31 Mars le Niger.<\/p>\n\n\n<div class=\"wp-block-image\">\n<figure class=\"aligncenter size-large is-resized\"><img loading=\"lazy\" decoding=\"async\" width=\"819\" height=\"1024\" src=\"https:\/\/macite.tg\/wp-content\/uploads\/2026\/03\/e7d91a48-41b7-45b5-984d-0a535e07088e-819x1024.jpg\" alt=\"\" class=\"wp-image-29132\" style=\"width:644px;height:auto\" srcset=\"https:\/\/macite.tg\/wp-content\/uploads\/2026\/03\/e7d91a48-41b7-45b5-984d-0a535e07088e-819x1024.jpg 819w, https:\/\/macite.tg\/wp-content\/uploads\/2026\/03\/e7d91a48-41b7-45b5-984d-0a535e07088e-240x300.jpg 240w, https:\/\/macite.tg\/wp-content\/uploads\/2026\/03\/e7d91a48-41b7-45b5-984d-0a535e07088e-768x960.jpg 768w, https:\/\/macite.tg\/wp-content\/uploads\/2026\/03\/e7d91a48-41b7-45b5-984d-0a535e07088e.jpg 1024w\" sizes=\"auto, (max-width: 819px) 100vw, 819px\" \/><\/figure>\n<\/div>\n\n\n<p class=\"wp-block-paragraph\"><strong>A.D.<\/strong><\/p>\n\n\n\n<p class=\"wp-block-paragraph\"><a><strong><em>@macite.tg&nbsp;&nbsp;&nbsp;&nbsp;&nbsp;&nbsp;&nbsp;&nbsp;<\/em><\/strong><\/a><\/p>\n\n\n\n<p class=\"wp-block-paragraph\"><strong><em>E-mail&nbsp;: <\/em><\/strong><a href=\"mailto:maciteinfo@gmail.com\"><strong><em>maciteinfo@gmail.com<\/em><\/strong><\/a><strong><em>; <\/em><\/strong><a href=\"mailto:bawela1@gmail.com\"><strong><em>bawela1@gmail.com<\/em><\/strong><\/a><strong><em><\/em><\/strong><\/p>\n\n\n\n<p class=\"wp-block-paragraph\"><strong><em>Pour vos annonces, (publi)reportages, etc., joignez-nous au (00228)91515309\/<strong>79872224 <\/strong><strong><\/strong><\/em><\/strong><\/p>\n\n\n\n<p class=\"wp-block-paragraph\"><strong><em>www.macite.tg, L\u2019information, la bonne&nbsp;!<\/em><\/strong><\/p>\n","protected":false},"excerpt":{"rendered":"<p class=\"text-justify mb-2\" >Le Togo va bel et bien disputer les journ\u00e9es FIFA de Mars 2026. Nomm\u00e9 \u00e0 la t\u00eate des \u00c9perviers du Togo, il y a quelques semaines, le technicien fran\u00e7ais Patrice Neveu, nouveau s\u00e9lectionneur, a d\u00e9voil\u00e9, ce jeudi 19 mars, sa liste pouvant \u00e9voluer contre la [&hellip;]<\/p>\n","protected":false},"author":2,"featured_media":29133,"comment_status":"open","ping_status":"open","sticky":false,"template":"","format":"standard","meta":{"footnotes":""},"categories":[20,63,7],"tags":[],"class_list":["post-29131","post","type-post","status-publish","format-standard","has-post-thumbnail","hentry","category-actualite","category-football","category-sports"],"yoast_head":"<!-- This site is optimized with the Yoast SEO plugin v28.4 - https:\/\/yoast.com\/product\/yoast-seo-wordpress\/ -->\n<title>JOURNEES FIFA\/TOGO : Voici ce qu&#039;on peut noter de la premi\u00e8re liste de Patrice Neveu -<\/title>\n<meta name=\"robots\" content=\"index, follow, max-snippet:-1, max-image-preview:large, max-video-preview:-1\" \/>\n<link rel=\"canonical\" href=\"https:\/\/macite.tg\/?p=29131\" \/>\n<meta property=\"og:locale\" content=\"fr_FR\" \/>\n<meta property=\"og:type\" content=\"article\" \/>\n<meta property=\"og:title\" content=\"JOURNEES FIFA\/TOGO : Voici ce qu&#039;on peut noter de la premi\u00e8re liste de Patrice Neveu -\" \/>\n<meta property=\"og:description\" content=\"Le Togo va bel et bien disputer les journ\u00e9es FIFA de Mars 2026. Nomm\u00e9 \u00e0 la t\u00eate des \u00c9perviers du Togo, il y a quelques semaines, le technicien fran\u00e7ais Patrice Neveu, nouveau s\u00e9lectionneur, a d\u00e9voil\u00e9, ce jeudi 19 mars, sa liste pouvant \u00e9voluer contre la [&hellip;]\" \/>\n<meta property=\"og:url\" content=\"https:\/\/macite.tg\/?p=29131\" \/>\n<meta property=\"article:published_time\" content=\"2026-03-19T12:29:59+00:00\" \/>\n<meta property=\"article:modified_time\" content=\"2026-03-19T15:30:28+00:00\" \/>\n<meta property=\"og:image\" content=\"https:\/\/macite.tg\/wp-content\/uploads\/2026\/03\/Eperviers_Neveu.jpg\" \/>\n\t<meta property=\"og:image:width\" content=\"500\" \/>\n\t<meta property=\"og:image:height\" content=\"166\" \/>\n\t<meta property=\"og:image:type\" content=\"image\/jpeg\" \/>\n<meta name=\"author\" content=\"Jean Pierre BAWELA\" \/>\n<meta name=\"twitter:card\" content=\"summary_large_image\" \/>\n<meta name=\"twitter:label1\" content=\"\u00c9crit par\" \/>\n\t<meta name=\"twitter:data1\" content=\"Jean Pierre BAWELA\" \/>\n\t<meta name=\"twitter:label2\" content=\"Dur\u00e9e de lecture estim\u00e9e\" \/>\n\t<meta name=\"twitter:data2\" content=\"3 minutes\" \/>\n<script type=\"application\/ld+json\" class=\"yoast-schema-graph\">{\"@context\":\"https:\\\/\\\/schema.org\",\"@graph\":[{\"@type\":\"Article\",\"@id\":\"https:\\\/\\\/macite.tg\\\/?p=29131#article\",\"isPartOf\":{\"@id\":\"https:\\\/\\\/macite.tg\\\/?p=29131\"},\"author\":{\"name\":\"Jean Pierre BAWELA\",\"@id\":\"https:\\\/\\\/macite.tg\\\/#\\\/schema\\\/person\\\/e9f2de7e5dbbe7770a9402c7ce82f5c2\"},\"headline\":\"JOURNEES FIFA\\\/TOGO : Voici ce qu&rsquo;on peut noter de la premi\u00e8re liste de Patrice Neveu\",\"datePublished\":\"2026-03-19T12:29:59+00:00\",\"dateModified\":\"2026-03-19T15:30:28+00:00\",\"mainEntityOfPage\":{\"@id\":\"https:\\\/\\\/macite.tg\\\/?p=29131\"},\"wordCount\":417,\"commentCount\":0,\"image\":{\"@id\":\"https:\\\/\\\/macite.tg\\\/?p=29131#primaryimage\"},\"thumbnailUrl\":\"https:\\\/\\\/macite.tg\\\/wp-content\\\/uploads\\\/2026\\\/03\\\/Eperviers_Neveu.jpg\",\"articleSection\":[\"ACTUALITE\",\"FOOTBALL\",\"SPORTS\"],\"inLanguage\":\"fr-FR\",\"potentialAction\":[{\"@type\":\"CommentAction\",\"name\":\"Comment\",\"target\":[\"https:\\\/\\\/macite.tg\\\/?p=29131#respond\"]}]},{\"@type\":\"WebPage\",\"@id\":\"https:\\\/\\\/macite.tg\\\/?p=29131\",\"url\":\"https:\\\/\\\/macite.tg\\\/?p=29131\",\"name\":\"JOURNEES FIFA\\\/TOGO : Voici ce qu'on peut noter de la premi\u00e8re liste de Patrice Neveu -\",\"isPartOf\":{\"@id\":\"https:\\\/\\\/macite.tg\\\/#website\"},\"primaryImageOfPage\":{\"@id\":\"https:\\\/\\\/macite.tg\\\/?p=29131#primaryimage\"},\"image\":{\"@id\":\"https:\\\/\\\/macite.tg\\\/?p=29131#primaryimage\"},\"thumbnailUrl\":\"https:\\\/\\\/macite.tg\\\/wp-content\\\/uploads\\\/2026\\\/03\\\/Eperviers_Neveu.jpg\",\"datePublished\":\"2026-03-19T12:29:59+00:00\",\"dateModified\":\"2026-03-19T15:30:28+00:00\",\"author\":{\"@id\":\"https:\\\/\\\/macite.tg\\\/#\\\/schema\\\/person\\\/e9f2de7e5dbbe7770a9402c7ce82f5c2\"},\"breadcrumb\":{\"@id\":\"https:\\\/\\\/macite.tg\\\/?p=29131#breadcrumb\"},\"inLanguage\":\"fr-FR\",\"potentialAction\":[{\"@type\":\"ReadAction\",\"target\":[\"https:\\\/\\\/macite.tg\\\/?p=29131\"]}]},{\"@type\":\"ImageObject\",\"inLanguage\":\"fr-FR\",\"@id\":\"https:\\\/\\\/macite.tg\\\/?p=29131#primaryimage\",\"url\":\"https:\\\/\\\/macite.tg\\\/wp-content\\\/uploads\\\/2026\\\/03\\\/Eperviers_Neveu.jpg\",\"contentUrl\":\"https:\\\/\\\/macite.tg\\\/wp-content\\\/uploads\\\/2026\\\/03\\\/Eperviers_Neveu.jpg\",\"width\":500,\"height\":166},{\"@type\":\"BreadcrumbList\",\"@id\":\"https:\\\/\\\/macite.tg\\\/?p=29131#breadcrumb\",\"itemListElement\":[{\"@type\":\"ListItem\",\"position\":1,\"name\":\"Accueil\",\"item\":\"https:\\\/\\\/macite.tg\\\/\"},{\"@type\":\"ListItem\",\"position\":2,\"name\":\"JOURNEES FIFA\\\/TOGO : Voici ce qu&rsquo;on peut noter de la premi\u00e8re liste de Patrice Neveu\"}]},{\"@type\":\"WebSite\",\"@id\":\"https:\\\/\\\/macite.tg\\\/#website\",\"url\":\"https:\\\/\\\/macite.tg\\\/\",\"name\":\"\",\"description\":\"L&#039;information, la bonne!!!\",\"potentialAction\":[{\"@type\":\"SearchAction\",\"target\":{\"@type\":\"EntryPoint\",\"urlTemplate\":\"https:\\\/\\\/macite.tg\\\/?s={search_term_string}\"},\"query-input\":{\"@type\":\"PropertyValueSpecification\",\"valueRequired\":true,\"valueName\":\"search_term_string\"}}],\"inLanguage\":\"fr-FR\"},{\"@type\":\"Person\",\"@id\":\"https:\\\/\\\/macite.tg\\\/#\\\/schema\\\/person\\\/e9f2de7e5dbbe7770a9402c7ce82f5c2\",\"name\":\"Jean Pierre BAWELA\",\"image\":{\"@type\":\"ImageObject\",\"inLanguage\":\"fr-FR\",\"@id\":\"https:\\\/\\\/macite.tg\\\/wp-content\\\/uploads\\\/2023\\\/09\\\/WhatsApp-Image-2023-09-19-at-14.44.41-122x122.jpeg\",\"url\":\"https:\\\/\\\/macite.tg\\\/wp-content\\\/uploads\\\/2023\\\/09\\\/WhatsApp-Image-2023-09-19-at-14.44.41-122x122.jpeg\",\"contentUrl\":\"https:\\\/\\\/macite.tg\\\/wp-content\\\/uploads\\\/2023\\\/09\\\/WhatsApp-Image-2023-09-19-at-14.44.41-122x122.jpeg\",\"caption\":\"Jean Pierre BAWELA\"},\"url\":\"https:\\\/\\\/macite.tg\\\/?author=2\"}]}<\/script>\n<!-- \/ Yoast SEO plugin. -->","yoast_head_json":{"title":"JOURNEES FIFA\/TOGO : Voici ce qu'on peut noter de la premi\u00e8re liste de Patrice Neveu -","robots":{"index":"index","follow":"follow","max-snippet":"max-snippet:-1","max-image-preview":"max-image-preview:large","max-video-preview":"max-video-preview:-1"},"canonical":"https:\/\/macite.tg\/?p=29131","og_locale":"fr_FR","og_type":"article","og_title":"JOURNEES FIFA\/TOGO : Voici ce qu'on peut noter de la premi\u00e8re liste de Patrice Neveu -","og_description":"Le Togo va bel et bien disputer les journ\u00e9es FIFA de Mars 2026. Nomm\u00e9 \u00e0 la t\u00eate des \u00c9perviers du Togo, il y a quelques semaines, le technicien fran\u00e7ais Patrice Neveu, nouveau s\u00e9lectionneur, a d\u00e9voil\u00e9, ce jeudi 19 mars, sa liste pouvant \u00e9voluer contre la [&hellip;]","og_url":"https:\/\/macite.tg\/?p=29131","article_published_time":"2026-03-19T12:29:59+00:00","article_modified_time":"2026-03-19T15:30:28+00:00","og_image":[{"width":500,"height":166,"url":"https:\/\/macite.tg\/wp-content\/uploads\/2026\/03\/Eperviers_Neveu.jpg","type":"image\/jpeg"}],"author":"Jean Pierre BAWELA","twitter_card":"summary_large_image","twitter_misc":{"\u00c9crit par":"Jean Pierre BAWELA","Dur\u00e9e de lecture estim\u00e9e":"3 minutes"},"schema":{"@context":"https:\/\/schema.org","@graph":[{"@type":"Article","@id":"https:\/\/macite.tg\/?p=29131#article","isPartOf":{"@id":"https:\/\/macite.tg\/?p=29131"},"author":{"name":"Jean Pierre BAWELA","@id":"https:\/\/macite.tg\/#\/schema\/person\/e9f2de7e5dbbe7770a9402c7ce82f5c2"},"headline":"JOURNEES FIFA\/TOGO : Voici ce qu&rsquo;on peut noter de la premi\u00e8re liste de Patrice Neveu","datePublished":"2026-03-19T12:29:59+00:00","dateModified":"2026-03-19T15:30:28+00:00","mainEntityOfPage":{"@id":"https:\/\/macite.tg\/?p=29131"},"wordCount":417,"commentCount":0,"image":{"@id":"https:\/\/macite.tg\/?p=29131#primaryimage"},"thumbnailUrl":"https:\/\/macite.tg\/wp-content\/uploads\/2026\/03\/Eperviers_Neveu.jpg","articleSection":["ACTUALITE","FOOTBALL","SPORTS"],"inLanguage":"fr-FR","potentialAction":[{"@type":"CommentAction","name":"Comment","target":["https:\/\/macite.tg\/?p=29131#respond"]}]},{"@type":"WebPage","@id":"https:\/\/macite.tg\/?p=29131","url":"https:\/\/macite.tg\/?p=29131","name":"JOURNEES FIFA\/TOGO : Voici ce qu'on peut noter de la premi\u00e8re liste de Patrice Neveu -","isPartOf":{"@id":"https:\/\/macite.tg\/#website"},"primaryImageOfPage":{"@id":"https:\/\/macite.tg\/?p=29131#primaryimage"},"image":{"@id":"https:\/\/macite.tg\/?p=29131#primaryimage"},"thumbnailUrl":"https:\/\/macite.tg\/wp-content\/uploads\/2026\/03\/Eperviers_Neveu.jpg","datePublished":"2026-03-19T12:29:59+00:00","dateModified":"2026-03-19T15:30:28+00:00","author":{"@id":"https:\/\/macite.tg\/#\/schema\/person\/e9f2de7e5dbbe7770a9402c7ce82f5c2"},"breadcrumb":{"@id":"https:\/\/macite.tg\/?p=29131#breadcrumb"},"inLanguage":"fr-FR","potentialAction":[{"@type":"ReadAction","target":["https:\/\/macite.tg\/?p=29131"]}]},{"@type":"ImageObject","inLanguage":"fr-FR","@id":"https:\/\/macite.tg\/?p=29131#primaryimage","url":"https:\/\/macite.tg\/wp-content\/uploads\/2026\/03\/Eperviers_Neveu.jpg","contentUrl":"https:\/\/macite.tg\/wp-content\/uploads\/2026\/03\/Eperviers_Neveu.jpg","width":500,"height":166},{"@type":"BreadcrumbList","@id":"https:\/\/macite.tg\/?p=29131#breadcrumb","itemListElement":[{"@type":"ListItem","position":1,"name":"Accueil","item":"https:\/\/macite.tg\/"},{"@type":"ListItem","position":2,"name":"JOURNEES FIFA\/TOGO : Voici ce qu&rsquo;on peut noter de la premi\u00e8re liste de Patrice Neveu"}]},{"@type":"WebSite","@id":"https:\/\/macite.tg\/#website","url":"https:\/\/macite.tg\/","name":"","description":"L&#039;information, la bonne!!!","potentialAction":[{"@type":"SearchAction","target":{"@type":"EntryPoint","urlTemplate":"https:\/\/macite.tg\/?s={search_term_string}"},"query-input":{"@type":"PropertyValueSpecification","valueRequired":true,"valueName":"search_term_string"}}],"inLanguage":"fr-FR"},{"@type":"Person","@id":"https:\/\/macite.tg\/#\/schema\/person\/e9f2de7e5dbbe7770a9402c7ce82f5c2","name":"Jean Pierre BAWELA","image":{"@type":"ImageObject","inLanguage":"fr-FR","@id":"https:\/\/macite.tg\/wp-content\/uploads\/2023\/09\/WhatsApp-Image-2023-09-19-at-14.44.41-122x122.jpeg","url":"https:\/\/macite.tg\/wp-content\/uploads\/2023\/09\/WhatsApp-Image-2023-09-19-at-14.44.41-122x122.jpeg","contentUrl":"https:\/\/macite.tg\/wp-content\/uploads\/2023\/09\/WhatsApp-Image-2023-09-19-at-14.44.41-122x122.jpeg","caption":"Jean Pierre BAWELA"},"url":"https:\/\/macite.tg\/?author=2"}]}},"_links":{"self":[{"href":"https:\/\/macite.tg\/index.php?rest_route=\/wp\/v2\/posts\/29131","targetHints":{"allow":["GET"]}}],"collection":[{"href":"https:\/\/macite.tg\/index.php?rest_route=\/wp\/v2\/posts"}],"about":[{"href":"https:\/\/macite.tg\/index.php?rest_route=\/wp\/v2\/types\/post"}],"author":[{"embeddable":true,"href":"https:\/\/macite.tg\/index.php?rest_route=\/wp\/v2\/users\/2"}],"replies":[{"embeddable":true,"href":"https:\/\/macite.tg\/index.php?rest_route=%2Fwp%2Fv2%2Fcomments&post=29131"}],"version-history":[{"count":0,"href":"https:\/\/macite.tg\/index.php?rest_route=\/wp\/v2\/posts\/29131\/revisions"}],"wp:featuredmedia":[{"embeddable":true,"href":"https:\/\/macite.tg\/index.php?rest_route=\/wp\/v2\/media\/29133"}],"wp:attachment":[{"href":"https:\/\/macite.tg\/index.php?rest_route=%2Fwp%2Fv2%2Fmedia&parent=29131"}],"wp:term":[{"taxonomy":"category","embeddable":true,"href":"https:\/\/macite.tg\/index.php?rest_route=%2Fwp%2Fv2%2Fcategories&post=29131"},{"taxonomy":"post_tag","embeddable":true,"href":"https:\/\/macite.tg\/index.php?rest_route=%2Fwp%2Fv2%2Ftags&post=29131"}],"curies":[{"name":"wp","href":"https:\/\/api.w.org\/{rel}","templated":true}]}}