{"id":29114,"date":"2026-03-19T10:27:44","date_gmt":"2026-03-19T10:27:44","guid":{"rendered":"https:\/\/macite.tg\/?p=29114"},"modified":"2026-03-19T10:27:54","modified_gmt":"2026-03-19T10:27:54","slug":"acces-a-lelectricite-les-mini-grids-une-des-solutions-durables-utilisees-par-le-togo","status":"publish","type":"post","link":"https:\/\/macite.tg\/?p=29114","title":{"rendered":"ACCES A L\u2019ELECTRICITE\u00a0: Les mini-grids, une des solutions durables utilis\u00e9es par le Togo"},"content":{"rendered":"\n<p class=\"wp-block-paragraph\"><strong><em>La qu\u00eate d&rsquo;un acc\u00e8s universel \u00e0 l&rsquo;\u00e9lectricit\u00e9 s&rsquo;appuie d\u00e9sormais sur des solutions innovantes et adapt\u00e9es aux r\u00e9alit\u00e9s du territoire. Parmi celles-ci, les mini-grids se distinguent comme de puissants vecteurs d&rsquo;\u00e9lectrification des localit\u00e9s \u00e9loign\u00e9es du r\u00e9seau national et de rapprochement de l&rsquo;\u00e9nergie des populations.<\/em><\/strong><\/p>\n\n\n\n<p class=\"wp-block-paragraph\">Les mini-grids, ou mini-r\u00e9seaux \u00e9lectriques, sont des syst\u00e8mes autonomes de production et de distribution d&rsquo;\u00e9lectricit\u00e9. G\u00e9n\u00e9ralement aliment\u00e9s par des sources d&rsquo;\u00e9nergie renouvelable, notamment l&rsquo;\u00e9nergie solaire, ils permettent de produire localement de l&rsquo;\u00e9lectricit\u00e9 de mani\u00e8re fiable et de la distribuer \u00e0 un groupe de m\u00e9nages, d&rsquo;entreprises ou d&rsquo;infrastructures communautaires situ\u00e9s dans une m\u00eame zone.<\/p>\n\n\n\n<p class=\"wp-block-paragraph\">Contrairement aux grands r\u00e9seaux nationaux, dont l&rsquo;extension peut s&rsquo;av\u00e9rer co\u00fbteuse et techniquement complexe dans certaines r\u00e9gions rurales, les mini-grids offrent une solution flexible, rapide \u00e0 d\u00e9ployer et \u00e9conomiquement viable. Leur installation ne n\u00e9cessite pas d&rsquo;importantes infrastructures de transport d&rsquo;\u00e9nergie, ce qui r\u00e9duit consid\u00e9rablement les d\u00e9lais et les co\u00fbts.<\/p>\n\n\n<div class=\"wp-block-image\">\n<figure class=\"aligncenter size-full\"><img loading=\"lazy\" decoding=\"async\" width=\"500\" height=\"625\" src=\"https:\/\/macite.tg\/wp-content\/uploads\/2026\/03\/Webinaire-otr.png\" alt=\"\" class=\"wp-image-29088\" srcset=\"https:\/\/macite.tg\/wp-content\/uploads\/2026\/03\/Webinaire-otr.png 500w, https:\/\/macite.tg\/wp-content\/uploads\/2026\/03\/Webinaire-otr-240x300.png 240w\" sizes=\"auto, (max-width: 500px) 100vw, 500px\" \/><\/figure>\n<\/div>\n\n\n<p class=\"wp-block-paragraph\"><strong>R\u00e9duire le d\u00e9ficit \u00e9nerg\u00e9tique<\/strong><\/p>\n\n\n\n<p class=\"wp-block-paragraph\">Pour le Togo, il s&rsquo;agit d&rsquo;un enjeu majeur : r\u00e9duire la fracture et le d\u00e9ficit \u00e9nerg\u00e9tique. De nombreuses communaut\u00e9s rurales restent encore \u00e9loign\u00e9es des lignes \u00e9lectriques traditionnelles. Les mini-grids apparaissent ainsi comme une r\u00e9ponse efficace pour combler ce d\u00e9ficit \u00e9nerg\u00e9tique et rapprocher les services essentiels des populations.<\/p>\n\n\n\n<p class=\"wp-block-paragraph\">En 2022, quatre mini-grids ont \u00e9t\u00e9 construites sur le territoire : une dans la r\u00e9gion des Plateaux, une dans la Centrale, une dans la r\u00e9gion de la Kara et la derni\u00e8re dans les Savanes. Quatre autres mini-grids ont \u00e9t\u00e9 construites en 2023, toujours dans les m\u00eames r\u00e9gions.<\/p>\n\n\n\n<p class=\"wp-block-paragraph\">En 2024, l&rsquo;activit\u00e9 de construction de mini-grids \u00e9tait en cours de r\u00e9alisation et devrait \u00eatre finalis\u00e9e en 2025, avec \u00e0 cl\u00e9 sept mini-grids pour le compte de sept localit\u00e9s dans les r\u00e9gions Maritime et des Plateaux. Le taux de couverture du territoire en r\u00e9seau \u00e9lectrique \u00e9tait de 70 % en 2024 et est mont\u00e9 \u00e0 75 % en 2025. Les mini-grids y ont largement contribu\u00e9.<\/p>\n\n\n\n<p class=\"wp-block-paragraph\"><strong>Le quotidien des b\u00e9n\u00e9ficiaires transform\u00e9<\/strong><\/p>\n\n\n\n<p class=\"wp-block-paragraph\">L&rsquo;\u00e9lectricit\u00e9 fournie par ces installations transforme le quotidien dans les localit\u00e9s b\u00e9n\u00e9ficiaires. Elle permet l&rsquo;\u00e9clairage des habitations, le fonctionnement des \u00e9coles et des centres de sant\u00e9, le d\u00e9veloppement de petites activit\u00e9s \u00e9conomiques, la lutte contre le banditisme nocturne et l&rsquo;ins\u00e9curit\u00e9. Les artisans, les commer\u00e7ants et les transformateurs de produits agricoles travaillent plus longtemps dans la journ\u00e9e et dans de meilleures conditions.<\/p>\n\n\n<div class=\"wp-block-image\">\n<figure class=\"aligncenter size-full is-resized\"><img loading=\"lazy\" decoding=\"async\" width=\"500\" height=\"304\" src=\"https:\/\/macite.tg\/wp-content\/uploads\/2026\/03\/OTR_SAM.jpg\" alt=\"\" class=\"wp-image-29055\" style=\"width:621px;height:auto\" srcset=\"https:\/\/macite.tg\/wp-content\/uploads\/2026\/03\/OTR_SAM.jpg 500w, https:\/\/macite.tg\/wp-content\/uploads\/2026\/03\/OTR_SAM-300x182.jpg 300w\" sizes=\"auto, (max-width: 500px) 100vw, 500px\" \/><\/figure>\n<\/div>\n\n\n<p class=\"wp-block-paragraph\">Les mini-grids sont \u00e9galement pris\u00e9es pour leur dimension \u00e9cologique. En privil\u00e9giant les \u00e9nergies renouvelables, elles contribuent \u00e0 r\u00e9duire la d\u00e9pendance aux combustibles fossiles et \u00e0 limiter les \u00e9missions de gaz \u00e0 effet de serre.<\/p>\n\n\n\n<p class=\"wp-block-paragraph\">Un autre avantage r\u00e9side dans leur capacit\u00e9 d&rsquo;adaptation. Les mini-r\u00e9seaux peuvent \u00eatre progressivement \u00e9tendus pour r\u00e9pondre \u00e0 l&rsquo;augmentation de la demande en \u00e9lectricit\u00e9. Ils constituent ainsi une solution \u00e9volutive qui accompagne la croissance des localit\u00e9s.<\/p>\n\n\n\n<p class=\"wp-block-paragraph\"><strong>La R\u00e9daction<\/strong><\/p>\n\n\n\n<p class=\"wp-block-paragraph\"><a><strong><em>@macite.tg&nbsp;&nbsp;&nbsp;&nbsp;&nbsp;&nbsp;&nbsp;&nbsp;<\/em><\/strong><\/a><\/p>\n\n\n\n<p class=\"wp-block-paragraph\"><strong><em>E-mail&nbsp;: <\/em><\/strong><a href=\"mailto:maciteinfo@gmail.com\"><strong><em>maciteinfo@gmail.com<\/em><\/strong><\/a><strong><em>; <\/em><\/strong><a href=\"mailto:bawela1@gmail.com\"><strong><em>bawela1@gmail.com<\/em><\/strong><\/a><strong><em><\/em><\/strong><\/p>\n\n\n\n<p class=\"wp-block-paragraph\"><strong><em>Pour vos annonces, (publi)reportages, etc., joignez-nous au (00228)91515309\/<strong>79872224 <\/strong><strong><\/strong><\/em><\/strong><\/p>\n\n\n\n<p class=\"wp-block-paragraph\"><strong><em>www.macite.tg, L\u2019information, la bonne&nbsp;!<\/em><\/strong><\/p>\n","protected":false},"excerpt":{"rendered":"<p class=\"text-justify mb-2\" >La qu\u00eate d&rsquo;un acc\u00e8s universel \u00e0 l&rsquo;\u00e9lectricit\u00e9 s&rsquo;appuie d\u00e9sormais sur des solutions innovantes et adapt\u00e9es aux r\u00e9alit\u00e9s du territoire. Parmi celles-ci, les mini-grids se distinguent comme de puissants vecteurs d&rsquo;\u00e9lectrification des localit\u00e9s \u00e9loign\u00e9es du r\u00e9seau national et de rapprochement de l&rsquo;\u00e9nergie des populations. Les mini-grids, [&hellip;]<\/p>\n","protected":false},"author":2,"featured_media":29117,"comment_status":"open","ping_status":"open","sticky":false,"template":"","format":"standard","meta":{"footnotes":""},"categories":[20,38],"tags":[],"class_list":["post-29114","post","type-post","status-publish","format-standard","has-post-thumbnail","hentry","category-actualite","category-energie"],"yoast_head":"<!-- This site is optimized with the Yoast SEO plugin v28.4 - https:\/\/yoast.com\/product\/yoast-seo-wordpress\/ -->\n<title>ACCES A L\u2019ELECTRICITE\u00a0: Les mini-grids, une des solutions durables utilis\u00e9es par le Togo -<\/title>\n<meta name=\"robots\" content=\"index, follow, max-snippet:-1, max-image-preview:large, max-video-preview:-1\" \/>\n<link rel=\"canonical\" href=\"https:\/\/macite.tg\/?p=29114\" \/>\n<meta property=\"og:locale\" content=\"fr_FR\" \/>\n<meta property=\"og:type\" content=\"article\" \/>\n<meta property=\"og:title\" content=\"ACCES A L\u2019ELECTRICITE\u00a0: Les mini-grids, une des solutions durables utilis\u00e9es par le Togo -\" \/>\n<meta property=\"og:description\" content=\"La qu\u00eate d&rsquo;un acc\u00e8s universel \u00e0 l&rsquo;\u00e9lectricit\u00e9 s&rsquo;appuie d\u00e9sormais sur des solutions innovantes et adapt\u00e9es aux r\u00e9alit\u00e9s du territoire. Parmi celles-ci, les mini-grids se distinguent comme de puissants vecteurs d&rsquo;\u00e9lectrification des localit\u00e9s \u00e9loign\u00e9es du r\u00e9seau national et de rapprochement de l&rsquo;\u00e9nergie des populations. Les mini-grids, [&hellip;]\" \/>\n<meta property=\"og:url\" content=\"https:\/\/macite.tg\/?p=29114\" \/>\n<meta property=\"article:published_time\" content=\"2026-03-19T10:27:44+00:00\" \/>\n<meta property=\"article:modified_time\" content=\"2026-03-19T10:27:54+00:00\" \/>\n<meta property=\"og:image\" content=\"https:\/\/macite.tg\/wp-content\/uploads\/2026\/03\/Energie.jpg\" \/>\n\t<meta property=\"og:image:width\" content=\"500\" \/>\n\t<meta property=\"og:image:height\" content=\"306\" \/>\n\t<meta property=\"og:image:type\" content=\"image\/jpeg\" \/>\n<meta name=\"author\" content=\"Jean Pierre BAWELA\" \/>\n<meta name=\"twitter:card\" content=\"summary_large_image\" \/>\n<meta name=\"twitter:label1\" content=\"\u00c9crit par\" \/>\n\t<meta name=\"twitter:data1\" content=\"Jean Pierre BAWELA\" \/>\n\t<meta name=\"twitter:label2\" content=\"Dur\u00e9e de lecture estim\u00e9e\" \/>\n\t<meta name=\"twitter:data2\" content=\"3 minutes\" \/>\n<script type=\"application\/ld+json\" class=\"yoast-schema-graph\">{\"@context\":\"https:\\\/\\\/schema.org\",\"@graph\":[{\"@type\":\"Article\",\"@id\":\"https:\\\/\\\/macite.tg\\\/?p=29114#article\",\"isPartOf\":{\"@id\":\"https:\\\/\\\/macite.tg\\\/?p=29114\"},\"author\":{\"name\":\"Jean Pierre BAWELA\",\"@id\":\"https:\\\/\\\/macite.tg\\\/#\\\/schema\\\/person\\\/e9f2de7e5dbbe7770a9402c7ce82f5c2\"},\"headline\":\"ACCES A L\u2019ELECTRICITE\u00a0: Les mini-grids, une des solutions durables utilis\u00e9es par le Togo\",\"datePublished\":\"2026-03-19T10:27:44+00:00\",\"dateModified\":\"2026-03-19T10:27:54+00:00\",\"mainEntityOfPage\":{\"@id\":\"https:\\\/\\\/macite.tg\\\/?p=29114\"},\"wordCount\":563,\"commentCount\":0,\"image\":{\"@id\":\"https:\\\/\\\/macite.tg\\\/?p=29114#primaryimage\"},\"thumbnailUrl\":\"https:\\\/\\\/macite.tg\\\/wp-content\\\/uploads\\\/2026\\\/03\\\/Energie.jpg\",\"articleSection\":[\"ACTUALITE\",\"ENERGIE\"],\"inLanguage\":\"fr-FR\",\"potentialAction\":[{\"@type\":\"CommentAction\",\"name\":\"Comment\",\"target\":[\"https:\\\/\\\/macite.tg\\\/?p=29114#respond\"]}]},{\"@type\":\"WebPage\",\"@id\":\"https:\\\/\\\/macite.tg\\\/?p=29114\",\"url\":\"https:\\\/\\\/macite.tg\\\/?p=29114\",\"name\":\"ACCES A L\u2019ELECTRICITE\u00a0: Les mini-grids, une des solutions durables utilis\u00e9es par le Togo -\",\"isPartOf\":{\"@id\":\"https:\\\/\\\/macite.tg\\\/#website\"},\"primaryImageOfPage\":{\"@id\":\"https:\\\/\\\/macite.tg\\\/?p=29114#primaryimage\"},\"image\":{\"@id\":\"https:\\\/\\\/macite.tg\\\/?p=29114#primaryimage\"},\"thumbnailUrl\":\"https:\\\/\\\/macite.tg\\\/wp-content\\\/uploads\\\/2026\\\/03\\\/Energie.jpg\",\"datePublished\":\"2026-03-19T10:27:44+00:00\",\"dateModified\":\"2026-03-19T10:27:54+00:00\",\"author\":{\"@id\":\"https:\\\/\\\/macite.tg\\\/#\\\/schema\\\/person\\\/e9f2de7e5dbbe7770a9402c7ce82f5c2\"},\"breadcrumb\":{\"@id\":\"https:\\\/\\\/macite.tg\\\/?p=29114#breadcrumb\"},\"inLanguage\":\"fr-FR\",\"potentialAction\":[{\"@type\":\"ReadAction\",\"target\":[\"https:\\\/\\\/macite.tg\\\/?p=29114\"]}]},{\"@type\":\"ImageObject\",\"inLanguage\":\"fr-FR\",\"@id\":\"https:\\\/\\\/macite.tg\\\/?p=29114#primaryimage\",\"url\":\"https:\\\/\\\/macite.tg\\\/wp-content\\\/uploads\\\/2026\\\/03\\\/Energie.jpg\",\"contentUrl\":\"https:\\\/\\\/macite.tg\\\/wp-content\\\/uploads\\\/2026\\\/03\\\/Energie.jpg\",\"width\":500,\"height\":306},{\"@type\":\"BreadcrumbList\",\"@id\":\"https:\\\/\\\/macite.tg\\\/?p=29114#breadcrumb\",\"itemListElement\":[{\"@type\":\"ListItem\",\"position\":1,\"name\":\"Accueil\",\"item\":\"https:\\\/\\\/macite.tg\\\/\"},{\"@type\":\"ListItem\",\"position\":2,\"name\":\"ACCES A L\u2019ELECTRICITE\u00a0: Les mini-grids, une des solutions durables utilis\u00e9es par le Togo\"}]},{\"@type\":\"WebSite\",\"@id\":\"https:\\\/\\\/macite.tg\\\/#website\",\"url\":\"https:\\\/\\\/macite.tg\\\/\",\"name\":\"\",\"description\":\"L&#039;information, la bonne!!!\",\"potentialAction\":[{\"@type\":\"SearchAction\",\"target\":{\"@type\":\"EntryPoint\",\"urlTemplate\":\"https:\\\/\\\/macite.tg\\\/?s={search_term_string}\"},\"query-input\":{\"@type\":\"PropertyValueSpecification\",\"valueRequired\":true,\"valueName\":\"search_term_string\"}}],\"inLanguage\":\"fr-FR\"},{\"@type\":\"Person\",\"@id\":\"https:\\\/\\\/macite.tg\\\/#\\\/schema\\\/person\\\/e9f2de7e5dbbe7770a9402c7ce82f5c2\",\"name\":\"Jean Pierre BAWELA\",\"image\":{\"@type\":\"ImageObject\",\"inLanguage\":\"fr-FR\",\"@id\":\"https:\\\/\\\/macite.tg\\\/wp-content\\\/uploads\\\/2023\\\/09\\\/WhatsApp-Image-2023-09-19-at-14.44.41-122x122.jpeg\",\"url\":\"https:\\\/\\\/macite.tg\\\/wp-content\\\/uploads\\\/2023\\\/09\\\/WhatsApp-Image-2023-09-19-at-14.44.41-122x122.jpeg\",\"contentUrl\":\"https:\\\/\\\/macite.tg\\\/wp-content\\\/uploads\\\/2023\\\/09\\\/WhatsApp-Image-2023-09-19-at-14.44.41-122x122.jpeg\",\"caption\":\"Jean Pierre BAWELA\"},\"url\":\"https:\\\/\\\/macite.tg\\\/?author=2\"}]}<\/script>\n<!-- \/ Yoast SEO plugin. -->","yoast_head_json":{"title":"ACCES A L\u2019ELECTRICITE\u00a0: Les mini-grids, une des solutions durables utilis\u00e9es par le Togo -","robots":{"index":"index","follow":"follow","max-snippet":"max-snippet:-1","max-image-preview":"max-image-preview:large","max-video-preview":"max-video-preview:-1"},"canonical":"https:\/\/macite.tg\/?p=29114","og_locale":"fr_FR","og_type":"article","og_title":"ACCES A L\u2019ELECTRICITE\u00a0: Les mini-grids, une des solutions durables utilis\u00e9es par le Togo -","og_description":"La qu\u00eate d&rsquo;un acc\u00e8s universel \u00e0 l&rsquo;\u00e9lectricit\u00e9 s&rsquo;appuie d\u00e9sormais sur des solutions innovantes et adapt\u00e9es aux r\u00e9alit\u00e9s du territoire. Parmi celles-ci, les mini-grids se distinguent comme de puissants vecteurs d&rsquo;\u00e9lectrification des localit\u00e9s \u00e9loign\u00e9es du r\u00e9seau national et de rapprochement de l&rsquo;\u00e9nergie des populations. Les mini-grids, [&hellip;]","og_url":"https:\/\/macite.tg\/?p=29114","article_published_time":"2026-03-19T10:27:44+00:00","article_modified_time":"2026-03-19T10:27:54+00:00","og_image":[{"width":500,"height":306,"url":"https:\/\/macite.tg\/wp-content\/uploads\/2026\/03\/Energie.jpg","type":"image\/jpeg"}],"author":"Jean Pierre BAWELA","twitter_card":"summary_large_image","twitter_misc":{"\u00c9crit par":"Jean Pierre BAWELA","Dur\u00e9e de lecture estim\u00e9e":"3 minutes"},"schema":{"@context":"https:\/\/schema.org","@graph":[{"@type":"Article","@id":"https:\/\/macite.tg\/?p=29114#article","isPartOf":{"@id":"https:\/\/macite.tg\/?p=29114"},"author":{"name":"Jean Pierre BAWELA","@id":"https:\/\/macite.tg\/#\/schema\/person\/e9f2de7e5dbbe7770a9402c7ce82f5c2"},"headline":"ACCES A L\u2019ELECTRICITE\u00a0: Les mini-grids, une des solutions durables utilis\u00e9es par le Togo","datePublished":"2026-03-19T10:27:44+00:00","dateModified":"2026-03-19T10:27:54+00:00","mainEntityOfPage":{"@id":"https:\/\/macite.tg\/?p=29114"},"wordCount":563,"commentCount":0,"image":{"@id":"https:\/\/macite.tg\/?p=29114#primaryimage"},"thumbnailUrl":"https:\/\/macite.tg\/wp-content\/uploads\/2026\/03\/Energie.jpg","articleSection":["ACTUALITE","ENERGIE"],"inLanguage":"fr-FR","potentialAction":[{"@type":"CommentAction","name":"Comment","target":["https:\/\/macite.tg\/?p=29114#respond"]}]},{"@type":"WebPage","@id":"https:\/\/macite.tg\/?p=29114","url":"https:\/\/macite.tg\/?p=29114","name":"ACCES A L\u2019ELECTRICITE\u00a0: Les mini-grids, une des solutions durables utilis\u00e9es par le Togo -","isPartOf":{"@id":"https:\/\/macite.tg\/#website"},"primaryImageOfPage":{"@id":"https:\/\/macite.tg\/?p=29114#primaryimage"},"image":{"@id":"https:\/\/macite.tg\/?p=29114#primaryimage"},"thumbnailUrl":"https:\/\/macite.tg\/wp-content\/uploads\/2026\/03\/Energie.jpg","datePublished":"2026-03-19T10:27:44+00:00","dateModified":"2026-03-19T10:27:54+00:00","author":{"@id":"https:\/\/macite.tg\/#\/schema\/person\/e9f2de7e5dbbe7770a9402c7ce82f5c2"},"breadcrumb":{"@id":"https:\/\/macite.tg\/?p=29114#breadcrumb"},"inLanguage":"fr-FR","potentialAction":[{"@type":"ReadAction","target":["https:\/\/macite.tg\/?p=29114"]}]},{"@type":"ImageObject","inLanguage":"fr-FR","@id":"https:\/\/macite.tg\/?p=29114#primaryimage","url":"https:\/\/macite.tg\/wp-content\/uploads\/2026\/03\/Energie.jpg","contentUrl":"https:\/\/macite.tg\/wp-content\/uploads\/2026\/03\/Energie.jpg","width":500,"height":306},{"@type":"BreadcrumbList","@id":"https:\/\/macite.tg\/?p=29114#breadcrumb","itemListElement":[{"@type":"ListItem","position":1,"name":"Accueil","item":"https:\/\/macite.tg\/"},{"@type":"ListItem","position":2,"name":"ACCES A L\u2019ELECTRICITE\u00a0: Les mini-grids, une des solutions durables utilis\u00e9es par le Togo"}]},{"@type":"WebSite","@id":"https:\/\/macite.tg\/#website","url":"https:\/\/macite.tg\/","name":"","description":"L&#039;information, la bonne!!!","potentialAction":[{"@type":"SearchAction","target":{"@type":"EntryPoint","urlTemplate":"https:\/\/macite.tg\/?s={search_term_string}"},"query-input":{"@type":"PropertyValueSpecification","valueRequired":true,"valueName":"search_term_string"}}],"inLanguage":"fr-FR"},{"@type":"Person","@id":"https:\/\/macite.tg\/#\/schema\/person\/e9f2de7e5dbbe7770a9402c7ce82f5c2","name":"Jean Pierre BAWELA","image":{"@type":"ImageObject","inLanguage":"fr-FR","@id":"https:\/\/macite.tg\/wp-content\/uploads\/2023\/09\/WhatsApp-Image-2023-09-19-at-14.44.41-122x122.jpeg","url":"https:\/\/macite.tg\/wp-content\/uploads\/2023\/09\/WhatsApp-Image-2023-09-19-at-14.44.41-122x122.jpeg","contentUrl":"https:\/\/macite.tg\/wp-content\/uploads\/2023\/09\/WhatsApp-Image-2023-09-19-at-14.44.41-122x122.jpeg","caption":"Jean Pierre BAWELA"},"url":"https:\/\/macite.tg\/?author=2"}]}},"_links":{"self":[{"href":"https:\/\/macite.tg\/index.php?rest_route=\/wp\/v2\/posts\/29114","targetHints":{"allow":["GET"]}}],"collection":[{"href":"https:\/\/macite.tg\/index.php?rest_route=\/wp\/v2\/posts"}],"about":[{"href":"https:\/\/macite.tg\/index.php?rest_route=\/wp\/v2\/types\/post"}],"author":[{"embeddable":true,"href":"https:\/\/macite.tg\/index.php?rest_route=\/wp\/v2\/users\/2"}],"replies":[{"embeddable":true,"href":"https:\/\/macite.tg\/index.php?rest_route=%2Fwp%2Fv2%2Fcomments&post=29114"}],"version-history":[{"count":0,"href":"https:\/\/macite.tg\/index.php?rest_route=\/wp\/v2\/posts\/29114\/revisions"}],"wp:featuredmedia":[{"embeddable":true,"href":"https:\/\/macite.tg\/index.php?rest_route=\/wp\/v2\/media\/29117"}],"wp:attachment":[{"href":"https:\/\/macite.tg\/index.php?rest_route=%2Fwp%2Fv2%2Fmedia&parent=29114"}],"wp:term":[{"taxonomy":"category","embeddable":true,"href":"https:\/\/macite.tg\/index.php?rest_route=%2Fwp%2Fv2%2Fcategories&post=29114"},{"taxonomy":"post_tag","embeddable":true,"href":"https:\/\/macite.tg\/index.php?rest_route=%2Fwp%2Fv2%2Ftags&post=29114"}],"curies":[{"name":"wp","href":"https:\/\/api.w.org\/{rel}","templated":true}]}}