{"id":29101,"date":"2026-03-18T17:57:35","date_gmt":"2026-03-18T17:57:35","guid":{"rendered":"https:\/\/macite.tg\/?p=29101"},"modified":"2026-03-18T17:57:40","modified_gmt":"2026-03-18T17:57:40","slug":"soutiens-aux-couches-vulnerable-daneho-un-elan-de-solidarite-signe-faure-gnassingbe","status":"publish","type":"post","link":"https:\/\/macite.tg\/?p=29101","title":{"rendered":"SOUTIENS AUX COUCHES VULNERABLE D\u2019ANEHO\u00a0: Un \u00e9lan de solidarit\u00e9 sign\u00e9 Faure Gnassingb\u00e9"},"content":{"rendered":"\n<p class=\"wp-block-paragraph\"><strong><em>Dans le cadre d\u2019une dynamique de solidarit\u00e9 inclusive, Madame le Ministre, Secr\u00e9taire G\u00e9n\u00e9rale de la Pr\u00e9sidence du Conseil, Dr Sandra Ablamba Johnson, a men\u00e9e une action sociale d\u2019envergure \u00e0 An\u00e9ho, dans la commune Lacs 1. Un don de vivres \u00e0 quelque 3.000 b\u00e9n\u00e9ficiaires directs, notamment aux populations vuln\u00e9rables de la zone.<\/em><\/strong><\/p>\n\n\n\n<p class=\"wp-block-paragraph\">Ce don, symbole d\u2019attention et de proximit\u00e9, a \u00e9t\u00e9 r\u00e9ceptionn\u00e9 par les premiers responsables de la communaut\u00e9 musulmane, en ce temp je\u00fbne. Ce geste, il faut le souligner, traduit une approche profond\u00e9ment humaine de la gouvernance de proximit\u00e9, et vise \u00e0 r\u00e9pondre concr\u00e8tement aux besoins des populations.<\/p>\n\n\n\n<figure class=\"wp-block-image size-full\"><img loading=\"lazy\" decoding=\"async\" width=\"851\" height=\"315\" src=\"https:\/\/macite.tg\/wp-content\/uploads\/2026\/03\/OTR_Bandeau-Renseignements.jpg\" alt=\"\" class=\"wp-image-29073\" srcset=\"https:\/\/macite.tg\/wp-content\/uploads\/2026\/03\/OTR_Bandeau-Renseignements.jpg 851w, https:\/\/macite.tg\/wp-content\/uploads\/2026\/03\/OTR_Bandeau-Renseignements-300x111.jpg 300w, https:\/\/macite.tg\/wp-content\/uploads\/2026\/03\/OTR_Bandeau-Renseignements-768x284.jpg 768w\" sizes=\"auto, (max-width: 851px) 100vw, 851px\" \/><\/figure>\n\n\n\n<p class=\"wp-block-paragraph\">Dr Sandra Ablamba Johnson, \u00e9galement conseill\u00e8re municipale de ladite commune, a ainsi incarn\u00e9 avec fid\u00e9lit\u00e9 la vision de Son Excellence Monsieur le Pr\u00e9sident du Conseil, qui \u0153uvre \u00e0 l\u2019ancrage d\u2019une gouvernance sociale plus \u00e9quitable, plus attentive et r\u00e9solument tourn\u00e9e vers les couches les plus fragiles de la population.<\/p>\n\n\n<div class=\"wp-block-image\">\n<figure class=\"aligncenter size-full\"><img loading=\"lazy\" decoding=\"async\" width=\"500\" height=\"625\" src=\"https:\/\/macite.tg\/wp-content\/uploads\/2026\/03\/Webinaire-otr.png\" alt=\"\" class=\"wp-image-29088\" srcset=\"https:\/\/macite.tg\/wp-content\/uploads\/2026\/03\/Webinaire-otr.png 500w, https:\/\/macite.tg\/wp-content\/uploads\/2026\/03\/Webinaire-otr-240x300.png 240w\" sizes=\"auto, (max-width: 500px) 100vw, 500px\" \/><\/figure>\n<\/div>\n\n\n<p class=\"wp-block-paragraph\">Notons que cette action sociale, expression tangible d\u2019un mod\u00e8le de gouvernance en construction, o\u00f9 l\u2019action publique se mesure \u00e0 sa capacit\u00e9 \u00e0 impacter positivement la vie des citoyens, dans leur quotidien le plus imm\u00e9diat, est un exemple de solidarit\u00e9 et de coh\u00e9sion sociale qui m\u00e9rite d&rsquo;\u00eatre salu\u00e9 et encourag\u00e9.<\/p>\n\n\n\n<p class=\"wp-block-paragraph\"><strong>La R\u00e9daction<\/strong><\/p>\n\n\n\n<p class=\"wp-block-paragraph\"><a><strong><em>@macite.tg&nbsp;&nbsp;&nbsp;&nbsp;&nbsp;&nbsp;&nbsp;&nbsp;<\/em><\/strong><\/a><\/p>\n\n\n\n<p class=\"wp-block-paragraph\"><strong><em>E-mail&nbsp;: <\/em><\/strong><a href=\"mailto:maciteinfo@gmail.com\"><strong><em>maciteinfo@gmail.com<\/em><\/strong><\/a><strong><em>; <\/em><\/strong><a href=\"mailto:bawela1@gmail.com\"><strong><em>bawela1@gmail.com<\/em><\/strong><\/a><strong><em><\/em><\/strong><\/p>\n\n\n\n<p class=\"wp-block-paragraph\"><strong><em>Pour vos annonces, (publi)reportages, etc., joignez-nous au (00228)91515309\/<strong>79872224 <\/strong><strong><\/strong><\/em><\/strong><\/p>\n\n\n\n<p class=\"wp-block-paragraph\"><strong><em>www.macite.tg, L\u2019information, la bonne&nbsp;!<\/em><\/strong><\/p>\n","protected":false},"excerpt":{"rendered":"<p class=\"text-justify mb-2\" >Dans le cadre d\u2019une dynamique de solidarit\u00e9 inclusive, Madame le Ministre, Secr\u00e9taire G\u00e9n\u00e9rale de la Pr\u00e9sidence du Conseil, Dr Sandra Ablamba Johnson, a men\u00e9e une action sociale d\u2019envergure \u00e0 An\u00e9ho, dans la commune Lacs 1. Un don de vivres \u00e0 quelque 3.000 b\u00e9n\u00e9ficiaires directs, notamment [&hellip;]<\/p>\n","protected":false},"author":2,"featured_media":29102,"comment_status":"open","ping_status":"open","sticky":false,"template":"","format":"standard","meta":{"footnotes":""},"categories":[20,55],"tags":[],"class_list":["post-29101","post","type-post","status-publish","format-standard","has-post-thumbnail","hentry","category-actualite","category-humanitaire"],"yoast_head":"<!-- This site is optimized with the Yoast SEO plugin v28.4 - https:\/\/yoast.com\/product\/yoast-seo-wordpress\/ -->\n<title>SOUTIENS AUX COUCHES VULNERABLE D\u2019ANEHO\u00a0: Un \u00e9lan de solidarit\u00e9 sign\u00e9 Faure Gnassingb\u00e9 -<\/title>\n<meta name=\"robots\" content=\"index, follow, max-snippet:-1, max-image-preview:large, max-video-preview:-1\" \/>\n<link rel=\"canonical\" href=\"https:\/\/macite.tg\/?p=29101\" \/>\n<meta property=\"og:locale\" content=\"fr_FR\" \/>\n<meta property=\"og:type\" content=\"article\" \/>\n<meta property=\"og:title\" content=\"SOUTIENS AUX COUCHES VULNERABLE D\u2019ANEHO\u00a0: Un \u00e9lan de solidarit\u00e9 sign\u00e9 Faure Gnassingb\u00e9 -\" \/>\n<meta property=\"og:description\" content=\"Dans le cadre d\u2019une dynamique de solidarit\u00e9 inclusive, Madame le Ministre, Secr\u00e9taire G\u00e9n\u00e9rale de la Pr\u00e9sidence du Conseil, Dr Sandra Ablamba Johnson, a men\u00e9e une action sociale d\u2019envergure \u00e0 An\u00e9ho, dans la commune Lacs 1. Un don de vivres \u00e0 quelque 3.000 b\u00e9n\u00e9ficiaires directs, notamment [&hellip;]\" \/>\n<meta property=\"og:url\" content=\"https:\/\/macite.tg\/?p=29101\" \/>\n<meta property=\"article:published_time\" content=\"2026-03-18T17:57:35+00:00\" \/>\n<meta property=\"article:modified_time\" content=\"2026-03-18T17:57:40+00:00\" \/>\n<meta property=\"og:image\" content=\"https:\/\/macite.tg\/wp-content\/uploads\/2026\/03\/DON-pc.jpg\" \/>\n\t<meta property=\"og:image:width\" content=\"500\" \/>\n\t<meta property=\"og:image:height\" content=\"373\" \/>\n\t<meta property=\"og:image:type\" content=\"image\/jpeg\" \/>\n<meta name=\"author\" content=\"Jean Pierre BAWELA\" \/>\n<meta name=\"twitter:card\" content=\"summary_large_image\" \/>\n<meta name=\"twitter:label1\" content=\"\u00c9crit par\" \/>\n\t<meta name=\"twitter:data1\" content=\"Jean Pierre BAWELA\" \/>\n\t<meta name=\"twitter:label2\" content=\"Dur\u00e9e de lecture estim\u00e9e\" \/>\n\t<meta name=\"twitter:data2\" content=\"2 minutes\" \/>\n<script type=\"application\/ld+json\" class=\"yoast-schema-graph\">{\"@context\":\"https:\\\/\\\/schema.org\",\"@graph\":[{\"@type\":\"Article\",\"@id\":\"https:\\\/\\\/macite.tg\\\/?p=29101#article\",\"isPartOf\":{\"@id\":\"https:\\\/\\\/macite.tg\\\/?p=29101\"},\"author\":{\"name\":\"Jean Pierre BAWELA\",\"@id\":\"https:\\\/\\\/macite.tg\\\/#\\\/schema\\\/person\\\/e9f2de7e5dbbe7770a9402c7ce82f5c2\"},\"headline\":\"SOUTIENS AUX COUCHES VULNERABLE D\u2019ANEHO\u00a0: Un \u00e9lan de solidarit\u00e9 sign\u00e9 Faure Gnassingb\u00e9\",\"datePublished\":\"2026-03-18T17:57:35+00:00\",\"dateModified\":\"2026-03-18T17:57:40+00:00\",\"mainEntityOfPage\":{\"@id\":\"https:\\\/\\\/macite.tg\\\/?p=29101\"},\"wordCount\":268,\"commentCount\":0,\"image\":{\"@id\":\"https:\\\/\\\/macite.tg\\\/?p=29101#primaryimage\"},\"thumbnailUrl\":\"https:\\\/\\\/macite.tg\\\/wp-content\\\/uploads\\\/2026\\\/03\\\/DON-pc.jpg\",\"articleSection\":[\"ACTUALITE\",\"HUMANITAIRE\"],\"inLanguage\":\"fr-FR\",\"potentialAction\":[{\"@type\":\"CommentAction\",\"name\":\"Comment\",\"target\":[\"https:\\\/\\\/macite.tg\\\/?p=29101#respond\"]}]},{\"@type\":\"WebPage\",\"@id\":\"https:\\\/\\\/macite.tg\\\/?p=29101\",\"url\":\"https:\\\/\\\/macite.tg\\\/?p=29101\",\"name\":\"SOUTIENS AUX COUCHES VULNERABLE D\u2019ANEHO\u00a0: Un \u00e9lan de solidarit\u00e9 sign\u00e9 Faure Gnassingb\u00e9 -\",\"isPartOf\":{\"@id\":\"https:\\\/\\\/macite.tg\\\/#website\"},\"primaryImageOfPage\":{\"@id\":\"https:\\\/\\\/macite.tg\\\/?p=29101#primaryimage\"},\"image\":{\"@id\":\"https:\\\/\\\/macite.tg\\\/?p=29101#primaryimage\"},\"thumbnailUrl\":\"https:\\\/\\\/macite.tg\\\/wp-content\\\/uploads\\\/2026\\\/03\\\/DON-pc.jpg\",\"datePublished\":\"2026-03-18T17:57:35+00:00\",\"dateModified\":\"2026-03-18T17:57:40+00:00\",\"author\":{\"@id\":\"https:\\\/\\\/macite.tg\\\/#\\\/schema\\\/person\\\/e9f2de7e5dbbe7770a9402c7ce82f5c2\"},\"breadcrumb\":{\"@id\":\"https:\\\/\\\/macite.tg\\\/?p=29101#breadcrumb\"},\"inLanguage\":\"fr-FR\",\"potentialAction\":[{\"@type\":\"ReadAction\",\"target\":[\"https:\\\/\\\/macite.tg\\\/?p=29101\"]}]},{\"@type\":\"ImageObject\",\"inLanguage\":\"fr-FR\",\"@id\":\"https:\\\/\\\/macite.tg\\\/?p=29101#primaryimage\",\"url\":\"https:\\\/\\\/macite.tg\\\/wp-content\\\/uploads\\\/2026\\\/03\\\/DON-pc.jpg\",\"contentUrl\":\"https:\\\/\\\/macite.tg\\\/wp-content\\\/uploads\\\/2026\\\/03\\\/DON-pc.jpg\",\"width\":500,\"height\":373},{\"@type\":\"BreadcrumbList\",\"@id\":\"https:\\\/\\\/macite.tg\\\/?p=29101#breadcrumb\",\"itemListElement\":[{\"@type\":\"ListItem\",\"position\":1,\"name\":\"Accueil\",\"item\":\"https:\\\/\\\/macite.tg\\\/\"},{\"@type\":\"ListItem\",\"position\":2,\"name\":\"SOUTIENS AUX COUCHES VULNERABLE D\u2019ANEHO\u00a0: Un \u00e9lan de solidarit\u00e9 sign\u00e9 Faure Gnassingb\u00e9\"}]},{\"@type\":\"WebSite\",\"@id\":\"https:\\\/\\\/macite.tg\\\/#website\",\"url\":\"https:\\\/\\\/macite.tg\\\/\",\"name\":\"\",\"description\":\"L&#039;information, la bonne!!!\",\"potentialAction\":[{\"@type\":\"SearchAction\",\"target\":{\"@type\":\"EntryPoint\",\"urlTemplate\":\"https:\\\/\\\/macite.tg\\\/?s={search_term_string}\"},\"query-input\":{\"@type\":\"PropertyValueSpecification\",\"valueRequired\":true,\"valueName\":\"search_term_string\"}}],\"inLanguage\":\"fr-FR\"},{\"@type\":\"Person\",\"@id\":\"https:\\\/\\\/macite.tg\\\/#\\\/schema\\\/person\\\/e9f2de7e5dbbe7770a9402c7ce82f5c2\",\"name\":\"Jean Pierre BAWELA\",\"image\":{\"@type\":\"ImageObject\",\"inLanguage\":\"fr-FR\",\"@id\":\"https:\\\/\\\/macite.tg\\\/wp-content\\\/uploads\\\/2023\\\/09\\\/WhatsApp-Image-2023-09-19-at-14.44.41-122x122.jpeg\",\"url\":\"https:\\\/\\\/macite.tg\\\/wp-content\\\/uploads\\\/2023\\\/09\\\/WhatsApp-Image-2023-09-19-at-14.44.41-122x122.jpeg\",\"contentUrl\":\"https:\\\/\\\/macite.tg\\\/wp-content\\\/uploads\\\/2023\\\/09\\\/WhatsApp-Image-2023-09-19-at-14.44.41-122x122.jpeg\",\"caption\":\"Jean Pierre BAWELA\"},\"url\":\"https:\\\/\\\/macite.tg\\\/?author=2\"}]}<\/script>\n<!-- \/ Yoast SEO plugin. -->","yoast_head_json":{"title":"SOUTIENS AUX COUCHES VULNERABLE D\u2019ANEHO\u00a0: Un \u00e9lan de solidarit\u00e9 sign\u00e9 Faure Gnassingb\u00e9 -","robots":{"index":"index","follow":"follow","max-snippet":"max-snippet:-1","max-image-preview":"max-image-preview:large","max-video-preview":"max-video-preview:-1"},"canonical":"https:\/\/macite.tg\/?p=29101","og_locale":"fr_FR","og_type":"article","og_title":"SOUTIENS AUX COUCHES VULNERABLE D\u2019ANEHO\u00a0: Un \u00e9lan de solidarit\u00e9 sign\u00e9 Faure Gnassingb\u00e9 -","og_description":"Dans le cadre d\u2019une dynamique de solidarit\u00e9 inclusive, Madame le Ministre, Secr\u00e9taire G\u00e9n\u00e9rale de la Pr\u00e9sidence du Conseil, Dr Sandra Ablamba Johnson, a men\u00e9e une action sociale d\u2019envergure \u00e0 An\u00e9ho, dans la commune Lacs 1. Un don de vivres \u00e0 quelque 3.000 b\u00e9n\u00e9ficiaires directs, notamment [&hellip;]","og_url":"https:\/\/macite.tg\/?p=29101","article_published_time":"2026-03-18T17:57:35+00:00","article_modified_time":"2026-03-18T17:57:40+00:00","og_image":[{"width":500,"height":373,"url":"https:\/\/macite.tg\/wp-content\/uploads\/2026\/03\/DON-pc.jpg","type":"image\/jpeg"}],"author":"Jean Pierre BAWELA","twitter_card":"summary_large_image","twitter_misc":{"\u00c9crit par":"Jean Pierre BAWELA","Dur\u00e9e de lecture estim\u00e9e":"2 minutes"},"schema":{"@context":"https:\/\/schema.org","@graph":[{"@type":"Article","@id":"https:\/\/macite.tg\/?p=29101#article","isPartOf":{"@id":"https:\/\/macite.tg\/?p=29101"},"author":{"name":"Jean Pierre BAWELA","@id":"https:\/\/macite.tg\/#\/schema\/person\/e9f2de7e5dbbe7770a9402c7ce82f5c2"},"headline":"SOUTIENS AUX COUCHES VULNERABLE D\u2019ANEHO\u00a0: Un \u00e9lan de solidarit\u00e9 sign\u00e9 Faure Gnassingb\u00e9","datePublished":"2026-03-18T17:57:35+00:00","dateModified":"2026-03-18T17:57:40+00:00","mainEntityOfPage":{"@id":"https:\/\/macite.tg\/?p=29101"},"wordCount":268,"commentCount":0,"image":{"@id":"https:\/\/macite.tg\/?p=29101#primaryimage"},"thumbnailUrl":"https:\/\/macite.tg\/wp-content\/uploads\/2026\/03\/DON-pc.jpg","articleSection":["ACTUALITE","HUMANITAIRE"],"inLanguage":"fr-FR","potentialAction":[{"@type":"CommentAction","name":"Comment","target":["https:\/\/macite.tg\/?p=29101#respond"]}]},{"@type":"WebPage","@id":"https:\/\/macite.tg\/?p=29101","url":"https:\/\/macite.tg\/?p=29101","name":"SOUTIENS AUX COUCHES VULNERABLE D\u2019ANEHO\u00a0: Un \u00e9lan de solidarit\u00e9 sign\u00e9 Faure Gnassingb\u00e9 -","isPartOf":{"@id":"https:\/\/macite.tg\/#website"},"primaryImageOfPage":{"@id":"https:\/\/macite.tg\/?p=29101#primaryimage"},"image":{"@id":"https:\/\/macite.tg\/?p=29101#primaryimage"},"thumbnailUrl":"https:\/\/macite.tg\/wp-content\/uploads\/2026\/03\/DON-pc.jpg","datePublished":"2026-03-18T17:57:35+00:00","dateModified":"2026-03-18T17:57:40+00:00","author":{"@id":"https:\/\/macite.tg\/#\/schema\/person\/e9f2de7e5dbbe7770a9402c7ce82f5c2"},"breadcrumb":{"@id":"https:\/\/macite.tg\/?p=29101#breadcrumb"},"inLanguage":"fr-FR","potentialAction":[{"@type":"ReadAction","target":["https:\/\/macite.tg\/?p=29101"]}]},{"@type":"ImageObject","inLanguage":"fr-FR","@id":"https:\/\/macite.tg\/?p=29101#primaryimage","url":"https:\/\/macite.tg\/wp-content\/uploads\/2026\/03\/DON-pc.jpg","contentUrl":"https:\/\/macite.tg\/wp-content\/uploads\/2026\/03\/DON-pc.jpg","width":500,"height":373},{"@type":"BreadcrumbList","@id":"https:\/\/macite.tg\/?p=29101#breadcrumb","itemListElement":[{"@type":"ListItem","position":1,"name":"Accueil","item":"https:\/\/macite.tg\/"},{"@type":"ListItem","position":2,"name":"SOUTIENS AUX COUCHES VULNERABLE D\u2019ANEHO\u00a0: Un \u00e9lan de solidarit\u00e9 sign\u00e9 Faure Gnassingb\u00e9"}]},{"@type":"WebSite","@id":"https:\/\/macite.tg\/#website","url":"https:\/\/macite.tg\/","name":"","description":"L&#039;information, la bonne!!!","potentialAction":[{"@type":"SearchAction","target":{"@type":"EntryPoint","urlTemplate":"https:\/\/macite.tg\/?s={search_term_string}"},"query-input":{"@type":"PropertyValueSpecification","valueRequired":true,"valueName":"search_term_string"}}],"inLanguage":"fr-FR"},{"@type":"Person","@id":"https:\/\/macite.tg\/#\/schema\/person\/e9f2de7e5dbbe7770a9402c7ce82f5c2","name":"Jean Pierre BAWELA","image":{"@type":"ImageObject","inLanguage":"fr-FR","@id":"https:\/\/macite.tg\/wp-content\/uploads\/2023\/09\/WhatsApp-Image-2023-09-19-at-14.44.41-122x122.jpeg","url":"https:\/\/macite.tg\/wp-content\/uploads\/2023\/09\/WhatsApp-Image-2023-09-19-at-14.44.41-122x122.jpeg","contentUrl":"https:\/\/macite.tg\/wp-content\/uploads\/2023\/09\/WhatsApp-Image-2023-09-19-at-14.44.41-122x122.jpeg","caption":"Jean Pierre BAWELA"},"url":"https:\/\/macite.tg\/?author=2"}]}},"_links":{"self":[{"href":"https:\/\/macite.tg\/index.php?rest_route=\/wp\/v2\/posts\/29101","targetHints":{"allow":["GET"]}}],"collection":[{"href":"https:\/\/macite.tg\/index.php?rest_route=\/wp\/v2\/posts"}],"about":[{"href":"https:\/\/macite.tg\/index.php?rest_route=\/wp\/v2\/types\/post"}],"author":[{"embeddable":true,"href":"https:\/\/macite.tg\/index.php?rest_route=\/wp\/v2\/users\/2"}],"replies":[{"embeddable":true,"href":"https:\/\/macite.tg\/index.php?rest_route=%2Fwp%2Fv2%2Fcomments&post=29101"}],"version-history":[{"count":0,"href":"https:\/\/macite.tg\/index.php?rest_route=\/wp\/v2\/posts\/29101\/revisions"}],"wp:featuredmedia":[{"embeddable":true,"href":"https:\/\/macite.tg\/index.php?rest_route=\/wp\/v2\/media\/29102"}],"wp:attachment":[{"href":"https:\/\/macite.tg\/index.php?rest_route=%2Fwp%2Fv2%2Fmedia&parent=29101"}],"wp:term":[{"taxonomy":"category","embeddable":true,"href":"https:\/\/macite.tg\/index.php?rest_route=%2Fwp%2Fv2%2Fcategories&post=29101"},{"taxonomy":"post_tag","embeddable":true,"href":"https:\/\/macite.tg\/index.php?rest_route=%2Fwp%2Fv2%2Ftags&post=29101"}],"curies":[{"name":"wp","href":"https:\/\/api.w.org\/{rel}","templated":true}]}}