{"id":29098,"date":"2026-03-18T17:12:26","date_gmt":"2026-03-18T17:12:26","guid":{"rendered":"https:\/\/macite.tg\/?p=29098"},"modified":"2026-03-18T17:12:36","modified_gmt":"2026-03-18T17:12:36","slug":"etats-unis-libere-apres-19-ans-de-prison-pour-un-vol-quil-na-pas-commis","status":"publish","type":"post","link":"https:\/\/macite.tg\/?p=29098","title":{"rendered":"\u00c9TATS-UNIS\u00a0: Lib\u00e9r\u00e9 apr\u00e8s 19 ans de prison, pour un vol qu\u2019il n\u2019a pas commis"},"content":{"rendered":"\n<p class=\"wp-block-paragraph\"><strong><em>L\u2019histoire a de quoi bouleverser. Aux \u00c9tats-Unis, un homme vient d\u2019\u00eatre lib\u00e9r\u00e9 apr\u00e8s avoir pass\u00e9 19 ans en prison pour un vol qu\u2019il n\u2019avait pas commis. Kenneth Windley, aujourd\u2019hui \u00e2g\u00e9 de 61 ans, a vu sa condamnation annul\u00e9e apr\u00e8s un nouvel examen du dossier, ouvrant la voie \u00e0 son exon\u00e9ration.<\/em><\/strong><\/p>\n\n\n\n<p class=\"wp-block-paragraph\">Derri\u00e8re cette affaire, il y a un encha\u00eenement gla\u00e7ant. L\u2019homme avait \u00e9t\u00e9 li\u00e9 \u00e0 un braquage commis en 2005 \u00e0 Brooklyn, \u00e0 New York, apr\u00e8s avoir utilis\u00e9 un mandat vol\u00e9 pour acheter une cuisini\u00e8re \u00e0 sa m\u00e8re. Ce geste, qu\u2019il disait avoir pos\u00e9 sans conna\u00eetre l\u2019origine frauduleuse du document, lui a co\u00fbt\u00e9 pr\u00e8s de deux d\u00e9cennies de sa vie.<\/p>\n\n\n<div class=\"wp-block-image\">\n<figure class=\"aligncenter size-full\"><img loading=\"lazy\" decoding=\"async\" width=\"500\" height=\"625\" src=\"https:\/\/macite.tg\/wp-content\/uploads\/2026\/03\/Webinaire-otr.png\" alt=\"\" class=\"wp-image-29088\" srcset=\"https:\/\/macite.tg\/wp-content\/uploads\/2026\/03\/Webinaire-otr.png 500w, https:\/\/macite.tg\/wp-content\/uploads\/2026\/03\/Webinaire-otr-240x300.png 240w\" sizes=\"auto, (max-width: 500px) 100vw, 500px\" \/><\/figure>\n<\/div>\n\n\n<p class=\"wp-block-paragraph\"><strong>Un vol de moins de 500 dollars au d\u00e9part<\/strong><\/p>\n\n\n\n<p class=\"wp-block-paragraph\">Selon les \u00e9l\u00e9ments repris par plusieurs m\u00e9dias \u00e0 partir de la r\u00e9vision du parquet de Brooklyn, l\u2019affaire remonte au 1er avril 2005. Ce jour-l\u00e0, un homme de 70 ans a \u00e9t\u00e9 suivi jusqu\u2019\u00e0 son immeuble dans le quartier de Crown Heights. Deux hommes l\u2019ont agress\u00e9 dans l\u2019ascenseur et lui ont vol\u00e9 485 dollars en liquide, ainsi que deux mandats non sign\u00e9s.<\/p>\n\n\n\n<p class=\"wp-block-paragraph\">Kenneth Windley a ensuite \u00e9t\u00e9 reli\u00e9 \u00e0 cette affaire parce qu\u2019il a utilis\u00e9 l\u2019un de ces mandats, d\u2019une valeur de 542 dollars, pour acheter une cuisini\u00e8re \u00e0 sa m\u00e8re. La victime l\u2019a identifi\u00e9, et cela a suffi \u00e0 l\u2019\u00e9poque pour faire basculer le dossier contre lui.<\/p>\n\n\n\n<p class=\"wp-block-paragraph\"><strong>Une condamnation tr\u00e8s lourde<\/strong><\/p>\n\n\n\n<p class=\"wp-block-paragraph\">Lors de son proc\u00e8s en 2007, Kenneth Windley a toujours ni\u00e9 avoir particip\u00e9 au braquage. Il a affirm\u00e9 avoir achet\u00e9 ce mandat \u00e0 deux hommes devant un magasin d\u2019\u00e9lectrom\u00e9nager, pensant avoir affaire \u00e0 des vendeurs de rue et non \u00e0 des braqueurs. Il a expliqu\u00e9 qu\u2019il n\u2019avait jamais utilis\u00e9 de mandat auparavant et qu\u2019il n\u2019avait pas compris ce que cela impliquait.<\/p>\n\n\n\n<figure class=\"wp-block-image size-full\"><img loading=\"lazy\" decoding=\"async\" width=\"851\" height=\"315\" src=\"https:\/\/macite.tg\/wp-content\/uploads\/2026\/03\/OTR_Bandeau-Renseignements.jpg\" alt=\"\" class=\"wp-image-29073\" srcset=\"https:\/\/macite.tg\/wp-content\/uploads\/2026\/03\/OTR_Bandeau-Renseignements.jpg 851w, https:\/\/macite.tg\/wp-content\/uploads\/2026\/03\/OTR_Bandeau-Renseignements-300x111.jpg 300w, https:\/\/macite.tg\/wp-content\/uploads\/2026\/03\/OTR_Bandeau-Renseignements-768x284.jpg 768w\" sizes=\"auto, (max-width: 851px) 100vw, 851px\" \/><\/figure>\n\n\n\n<p class=\"wp-block-paragraph\">Malgr\u00e9 ses explications, il a \u00e9t\u00e9 reconnu coupable de vol au second degr\u00e9. En raison de pr\u00e9c\u00e9dentes condamnations p\u00e9nales, il a \u00e9t\u00e9 condamn\u00e9 \u00e0 une peine extr\u00eamement lourde, de 20 ans \u00e0 perp\u00e9tuit\u00e9. C\u2019est cette d\u00e9cision qui l\u2019a envoy\u00e9 derri\u00e8re les barreaux pour pr\u00e8s de 19 ans.<\/p>\n\n\n\n<p class=\"wp-block-paragraph\"><strong>Le dossier finit par se retourner<\/strong><\/p>\n\n\n\n<p class=\"wp-block-paragraph\">Avec le temps, Kenneth Windley a poursuivi son combat pour prouver son innocence. Selon le parquet de Brooklyn, il a fini par retrouver les v\u00e9ritables auteurs, d\u00e9j\u00e0 incarc\u00e9r\u00e9s pour une s\u00e9rie de braquages visant des hommes \u00e2g\u00e9s rentrant chez eux apr\u00e8s \u00eatre pass\u00e9s \u00e0 la banque.<\/p>\n\n\n\n<p class=\"wp-block-paragraph\">Ces hommes ont confirm\u00e9 que Kenneth Windley n\u2019avait rien \u00e0 voir avec l\u2019agression de Crown Heights. Leurs d\u00e9clarations ont ensuite \u00e9t\u00e9 appuy\u00e9es par des appels t\u00e9l\u00e9phoniques enregistr\u00e9s en prison et par des courriels, ce qui a renforc\u00e9 la r\u00e9vision du dossier.<\/p>\n\n\n\n<p class=\"wp-block-paragraph\"><strong>Une lib\u00e9ration tardive, mais d\u00e9cisive<\/strong><\/p>\n\n\n\n<p class=\"wp-block-paragraph\">Le parquet a finalement conclu qu\u2019il n\u2019\u00e9tait pas impliqu\u00e9 dans le crime. Un juge de Brooklyn a donc annul\u00e9 sa condamnation. Dans un communiqu\u00e9 relay\u00e9 par l\u2019Associated Press, le procureur Eric Gonzalez a d\u00e9clar\u00e9 qu\u2019il avait fallu de nombreuses ann\u00e9es, mais que le moment \u00e9tait enfin venu de reconna\u00eetre la v\u00e9racit\u00e9 de son r\u00e9cit, de le lib\u00e9rer et de laver son nom.<\/p>\n\n\n\n<p class=\"wp-block-paragraph\">\u00c0 sa sortie du tribunal, Kenneth Windley a l\u00e2ch\u00e9 une phrase simple, mais terrible. Il a dit que cela lui avait co\u00fbt\u00e9 20 ans, mais qu\u2019on avait maintenant corrig\u00e9 cela. Cette phrase r\u00e9sume \u00e0 elle seule la violence d\u2019une erreur judiciaire, m\u00eame lorsqu\u2019elle finit par \u00eatre reconnue.<\/p>\n\n\n<div class=\"wp-block-image\">\n<figure class=\"aligncenter size-full\"><img loading=\"lazy\" decoding=\"async\" width=\"500\" height=\"304\" src=\"https:\/\/macite.tg\/wp-content\/uploads\/2026\/03\/OTR_SAM.jpg\" alt=\"\" class=\"wp-image-29055\" srcset=\"https:\/\/macite.tg\/wp-content\/uploads\/2026\/03\/OTR_SAM.jpg 500w, https:\/\/macite.tg\/wp-content\/uploads\/2026\/03\/OTR_SAM-300x182.jpg 300w\" sizes=\"auto, (max-width: 500px) 100vw, 500px\" \/><\/figure>\n<\/div>\n\n\n<p class=\"wp-block-paragraph\"><strong>Une affaire qui relance le d\u00e9bat sur la justice<\/strong><\/p>\n\n\n\n<p class=\"wp-block-paragraph\">Ce dossier rappelle que des erreurs graves peuvent d\u00e9truire une vie enti\u00e8re. \u00catre innocent ne prot\u00e8ge pas toujours d\u2019une condamnation, surtout quand une identification, une mauvaise lecture des faits ou un contexte judiciaire d\u00e9favorable enferment un homme dans une version erron\u00e9e de l\u2019histoire.<\/p>\n\n\n\n<p class=\"wp-block-paragraph\">Pour Kenneth Windley, la libert\u00e9 revient enfin, mais apr\u00e8s un prix immense. Dix-neuf ans de prison pour un crime qu\u2019il n\u2019a pas commis, c\u2019est bien plus qu\u2019une injustice. C\u2019est une vie bris\u00e9e que la justice tente aujourd\u2019hui de r\u00e9parer, sans jamais pouvoir rendre le temps perdu.<\/p>\n\n\n\n<p class=\"wp-block-paragraph\"><strong>MSN<\/strong><\/p>\n","protected":false},"excerpt":{"rendered":"<p class=\"text-justify mb-2\" >L\u2019histoire a de quoi bouleverser. Aux \u00c9tats-Unis, un homme vient d\u2019\u00eatre lib\u00e9r\u00e9 apr\u00e8s avoir pass\u00e9 19 ans en prison pour un vol qu\u2019il n\u2019avait pas commis. Kenneth Windley, aujourd\u2019hui \u00e2g\u00e9 de 61 ans, a vu sa condamnation annul\u00e9e apr\u00e8s un nouvel examen du dossier, ouvrant [&hellip;]<\/p>\n","protected":false},"author":2,"featured_media":29099,"comment_status":"open","ping_status":"open","sticky":false,"template":"","format":"standard","meta":{"footnotes":""},"categories":[20,26],"tags":[],"class_list":["post-29098","post","type-post","status-publish","format-standard","has-post-thumbnail","hentry","category-actualite","category-justice"],"yoast_head":"<!-- This site is optimized with the Yoast SEO plugin v28.4 - https:\/\/yoast.com\/product\/yoast-seo-wordpress\/ -->\n<title>\u00c9TATS-UNIS\u00a0: Lib\u00e9r\u00e9 apr\u00e8s 19 ans de prison, pour un vol qu\u2019il n\u2019a pas commis -<\/title>\n<meta name=\"robots\" content=\"index, follow, max-snippet:-1, max-image-preview:large, max-video-preview:-1\" \/>\n<link rel=\"canonical\" href=\"https:\/\/macite.tg\/?p=29098\" \/>\n<meta property=\"og:locale\" content=\"fr_FR\" \/>\n<meta property=\"og:type\" content=\"article\" \/>\n<meta property=\"og:title\" content=\"\u00c9TATS-UNIS\u00a0: Lib\u00e9r\u00e9 apr\u00e8s 19 ans de prison, pour un vol qu\u2019il n\u2019a pas commis -\" \/>\n<meta property=\"og:description\" content=\"L\u2019histoire a de quoi bouleverser. Aux \u00c9tats-Unis, un homme vient d\u2019\u00eatre lib\u00e9r\u00e9 apr\u00e8s avoir pass\u00e9 19 ans en prison pour un vol qu\u2019il n\u2019avait pas commis. Kenneth Windley, aujourd\u2019hui \u00e2g\u00e9 de 61 ans, a vu sa condamnation annul\u00e9e apr\u00e8s un nouvel examen du dossier, ouvrant [&hellip;]\" \/>\n<meta property=\"og:url\" content=\"https:\/\/macite.tg\/?p=29098\" \/>\n<meta property=\"article:published_time\" content=\"2026-03-18T17:12:26+00:00\" \/>\n<meta property=\"article:modified_time\" content=\"2026-03-18T17:12:36+00:00\" \/>\n<meta property=\"og:image\" content=\"https:\/\/macite.tg\/wp-content\/uploads\/2026\/03\/image-48.png\" \/>\n\t<meta property=\"og:image:width\" content=\"300\" \/>\n\t<meta property=\"og:image:height\" content=\"225\" \/>\n\t<meta property=\"og:image:type\" content=\"image\/png\" \/>\n<meta name=\"author\" content=\"Jean Pierre BAWELA\" \/>\n<meta name=\"twitter:card\" content=\"summary_large_image\" \/>\n<meta name=\"twitter:label1\" content=\"\u00c9crit par\" \/>\n\t<meta name=\"twitter:data1\" content=\"Jean Pierre BAWELA\" \/>\n\t<meta name=\"twitter:label2\" content=\"Dur\u00e9e de lecture estim\u00e9e\" \/>\n\t<meta name=\"twitter:data2\" content=\"5 minutes\" \/>\n<script type=\"application\/ld+json\" class=\"yoast-schema-graph\">{\"@context\":\"https:\\\/\\\/schema.org\",\"@graph\":[{\"@type\":\"Article\",\"@id\":\"https:\\\/\\\/macite.tg\\\/?p=29098#article\",\"isPartOf\":{\"@id\":\"https:\\\/\\\/macite.tg\\\/?p=29098\"},\"author\":{\"name\":\"Jean Pierre BAWELA\",\"@id\":\"https:\\\/\\\/macite.tg\\\/#\\\/schema\\\/person\\\/e9f2de7e5dbbe7770a9402c7ce82f5c2\"},\"headline\":\"\u00c9TATS-UNIS\u00a0: Lib\u00e9r\u00e9 apr\u00e8s 19 ans de prison, pour un vol qu\u2019il n\u2019a pas commis\",\"datePublished\":\"2026-03-18T17:12:26+00:00\",\"dateModified\":\"2026-03-18T17:12:36+00:00\",\"mainEntityOfPage\":{\"@id\":\"https:\\\/\\\/macite.tg\\\/?p=29098\"},\"wordCount\":738,\"commentCount\":0,\"image\":{\"@id\":\"https:\\\/\\\/macite.tg\\\/?p=29098#primaryimage\"},\"thumbnailUrl\":\"https:\\\/\\\/macite.tg\\\/wp-content\\\/uploads\\\/2026\\\/03\\\/image-48.png\",\"articleSection\":[\"ACTUALITE\",\"JUSTICE\"],\"inLanguage\":\"fr-FR\",\"potentialAction\":[{\"@type\":\"CommentAction\",\"name\":\"Comment\",\"target\":[\"https:\\\/\\\/macite.tg\\\/?p=29098#respond\"]}]},{\"@type\":\"WebPage\",\"@id\":\"https:\\\/\\\/macite.tg\\\/?p=29098\",\"url\":\"https:\\\/\\\/macite.tg\\\/?p=29098\",\"name\":\"\u00c9TATS-UNIS\u00a0: Lib\u00e9r\u00e9 apr\u00e8s 19 ans de prison, pour un vol qu\u2019il n\u2019a pas commis -\",\"isPartOf\":{\"@id\":\"https:\\\/\\\/macite.tg\\\/#website\"},\"primaryImageOfPage\":{\"@id\":\"https:\\\/\\\/macite.tg\\\/?p=29098#primaryimage\"},\"image\":{\"@id\":\"https:\\\/\\\/macite.tg\\\/?p=29098#primaryimage\"},\"thumbnailUrl\":\"https:\\\/\\\/macite.tg\\\/wp-content\\\/uploads\\\/2026\\\/03\\\/image-48.png\",\"datePublished\":\"2026-03-18T17:12:26+00:00\",\"dateModified\":\"2026-03-18T17:12:36+00:00\",\"author\":{\"@id\":\"https:\\\/\\\/macite.tg\\\/#\\\/schema\\\/person\\\/e9f2de7e5dbbe7770a9402c7ce82f5c2\"},\"breadcrumb\":{\"@id\":\"https:\\\/\\\/macite.tg\\\/?p=29098#breadcrumb\"},\"inLanguage\":\"fr-FR\",\"potentialAction\":[{\"@type\":\"ReadAction\",\"target\":[\"https:\\\/\\\/macite.tg\\\/?p=29098\"]}]},{\"@type\":\"ImageObject\",\"inLanguage\":\"fr-FR\",\"@id\":\"https:\\\/\\\/macite.tg\\\/?p=29098#primaryimage\",\"url\":\"https:\\\/\\\/macite.tg\\\/wp-content\\\/uploads\\\/2026\\\/03\\\/image-48.png\",\"contentUrl\":\"https:\\\/\\\/macite.tg\\\/wp-content\\\/uploads\\\/2026\\\/03\\\/image-48.png\",\"width\":300,\"height\":225,\"caption\":\"Kenneth Windley (61 ans) et sa m\u00e8re venue \u00e0 sa sortie de prison\"},{\"@type\":\"BreadcrumbList\",\"@id\":\"https:\\\/\\\/macite.tg\\\/?p=29098#breadcrumb\",\"itemListElement\":[{\"@type\":\"ListItem\",\"position\":1,\"name\":\"Accueil\",\"item\":\"https:\\\/\\\/macite.tg\\\/\"},{\"@type\":\"ListItem\",\"position\":2,\"name\":\"\u00c9TATS-UNIS\u00a0: Lib\u00e9r\u00e9 apr\u00e8s 19 ans de prison, pour un vol qu\u2019il n\u2019a pas commis\"}]},{\"@type\":\"WebSite\",\"@id\":\"https:\\\/\\\/macite.tg\\\/#website\",\"url\":\"https:\\\/\\\/macite.tg\\\/\",\"name\":\"\",\"description\":\"L&#039;information, la bonne!!!\",\"potentialAction\":[{\"@type\":\"SearchAction\",\"target\":{\"@type\":\"EntryPoint\",\"urlTemplate\":\"https:\\\/\\\/macite.tg\\\/?s={search_term_string}\"},\"query-input\":{\"@type\":\"PropertyValueSpecification\",\"valueRequired\":true,\"valueName\":\"search_term_string\"}}],\"inLanguage\":\"fr-FR\"},{\"@type\":\"Person\",\"@id\":\"https:\\\/\\\/macite.tg\\\/#\\\/schema\\\/person\\\/e9f2de7e5dbbe7770a9402c7ce82f5c2\",\"name\":\"Jean Pierre BAWELA\",\"image\":{\"@type\":\"ImageObject\",\"inLanguage\":\"fr-FR\",\"@id\":\"https:\\\/\\\/macite.tg\\\/wp-content\\\/uploads\\\/2023\\\/09\\\/WhatsApp-Image-2023-09-19-at-14.44.41-122x122.jpeg\",\"url\":\"https:\\\/\\\/macite.tg\\\/wp-content\\\/uploads\\\/2023\\\/09\\\/WhatsApp-Image-2023-09-19-at-14.44.41-122x122.jpeg\",\"contentUrl\":\"https:\\\/\\\/macite.tg\\\/wp-content\\\/uploads\\\/2023\\\/09\\\/WhatsApp-Image-2023-09-19-at-14.44.41-122x122.jpeg\",\"caption\":\"Jean Pierre BAWELA\"},\"url\":\"https:\\\/\\\/macite.tg\\\/?author=2\"}]}<\/script>\n<!-- \/ Yoast SEO plugin. -->","yoast_head_json":{"title":"\u00c9TATS-UNIS\u00a0: Lib\u00e9r\u00e9 apr\u00e8s 19 ans de prison, pour un vol qu\u2019il n\u2019a pas commis -","robots":{"index":"index","follow":"follow","max-snippet":"max-snippet:-1","max-image-preview":"max-image-preview:large","max-video-preview":"max-video-preview:-1"},"canonical":"https:\/\/macite.tg\/?p=29098","og_locale":"fr_FR","og_type":"article","og_title":"\u00c9TATS-UNIS\u00a0: Lib\u00e9r\u00e9 apr\u00e8s 19 ans de prison, pour un vol qu\u2019il n\u2019a pas commis -","og_description":"L\u2019histoire a de quoi bouleverser. Aux \u00c9tats-Unis, un homme vient d\u2019\u00eatre lib\u00e9r\u00e9 apr\u00e8s avoir pass\u00e9 19 ans en prison pour un vol qu\u2019il n\u2019avait pas commis. Kenneth Windley, aujourd\u2019hui \u00e2g\u00e9 de 61 ans, a vu sa condamnation annul\u00e9e apr\u00e8s un nouvel examen du dossier, ouvrant [&hellip;]","og_url":"https:\/\/macite.tg\/?p=29098","article_published_time":"2026-03-18T17:12:26+00:00","article_modified_time":"2026-03-18T17:12:36+00:00","og_image":[{"width":300,"height":225,"url":"https:\/\/macite.tg\/wp-content\/uploads\/2026\/03\/image-48.png","type":"image\/png"}],"author":"Jean Pierre BAWELA","twitter_card":"summary_large_image","twitter_misc":{"\u00c9crit par":"Jean Pierre BAWELA","Dur\u00e9e de lecture estim\u00e9e":"5 minutes"},"schema":{"@context":"https:\/\/schema.org","@graph":[{"@type":"Article","@id":"https:\/\/macite.tg\/?p=29098#article","isPartOf":{"@id":"https:\/\/macite.tg\/?p=29098"},"author":{"name":"Jean Pierre BAWELA","@id":"https:\/\/macite.tg\/#\/schema\/person\/e9f2de7e5dbbe7770a9402c7ce82f5c2"},"headline":"\u00c9TATS-UNIS\u00a0: Lib\u00e9r\u00e9 apr\u00e8s 19 ans de prison, pour un vol qu\u2019il n\u2019a pas commis","datePublished":"2026-03-18T17:12:26+00:00","dateModified":"2026-03-18T17:12:36+00:00","mainEntityOfPage":{"@id":"https:\/\/macite.tg\/?p=29098"},"wordCount":738,"commentCount":0,"image":{"@id":"https:\/\/macite.tg\/?p=29098#primaryimage"},"thumbnailUrl":"https:\/\/macite.tg\/wp-content\/uploads\/2026\/03\/image-48.png","articleSection":["ACTUALITE","JUSTICE"],"inLanguage":"fr-FR","potentialAction":[{"@type":"CommentAction","name":"Comment","target":["https:\/\/macite.tg\/?p=29098#respond"]}]},{"@type":"WebPage","@id":"https:\/\/macite.tg\/?p=29098","url":"https:\/\/macite.tg\/?p=29098","name":"\u00c9TATS-UNIS\u00a0: Lib\u00e9r\u00e9 apr\u00e8s 19 ans de prison, pour un vol qu\u2019il n\u2019a pas commis -","isPartOf":{"@id":"https:\/\/macite.tg\/#website"},"primaryImageOfPage":{"@id":"https:\/\/macite.tg\/?p=29098#primaryimage"},"image":{"@id":"https:\/\/macite.tg\/?p=29098#primaryimage"},"thumbnailUrl":"https:\/\/macite.tg\/wp-content\/uploads\/2026\/03\/image-48.png","datePublished":"2026-03-18T17:12:26+00:00","dateModified":"2026-03-18T17:12:36+00:00","author":{"@id":"https:\/\/macite.tg\/#\/schema\/person\/e9f2de7e5dbbe7770a9402c7ce82f5c2"},"breadcrumb":{"@id":"https:\/\/macite.tg\/?p=29098#breadcrumb"},"inLanguage":"fr-FR","potentialAction":[{"@type":"ReadAction","target":["https:\/\/macite.tg\/?p=29098"]}]},{"@type":"ImageObject","inLanguage":"fr-FR","@id":"https:\/\/macite.tg\/?p=29098#primaryimage","url":"https:\/\/macite.tg\/wp-content\/uploads\/2026\/03\/image-48.png","contentUrl":"https:\/\/macite.tg\/wp-content\/uploads\/2026\/03\/image-48.png","width":300,"height":225,"caption":"Kenneth Windley (61 ans) et sa m\u00e8re venue \u00e0 sa sortie de prison"},{"@type":"BreadcrumbList","@id":"https:\/\/macite.tg\/?p=29098#breadcrumb","itemListElement":[{"@type":"ListItem","position":1,"name":"Accueil","item":"https:\/\/macite.tg\/"},{"@type":"ListItem","position":2,"name":"\u00c9TATS-UNIS\u00a0: Lib\u00e9r\u00e9 apr\u00e8s 19 ans de prison, pour un vol qu\u2019il n\u2019a pas commis"}]},{"@type":"WebSite","@id":"https:\/\/macite.tg\/#website","url":"https:\/\/macite.tg\/","name":"","description":"L&#039;information, la bonne!!!","potentialAction":[{"@type":"SearchAction","target":{"@type":"EntryPoint","urlTemplate":"https:\/\/macite.tg\/?s={search_term_string}"},"query-input":{"@type":"PropertyValueSpecification","valueRequired":true,"valueName":"search_term_string"}}],"inLanguage":"fr-FR"},{"@type":"Person","@id":"https:\/\/macite.tg\/#\/schema\/person\/e9f2de7e5dbbe7770a9402c7ce82f5c2","name":"Jean Pierre BAWELA","image":{"@type":"ImageObject","inLanguage":"fr-FR","@id":"https:\/\/macite.tg\/wp-content\/uploads\/2023\/09\/WhatsApp-Image-2023-09-19-at-14.44.41-122x122.jpeg","url":"https:\/\/macite.tg\/wp-content\/uploads\/2023\/09\/WhatsApp-Image-2023-09-19-at-14.44.41-122x122.jpeg","contentUrl":"https:\/\/macite.tg\/wp-content\/uploads\/2023\/09\/WhatsApp-Image-2023-09-19-at-14.44.41-122x122.jpeg","caption":"Jean Pierre BAWELA"},"url":"https:\/\/macite.tg\/?author=2"}]}},"_links":{"self":[{"href":"https:\/\/macite.tg\/index.php?rest_route=\/wp\/v2\/posts\/29098","targetHints":{"allow":["GET"]}}],"collection":[{"href":"https:\/\/macite.tg\/index.php?rest_route=\/wp\/v2\/posts"}],"about":[{"href":"https:\/\/macite.tg\/index.php?rest_route=\/wp\/v2\/types\/post"}],"author":[{"embeddable":true,"href":"https:\/\/macite.tg\/index.php?rest_route=\/wp\/v2\/users\/2"}],"replies":[{"embeddable":true,"href":"https:\/\/macite.tg\/index.php?rest_route=%2Fwp%2Fv2%2Fcomments&post=29098"}],"version-history":[{"count":0,"href":"https:\/\/macite.tg\/index.php?rest_route=\/wp\/v2\/posts\/29098\/revisions"}],"wp:featuredmedia":[{"embeddable":true,"href":"https:\/\/macite.tg\/index.php?rest_route=\/wp\/v2\/media\/29099"}],"wp:attachment":[{"href":"https:\/\/macite.tg\/index.php?rest_route=%2Fwp%2Fv2%2Fmedia&parent=29098"}],"wp:term":[{"taxonomy":"category","embeddable":true,"href":"https:\/\/macite.tg\/index.php?rest_route=%2Fwp%2Fv2%2Fcategories&post=29098"},{"taxonomy":"post_tag","embeddable":true,"href":"https:\/\/macite.tg\/index.php?rest_route=%2Fwp%2Fv2%2Ftags&post=29098"}],"curies":[{"name":"wp","href":"https:\/\/api.w.org\/{rel}","templated":true}]}}