{"id":29093,"date":"2026-03-18T16:37:46","date_gmt":"2026-03-18T16:37:46","guid":{"rendered":"https:\/\/macite.tg\/?p=29093"},"modified":"2026-03-18T16:37:56","modified_gmt":"2026-03-18T16:37:56","slug":"assemblee-nationale-au-cameroun-theodore-datouo-succede-a-cavaye-yeguie-djibril-en-poste-depuis-34-ans","status":"publish","type":"post","link":"https:\/\/macite.tg\/?p=29093","title":{"rendered":"ASSEMBLEE NATIONALE AU CAMEROUN\u00a0: Th\u00e9odore Datouo succ\u00e8de \u00e0 Cavay\u00e9 Yegui\u00e9 Djibril en poste depuis 34 ans"},"content":{"rendered":"\n<p class=\"wp-block-paragraph\"><strong><em>Le d\u00e9put\u00e9 Th\u00e9odore Datouo a \u00e9t\u00e9 \u00e9lu \u00e0 la t\u00eate de la chambre basse du parlement hier mardi. Il succ\u00e8de \u00e0 Cavay\u00e9 Yegui\u00e9 Djibril, qui occupait ce poste depuis 1992. Ainsi, pour la premi\u00e8re fois en 34 ans, l&rsquo;Assembl\u00e9e nationale du Cameroun a un nouveau pr\u00e9sident.<\/em><\/strong><\/p>\n\n\n\n<p class=\"wp-block-paragraph\">Originaire de la R\u00e9gion de l&rsquo;Ouest, Th\u00e9odore Datouo \u00e9tait jusqu\u2019\u00e0 pr\u00e9sent vice-pr\u00e9sident de l&rsquo;Assembl\u00e9e. Son \u00e9lection fait suite \u00e0 une d\u00e9cision du comit\u00e9 central du Rassemblement d\u00e9mocratique du peuple camerounais (RDPC), le parti au pouvoir, et marque le d\u00e9but d&rsquo;une nouvelle \u00e8re \u00e0 la t\u00eate de l\u2019Assembl\u00e9e nationale.<\/p>\n\n\n\n<figure class=\"wp-block-image size-full\"><img loading=\"lazy\" decoding=\"async\" width=\"851\" height=\"315\" src=\"https:\/\/macite.tg\/wp-content\/uploads\/2026\/03\/OTR_Bandeau-Renseignements.jpg\" alt=\"\" class=\"wp-image-29073\" srcset=\"https:\/\/macite.tg\/wp-content\/uploads\/2026\/03\/OTR_Bandeau-Renseignements.jpg 851w, https:\/\/macite.tg\/wp-content\/uploads\/2026\/03\/OTR_Bandeau-Renseignements-300x111.jpg 300w, https:\/\/macite.tg\/wp-content\/uploads\/2026\/03\/OTR_Bandeau-Renseignements-768x284.jpg 768w\" sizes=\"auto, (max-width: 851px) 100vw, 851px\" \/><\/figure>\n\n\n\n<p class=\"wp-block-paragraph\">\u00c9lu pour la premi\u00e8re fois au Parlement en 1973, Cavay\u00e9 Yegui\u00e9 Djibril \u00e9tait devenu une figure incontournable du paysage politique camerounais.<\/p>\n\n\n\n<p class=\"wp-block-paragraph\">Sur son compte Facebook, l&rsquo;avocat et militant des droits humains Nkongho Felix Agbor a qualifi\u00e9 l\u2019\u00e9lection de Th\u00e9odore Datouo de&nbsp;<em>\u00ab\u00a0test pour la cr\u00e9dibilit\u00e9, l&rsquo;ind\u00e9pendance et le r\u00f4le r\u00e9el de notre Parlement.\u00a0\u00bb<\/em><\/p>\n\n\n<div class=\"wp-block-image\">\n<figure class=\"aligncenter size-full\"><img loading=\"lazy\" decoding=\"async\" width=\"500\" height=\"625\" src=\"https:\/\/macite.tg\/wp-content\/uploads\/2026\/03\/Webinaire-otr.png\" alt=\"\" class=\"wp-image-29088\" srcset=\"https:\/\/macite.tg\/wp-content\/uploads\/2026\/03\/Webinaire-otr.png 500w, https:\/\/macite.tg\/wp-content\/uploads\/2026\/03\/Webinaire-otr-240x300.png 240w\" sizes=\"auto, (max-width: 500px) 100vw, 500px\" \/><\/figure>\n<\/div>\n\n\n<p class=\"wp-block-paragraph\">Selon certains observateurs, ce choix t\u00e9moigne malgr\u00e9 tout d&rsquo;une continuit\u00e9 au sein de la direction du parti au pouvoir, sous le patronage du pr\u00e9sident de la R\u00e9publique Paul Biya.<\/p>\n\n\n\n<p class=\"wp-block-paragraph\"><strong>MSN<\/strong><\/p>\n\n\n\n<p class=\"wp-block-paragraph\"><a><strong><em>@macite.tg&nbsp;&nbsp;&nbsp;&nbsp;&nbsp;&nbsp;&nbsp;&nbsp;<\/em><\/strong><\/a><\/p>\n\n\n\n<p class=\"wp-block-paragraph\"><strong><em>E-mail&nbsp;: <\/em><\/strong><a href=\"mailto:maciteinfo@gmail.com\"><strong><em>maciteinfo@gmail.com<\/em><\/strong><\/a><strong><em>; <\/em><\/strong><a href=\"mailto:bawela1@gmail.com\"><strong><em>bawela1@gmail.com<\/em><\/strong><\/a><strong><em><\/em><\/strong><\/p>\n\n\n\n<p class=\"wp-block-paragraph\"><strong><em>Pour vos annonces, (publi)reportages, etc., joignez-nous au (00228)91515309\/<strong>79872224 <\/strong><strong><\/strong><\/em><\/strong><\/p>\n\n\n\n<p class=\"wp-block-paragraph\"><strong><em>www.macite.tg, L\u2019information, la bonne&nbsp;!<\/em><\/strong><\/p>\n","protected":false},"excerpt":{"rendered":"<p class=\"text-justify mb-2\" >Le d\u00e9put\u00e9 Th\u00e9odore Datouo a \u00e9t\u00e9 \u00e9lu \u00e0 la t\u00eate de la chambre basse du parlement hier mardi. Il succ\u00e8de \u00e0 Cavay\u00e9 Yegui\u00e9 Djibril, qui occupait ce poste depuis 1992. Ainsi, pour la premi\u00e8re fois en 34 ans, l&rsquo;Assembl\u00e9e nationale du Cameroun a un nouveau [&hellip;]<\/p>\n","protected":false},"author":2,"featured_media":29096,"comment_status":"open","ping_status":"open","sticky":false,"template":"","format":"standard","meta":{"footnotes":""},"categories":[20,1],"tags":[],"class_list":["post-29093","post","type-post","status-publish","format-standard","has-post-thumbnail","hentry","category-actualite","category-politique"],"yoast_head":"<!-- This site is optimized with the Yoast SEO plugin v28.4 - https:\/\/yoast.com\/product\/yoast-seo-wordpress\/ -->\n<title>ASSEMBLEE NATIONALE AU CAMEROUN\u00a0: Th\u00e9odore Datouo succ\u00e8de \u00e0 Cavay\u00e9 Yegui\u00e9 Djibril en poste depuis 34 ans -<\/title>\n<meta name=\"robots\" content=\"index, follow, max-snippet:-1, max-image-preview:large, max-video-preview:-1\" \/>\n<link rel=\"canonical\" href=\"https:\/\/macite.tg\/?p=29093\" \/>\n<meta property=\"og:locale\" content=\"fr_FR\" \/>\n<meta property=\"og:type\" content=\"article\" \/>\n<meta property=\"og:title\" content=\"ASSEMBLEE NATIONALE AU CAMEROUN\u00a0: Th\u00e9odore Datouo succ\u00e8de \u00e0 Cavay\u00e9 Yegui\u00e9 Djibril en poste depuis 34 ans -\" \/>\n<meta property=\"og:description\" content=\"Le d\u00e9put\u00e9 Th\u00e9odore Datouo a \u00e9t\u00e9 \u00e9lu \u00e0 la t\u00eate de la chambre basse du parlement hier mardi. Il succ\u00e8de \u00e0 Cavay\u00e9 Yegui\u00e9 Djibril, qui occupait ce poste depuis 1992. Ainsi, pour la premi\u00e8re fois en 34 ans, l&rsquo;Assembl\u00e9e nationale du Cameroun a un nouveau [&hellip;]\" \/>\n<meta property=\"og:url\" content=\"https:\/\/macite.tg\/?p=29093\" \/>\n<meta property=\"article:published_time\" content=\"2026-03-18T16:37:46+00:00\" \/>\n<meta property=\"article:modified_time\" content=\"2026-03-18T16:37:56+00:00\" \/>\n<meta property=\"og:image\" content=\"https:\/\/macite.tg\/wp-content\/uploads\/2026\/03\/cameroun.jpg\" \/>\n\t<meta property=\"og:image:width\" content=\"423\" \/>\n\t<meta property=\"og:image:height\" content=\"235\" \/>\n\t<meta property=\"og:image:type\" content=\"image\/jpeg\" \/>\n<meta name=\"author\" content=\"Jean Pierre BAWELA\" \/>\n<meta name=\"twitter:card\" content=\"summary_large_image\" \/>\n<meta name=\"twitter:label1\" content=\"\u00c9crit par\" \/>\n\t<meta name=\"twitter:data1\" content=\"Jean Pierre BAWELA\" \/>\n\t<meta name=\"twitter:label2\" content=\"Dur\u00e9e de lecture estim\u00e9e\" \/>\n\t<meta name=\"twitter:data2\" content=\"2 minutes\" \/>\n<script type=\"application\/ld+json\" class=\"yoast-schema-graph\">{\"@context\":\"https:\\\/\\\/schema.org\",\"@graph\":[{\"@type\":\"Article\",\"@id\":\"https:\\\/\\\/macite.tg\\\/?p=29093#article\",\"isPartOf\":{\"@id\":\"https:\\\/\\\/macite.tg\\\/?p=29093\"},\"author\":{\"name\":\"Jean Pierre BAWELA\",\"@id\":\"https:\\\/\\\/macite.tg\\\/#\\\/schema\\\/person\\\/e9f2de7e5dbbe7770a9402c7ce82f5c2\"},\"headline\":\"ASSEMBLEE NATIONALE AU CAMEROUN\u00a0: Th\u00e9odore Datouo succ\u00e8de \u00e0 Cavay\u00e9 Yegui\u00e9 Djibril en poste depuis 34 ans\",\"datePublished\":\"2026-03-18T16:37:46+00:00\",\"dateModified\":\"2026-03-18T16:37:56+00:00\",\"mainEntityOfPage\":{\"@id\":\"https:\\\/\\\/macite.tg\\\/?p=29093\"},\"wordCount\":256,\"commentCount\":0,\"image\":{\"@id\":\"https:\\\/\\\/macite.tg\\\/?p=29093#primaryimage\"},\"thumbnailUrl\":\"https:\\\/\\\/macite.tg\\\/wp-content\\\/uploads\\\/2026\\\/03\\\/cameroun.jpg\",\"articleSection\":[\"ACTUALITE\",\"POLITIQUE\"],\"inLanguage\":\"fr-FR\",\"potentialAction\":[{\"@type\":\"CommentAction\",\"name\":\"Comment\",\"target\":[\"https:\\\/\\\/macite.tg\\\/?p=29093#respond\"]}]},{\"@type\":\"WebPage\",\"@id\":\"https:\\\/\\\/macite.tg\\\/?p=29093\",\"url\":\"https:\\\/\\\/macite.tg\\\/?p=29093\",\"name\":\"ASSEMBLEE NATIONALE AU CAMEROUN\u00a0: Th\u00e9odore Datouo succ\u00e8de \u00e0 Cavay\u00e9 Yegui\u00e9 Djibril en poste depuis 34 ans -\",\"isPartOf\":{\"@id\":\"https:\\\/\\\/macite.tg\\\/#website\"},\"primaryImageOfPage\":{\"@id\":\"https:\\\/\\\/macite.tg\\\/?p=29093#primaryimage\"},\"image\":{\"@id\":\"https:\\\/\\\/macite.tg\\\/?p=29093#primaryimage\"},\"thumbnailUrl\":\"https:\\\/\\\/macite.tg\\\/wp-content\\\/uploads\\\/2026\\\/03\\\/cameroun.jpg\",\"datePublished\":\"2026-03-18T16:37:46+00:00\",\"dateModified\":\"2026-03-18T16:37:56+00:00\",\"author\":{\"@id\":\"https:\\\/\\\/macite.tg\\\/#\\\/schema\\\/person\\\/e9f2de7e5dbbe7770a9402c7ce82f5c2\"},\"breadcrumb\":{\"@id\":\"https:\\\/\\\/macite.tg\\\/?p=29093#breadcrumb\"},\"inLanguage\":\"fr-FR\",\"potentialAction\":[{\"@type\":\"ReadAction\",\"target\":[\"https:\\\/\\\/macite.tg\\\/?p=29093\"]}]},{\"@type\":\"ImageObject\",\"inLanguage\":\"fr-FR\",\"@id\":\"https:\\\/\\\/macite.tg\\\/?p=29093#primaryimage\",\"url\":\"https:\\\/\\\/macite.tg\\\/wp-content\\\/uploads\\\/2026\\\/03\\\/cameroun.jpg\",\"contentUrl\":\"https:\\\/\\\/macite.tg\\\/wp-content\\\/uploads\\\/2026\\\/03\\\/cameroun.jpg\",\"width\":423,\"height\":235,\"caption\":\"Th\u00e9odore Datouo succ\u00e8de \u00e0 Cavay\u00e9 Yegui\u00e9 Djibril en poste depuis 34 ans\"},{\"@type\":\"BreadcrumbList\",\"@id\":\"https:\\\/\\\/macite.tg\\\/?p=29093#breadcrumb\",\"itemListElement\":[{\"@type\":\"ListItem\",\"position\":1,\"name\":\"Accueil\",\"item\":\"https:\\\/\\\/macite.tg\\\/\"},{\"@type\":\"ListItem\",\"position\":2,\"name\":\"ASSEMBLEE NATIONALE AU CAMEROUN\u00a0: Th\u00e9odore Datouo succ\u00e8de \u00e0 Cavay\u00e9 Yegui\u00e9 Djibril en poste depuis 34 ans\"}]},{\"@type\":\"WebSite\",\"@id\":\"https:\\\/\\\/macite.tg\\\/#website\",\"url\":\"https:\\\/\\\/macite.tg\\\/\",\"name\":\"\",\"description\":\"L&#039;information, la bonne!!!\",\"potentialAction\":[{\"@type\":\"SearchAction\",\"target\":{\"@type\":\"EntryPoint\",\"urlTemplate\":\"https:\\\/\\\/macite.tg\\\/?s={search_term_string}\"},\"query-input\":{\"@type\":\"PropertyValueSpecification\",\"valueRequired\":true,\"valueName\":\"search_term_string\"}}],\"inLanguage\":\"fr-FR\"},{\"@type\":\"Person\",\"@id\":\"https:\\\/\\\/macite.tg\\\/#\\\/schema\\\/person\\\/e9f2de7e5dbbe7770a9402c7ce82f5c2\",\"name\":\"Jean Pierre BAWELA\",\"image\":{\"@type\":\"ImageObject\",\"inLanguage\":\"fr-FR\",\"@id\":\"https:\\\/\\\/macite.tg\\\/wp-content\\\/uploads\\\/2023\\\/09\\\/WhatsApp-Image-2023-09-19-at-14.44.41-122x122.jpeg\",\"url\":\"https:\\\/\\\/macite.tg\\\/wp-content\\\/uploads\\\/2023\\\/09\\\/WhatsApp-Image-2023-09-19-at-14.44.41-122x122.jpeg\",\"contentUrl\":\"https:\\\/\\\/macite.tg\\\/wp-content\\\/uploads\\\/2023\\\/09\\\/WhatsApp-Image-2023-09-19-at-14.44.41-122x122.jpeg\",\"caption\":\"Jean Pierre BAWELA\"},\"url\":\"https:\\\/\\\/macite.tg\\\/?author=2\"}]}<\/script>\n<!-- \/ Yoast SEO plugin. -->","yoast_head_json":{"title":"ASSEMBLEE NATIONALE AU CAMEROUN\u00a0: Th\u00e9odore Datouo succ\u00e8de \u00e0 Cavay\u00e9 Yegui\u00e9 Djibril en poste depuis 34 ans -","robots":{"index":"index","follow":"follow","max-snippet":"max-snippet:-1","max-image-preview":"max-image-preview:large","max-video-preview":"max-video-preview:-1"},"canonical":"https:\/\/macite.tg\/?p=29093","og_locale":"fr_FR","og_type":"article","og_title":"ASSEMBLEE NATIONALE AU CAMEROUN\u00a0: Th\u00e9odore Datouo succ\u00e8de \u00e0 Cavay\u00e9 Yegui\u00e9 Djibril en poste depuis 34 ans -","og_description":"Le d\u00e9put\u00e9 Th\u00e9odore Datouo a \u00e9t\u00e9 \u00e9lu \u00e0 la t\u00eate de la chambre basse du parlement hier mardi. Il succ\u00e8de \u00e0 Cavay\u00e9 Yegui\u00e9 Djibril, qui occupait ce poste depuis 1992. Ainsi, pour la premi\u00e8re fois en 34 ans, l&rsquo;Assembl\u00e9e nationale du Cameroun a un nouveau [&hellip;]","og_url":"https:\/\/macite.tg\/?p=29093","article_published_time":"2026-03-18T16:37:46+00:00","article_modified_time":"2026-03-18T16:37:56+00:00","og_image":[{"width":423,"height":235,"url":"https:\/\/macite.tg\/wp-content\/uploads\/2026\/03\/cameroun.jpg","type":"image\/jpeg"}],"author":"Jean Pierre BAWELA","twitter_card":"summary_large_image","twitter_misc":{"\u00c9crit par":"Jean Pierre BAWELA","Dur\u00e9e de lecture estim\u00e9e":"2 minutes"},"schema":{"@context":"https:\/\/schema.org","@graph":[{"@type":"Article","@id":"https:\/\/macite.tg\/?p=29093#article","isPartOf":{"@id":"https:\/\/macite.tg\/?p=29093"},"author":{"name":"Jean Pierre BAWELA","@id":"https:\/\/macite.tg\/#\/schema\/person\/e9f2de7e5dbbe7770a9402c7ce82f5c2"},"headline":"ASSEMBLEE NATIONALE AU CAMEROUN\u00a0: Th\u00e9odore Datouo succ\u00e8de \u00e0 Cavay\u00e9 Yegui\u00e9 Djibril en poste depuis 34 ans","datePublished":"2026-03-18T16:37:46+00:00","dateModified":"2026-03-18T16:37:56+00:00","mainEntityOfPage":{"@id":"https:\/\/macite.tg\/?p=29093"},"wordCount":256,"commentCount":0,"image":{"@id":"https:\/\/macite.tg\/?p=29093#primaryimage"},"thumbnailUrl":"https:\/\/macite.tg\/wp-content\/uploads\/2026\/03\/cameroun.jpg","articleSection":["ACTUALITE","POLITIQUE"],"inLanguage":"fr-FR","potentialAction":[{"@type":"CommentAction","name":"Comment","target":["https:\/\/macite.tg\/?p=29093#respond"]}]},{"@type":"WebPage","@id":"https:\/\/macite.tg\/?p=29093","url":"https:\/\/macite.tg\/?p=29093","name":"ASSEMBLEE NATIONALE AU CAMEROUN\u00a0: Th\u00e9odore Datouo succ\u00e8de \u00e0 Cavay\u00e9 Yegui\u00e9 Djibril en poste depuis 34 ans -","isPartOf":{"@id":"https:\/\/macite.tg\/#website"},"primaryImageOfPage":{"@id":"https:\/\/macite.tg\/?p=29093#primaryimage"},"image":{"@id":"https:\/\/macite.tg\/?p=29093#primaryimage"},"thumbnailUrl":"https:\/\/macite.tg\/wp-content\/uploads\/2026\/03\/cameroun.jpg","datePublished":"2026-03-18T16:37:46+00:00","dateModified":"2026-03-18T16:37:56+00:00","author":{"@id":"https:\/\/macite.tg\/#\/schema\/person\/e9f2de7e5dbbe7770a9402c7ce82f5c2"},"breadcrumb":{"@id":"https:\/\/macite.tg\/?p=29093#breadcrumb"},"inLanguage":"fr-FR","potentialAction":[{"@type":"ReadAction","target":["https:\/\/macite.tg\/?p=29093"]}]},{"@type":"ImageObject","inLanguage":"fr-FR","@id":"https:\/\/macite.tg\/?p=29093#primaryimage","url":"https:\/\/macite.tg\/wp-content\/uploads\/2026\/03\/cameroun.jpg","contentUrl":"https:\/\/macite.tg\/wp-content\/uploads\/2026\/03\/cameroun.jpg","width":423,"height":235,"caption":"Th\u00e9odore Datouo succ\u00e8de \u00e0 Cavay\u00e9 Yegui\u00e9 Djibril en poste depuis 34 ans"},{"@type":"BreadcrumbList","@id":"https:\/\/macite.tg\/?p=29093#breadcrumb","itemListElement":[{"@type":"ListItem","position":1,"name":"Accueil","item":"https:\/\/macite.tg\/"},{"@type":"ListItem","position":2,"name":"ASSEMBLEE NATIONALE AU CAMEROUN\u00a0: Th\u00e9odore Datouo succ\u00e8de \u00e0 Cavay\u00e9 Yegui\u00e9 Djibril en poste depuis 34 ans"}]},{"@type":"WebSite","@id":"https:\/\/macite.tg\/#website","url":"https:\/\/macite.tg\/","name":"","description":"L&#039;information, la bonne!!!","potentialAction":[{"@type":"SearchAction","target":{"@type":"EntryPoint","urlTemplate":"https:\/\/macite.tg\/?s={search_term_string}"},"query-input":{"@type":"PropertyValueSpecification","valueRequired":true,"valueName":"search_term_string"}}],"inLanguage":"fr-FR"},{"@type":"Person","@id":"https:\/\/macite.tg\/#\/schema\/person\/e9f2de7e5dbbe7770a9402c7ce82f5c2","name":"Jean Pierre BAWELA","image":{"@type":"ImageObject","inLanguage":"fr-FR","@id":"https:\/\/macite.tg\/wp-content\/uploads\/2023\/09\/WhatsApp-Image-2023-09-19-at-14.44.41-122x122.jpeg","url":"https:\/\/macite.tg\/wp-content\/uploads\/2023\/09\/WhatsApp-Image-2023-09-19-at-14.44.41-122x122.jpeg","contentUrl":"https:\/\/macite.tg\/wp-content\/uploads\/2023\/09\/WhatsApp-Image-2023-09-19-at-14.44.41-122x122.jpeg","caption":"Jean Pierre BAWELA"},"url":"https:\/\/macite.tg\/?author=2"}]}},"_links":{"self":[{"href":"https:\/\/macite.tg\/index.php?rest_route=\/wp\/v2\/posts\/29093","targetHints":{"allow":["GET"]}}],"collection":[{"href":"https:\/\/macite.tg\/index.php?rest_route=\/wp\/v2\/posts"}],"about":[{"href":"https:\/\/macite.tg\/index.php?rest_route=\/wp\/v2\/types\/post"}],"author":[{"embeddable":true,"href":"https:\/\/macite.tg\/index.php?rest_route=\/wp\/v2\/users\/2"}],"replies":[{"embeddable":true,"href":"https:\/\/macite.tg\/index.php?rest_route=%2Fwp%2Fv2%2Fcomments&post=29093"}],"version-history":[{"count":0,"href":"https:\/\/macite.tg\/index.php?rest_route=\/wp\/v2\/posts\/29093\/revisions"}],"wp:featuredmedia":[{"embeddable":true,"href":"https:\/\/macite.tg\/index.php?rest_route=\/wp\/v2\/media\/29096"}],"wp:attachment":[{"href":"https:\/\/macite.tg\/index.php?rest_route=%2Fwp%2Fv2%2Fmedia&parent=29093"}],"wp:term":[{"taxonomy":"category","embeddable":true,"href":"https:\/\/macite.tg\/index.php?rest_route=%2Fwp%2Fv2%2Fcategories&post=29093"},{"taxonomy":"post_tag","embeddable":true,"href":"https:\/\/macite.tg\/index.php?rest_route=%2Fwp%2Fv2%2Ftags&post=29093"}],"curies":[{"name":"wp","href":"https:\/\/api.w.org\/{rel}","templated":true}]}}