{"id":29092,"date":"2026-03-18T16:06:26","date_gmt":"2026-03-18T16:06:26","guid":{"rendered":"https:\/\/macite.tg\/?p=29092"},"modified":"2026-03-18T16:06:37","modified_gmt":"2026-03-18T16:06:37","slug":"confit-au-moyen-orient-des-medias-iraniens-annoncent-la-mort-du-premier-ministre-israelien-benjamin-netanyahu","status":"publish","type":"post","link":"https:\/\/macite.tg\/?p=29092","title":{"rendered":"CONFIT AU MOYEN-ORIENT\u00a0: Des m\u00e9dias iraniens annoncent la mort du Premier ministre isra\u00e9lien, Benjamin Netanyahu"},"content":{"rendered":"\n<p class=\"wp-block-paragraph\"><strong><em>Benjamin Netanyahu, le Premier ministre d\u2019Isra\u00ebl, est au c\u0153ur d\u2019une grosse rumeur. Il serait mort dans des frappes iraniennes, selon des m\u00e9dias de ce pays. Un missile hypersonique aurait frapp\u00e9 sa r\u00e9sidence et la rumeur est accompagn\u00e9e d\u2019images forte de ce sa suppos\u00e9e r\u00e9sidence. Aucune confirmation des sources habituelles n\u2019a \u00e9t\u00e9 faite dans ce moment de grandes tensions au Moyen-Orient.<\/em><\/strong><\/p>\n\n\n\n<p class=\"wp-block-paragraph\"><strong>La r\u00e9sidence de Netanyahu bombard\u00e9e ?<\/strong><\/p>\n\n\n\n<p class=\"wp-block-paragraph\">D\u2019apr\u00e8s un certain nombre de m\u00e9dias iraniens, Benjamin Netanyahu aurait \u00e9t\u00e9 vis\u00e9 par une frappe d\u2019un missile hypersonique des gardiens de la r\u00e9volution. Ce projectile aurait atteint la r\u00e9sidence du dirigeant isra\u00e9lien. Pr\u00e9sentement, Isra\u00ebl est en guerre contre l\u2019Iran depuis l\u2019assassinat de plusieurs dirigeants iraniens, dont le Guide supr\u00eame\u00a0<strong>Ali Khamenei<\/strong>.<\/p>\n\n\n\n<p class=\"wp-block-paragraph\">Ni l\u2019AFP ni aucune autre agence de presse internationale, m\u00eame pas Tass, l\u2019agence russe, ne confirment cette rumeur des m\u00e9dias iraniens qui s\u2019est empar\u00e9e de X. L\u2019administration Netanyahu n\u2019a toujours pas d\u00e9menti l\u2019information, ni m\u00eame les Am\u00e9ricains, malgr\u00e9 sa rapide propagation.<\/p>\n\n\n\n<figure class=\"wp-block-image size-full\"><img loading=\"lazy\" decoding=\"async\" width=\"851\" height=\"315\" src=\"https:\/\/macite.tg\/wp-content\/uploads\/2026\/03\/OTR_Bandeau-Renseignements.jpg\" alt=\"\" class=\"wp-image-29073\" srcset=\"https:\/\/macite.tg\/wp-content\/uploads\/2026\/03\/OTR_Bandeau-Renseignements.jpg 851w, https:\/\/macite.tg\/wp-content\/uploads\/2026\/03\/OTR_Bandeau-Renseignements-300x111.jpg 300w, https:\/\/macite.tg\/wp-content\/uploads\/2026\/03\/OTR_Bandeau-Renseignements-768x284.jpg 768w\" sizes=\"auto, (max-width: 851px) 100vw, 851px\" \/><\/figure>\n\n\n\n<p class=\"wp-block-paragraph\">En p\u00e9riode de guerre, la rumeur est une arme de combat. Les diff\u00e9rentes parties aux conflits diffusent faussement de mauvaises nouvelles pour atteindre le moral des troupes adversaires.<\/p>\n\n\n\n<p class=\"wp-block-paragraph\">Toutefois, les m\u00e9dias iraniens annoncent qu\u2019Isra\u00ebl cherche \u00e0 dissimuler la v\u00e9rit\u00e9 sur cette suppos\u00e9e mort. L\u2019\u00c9tat h\u00e9breu pourrait, toujours selon les sources iraniennes, diff\u00e9rer l\u2019information pour ensuite attribuer sa mort \u00e0 une raison purement m\u00e9dicale.<\/p>\n\n\n\n<p class=\"wp-block-paragraph\"><strong>Des rumeurs de guerre de l\u2019Iran sur le dirigeant isra\u00e9lien<\/strong><\/p>\n\n\n\n<p class=\"wp-block-paragraph\">La rumeur peut avoir pour but de susciter une sortie publique du dirigeant isra\u00e9lien afin de l\u2019atteindre plus facilement, car depuis le d\u00e9but de la guerre men\u00e9e par son pays et les \u00c9tats-Unis, il est de plus en plus difficile \u00e0 localiser.<\/p>\n\n\n\n<p class=\"wp-block-paragraph\">Dans cette guerre, l\u2019Iran utilise des missiles ayant une longue port\u00e9e et qui peuvent donc atteindre Netanyahu n\u2019importe o\u00f9 sur le territoire isra\u00e9lien. De plus, les pr\u00e9cisions des derniers projectiles iraniens s\u2019av\u00e8rent de plus en plus redoutables, ce qui conduit le Mossad \u00e0 plus de prudence dans la gestion de la s\u00e9curit\u00e9 du Premier ministre isra\u00e9lien.<\/p>\n\n\n\n<p class=\"wp-block-paragraph\">Selon&nbsp;<em>Intel open source<\/em>, sp\u00e9cialis\u00e9 dans la veille informationnelle, le bureau du Premier ministre isra\u00e9lien Benjamin Netanyahu aurait d\u00e9menti dans la soir\u00e9e de samedi les rumeurs de son assassinat.<\/p>\n\n\n\n<p class=\"wp-block-paragraph\">Un correspondant d\u2019Anadolu a demand\u00e9 au bureau s\u2019il avait une d\u00e9claration \u00e0 faire concernant la multiplication des affirmations sur les r\u00e9seaux sociaux selon lesquelles \u00ab&nbsp;Netanyahu aurait \u00e9t\u00e9 assassin\u00e9&nbsp;\u00bb. \u00ab&nbsp;Ce sont de fausses informations&nbsp;; le Premier ministre va bien&nbsp;\u00bb, aurait simplement r\u00e9pondu le bureau.<\/p>\n\n\n<div class=\"wp-block-image\">\n<figure class=\"aligncenter size-full\"><img loading=\"lazy\" decoding=\"async\" width=\"500\" height=\"625\" src=\"https:\/\/macite.tg\/wp-content\/uploads\/2026\/03\/Webinaire-otr.png\" alt=\"\" class=\"wp-image-29088\" srcset=\"https:\/\/macite.tg\/wp-content\/uploads\/2026\/03\/Webinaire-otr.png 500w, https:\/\/macite.tg\/wp-content\/uploads\/2026\/03\/Webinaire-otr-240x300.png 240w\" sizes=\"auto, (max-width: 500px) 100vw, 500px\" \/><\/figure>\n<\/div>\n\n\n<p class=\"wp-block-paragraph\">Ces derni\u00e8res heures, le portail d\u2019information&nbsp;<em><a href=\"https:\/\/www.semafor.com\/\" target=\"_blank\" rel=\"noreferrer noopener\">Semafor<\/a><\/em><em>&nbsp;<\/em>, citant un responsable am\u00e9ricain, a fait savoir qu\u2019Isra\u00ebl a entam\u00e9 l\u2019op\u00e9ration militaire actuelle avec un nombre r\u00e9duit de missiles d\u2019intercepteurs, ceux-ci ayant \u00e9t\u00e9 largement utilis\u00e9s lors du conflit iranien de l\u2019\u00e9t\u00e9 dernier. Cette nouvelle n\u2019a pas surpris Washington, selon une source.<\/p>\n\n\n\n<p class=\"wp-block-paragraph\"><em>\u00ab C\u2019est quelque chose que nous attendions et avions anticip\u00e9 \u00bb,<\/em>&nbsp;a d\u00e9clar\u00e9 un responsable am\u00e9ricain au m\u00eame m\u00e9dia.<\/p>\n\n\n\n<p class=\"wp-block-paragraph\">L\u2019administration du pr\u00e9sident am\u00e9ricain Donald Trump, selon&nbsp;<a href=\"https:\/\/www.reuters.com\/\" target=\"_blank\" rel=\"noreferrer noopener\"><em>Reuters<\/em><\/a>, a rejet\u00e9 les efforts des monarchies arabes du Golfe persique visant \u00e0 jouer un r\u00f4le de m\u00e9diateur en faveur d\u2019un cessez-le-feu au Moyen-Orient.<\/p>\n\n\n\n<p class=\"wp-block-paragraph\"><strong>MSN<\/strong><\/p>\n\n\n\n<p class=\"wp-block-paragraph\"><a><strong><em>@macite.tg&nbsp;&nbsp;&nbsp;&nbsp;&nbsp;&nbsp;&nbsp;&nbsp;<\/em><\/strong><\/a><\/p>\n\n\n\n<p class=\"wp-block-paragraph\"><strong><em>E-mail&nbsp;: <\/em><\/strong><a href=\"mailto:maciteinfo@gmail.com\"><strong><em>maciteinfo@gmail.com<\/em><\/strong><\/a><strong><em>; <\/em><\/strong><a href=\"mailto:bawela1@gmail.com\"><strong><em>bawela1@gmail.com<\/em><\/strong><\/a><strong><em><\/em><\/strong><\/p>\n\n\n\n<p class=\"wp-block-paragraph\"><strong><em>Pour vos annonces, (publi)reportages, etc., joignez-nous au (00228)91515309\/<strong>79872224 <\/strong><strong><\/strong><\/em><\/strong><\/p>\n\n\n\n<p class=\"wp-block-paragraph\"><strong><em>www.macite.tg, L\u2019information, la bonne&nbsp;!<\/em><\/strong><\/p>\n","protected":false},"excerpt":{"rendered":"<p class=\"text-justify mb-2\" >Benjamin Netanyahu, le Premier ministre d\u2019Isra\u00ebl, est au c\u0153ur d\u2019une grosse rumeur. Il serait mort dans des frappes iraniennes, selon des m\u00e9dias de ce pays. Un missile hypersonique aurait frapp\u00e9 sa r\u00e9sidence et la rumeur est accompagn\u00e9e d\u2019images forte de ce sa suppos\u00e9e r\u00e9sidence. Aucune [&hellip;]<\/p>\n","protected":false},"author":2,"featured_media":29094,"comment_status":"open","ping_status":"open","sticky":false,"template":"","format":"standard","meta":{"footnotes":""},"categories":[20,14],"tags":[],"class_list":["post-29092","post","type-post","status-publish","format-standard","has-post-thumbnail","hentry","category-actualite","category-medias"],"yoast_head":"<!-- This site is optimized with the Yoast SEO plugin v28.4 - https:\/\/yoast.com\/product\/yoast-seo-wordpress\/ -->\n<title>CONFIT AU MOYEN-ORIENT\u00a0: Des m\u00e9dias iraniens annoncent la mort du Premier ministre isra\u00e9lien, Benjamin Netanyahu -<\/title>\n<meta name=\"robots\" content=\"index, follow, max-snippet:-1, max-image-preview:large, max-video-preview:-1\" \/>\n<link rel=\"canonical\" href=\"https:\/\/macite.tg\/?p=29092\" \/>\n<meta property=\"og:locale\" content=\"fr_FR\" \/>\n<meta property=\"og:type\" content=\"article\" \/>\n<meta property=\"og:title\" content=\"CONFIT AU MOYEN-ORIENT\u00a0: Des m\u00e9dias iraniens annoncent la mort du Premier ministre isra\u00e9lien, Benjamin Netanyahu -\" \/>\n<meta property=\"og:description\" content=\"Benjamin Netanyahu, le Premier ministre d\u2019Isra\u00ebl, est au c\u0153ur d\u2019une grosse rumeur. Il serait mort dans des frappes iraniennes, selon des m\u00e9dias de ce pays. Un missile hypersonique aurait frapp\u00e9 sa r\u00e9sidence et la rumeur est accompagn\u00e9e d\u2019images forte de ce sa suppos\u00e9e r\u00e9sidence. Aucune [&hellip;]\" \/>\n<meta property=\"og:url\" content=\"https:\/\/macite.tg\/?p=29092\" \/>\n<meta property=\"article:published_time\" content=\"2026-03-18T16:06:26+00:00\" \/>\n<meta property=\"article:modified_time\" content=\"2026-03-18T16:06:37+00:00\" \/>\n<meta property=\"og:image\" content=\"https:\/\/macite.tg\/wp-content\/uploads\/2026\/03\/image-47.png\" \/>\n\t<meta property=\"og:image:width\" content=\"534\" \/>\n\t<meta property=\"og:image:height\" content=\"346\" \/>\n\t<meta property=\"og:image:type\" content=\"image\/png\" \/>\n<meta name=\"author\" content=\"Jean Pierre BAWELA\" \/>\n<meta name=\"twitter:card\" content=\"summary_large_image\" \/>\n<meta name=\"twitter:label1\" content=\"\u00c9crit par\" \/>\n\t<meta name=\"twitter:data1\" content=\"Jean Pierre BAWELA\" \/>\n\t<meta name=\"twitter:label2\" content=\"Dur\u00e9e de lecture estim\u00e9e\" \/>\n\t<meta name=\"twitter:data2\" content=\"4 minutes\" \/>\n<script type=\"application\/ld+json\" class=\"yoast-schema-graph\">{\"@context\":\"https:\\\/\\\/schema.org\",\"@graph\":[{\"@type\":\"Article\",\"@id\":\"https:\\\/\\\/macite.tg\\\/?p=29092#article\",\"isPartOf\":{\"@id\":\"https:\\\/\\\/macite.tg\\\/?p=29092\"},\"author\":{\"name\":\"Jean Pierre BAWELA\",\"@id\":\"https:\\\/\\\/macite.tg\\\/#\\\/schema\\\/person\\\/e9f2de7e5dbbe7770a9402c7ce82f5c2\"},\"headline\":\"CONFIT AU MOYEN-ORIENT\u00a0: Des m\u00e9dias iraniens annoncent la mort du Premier ministre isra\u00e9lien, Benjamin Netanyahu\",\"datePublished\":\"2026-03-18T16:06:26+00:00\",\"dateModified\":\"2026-03-18T16:06:37+00:00\",\"mainEntityOfPage\":{\"@id\":\"https:\\\/\\\/macite.tg\\\/?p=29092\"},\"wordCount\":648,\"commentCount\":0,\"image\":{\"@id\":\"https:\\\/\\\/macite.tg\\\/?p=29092#primaryimage\"},\"thumbnailUrl\":\"https:\\\/\\\/macite.tg\\\/wp-content\\\/uploads\\\/2026\\\/03\\\/image-47.png\",\"articleSection\":[\"ACTUALITE\",\"MEDIAS\"],\"inLanguage\":\"fr-FR\",\"potentialAction\":[{\"@type\":\"CommentAction\",\"name\":\"Comment\",\"target\":[\"https:\\\/\\\/macite.tg\\\/?p=29092#respond\"]}]},{\"@type\":\"WebPage\",\"@id\":\"https:\\\/\\\/macite.tg\\\/?p=29092\",\"url\":\"https:\\\/\\\/macite.tg\\\/?p=29092\",\"name\":\"CONFIT AU MOYEN-ORIENT\u00a0: Des m\u00e9dias iraniens annoncent la mort du Premier ministre isra\u00e9lien, Benjamin Netanyahu -\",\"isPartOf\":{\"@id\":\"https:\\\/\\\/macite.tg\\\/#website\"},\"primaryImageOfPage\":{\"@id\":\"https:\\\/\\\/macite.tg\\\/?p=29092#primaryimage\"},\"image\":{\"@id\":\"https:\\\/\\\/macite.tg\\\/?p=29092#primaryimage\"},\"thumbnailUrl\":\"https:\\\/\\\/macite.tg\\\/wp-content\\\/uploads\\\/2026\\\/03\\\/image-47.png\",\"datePublished\":\"2026-03-18T16:06:26+00:00\",\"dateModified\":\"2026-03-18T16:06:37+00:00\",\"author\":{\"@id\":\"https:\\\/\\\/macite.tg\\\/#\\\/schema\\\/person\\\/e9f2de7e5dbbe7770a9402c7ce82f5c2\"},\"breadcrumb\":{\"@id\":\"https:\\\/\\\/macite.tg\\\/?p=29092#breadcrumb\"},\"inLanguage\":\"fr-FR\",\"potentialAction\":[{\"@type\":\"ReadAction\",\"target\":[\"https:\\\/\\\/macite.tg\\\/?p=29092\"]}]},{\"@type\":\"ImageObject\",\"inLanguage\":\"fr-FR\",\"@id\":\"https:\\\/\\\/macite.tg\\\/?p=29092#primaryimage\",\"url\":\"https:\\\/\\\/macite.tg\\\/wp-content\\\/uploads\\\/2026\\\/03\\\/image-47.png\",\"contentUrl\":\"https:\\\/\\\/macite.tg\\\/wp-content\\\/uploads\\\/2026\\\/03\\\/image-47.png\",\"width\":534,\"height\":346,\"caption\":\"Benjamin Netanyahu Premier ministre isra\u00e9lien au centre de rumeurs apr\u00e8s des affirmations de m\u00e9dias iraniens.\"},{\"@type\":\"BreadcrumbList\",\"@id\":\"https:\\\/\\\/macite.tg\\\/?p=29092#breadcrumb\",\"itemListElement\":[{\"@type\":\"ListItem\",\"position\":1,\"name\":\"Accueil\",\"item\":\"https:\\\/\\\/macite.tg\\\/\"},{\"@type\":\"ListItem\",\"position\":2,\"name\":\"CONFIT AU MOYEN-ORIENT\u00a0: Des m\u00e9dias iraniens annoncent la mort du Premier ministre isra\u00e9lien, Benjamin Netanyahu\"}]},{\"@type\":\"WebSite\",\"@id\":\"https:\\\/\\\/macite.tg\\\/#website\",\"url\":\"https:\\\/\\\/macite.tg\\\/\",\"name\":\"\",\"description\":\"L&#039;information, la bonne!!!\",\"potentialAction\":[{\"@type\":\"SearchAction\",\"target\":{\"@type\":\"EntryPoint\",\"urlTemplate\":\"https:\\\/\\\/macite.tg\\\/?s={search_term_string}\"},\"query-input\":{\"@type\":\"PropertyValueSpecification\",\"valueRequired\":true,\"valueName\":\"search_term_string\"}}],\"inLanguage\":\"fr-FR\"},{\"@type\":\"Person\",\"@id\":\"https:\\\/\\\/macite.tg\\\/#\\\/schema\\\/person\\\/e9f2de7e5dbbe7770a9402c7ce82f5c2\",\"name\":\"Jean Pierre BAWELA\",\"image\":{\"@type\":\"ImageObject\",\"inLanguage\":\"fr-FR\",\"@id\":\"https:\\\/\\\/macite.tg\\\/wp-content\\\/uploads\\\/2023\\\/09\\\/WhatsApp-Image-2023-09-19-at-14.44.41-122x122.jpeg\",\"url\":\"https:\\\/\\\/macite.tg\\\/wp-content\\\/uploads\\\/2023\\\/09\\\/WhatsApp-Image-2023-09-19-at-14.44.41-122x122.jpeg\",\"contentUrl\":\"https:\\\/\\\/macite.tg\\\/wp-content\\\/uploads\\\/2023\\\/09\\\/WhatsApp-Image-2023-09-19-at-14.44.41-122x122.jpeg\",\"caption\":\"Jean Pierre BAWELA\"},\"url\":\"https:\\\/\\\/macite.tg\\\/?author=2\"}]}<\/script>\n<!-- \/ Yoast SEO plugin. -->","yoast_head_json":{"title":"CONFIT AU MOYEN-ORIENT\u00a0: Des m\u00e9dias iraniens annoncent la mort du Premier ministre isra\u00e9lien, Benjamin Netanyahu -","robots":{"index":"index","follow":"follow","max-snippet":"max-snippet:-1","max-image-preview":"max-image-preview:large","max-video-preview":"max-video-preview:-1"},"canonical":"https:\/\/macite.tg\/?p=29092","og_locale":"fr_FR","og_type":"article","og_title":"CONFIT AU MOYEN-ORIENT\u00a0: Des m\u00e9dias iraniens annoncent la mort du Premier ministre isra\u00e9lien, Benjamin Netanyahu -","og_description":"Benjamin Netanyahu, le Premier ministre d\u2019Isra\u00ebl, est au c\u0153ur d\u2019une grosse rumeur. Il serait mort dans des frappes iraniennes, selon des m\u00e9dias de ce pays. Un missile hypersonique aurait frapp\u00e9 sa r\u00e9sidence et la rumeur est accompagn\u00e9e d\u2019images forte de ce sa suppos\u00e9e r\u00e9sidence. Aucune [&hellip;]","og_url":"https:\/\/macite.tg\/?p=29092","article_published_time":"2026-03-18T16:06:26+00:00","article_modified_time":"2026-03-18T16:06:37+00:00","og_image":[{"width":534,"height":346,"url":"https:\/\/macite.tg\/wp-content\/uploads\/2026\/03\/image-47.png","type":"image\/png"}],"author":"Jean Pierre BAWELA","twitter_card":"summary_large_image","twitter_misc":{"\u00c9crit par":"Jean Pierre BAWELA","Dur\u00e9e de lecture estim\u00e9e":"4 minutes"},"schema":{"@context":"https:\/\/schema.org","@graph":[{"@type":"Article","@id":"https:\/\/macite.tg\/?p=29092#article","isPartOf":{"@id":"https:\/\/macite.tg\/?p=29092"},"author":{"name":"Jean Pierre BAWELA","@id":"https:\/\/macite.tg\/#\/schema\/person\/e9f2de7e5dbbe7770a9402c7ce82f5c2"},"headline":"CONFIT AU MOYEN-ORIENT\u00a0: Des m\u00e9dias iraniens annoncent la mort du Premier ministre isra\u00e9lien, Benjamin Netanyahu","datePublished":"2026-03-18T16:06:26+00:00","dateModified":"2026-03-18T16:06:37+00:00","mainEntityOfPage":{"@id":"https:\/\/macite.tg\/?p=29092"},"wordCount":648,"commentCount":0,"image":{"@id":"https:\/\/macite.tg\/?p=29092#primaryimage"},"thumbnailUrl":"https:\/\/macite.tg\/wp-content\/uploads\/2026\/03\/image-47.png","articleSection":["ACTUALITE","MEDIAS"],"inLanguage":"fr-FR","potentialAction":[{"@type":"CommentAction","name":"Comment","target":["https:\/\/macite.tg\/?p=29092#respond"]}]},{"@type":"WebPage","@id":"https:\/\/macite.tg\/?p=29092","url":"https:\/\/macite.tg\/?p=29092","name":"CONFIT AU MOYEN-ORIENT\u00a0: Des m\u00e9dias iraniens annoncent la mort du Premier ministre isra\u00e9lien, Benjamin Netanyahu -","isPartOf":{"@id":"https:\/\/macite.tg\/#website"},"primaryImageOfPage":{"@id":"https:\/\/macite.tg\/?p=29092#primaryimage"},"image":{"@id":"https:\/\/macite.tg\/?p=29092#primaryimage"},"thumbnailUrl":"https:\/\/macite.tg\/wp-content\/uploads\/2026\/03\/image-47.png","datePublished":"2026-03-18T16:06:26+00:00","dateModified":"2026-03-18T16:06:37+00:00","author":{"@id":"https:\/\/macite.tg\/#\/schema\/person\/e9f2de7e5dbbe7770a9402c7ce82f5c2"},"breadcrumb":{"@id":"https:\/\/macite.tg\/?p=29092#breadcrumb"},"inLanguage":"fr-FR","potentialAction":[{"@type":"ReadAction","target":["https:\/\/macite.tg\/?p=29092"]}]},{"@type":"ImageObject","inLanguage":"fr-FR","@id":"https:\/\/macite.tg\/?p=29092#primaryimage","url":"https:\/\/macite.tg\/wp-content\/uploads\/2026\/03\/image-47.png","contentUrl":"https:\/\/macite.tg\/wp-content\/uploads\/2026\/03\/image-47.png","width":534,"height":346,"caption":"Benjamin Netanyahu Premier ministre isra\u00e9lien au centre de rumeurs apr\u00e8s des affirmations de m\u00e9dias iraniens."},{"@type":"BreadcrumbList","@id":"https:\/\/macite.tg\/?p=29092#breadcrumb","itemListElement":[{"@type":"ListItem","position":1,"name":"Accueil","item":"https:\/\/macite.tg\/"},{"@type":"ListItem","position":2,"name":"CONFIT AU MOYEN-ORIENT\u00a0: Des m\u00e9dias iraniens annoncent la mort du Premier ministre isra\u00e9lien, Benjamin Netanyahu"}]},{"@type":"WebSite","@id":"https:\/\/macite.tg\/#website","url":"https:\/\/macite.tg\/","name":"","description":"L&#039;information, la bonne!!!","potentialAction":[{"@type":"SearchAction","target":{"@type":"EntryPoint","urlTemplate":"https:\/\/macite.tg\/?s={search_term_string}"},"query-input":{"@type":"PropertyValueSpecification","valueRequired":true,"valueName":"search_term_string"}}],"inLanguage":"fr-FR"},{"@type":"Person","@id":"https:\/\/macite.tg\/#\/schema\/person\/e9f2de7e5dbbe7770a9402c7ce82f5c2","name":"Jean Pierre BAWELA","image":{"@type":"ImageObject","inLanguage":"fr-FR","@id":"https:\/\/macite.tg\/wp-content\/uploads\/2023\/09\/WhatsApp-Image-2023-09-19-at-14.44.41-122x122.jpeg","url":"https:\/\/macite.tg\/wp-content\/uploads\/2023\/09\/WhatsApp-Image-2023-09-19-at-14.44.41-122x122.jpeg","contentUrl":"https:\/\/macite.tg\/wp-content\/uploads\/2023\/09\/WhatsApp-Image-2023-09-19-at-14.44.41-122x122.jpeg","caption":"Jean Pierre BAWELA"},"url":"https:\/\/macite.tg\/?author=2"}]}},"_links":{"self":[{"href":"https:\/\/macite.tg\/index.php?rest_route=\/wp\/v2\/posts\/29092","targetHints":{"allow":["GET"]}}],"collection":[{"href":"https:\/\/macite.tg\/index.php?rest_route=\/wp\/v2\/posts"}],"about":[{"href":"https:\/\/macite.tg\/index.php?rest_route=\/wp\/v2\/types\/post"}],"author":[{"embeddable":true,"href":"https:\/\/macite.tg\/index.php?rest_route=\/wp\/v2\/users\/2"}],"replies":[{"embeddable":true,"href":"https:\/\/macite.tg\/index.php?rest_route=%2Fwp%2Fv2%2Fcomments&post=29092"}],"version-history":[{"count":0,"href":"https:\/\/macite.tg\/index.php?rest_route=\/wp\/v2\/posts\/29092\/revisions"}],"wp:featuredmedia":[{"embeddable":true,"href":"https:\/\/macite.tg\/index.php?rest_route=\/wp\/v2\/media\/29094"}],"wp:attachment":[{"href":"https:\/\/macite.tg\/index.php?rest_route=%2Fwp%2Fv2%2Fmedia&parent=29092"}],"wp:term":[{"taxonomy":"category","embeddable":true,"href":"https:\/\/macite.tg\/index.php?rest_route=%2Fwp%2Fv2%2Fcategories&post=29092"},{"taxonomy":"post_tag","embeddable":true,"href":"https:\/\/macite.tg\/index.php?rest_route=%2Fwp%2Fv2%2Ftags&post=29092"}],"curies":[{"name":"wp","href":"https:\/\/api.w.org\/{rel}","templated":true}]}}