{"id":28644,"date":"2026-02-26T16:42:21","date_gmt":"2026-02-26T16:42:21","guid":{"rendered":"https:\/\/macite.tg\/?p=28644"},"modified":"2026-02-26T16:42:56","modified_gmt":"2026-02-26T16:42:56","slug":"togo-3233-de-la-population-est-jeune-un-atout-strategique-a-valoriser","status":"publish","type":"post","link":"https:\/\/macite.tg\/?p=28644","title":{"rendered":"TOGO : 32,33 % de la population est jeune, un atout strat\u00e9gique \u00e0 valoriser"},"content":{"rendered":"\n<p class=\"wp-block-paragraph\"><strong><em>Au Togo, 32,33 % de la population est \u00e2g\u00e9e de 15 \u00e0 34 ans, selon les donn\u00e9es du cinqui\u00e8me Recensement g\u00e9n\u00e9ral de la population et de l&rsquo;habitat (RGPH-5), men\u00e9 en 2022 par l&rsquo;Institut national de la statistique et des \u00e9tudes \u00e9conomiques et d\u00e9mographiques (Inseed). Ce chiffre n&rsquo;est pas anodin : il dessine le visage d&rsquo;une nation profond\u00e9ment jeune, port\u00e9e par une g\u00e9n\u00e9ration dont les aspirations, les talents et les attentes influencent d\u00e9j\u00e0 la trajectoire du pays.<\/em><\/strong><\/p>\n\n\n\n<p class=\"wp-block-paragraph\">Une telle proportion, traduit ce que les d\u00e9mographes qualifient de dividende d\u00e9mographique potentiel. Lorsque la population active repr\u00e9sente une part importante de l&rsquo;ensemble national, les conditions sont r\u00e9unies pour stimuler la croissance, accro\u00eetre la productivit\u00e9 et renforcer l&rsquo;innovation. Mais ce potentiel ne se r\u00e9alise que si des politiques adapt\u00e9es permettent \u00e0 cette jeunesse de s&rsquo;ins\u00e9rer durablement dans la vie \u00e9conomique et sociale.<\/p>\n\n\n\n<p class=\"wp-block-paragraph\"><strong>Une dynamique d\u00e9j\u00e0 engag\u00e9e<\/strong><\/p>\n\n\n\n<p class=\"wp-block-paragraph\">La r\u00e9alit\u00e9 qu&rsquo;implique ce chiffre est simple \u00e0 comprendre : le Togo investit dans sa jeunesse. L&rsquo;\u00e9ducation, la formation professionnelle et l&rsquo;ad\u00e9quation entre les comp\u00e9tences et les besoins du march\u00e9 du travail figurent parmi les priorit\u00e9s du pr\u00e9sident du Conseil, Faure Gnassingb\u00e9.<\/p>\n\n\n\n<figure class=\"wp-block-image size-full\"><img loading=\"lazy\" decoding=\"async\" width=\"851\" height=\"315\" src=\"https:\/\/macite.tg\/wp-content\/uploads\/2026\/02\/OTR_Ferer-pour-batir-1.jpg\" alt=\"\" class=\"wp-image-28230\" srcset=\"https:\/\/macite.tg\/wp-content\/uploads\/2026\/02\/OTR_Ferer-pour-batir-1.jpg 851w, https:\/\/macite.tg\/wp-content\/uploads\/2026\/02\/OTR_Ferer-pour-batir-1-300x111.jpg 300w, https:\/\/macite.tg\/wp-content\/uploads\/2026\/02\/OTR_Ferer-pour-batir-1-768x284.jpg 768w\" sizes=\"auto, (max-width: 851px) 100vw, 851px\" \/><\/figure>\n\n\n\n<p class=\"wp-block-paragraph\">Une jeunesse togolaise bien form\u00e9e constitue un moteur de transformation structurelle, capable d&rsquo;accompagner la modernisation des secteurs agricole, industriel et num\u00e9rique.<\/p>\n\n\n\n<p class=\"wp-block-paragraph\">Sachant que la force du nombre peut se muer en vuln\u00e9rabilit\u00e9 si les opportunit\u00e9s d&#8217;emploi demeurent insuffisantes, le pays multiplie les initiatives en faveur de l&rsquo;insertion professionnelle de cette frange de la population. Le taux de ch\u00f4mage, qui \u00e9tait de 6,5 % en 2011, a \u00e9t\u00e9 ramen\u00e9 \u00e0 3,4 % en 2015, puis \u00e0 3,1 % en 2024. La cr\u00e9ation d&#8217;emplois d\u00e9cents, l&rsquo;encouragement de l&rsquo;entrepreneuriat et l&rsquo;acc\u00e8s au financement y contribuent largement.<\/p>\n\n\n\n<p class=\"wp-block-paragraph\">Sur le plan social, cette jeunesse influente fa\u00e7onne les dynamiques culturelles et citoyennes. Elle est porteuse d&rsquo;innovation, de cr\u00e9ativit\u00e9 et d&rsquo;une volont\u00e9 accrue de participation \u00e0 la vie publique. Les espaces d&rsquo;expression, de dialogue et d&rsquo;engagement civique sont consolid\u00e9s afin de canaliser cette \u00e9nergie vers des initiatives constructives.<\/p>\n\n\n\n<p class=\"wp-block-paragraph\"><strong>Vers un avenir porteur de bien-\u00eatre<\/strong><\/p>\n\n\n\n<p class=\"wp-block-paragraph\">\u00c0 moyen et long terme, la transition d\u00e9mographique du Togo d\u00e9pendra de sa capacit\u00e9 \u00e0 transformer davantage cette proportion de 32,33 % en avantage comparatif. Si les investissements dans l&rsquo;\u00e9ducation, la sant\u00e9 et l&#8217;emploi sont maintenus, le pays pourra b\u00e9n\u00e9ficier d&rsquo;une croissance inclusive et durable.<\/p>\n\n\n<div class=\"wp-block-image\">\n<figure class=\"aligncenter size-full\"><img loading=\"lazy\" decoding=\"async\" width=\"500\" height=\"415\" src=\"https:\/\/macite.tg\/wp-content\/uploads\/2026\/02\/81c293eb-4914-41e8-ab8b-323ffec29bcc.jpg\" alt=\"\" class=\"wp-image-28379\" srcset=\"https:\/\/macite.tg\/wp-content\/uploads\/2026\/02\/81c293eb-4914-41e8-ab8b-323ffec29bcc.jpg 500w, https:\/\/macite.tg\/wp-content\/uploads\/2026\/02\/81c293eb-4914-41e8-ab8b-323ffec29bcc-300x249.jpg 300w\" sizes=\"auto, (max-width: 500px) 100vw, 500px\" \/><\/figure>\n<\/div>\n\n\n<p class=\"wp-block-paragraph\">Ainsi, ce chiffre incarne \u00e0 la fois une promesse et une responsabilit\u00e9. Une promesse de dynamisme, d&rsquo;innovation et de renouvellement. Une responsabilit\u00e9 collective d&rsquo;offrir \u00e0 cette g\u00e9n\u00e9ration les moyens de r\u00e9aliser ses ambitions.<\/p>\n\n\n\n<p class=\"wp-block-paragraph\">Le Togo se trouve \u00e0 un moment charni\u00e8re o\u00f9 les dirigeants ont une priorit\u00e9 claire : consid\u00e9rer la jeunesse comme un atout strat\u00e9gique \u00e0 g\u00e9rer avec discernement et comme un capital humain \u00e0 valoriser.<\/p>\n\n\n\n<p class=\"wp-block-paragraph\"><strong>La R\u00e9daction<\/strong><\/p>\n\n\n\n<p class=\"wp-block-paragraph\"><a><strong><em>@macite.tg&nbsp;&nbsp;&nbsp;&nbsp;&nbsp;&nbsp;&nbsp;&nbsp;<\/em><\/strong><\/a><\/p>\n\n\n\n<p class=\"wp-block-paragraph\"><strong><em>E-mail&nbsp;: <\/em><\/strong><a href=\"mailto:maciteinfo@gmail.com\"><strong><em>maciteinfo@gmail.com<\/em><\/strong><\/a><strong><em>; <\/em><\/strong><a href=\"mailto:bawela1@gmail.com\"><strong><em>bawela1@gmail.com<\/em><\/strong><\/a><strong><em><\/em><\/strong><\/p>\n\n\n\n<p class=\"wp-block-paragraph\"><strong><em>Pour vos annonces, (publi)reportages, etc., joignez-nous au (00228)91515309\/<strong>79872224 <\/strong><strong><\/strong><\/em><\/strong><\/p>\n\n\n\n<p class=\"wp-block-paragraph\"><strong><em>www.macite.tg, L\u2019information, la bonne&nbsp;!<\/em><\/strong><\/p>\n","protected":false},"excerpt":{"rendered":"<p class=\"text-justify mb-2\" >Au Togo, 32,33 % de la population est \u00e2g\u00e9e de 15 \u00e0 34 ans, selon les donn\u00e9es du cinqui\u00e8me Recensement g\u00e9n\u00e9ral de la population et de l&rsquo;habitat (RGPH-5), men\u00e9 en 2022 par l&rsquo;Institut national de la statistique et des \u00e9tudes \u00e9conomiques et d\u00e9mographiques (Inseed). Ce [&hellip;]<\/p>\n","protected":false},"author":2,"featured_media":28647,"comment_status":"open","ping_status":"open","sticky":false,"template":"","format":"standard","meta":{"footnotes":""},"categories":[20,15],"tags":[],"class_list":["post-28644","post","type-post","status-publish","format-standard","has-post-thumbnail","hentry","category-actualite","category-developpement"],"yoast_head":"<!-- This site is optimized with the Yoast SEO plugin v28.4 - https:\/\/yoast.com\/product\/yoast-seo-wordpress\/ -->\n<title>TOGO : 32,33 % de la population est jeune, un atout strat\u00e9gique \u00e0 valoriser -<\/title>\n<meta name=\"robots\" content=\"index, follow, max-snippet:-1, max-image-preview:large, max-video-preview:-1\" \/>\n<link rel=\"canonical\" href=\"https:\/\/macite.tg\/?p=28644\" \/>\n<meta property=\"og:locale\" content=\"fr_FR\" \/>\n<meta property=\"og:type\" content=\"article\" \/>\n<meta property=\"og:title\" content=\"TOGO : 32,33 % de la population est jeune, un atout strat\u00e9gique \u00e0 valoriser -\" \/>\n<meta property=\"og:description\" content=\"Au Togo, 32,33 % de la population est \u00e2g\u00e9e de 15 \u00e0 34 ans, selon les donn\u00e9es du cinqui\u00e8me Recensement g\u00e9n\u00e9ral de la population et de l&rsquo;habitat (RGPH-5), men\u00e9 en 2022 par l&rsquo;Institut national de la statistique et des \u00e9tudes \u00e9conomiques et d\u00e9mographiques (Inseed). Ce [&hellip;]\" \/>\n<meta property=\"og:url\" content=\"https:\/\/macite.tg\/?p=28644\" \/>\n<meta property=\"article:published_time\" content=\"2026-02-26T16:42:21+00:00\" \/>\n<meta property=\"article:modified_time\" content=\"2026-02-26T16:42:56+00:00\" \/>\n<meta property=\"og:image\" content=\"https:\/\/macite.tg\/wp-content\/uploads\/2026\/02\/image-91.png\" \/>\n\t<meta property=\"og:image:width\" content=\"338\" \/>\n\t<meta property=\"og:image:height\" content=\"234\" \/>\n\t<meta property=\"og:image:type\" content=\"image\/png\" \/>\n<meta name=\"author\" content=\"Jean Pierre BAWELA\" \/>\n<meta name=\"twitter:card\" content=\"summary_large_image\" \/>\n<meta name=\"twitter:label1\" content=\"\u00c9crit par\" \/>\n\t<meta name=\"twitter:data1\" content=\"Jean Pierre BAWELA\" \/>\n\t<meta name=\"twitter:label2\" content=\"Dur\u00e9e de lecture estim\u00e9e\" \/>\n\t<meta name=\"twitter:data2\" content=\"3 minutes\" \/>\n<script type=\"application\/ld+json\" class=\"yoast-schema-graph\">{\"@context\":\"https:\\\/\\\/schema.org\",\"@graph\":[{\"@type\":\"Article\",\"@id\":\"https:\\\/\\\/macite.tg\\\/?p=28644#article\",\"isPartOf\":{\"@id\":\"https:\\\/\\\/macite.tg\\\/?p=28644\"},\"author\":{\"name\":\"Jean Pierre BAWELA\",\"@id\":\"https:\\\/\\\/macite.tg\\\/#\\\/schema\\\/person\\\/e9f2de7e5dbbe7770a9402c7ce82f5c2\"},\"headline\":\"TOGO : 32,33 % de la population est jeune, un atout strat\u00e9gique \u00e0 valoriser\",\"datePublished\":\"2026-02-26T16:42:21+00:00\",\"dateModified\":\"2026-02-26T16:42:56+00:00\",\"mainEntityOfPage\":{\"@id\":\"https:\\\/\\\/macite.tg\\\/?p=28644\"},\"wordCount\":534,\"commentCount\":0,\"image\":{\"@id\":\"https:\\\/\\\/macite.tg\\\/?p=28644#primaryimage\"},\"thumbnailUrl\":\"https:\\\/\\\/macite.tg\\\/wp-content\\\/uploads\\\/2026\\\/02\\\/image-91.png\",\"articleSection\":[\"ACTUALITE\",\"DEVELOPPEMENT\"],\"inLanguage\":\"fr-FR\",\"potentialAction\":[{\"@type\":\"CommentAction\",\"name\":\"Comment\",\"target\":[\"https:\\\/\\\/macite.tg\\\/?p=28644#respond\"]}]},{\"@type\":\"WebPage\",\"@id\":\"https:\\\/\\\/macite.tg\\\/?p=28644\",\"url\":\"https:\\\/\\\/macite.tg\\\/?p=28644\",\"name\":\"TOGO : 32,33 % de la population est jeune, un atout strat\u00e9gique \u00e0 valoriser -\",\"isPartOf\":{\"@id\":\"https:\\\/\\\/macite.tg\\\/#website\"},\"primaryImageOfPage\":{\"@id\":\"https:\\\/\\\/macite.tg\\\/?p=28644#primaryimage\"},\"image\":{\"@id\":\"https:\\\/\\\/macite.tg\\\/?p=28644#primaryimage\"},\"thumbnailUrl\":\"https:\\\/\\\/macite.tg\\\/wp-content\\\/uploads\\\/2026\\\/02\\\/image-91.png\",\"datePublished\":\"2026-02-26T16:42:21+00:00\",\"dateModified\":\"2026-02-26T16:42:56+00:00\",\"author\":{\"@id\":\"https:\\\/\\\/macite.tg\\\/#\\\/schema\\\/person\\\/e9f2de7e5dbbe7770a9402c7ce82f5c2\"},\"breadcrumb\":{\"@id\":\"https:\\\/\\\/macite.tg\\\/?p=28644#breadcrumb\"},\"inLanguage\":\"fr-FR\",\"potentialAction\":[{\"@type\":\"ReadAction\",\"target\":[\"https:\\\/\\\/macite.tg\\\/?p=28644\"]}]},{\"@type\":\"ImageObject\",\"inLanguage\":\"fr-FR\",\"@id\":\"https:\\\/\\\/macite.tg\\\/?p=28644#primaryimage\",\"url\":\"https:\\\/\\\/macite.tg\\\/wp-content\\\/uploads\\\/2026\\\/02\\\/image-91.png\",\"contentUrl\":\"https:\\\/\\\/macite.tg\\\/wp-content\\\/uploads\\\/2026\\\/02\\\/image-91.png\",\"width\":338,\"height\":234},{\"@type\":\"BreadcrumbList\",\"@id\":\"https:\\\/\\\/macite.tg\\\/?p=28644#breadcrumb\",\"itemListElement\":[{\"@type\":\"ListItem\",\"position\":1,\"name\":\"Accueil\",\"item\":\"https:\\\/\\\/macite.tg\\\/\"},{\"@type\":\"ListItem\",\"position\":2,\"name\":\"TOGO : 32,33 % de la population est jeune, un atout strat\u00e9gique \u00e0 valoriser\"}]},{\"@type\":\"WebSite\",\"@id\":\"https:\\\/\\\/macite.tg\\\/#website\",\"url\":\"https:\\\/\\\/macite.tg\\\/\",\"name\":\"\",\"description\":\"L&#039;information, la bonne!!!\",\"potentialAction\":[{\"@type\":\"SearchAction\",\"target\":{\"@type\":\"EntryPoint\",\"urlTemplate\":\"https:\\\/\\\/macite.tg\\\/?s={search_term_string}\"},\"query-input\":{\"@type\":\"PropertyValueSpecification\",\"valueRequired\":true,\"valueName\":\"search_term_string\"}}],\"inLanguage\":\"fr-FR\"},{\"@type\":\"Person\",\"@id\":\"https:\\\/\\\/macite.tg\\\/#\\\/schema\\\/person\\\/e9f2de7e5dbbe7770a9402c7ce82f5c2\",\"name\":\"Jean Pierre BAWELA\",\"image\":{\"@type\":\"ImageObject\",\"inLanguage\":\"fr-FR\",\"@id\":\"https:\\\/\\\/macite.tg\\\/wp-content\\\/uploads\\\/2023\\\/09\\\/WhatsApp-Image-2023-09-19-at-14.44.41-122x122.jpeg\",\"url\":\"https:\\\/\\\/macite.tg\\\/wp-content\\\/uploads\\\/2023\\\/09\\\/WhatsApp-Image-2023-09-19-at-14.44.41-122x122.jpeg\",\"contentUrl\":\"https:\\\/\\\/macite.tg\\\/wp-content\\\/uploads\\\/2023\\\/09\\\/WhatsApp-Image-2023-09-19-at-14.44.41-122x122.jpeg\",\"caption\":\"Jean Pierre BAWELA\"},\"url\":\"https:\\\/\\\/macite.tg\\\/?author=2\"}]}<\/script>\n<!-- \/ Yoast SEO plugin. -->","yoast_head_json":{"title":"TOGO : 32,33 % de la population est jeune, un atout strat\u00e9gique \u00e0 valoriser -","robots":{"index":"index","follow":"follow","max-snippet":"max-snippet:-1","max-image-preview":"max-image-preview:large","max-video-preview":"max-video-preview:-1"},"canonical":"https:\/\/macite.tg\/?p=28644","og_locale":"fr_FR","og_type":"article","og_title":"TOGO : 32,33 % de la population est jeune, un atout strat\u00e9gique \u00e0 valoriser -","og_description":"Au Togo, 32,33 % de la population est \u00e2g\u00e9e de 15 \u00e0 34 ans, selon les donn\u00e9es du cinqui\u00e8me Recensement g\u00e9n\u00e9ral de la population et de l&rsquo;habitat (RGPH-5), men\u00e9 en 2022 par l&rsquo;Institut national de la statistique et des \u00e9tudes \u00e9conomiques et d\u00e9mographiques (Inseed). Ce [&hellip;]","og_url":"https:\/\/macite.tg\/?p=28644","article_published_time":"2026-02-26T16:42:21+00:00","article_modified_time":"2026-02-26T16:42:56+00:00","og_image":[{"width":338,"height":234,"url":"https:\/\/macite.tg\/wp-content\/uploads\/2026\/02\/image-91.png","type":"image\/png"}],"author":"Jean Pierre BAWELA","twitter_card":"summary_large_image","twitter_misc":{"\u00c9crit par":"Jean Pierre BAWELA","Dur\u00e9e de lecture estim\u00e9e":"3 minutes"},"schema":{"@context":"https:\/\/schema.org","@graph":[{"@type":"Article","@id":"https:\/\/macite.tg\/?p=28644#article","isPartOf":{"@id":"https:\/\/macite.tg\/?p=28644"},"author":{"name":"Jean Pierre BAWELA","@id":"https:\/\/macite.tg\/#\/schema\/person\/e9f2de7e5dbbe7770a9402c7ce82f5c2"},"headline":"TOGO : 32,33 % de la population est jeune, un atout strat\u00e9gique \u00e0 valoriser","datePublished":"2026-02-26T16:42:21+00:00","dateModified":"2026-02-26T16:42:56+00:00","mainEntityOfPage":{"@id":"https:\/\/macite.tg\/?p=28644"},"wordCount":534,"commentCount":0,"image":{"@id":"https:\/\/macite.tg\/?p=28644#primaryimage"},"thumbnailUrl":"https:\/\/macite.tg\/wp-content\/uploads\/2026\/02\/image-91.png","articleSection":["ACTUALITE","DEVELOPPEMENT"],"inLanguage":"fr-FR","potentialAction":[{"@type":"CommentAction","name":"Comment","target":["https:\/\/macite.tg\/?p=28644#respond"]}]},{"@type":"WebPage","@id":"https:\/\/macite.tg\/?p=28644","url":"https:\/\/macite.tg\/?p=28644","name":"TOGO : 32,33 % de la population est jeune, un atout strat\u00e9gique \u00e0 valoriser -","isPartOf":{"@id":"https:\/\/macite.tg\/#website"},"primaryImageOfPage":{"@id":"https:\/\/macite.tg\/?p=28644#primaryimage"},"image":{"@id":"https:\/\/macite.tg\/?p=28644#primaryimage"},"thumbnailUrl":"https:\/\/macite.tg\/wp-content\/uploads\/2026\/02\/image-91.png","datePublished":"2026-02-26T16:42:21+00:00","dateModified":"2026-02-26T16:42:56+00:00","author":{"@id":"https:\/\/macite.tg\/#\/schema\/person\/e9f2de7e5dbbe7770a9402c7ce82f5c2"},"breadcrumb":{"@id":"https:\/\/macite.tg\/?p=28644#breadcrumb"},"inLanguage":"fr-FR","potentialAction":[{"@type":"ReadAction","target":["https:\/\/macite.tg\/?p=28644"]}]},{"@type":"ImageObject","inLanguage":"fr-FR","@id":"https:\/\/macite.tg\/?p=28644#primaryimage","url":"https:\/\/macite.tg\/wp-content\/uploads\/2026\/02\/image-91.png","contentUrl":"https:\/\/macite.tg\/wp-content\/uploads\/2026\/02\/image-91.png","width":338,"height":234},{"@type":"BreadcrumbList","@id":"https:\/\/macite.tg\/?p=28644#breadcrumb","itemListElement":[{"@type":"ListItem","position":1,"name":"Accueil","item":"https:\/\/macite.tg\/"},{"@type":"ListItem","position":2,"name":"TOGO : 32,33 % de la population est jeune, un atout strat\u00e9gique \u00e0 valoriser"}]},{"@type":"WebSite","@id":"https:\/\/macite.tg\/#website","url":"https:\/\/macite.tg\/","name":"","description":"L&#039;information, la bonne!!!","potentialAction":[{"@type":"SearchAction","target":{"@type":"EntryPoint","urlTemplate":"https:\/\/macite.tg\/?s={search_term_string}"},"query-input":{"@type":"PropertyValueSpecification","valueRequired":true,"valueName":"search_term_string"}}],"inLanguage":"fr-FR"},{"@type":"Person","@id":"https:\/\/macite.tg\/#\/schema\/person\/e9f2de7e5dbbe7770a9402c7ce82f5c2","name":"Jean Pierre BAWELA","image":{"@type":"ImageObject","inLanguage":"fr-FR","@id":"https:\/\/macite.tg\/wp-content\/uploads\/2023\/09\/WhatsApp-Image-2023-09-19-at-14.44.41-122x122.jpeg","url":"https:\/\/macite.tg\/wp-content\/uploads\/2023\/09\/WhatsApp-Image-2023-09-19-at-14.44.41-122x122.jpeg","contentUrl":"https:\/\/macite.tg\/wp-content\/uploads\/2023\/09\/WhatsApp-Image-2023-09-19-at-14.44.41-122x122.jpeg","caption":"Jean Pierre BAWELA"},"url":"https:\/\/macite.tg\/?author=2"}]}},"_links":{"self":[{"href":"https:\/\/macite.tg\/index.php?rest_route=\/wp\/v2\/posts\/28644","targetHints":{"allow":["GET"]}}],"collection":[{"href":"https:\/\/macite.tg\/index.php?rest_route=\/wp\/v2\/posts"}],"about":[{"href":"https:\/\/macite.tg\/index.php?rest_route=\/wp\/v2\/types\/post"}],"author":[{"embeddable":true,"href":"https:\/\/macite.tg\/index.php?rest_route=\/wp\/v2\/users\/2"}],"replies":[{"embeddable":true,"href":"https:\/\/macite.tg\/index.php?rest_route=%2Fwp%2Fv2%2Fcomments&post=28644"}],"version-history":[{"count":0,"href":"https:\/\/macite.tg\/index.php?rest_route=\/wp\/v2\/posts\/28644\/revisions"}],"wp:featuredmedia":[{"embeddable":true,"href":"https:\/\/macite.tg\/index.php?rest_route=\/wp\/v2\/media\/28647"}],"wp:attachment":[{"href":"https:\/\/macite.tg\/index.php?rest_route=%2Fwp%2Fv2%2Fmedia&parent=28644"}],"wp:term":[{"taxonomy":"category","embeddable":true,"href":"https:\/\/macite.tg\/index.php?rest_route=%2Fwp%2Fv2%2Fcategories&post=28644"},{"taxonomy":"post_tag","embeddable":true,"href":"https:\/\/macite.tg\/index.php?rest_route=%2Fwp%2Fv2%2Ftags&post=28644"}],"curies":[{"name":"wp","href":"https:\/\/api.w.org\/{rel}","templated":true}]}}