{"id":28635,"date":"2026-02-26T13:34:29","date_gmt":"2026-02-26T13:34:29","guid":{"rendered":"https:\/\/macite.tg\/?p=28635"},"modified":"2026-02-26T13:34:39","modified_gmt":"2026-02-26T13:34:39","slug":"protection-des-donnees-personnelles-lipdcp-mise-sur-la-sensibilisation-et-la-contribution-des-medias","status":"publish","type":"post","link":"https:\/\/macite.tg\/?p=28635","title":{"rendered":"PROTECTION DES DONNEES PERSONNELLES\u00a0: L\u2019IPDCP mise sur la sensibilisation et la contribution des m\u00e9dias"},"content":{"rendered":"\n<p class=\"wp-block-paragraph\"><strong><em>L\u2019\u00e9volution technologique s\u2019accompagne de multiples d\u00e9rives et avatars, qui n\u00e9cessite une prise de conscience collective pour relever les d\u00e9fis qui s\u2019imposent \u00e0 nous, homme connect\u00e9. L\u2019internet garde tout, diront les sp\u00e9cialistes. Face aux enjeux li\u00e9s \u00e0 la protection des donn\u00e9es \u00e0 caract\u00e8re personnel \u00e0 l\u2019\u00e8re du tout num\u00e9rique, <\/em><\/strong><strong><em>l\u2019Instance de Protection des Donn\u00e9es \u00e0 Caract\u00e8re Personnel (IPDCP) ne m\u00e9nage aucun effort pour rattraper ce retard informationnel et sauver ce qui est encore possible<\/em><\/strong><strong><em>. C\u2019est dans cette optique qu\u2019elle a initi\u00e9 une s\u00e9rie de sessions d\u2019information et de sensibilisation \u00e0 l\u2019endroit des acteurs phares de la soci\u00e9t\u00e9, notamment les jeunes et les faiseurs d\u2019opinion, les professionnels des m\u00e9dias.<\/em><\/strong><\/p>\n\n\n\n<p class=\"wp-block-paragraph\">La ville de Nots\u00e8, berceau du peuple Ew\u00e9, a abrit\u00e9 courant cette semaine, la seconde phase de cette s\u00e9rie de rencontres d\u2019information et de sensibilisation \u00e0 l\u2019endroit des professionnels des m\u00e9dias. Plac\u00e9e sous le th\u00e8me&nbsp;<em>\u00ab&nbsp;R\u00f4le des m\u00e9dias dans la promotion d\u2019une culture de protection des donn\u00e9es personnelles&nbsp;\u00bb,<\/em> ces rencontres visent \u00e0 doter les professionnelles des m\u00e9dias de bonnes pratiques en mati\u00e8re de la protection des donn\u00e9es \u00e0 caract\u00e8re personnel, notamment dans l\u2019exercice de leur fonction, ceci afin de les amener \u00e0 une utilisation plus responsable des nouvelles technologies de l\u2019information et de la communication.<\/p>\n\n\n<div class=\"wp-block-image\">\n<figure class=\"aligncenter size-full is-resized\"><img loading=\"lazy\" decoding=\"async\" width=\"500\" height=\"375\" src=\"https:\/\/macite.tg\/wp-content\/uploads\/2026\/02\/TVM-payez-depuis-chez-vous.jpg\" alt=\"\" class=\"wp-image-28307\" style=\"width:632px;height:auto\" srcset=\"https:\/\/macite.tg\/wp-content\/uploads\/2026\/02\/TVM-payez-depuis-chez-vous.jpg 500w, https:\/\/macite.tg\/wp-content\/uploads\/2026\/02\/TVM-payez-depuis-chez-vous-300x225.jpg 300w\" sizes=\"auto, (max-width: 500px) 100vw, 500px\" \/><\/figure>\n<\/div>\n\n\n<p class=\"wp-block-paragraph\">Pour l\u2019IPDCP, l\u2019enjeu en vaut la chandelle.<em> \u00ab&nbsp;Les m\u00e9dias sont au c\u0153ur de la conscience collective. Chaque reportage, chaque image, chaque publication num\u00e9rique engage votre responsabilit\u00e9 \u00e9thique et juridique. Vous devez veiller \u00e0 la protection de la vie priv\u00e9e et des libert\u00e9s et droits fondamentaux des citoyens&nbsp;!&nbsp;\u00bb,<\/em> a expliqu\u00e9 le Pr\u00e9sident de l\u2019Instance, le Colonel B\u00e9diani Bel\u00e9i, \u00e0 l\u2019ouverture des travaux le lundi 23 f\u00e9vrier dernier. Ainsi, souligne-t-il, dans l\u2019exercice de leur profession, les acteurs des m\u00e9dias ont le devoir de respecter les droits des citoyens \u00e0 la protection de leurs donn\u00e9es \u00e0 caract\u00e8re personnel.<\/p>\n\n\n\n<p class=\"wp-block-paragraph\">Au menu de ces sessions, plusieurs modules, notamment la compr\u00e9hension du cadre juridique national sur la protection des donn\u00e9es, et l\u2019accompagnement vers des pratiques responsables et conformes \u00e0 la loi, et comment prot\u00e9ger nos droits. Le clou de cette rencontre a \u00e9t\u00e9 le module portant sur le traitement de l\u2019information en lien avec la vie priv\u00e9e de tout citoyen, notamment son identit\u00e9, son adresse, son \u00e9tat de sant\u00e9, etc. &nbsp;<\/p>\n\n\n<div class=\"wp-block-image\">\n<figure class=\"aligncenter size-full\"><img loading=\"lazy\" decoding=\"async\" width=\"980\" height=\"210\" src=\"https:\/\/macite.tg\/wp-content\/uploads\/2026\/02\/image-24.png\" alt=\"\" class=\"wp-image-28092\" srcset=\"https:\/\/macite.tg\/wp-content\/uploads\/2026\/02\/image-24.png 980w, https:\/\/macite.tg\/wp-content\/uploads\/2026\/02\/image-24-300x64.png 300w, https:\/\/macite.tg\/wp-content\/uploads\/2026\/02\/image-24-768x165.png 768w\" sizes=\"auto, (max-width: 980px) 100vw, 980px\" \/><\/figure>\n<\/div>\n\n\n<p class=\"wp-block-paragraph\">Si Herv\u00e9 Talla Awui, juriste \u00e0 l\u2019IPDCP, a insist\u00e9 sur le fait que <em>\u00ab&nbsp;vous deviez faire attention \u00e0 tout ce que vous publiez et qui est li\u00e9 aux donn\u00e9es personnelles d\u2019un citoyen pour ne pas tomber sous le coup de la loi&nbsp;\u00bb,<\/em> le repr\u00e9sentant du pr\u00e9sident de la Haute autorit\u00e9 de l\u2019audiovisuel et de la communication (HAAC), Yao Abarim, a invit\u00e9 les professionnels des m\u00e9dias \u00e0 <em>\u00ab&nbsp;s\u2019approprier les bonnes pratiques li\u00e9es \u00e0 la protection des donn\u00e9es personnelles afin de participer efficacement \u00e0 la lutte contre les atteintes \u00e0 la vie priv\u00e9e des citoyens&nbsp;\u00bb.<\/em><\/p>\n\n\n\n<p class=\"wp-block-paragraph\">Notons que les \u00ab&nbsp;<em>donn\u00e9es personnelles constituent une richesse, un levier de d\u00e9veloppement, mais aussi un terrain de vuln\u00e9rabilit\u00e9. Leur protection est indispensable pour garantir la libert\u00e9, la dignit\u00e9 et les droits fondamentaux des citoyens&nbsp;\u00bb, <\/em>a soulign\u00e9 le Pr\u00e9sident de l\u2019IPDCP.<\/p>\n\n\n<div class=\"wp-block-image\">\n<figure class=\"aligncenter size-full\"><img loading=\"lazy\" decoding=\"async\" width=\"509\" height=\"720\" src=\"https:\/\/macite.tg\/wp-content\/uploads\/2026\/02\/OTR_Payez-la-TVM-simple-et-pratique.jpg\" alt=\"\" class=\"wp-image-28304\" srcset=\"https:\/\/macite.tg\/wp-content\/uploads\/2026\/02\/OTR_Payez-la-TVM-simple-et-pratique.jpg 509w, https:\/\/macite.tg\/wp-content\/uploads\/2026\/02\/OTR_Payez-la-TVM-simple-et-pratique-212x300.jpg 212w\" sizes=\"auto, (max-width: 509px) 100vw, 509px\" \/><\/figure>\n<\/div>\n\n\n<p class=\"wp-block-paragraph\">Pour rappel, l\u2019IPDCP est une autorit\u00e9 administrative ind\u00e9pendante cr\u00e9\u00e9e en 2019. Elle a pour mission, entre autres, de veiller \u00e0 ce que les traitements des donn\u00e9es \u00e0 caract\u00e8re personnel soient mises en \u0153uvre conform\u00e9ment aux dispositions de la loi&nbsp;; veiller&nbsp; la protection de la vie priv\u00e9e, et des libert\u00e9s et des droits fondamentaux des citoyens&nbsp;; accompagner les entreprises et favoriser l\u2019innovation&nbsp;;<\/p>\n\n\n\n<p class=\"wp-block-paragraph\"><strong>JPB<\/strong><\/p>\n\n\n\n<p class=\"wp-block-paragraph\"><a><strong><em>@macite.tg&nbsp;&nbsp;&nbsp;&nbsp;&nbsp;&nbsp;&nbsp;&nbsp;<\/em><\/strong><\/a><\/p>\n\n\n\n<p class=\"wp-block-paragraph\"><strong><em>E-mail&nbsp;: <\/em><\/strong><a href=\"mailto:maciteinfo@gmail.com\"><strong><em>maciteinfo@gmail.com<\/em><\/strong><\/a><strong><em>; <\/em><\/strong><a href=\"mailto:bawela1@gmail.com\"><strong><em>bawela1@gmail.com<\/em><\/strong><\/a><strong><em><\/em><\/strong><\/p>\n\n\n\n<p class=\"wp-block-paragraph\"><strong><em>Pour vos annonces, (publi)reportages, etc., joignez-nous au (00228)91515309\/<strong>79872224 <\/strong><strong><\/strong><\/em><\/strong><\/p>\n\n\n\n<p class=\"wp-block-paragraph\"><strong><em>www.macite.tg, L\u2019information, la bonne&nbsp;!<\/em><\/strong><\/p>\n","protected":false},"excerpt":{"rendered":"<p class=\"text-justify mb-2\" >L\u2019\u00e9volution technologique s\u2019accompagne de multiples d\u00e9rives et avatars, qui n\u00e9cessite une prise de conscience collective pour relever les d\u00e9fis qui s\u2019imposent \u00e0 nous, homme connect\u00e9. L\u2019internet garde tout, diront les sp\u00e9cialistes. Face aux enjeux li\u00e9s \u00e0 la protection des donn\u00e9es \u00e0 caract\u00e8re personnel \u00e0 l\u2019\u00e8re [&hellip;]<\/p>\n","protected":false},"author":2,"featured_media":28637,"comment_status":"open","ping_status":"open","sticky":false,"template":"","format":"standard","meta":{"footnotes":""},"categories":[20,56,30],"tags":[],"class_list":["post-28635","post","type-post","status-publish","format-standard","has-post-thumbnail","hentry","category-actualite","category-digital","category-droit-de-lhomme"],"yoast_head":"<!-- This site is optimized with the Yoast SEO plugin v28.4 - https:\/\/yoast.com\/product\/yoast-seo-wordpress\/ -->\n<title>PROTECTION DES DONNEES PERSONNELLES\u00a0: L\u2019IPDCP mise sur la sensibilisation et la contribution des m\u00e9dias -<\/title>\n<meta name=\"robots\" content=\"index, follow, max-snippet:-1, max-image-preview:large, max-video-preview:-1\" \/>\n<link rel=\"canonical\" href=\"https:\/\/macite.tg\/?p=28635\" \/>\n<meta property=\"og:locale\" content=\"fr_FR\" \/>\n<meta property=\"og:type\" content=\"article\" \/>\n<meta property=\"og:title\" content=\"PROTECTION DES DONNEES PERSONNELLES\u00a0: L\u2019IPDCP mise sur la sensibilisation et la contribution des m\u00e9dias -\" \/>\n<meta property=\"og:description\" content=\"L\u2019\u00e9volution technologique s\u2019accompagne de multiples d\u00e9rives et avatars, qui n\u00e9cessite une prise de conscience collective pour relever les d\u00e9fis qui s\u2019imposent \u00e0 nous, homme connect\u00e9. L\u2019internet garde tout, diront les sp\u00e9cialistes. Face aux enjeux li\u00e9s \u00e0 la protection des donn\u00e9es \u00e0 caract\u00e8re personnel \u00e0 l\u2019\u00e8re [&hellip;]\" \/>\n<meta property=\"og:url\" content=\"https:\/\/macite.tg\/?p=28635\" \/>\n<meta property=\"article:published_time\" content=\"2026-02-26T13:34:29+00:00\" \/>\n<meta property=\"article:modified_time\" content=\"2026-02-26T13:34:39+00:00\" \/>\n<meta property=\"og:image\" content=\"https:\/\/macite.tg\/wp-content\/uploads\/2026\/02\/IPDCP_Notse1.jpg\" \/>\n\t<meta property=\"og:image:width\" content=\"500\" \/>\n\t<meta property=\"og:image:height\" content=\"313\" \/>\n\t<meta property=\"og:image:type\" content=\"image\/jpeg\" \/>\n<meta name=\"author\" content=\"Jean Pierre BAWELA\" \/>\n<meta name=\"twitter:card\" content=\"summary_large_image\" \/>\n<meta name=\"twitter:label1\" content=\"\u00c9crit par\" \/>\n\t<meta name=\"twitter:data1\" content=\"Jean Pierre BAWELA\" \/>\n\t<meta name=\"twitter:label2\" content=\"Dur\u00e9e de lecture estim\u00e9e\" \/>\n\t<meta name=\"twitter:data2\" content=\"4 minutes\" \/>\n<script type=\"application\/ld+json\" class=\"yoast-schema-graph\">{\"@context\":\"https:\\\/\\\/schema.org\",\"@graph\":[{\"@type\":\"Article\",\"@id\":\"https:\\\/\\\/macite.tg\\\/?p=28635#article\",\"isPartOf\":{\"@id\":\"https:\\\/\\\/macite.tg\\\/?p=28635\"},\"author\":{\"name\":\"Jean Pierre BAWELA\",\"@id\":\"https:\\\/\\\/macite.tg\\\/#\\\/schema\\\/person\\\/e9f2de7e5dbbe7770a9402c7ce82f5c2\"},\"headline\":\"PROTECTION DES DONNEES PERSONNELLES\u00a0: L\u2019IPDCP mise sur la sensibilisation et la contribution des m\u00e9dias\",\"datePublished\":\"2026-02-26T13:34:29+00:00\",\"dateModified\":\"2026-02-26T13:34:39+00:00\",\"mainEntityOfPage\":{\"@id\":\"https:\\\/\\\/macite.tg\\\/?p=28635\"},\"wordCount\":692,\"commentCount\":0,\"image\":{\"@id\":\"https:\\\/\\\/macite.tg\\\/?p=28635#primaryimage\"},\"thumbnailUrl\":\"https:\\\/\\\/macite.tg\\\/wp-content\\\/uploads\\\/2026\\\/02\\\/IPDCP_Notse1.jpg\",\"articleSection\":[\"ACTUALITE\",\"DIGITAL\",\"DROIT DE L'HOMME\"],\"inLanguage\":\"fr-FR\",\"potentialAction\":[{\"@type\":\"CommentAction\",\"name\":\"Comment\",\"target\":[\"https:\\\/\\\/macite.tg\\\/?p=28635#respond\"]}]},{\"@type\":\"WebPage\",\"@id\":\"https:\\\/\\\/macite.tg\\\/?p=28635\",\"url\":\"https:\\\/\\\/macite.tg\\\/?p=28635\",\"name\":\"PROTECTION DES DONNEES PERSONNELLES\u00a0: L\u2019IPDCP mise sur la sensibilisation et la contribution des m\u00e9dias -\",\"isPartOf\":{\"@id\":\"https:\\\/\\\/macite.tg\\\/#website\"},\"primaryImageOfPage\":{\"@id\":\"https:\\\/\\\/macite.tg\\\/?p=28635#primaryimage\"},\"image\":{\"@id\":\"https:\\\/\\\/macite.tg\\\/?p=28635#primaryimage\"},\"thumbnailUrl\":\"https:\\\/\\\/macite.tg\\\/wp-content\\\/uploads\\\/2026\\\/02\\\/IPDCP_Notse1.jpg\",\"datePublished\":\"2026-02-26T13:34:29+00:00\",\"dateModified\":\"2026-02-26T13:34:39+00:00\",\"author\":{\"@id\":\"https:\\\/\\\/macite.tg\\\/#\\\/schema\\\/person\\\/e9f2de7e5dbbe7770a9402c7ce82f5c2\"},\"breadcrumb\":{\"@id\":\"https:\\\/\\\/macite.tg\\\/?p=28635#breadcrumb\"},\"inLanguage\":\"fr-FR\",\"potentialAction\":[{\"@type\":\"ReadAction\",\"target\":[\"https:\\\/\\\/macite.tg\\\/?p=28635\"]}]},{\"@type\":\"ImageObject\",\"inLanguage\":\"fr-FR\",\"@id\":\"https:\\\/\\\/macite.tg\\\/?p=28635#primaryimage\",\"url\":\"https:\\\/\\\/macite.tg\\\/wp-content\\\/uploads\\\/2026\\\/02\\\/IPDCP_Notse1.jpg\",\"contentUrl\":\"https:\\\/\\\/macite.tg\\\/wp-content\\\/uploads\\\/2026\\\/02\\\/IPDCP_Notse1.jpg\",\"width\":500,\"height\":313},{\"@type\":\"BreadcrumbList\",\"@id\":\"https:\\\/\\\/macite.tg\\\/?p=28635#breadcrumb\",\"itemListElement\":[{\"@type\":\"ListItem\",\"position\":1,\"name\":\"Accueil\",\"item\":\"https:\\\/\\\/macite.tg\\\/\"},{\"@type\":\"ListItem\",\"position\":2,\"name\":\"PROTECTION DES DONNEES PERSONNELLES\u00a0: L\u2019IPDCP mise sur la sensibilisation et la contribution des m\u00e9dias\"}]},{\"@type\":\"WebSite\",\"@id\":\"https:\\\/\\\/macite.tg\\\/#website\",\"url\":\"https:\\\/\\\/macite.tg\\\/\",\"name\":\"\",\"description\":\"L&#039;information, la bonne!!!\",\"potentialAction\":[{\"@type\":\"SearchAction\",\"target\":{\"@type\":\"EntryPoint\",\"urlTemplate\":\"https:\\\/\\\/macite.tg\\\/?s={search_term_string}\"},\"query-input\":{\"@type\":\"PropertyValueSpecification\",\"valueRequired\":true,\"valueName\":\"search_term_string\"}}],\"inLanguage\":\"fr-FR\"},{\"@type\":\"Person\",\"@id\":\"https:\\\/\\\/macite.tg\\\/#\\\/schema\\\/person\\\/e9f2de7e5dbbe7770a9402c7ce82f5c2\",\"name\":\"Jean Pierre BAWELA\",\"image\":{\"@type\":\"ImageObject\",\"inLanguage\":\"fr-FR\",\"@id\":\"https:\\\/\\\/macite.tg\\\/wp-content\\\/uploads\\\/2023\\\/09\\\/WhatsApp-Image-2023-09-19-at-14.44.41-122x122.jpeg\",\"url\":\"https:\\\/\\\/macite.tg\\\/wp-content\\\/uploads\\\/2023\\\/09\\\/WhatsApp-Image-2023-09-19-at-14.44.41-122x122.jpeg\",\"contentUrl\":\"https:\\\/\\\/macite.tg\\\/wp-content\\\/uploads\\\/2023\\\/09\\\/WhatsApp-Image-2023-09-19-at-14.44.41-122x122.jpeg\",\"caption\":\"Jean Pierre BAWELA\"},\"url\":\"https:\\\/\\\/macite.tg\\\/?author=2\"}]}<\/script>\n<!-- \/ Yoast SEO plugin. -->","yoast_head_json":{"title":"PROTECTION DES DONNEES PERSONNELLES\u00a0: L\u2019IPDCP mise sur la sensibilisation et la contribution des m\u00e9dias -","robots":{"index":"index","follow":"follow","max-snippet":"max-snippet:-1","max-image-preview":"max-image-preview:large","max-video-preview":"max-video-preview:-1"},"canonical":"https:\/\/macite.tg\/?p=28635","og_locale":"fr_FR","og_type":"article","og_title":"PROTECTION DES DONNEES PERSONNELLES\u00a0: L\u2019IPDCP mise sur la sensibilisation et la contribution des m\u00e9dias -","og_description":"L\u2019\u00e9volution technologique s\u2019accompagne de multiples d\u00e9rives et avatars, qui n\u00e9cessite une prise de conscience collective pour relever les d\u00e9fis qui s\u2019imposent \u00e0 nous, homme connect\u00e9. L\u2019internet garde tout, diront les sp\u00e9cialistes. Face aux enjeux li\u00e9s \u00e0 la protection des donn\u00e9es \u00e0 caract\u00e8re personnel \u00e0 l\u2019\u00e8re [&hellip;]","og_url":"https:\/\/macite.tg\/?p=28635","article_published_time":"2026-02-26T13:34:29+00:00","article_modified_time":"2026-02-26T13:34:39+00:00","og_image":[{"width":500,"height":313,"url":"https:\/\/macite.tg\/wp-content\/uploads\/2026\/02\/IPDCP_Notse1.jpg","type":"image\/jpeg"}],"author":"Jean Pierre BAWELA","twitter_card":"summary_large_image","twitter_misc":{"\u00c9crit par":"Jean Pierre BAWELA","Dur\u00e9e de lecture estim\u00e9e":"4 minutes"},"schema":{"@context":"https:\/\/schema.org","@graph":[{"@type":"Article","@id":"https:\/\/macite.tg\/?p=28635#article","isPartOf":{"@id":"https:\/\/macite.tg\/?p=28635"},"author":{"name":"Jean Pierre BAWELA","@id":"https:\/\/macite.tg\/#\/schema\/person\/e9f2de7e5dbbe7770a9402c7ce82f5c2"},"headline":"PROTECTION DES DONNEES PERSONNELLES\u00a0: L\u2019IPDCP mise sur la sensibilisation et la contribution des m\u00e9dias","datePublished":"2026-02-26T13:34:29+00:00","dateModified":"2026-02-26T13:34:39+00:00","mainEntityOfPage":{"@id":"https:\/\/macite.tg\/?p=28635"},"wordCount":692,"commentCount":0,"image":{"@id":"https:\/\/macite.tg\/?p=28635#primaryimage"},"thumbnailUrl":"https:\/\/macite.tg\/wp-content\/uploads\/2026\/02\/IPDCP_Notse1.jpg","articleSection":["ACTUALITE","DIGITAL","DROIT DE L'HOMME"],"inLanguage":"fr-FR","potentialAction":[{"@type":"CommentAction","name":"Comment","target":["https:\/\/macite.tg\/?p=28635#respond"]}]},{"@type":"WebPage","@id":"https:\/\/macite.tg\/?p=28635","url":"https:\/\/macite.tg\/?p=28635","name":"PROTECTION DES DONNEES PERSONNELLES\u00a0: L\u2019IPDCP mise sur la sensibilisation et la contribution des m\u00e9dias -","isPartOf":{"@id":"https:\/\/macite.tg\/#website"},"primaryImageOfPage":{"@id":"https:\/\/macite.tg\/?p=28635#primaryimage"},"image":{"@id":"https:\/\/macite.tg\/?p=28635#primaryimage"},"thumbnailUrl":"https:\/\/macite.tg\/wp-content\/uploads\/2026\/02\/IPDCP_Notse1.jpg","datePublished":"2026-02-26T13:34:29+00:00","dateModified":"2026-02-26T13:34:39+00:00","author":{"@id":"https:\/\/macite.tg\/#\/schema\/person\/e9f2de7e5dbbe7770a9402c7ce82f5c2"},"breadcrumb":{"@id":"https:\/\/macite.tg\/?p=28635#breadcrumb"},"inLanguage":"fr-FR","potentialAction":[{"@type":"ReadAction","target":["https:\/\/macite.tg\/?p=28635"]}]},{"@type":"ImageObject","inLanguage":"fr-FR","@id":"https:\/\/macite.tg\/?p=28635#primaryimage","url":"https:\/\/macite.tg\/wp-content\/uploads\/2026\/02\/IPDCP_Notse1.jpg","contentUrl":"https:\/\/macite.tg\/wp-content\/uploads\/2026\/02\/IPDCP_Notse1.jpg","width":500,"height":313},{"@type":"BreadcrumbList","@id":"https:\/\/macite.tg\/?p=28635#breadcrumb","itemListElement":[{"@type":"ListItem","position":1,"name":"Accueil","item":"https:\/\/macite.tg\/"},{"@type":"ListItem","position":2,"name":"PROTECTION DES DONNEES PERSONNELLES\u00a0: L\u2019IPDCP mise sur la sensibilisation et la contribution des m\u00e9dias"}]},{"@type":"WebSite","@id":"https:\/\/macite.tg\/#website","url":"https:\/\/macite.tg\/","name":"","description":"L&#039;information, la bonne!!!","potentialAction":[{"@type":"SearchAction","target":{"@type":"EntryPoint","urlTemplate":"https:\/\/macite.tg\/?s={search_term_string}"},"query-input":{"@type":"PropertyValueSpecification","valueRequired":true,"valueName":"search_term_string"}}],"inLanguage":"fr-FR"},{"@type":"Person","@id":"https:\/\/macite.tg\/#\/schema\/person\/e9f2de7e5dbbe7770a9402c7ce82f5c2","name":"Jean Pierre BAWELA","image":{"@type":"ImageObject","inLanguage":"fr-FR","@id":"https:\/\/macite.tg\/wp-content\/uploads\/2023\/09\/WhatsApp-Image-2023-09-19-at-14.44.41-122x122.jpeg","url":"https:\/\/macite.tg\/wp-content\/uploads\/2023\/09\/WhatsApp-Image-2023-09-19-at-14.44.41-122x122.jpeg","contentUrl":"https:\/\/macite.tg\/wp-content\/uploads\/2023\/09\/WhatsApp-Image-2023-09-19-at-14.44.41-122x122.jpeg","caption":"Jean Pierre BAWELA"},"url":"https:\/\/macite.tg\/?author=2"}]}},"_links":{"self":[{"href":"https:\/\/macite.tg\/index.php?rest_route=\/wp\/v2\/posts\/28635","targetHints":{"allow":["GET"]}}],"collection":[{"href":"https:\/\/macite.tg\/index.php?rest_route=\/wp\/v2\/posts"}],"about":[{"href":"https:\/\/macite.tg\/index.php?rest_route=\/wp\/v2\/types\/post"}],"author":[{"embeddable":true,"href":"https:\/\/macite.tg\/index.php?rest_route=\/wp\/v2\/users\/2"}],"replies":[{"embeddable":true,"href":"https:\/\/macite.tg\/index.php?rest_route=%2Fwp%2Fv2%2Fcomments&post=28635"}],"version-history":[{"count":0,"href":"https:\/\/macite.tg\/index.php?rest_route=\/wp\/v2\/posts\/28635\/revisions"}],"wp:featuredmedia":[{"embeddable":true,"href":"https:\/\/macite.tg\/index.php?rest_route=\/wp\/v2\/media\/28637"}],"wp:attachment":[{"href":"https:\/\/macite.tg\/index.php?rest_route=%2Fwp%2Fv2%2Fmedia&parent=28635"}],"wp:term":[{"taxonomy":"category","embeddable":true,"href":"https:\/\/macite.tg\/index.php?rest_route=%2Fwp%2Fv2%2Fcategories&post=28635"},{"taxonomy":"post_tag","embeddable":true,"href":"https:\/\/macite.tg\/index.php?rest_route=%2Fwp%2Fv2%2Ftags&post=28635"}],"curies":[{"name":"wp","href":"https:\/\/api.w.org\/{rel}","templated":true}]}}