{"id":28628,"date":"2026-02-26T11:43:40","date_gmt":"2026-02-26T11:43:40","guid":{"rendered":"https:\/\/macite.tg\/?p=28628"},"modified":"2026-02-26T11:43:46","modified_gmt":"2026-02-26T11:43:46","slug":"binah-developpement-agricole-une-zaap-en-perspective-a-kemerida-les-proprietaires-terriens-sensibilises","status":"publish","type":"post","link":"https:\/\/macite.tg\/?p=28628","title":{"rendered":"BINAH \/ DEVELOPPEMENT AGRICOLE\u00a0: Une ZAAP en perspective \u00e0 K\u00e9m\u00e9rida, les propri\u00e9taires terriens sensibilis\u00e9s"},"content":{"rendered":"\n<p class=\"wp-block-paragraph\"><strong><em>Une rencontre strat\u00e9gique a eu lieu, le lundi 23 f\u00e9vrier dernier, dans le canton de K\u00e9m\u00e9rida, dans la pr\u00e9fecture de la Binah. Pr\u00e9sid\u00e9e par Directeur pr\u00e9fectoral de l&rsquo;agriculture, en pr\u00e9sence du chef canton de ladite localit\u00e9, la rencontre a permis d\u2019\u00e9changer avec les propri\u00e9taires terriens du site devant accueillir la Zone d&rsquo;am\u00e9nagement agricole planifi\u00e9e (ZAAP) du canton de K\u00e9m\u00e9rida.<\/em><\/strong><\/p>\n\n\n\n<p class=\"wp-block-paragraph\">L\u2019objectif de cette rencontre \u00e9tait double. D\u2019abord, s\u2019assurer de l\u2019accord d\u00e9finitif de ces propri\u00e9taires terriens, sur la mise \u00e0 disposition de leur propri\u00e9t\u00e9 pour la mise en place de la Zone d\u2019am\u00e9nagement agricole planifi\u00e9es (ZAAP) dans le canton.<\/p>\n\n\n\n<figure class=\"wp-block-image size-full\"><img loading=\"lazy\" decoding=\"async\" width=\"851\" height=\"315\" src=\"https:\/\/macite.tg\/wp-content\/uploads\/2026\/02\/OTR_Ferer-pour-batir-1.jpg\" alt=\"\" class=\"wp-image-28230\" srcset=\"https:\/\/macite.tg\/wp-content\/uploads\/2026\/02\/OTR_Ferer-pour-batir-1.jpg 851w, https:\/\/macite.tg\/wp-content\/uploads\/2026\/02\/OTR_Ferer-pour-batir-1-300x111.jpg 300w, https:\/\/macite.tg\/wp-content\/uploads\/2026\/02\/OTR_Ferer-pour-batir-1-768x284.jpg 768w\" sizes=\"auto, (max-width: 851px) 100vw, 851px\" \/><\/figure>\n\n\n\n<p class=\"wp-block-paragraph\">Ainsi, les participants \u00e0 cette rencontre ont \u00e9t\u00e9 sensibilis\u00e9s sur, non seulement le bienfond\u00e9 de l&rsquo;implantation de la ZAAP, mais \u00e9galement les avantages li\u00e9s \u00e0 ce projet, notamment la maitrise de l\u2019eau et la m\u00e9canisation de l\u2019agriculture.<\/p>\n\n\n\n<p class=\"wp-block-paragraph\">Il \u00e9tait question ensuite, gr\u00e2ce \u00e0 l\u2019implication du Comit\u00e9 Interminist\u00e9riel de Pr\u00e9vention et de Lutte contre l\u2019Extr\u00e9misme Violent (CIPLEV) de la localit\u00e9, de sensibiliser sur les uns et les autres sur l&rsquo;importance de la r\u00e9solution pacifique des conflits en particulier ceux li\u00e9s au foncier.<\/p>\n\n\n\n<p class=\"wp-block-paragraph\">L\u2019occasion \u00e9tait \u00e9galement belle pour inviter les populations \u00e0 la culture du vivre-ensemble, la coh\u00e9sion sociale et \u00e0 la collaboration avec les autorit\u00e9s locales.<\/p>\n\n\n<div class=\"wp-block-image\">\n<figure class=\"aligncenter size-large is-resized\"><img loading=\"lazy\" decoding=\"async\" width=\"1024\" height=\"850\" src=\"https:\/\/macite.tg\/wp-content\/uploads\/2026\/02\/image-66-1024x850.png\" alt=\"\" class=\"wp-image-28380\" style=\"width:588px;height:auto\" srcset=\"https:\/\/macite.tg\/wp-content\/uploads\/2026\/02\/image-66-1024x850.png 1024w, https:\/\/macite.tg\/wp-content\/uploads\/2026\/02\/image-66-300x249.png 300w, https:\/\/macite.tg\/wp-content\/uploads\/2026\/02\/image-66-768x638.png 768w, https:\/\/macite.tg\/wp-content\/uploads\/2026\/02\/image-66.png 1080w\" sizes=\"auto, (max-width: 1024px) 100vw, 1024px\" \/><\/figure>\n<\/div>\n\n\n<p class=\"wp-block-paragraph\">Notons qu\u2019au-del\u00e0 de la consolidation de la strat\u00e9gie nationale de s\u00e9curit\u00e9 alimentaire et de d\u00e9veloppement \u00e9conomique, ceci gr\u00e2ce aux ZAAP, l\u2019initiative vise \u00e0 doter les coop\u00e9ratives agricoles responsables de ces zones, d\u2019un appui logistique cons\u00e9quent, pour faciliter le travail de la terre, permettant un gain en temps et en \u00e9nergie. Ce qui, \u00e0 coup s\u00fbr, augure de nouvelles capacit\u00e9s de productions.<\/p>\n\n\n\n<p class=\"wp-block-paragraph\"><strong>La R\u00e9daction<\/strong><\/p>\n\n\n\n<p class=\"wp-block-paragraph\"><a><strong><em>@macite.tg&nbsp;&nbsp;&nbsp;&nbsp;&nbsp;&nbsp;&nbsp;&nbsp;<\/em><\/strong><\/a><\/p>\n\n\n\n<p class=\"wp-block-paragraph\"><strong><em>E-mail&nbsp;: <\/em><\/strong><a href=\"mailto:maciteinfo@gmail.com\"><strong><em>maciteinfo@gmail.com<\/em><\/strong><\/a><strong><em>; <\/em><\/strong><a href=\"mailto:bawela1@gmail.com\"><strong><em>bawela1@gmail.com<\/em><\/strong><\/a><strong><em><\/em><\/strong><\/p>\n\n\n\n<p class=\"wp-block-paragraph\"><strong><em>Pour vos annonces, (publi)reportages, etc., joignez-nous au (00228)91515309\/<strong>79872224 <\/strong><strong><\/strong><\/em><\/strong><\/p>\n\n\n\n<p class=\"wp-block-paragraph\"><strong><em>www.macite.tg, L\u2019information, la bonne&nbsp;!<\/em><\/strong><\/p>\n","protected":false},"excerpt":{"rendered":"<p class=\"text-justify mb-2\" >Une rencontre strat\u00e9gique a eu lieu, le lundi 23 f\u00e9vrier dernier, dans le canton de K\u00e9m\u00e9rida, dans la pr\u00e9fecture de la Binah. Pr\u00e9sid\u00e9e par Directeur pr\u00e9fectoral de l&rsquo;agriculture, en pr\u00e9sence du chef canton de ladite localit\u00e9, la rencontre a permis d\u2019\u00e9changer avec les propri\u00e9taires terriens [&hellip;]<\/p>\n","protected":false},"author":2,"featured_media":28630,"comment_status":"open","ping_status":"open","sticky":false,"template":"","format":"standard","meta":{"footnotes":""},"categories":[20,22],"tags":[],"class_list":["post-28628","post","type-post","status-publish","format-standard","has-post-thumbnail","hentry","category-actualite","category-agriculture"],"yoast_head":"<!-- This site is optimized with the Yoast SEO plugin v28.4 - https:\/\/yoast.com\/product\/yoast-seo-wordpress\/ -->\n<title>BINAH \/ DEVELOPPEMENT AGRICOLE\u00a0: Une ZAAP en perspective \u00e0 K\u00e9m\u00e9rida, les propri\u00e9taires terriens sensibilis\u00e9s -<\/title>\n<meta name=\"robots\" content=\"index, follow, max-snippet:-1, max-image-preview:large, max-video-preview:-1\" \/>\n<link rel=\"canonical\" href=\"https:\/\/macite.tg\/?p=28628\" \/>\n<meta property=\"og:locale\" content=\"fr_FR\" \/>\n<meta property=\"og:type\" content=\"article\" \/>\n<meta property=\"og:title\" content=\"BINAH \/ DEVELOPPEMENT AGRICOLE\u00a0: Une ZAAP en perspective \u00e0 K\u00e9m\u00e9rida, les propri\u00e9taires terriens sensibilis\u00e9s -\" \/>\n<meta property=\"og:description\" content=\"Une rencontre strat\u00e9gique a eu lieu, le lundi 23 f\u00e9vrier dernier, dans le canton de K\u00e9m\u00e9rida, dans la pr\u00e9fecture de la Binah. Pr\u00e9sid\u00e9e par Directeur pr\u00e9fectoral de l&rsquo;agriculture, en pr\u00e9sence du chef canton de ladite localit\u00e9, la rencontre a permis d\u2019\u00e9changer avec les propri\u00e9taires terriens [&hellip;]\" \/>\n<meta property=\"og:url\" content=\"https:\/\/macite.tg\/?p=28628\" \/>\n<meta property=\"article:published_time\" content=\"2026-02-26T11:43:40+00:00\" \/>\n<meta property=\"article:modified_time\" content=\"2026-02-26T11:43:46+00:00\" \/>\n<meta property=\"og:image\" content=\"https:\/\/macite.tg\/wp-content\/uploads\/2026\/02\/cipev_Binah.jpg\" \/>\n\t<meta property=\"og:image:width\" content=\"500\" \/>\n\t<meta property=\"og:image:height\" content=\"225\" \/>\n\t<meta property=\"og:image:type\" content=\"image\/jpeg\" \/>\n<meta name=\"author\" content=\"Jean Pierre BAWELA\" \/>\n<meta name=\"twitter:card\" content=\"summary_large_image\" \/>\n<meta name=\"twitter:label1\" content=\"\u00c9crit par\" \/>\n\t<meta name=\"twitter:data1\" content=\"Jean Pierre BAWELA\" \/>\n\t<meta name=\"twitter:label2\" content=\"Dur\u00e9e de lecture estim\u00e9e\" \/>\n\t<meta name=\"twitter:data2\" content=\"3 minutes\" \/>\n<script type=\"application\/ld+json\" class=\"yoast-schema-graph\">{\"@context\":\"https:\\\/\\\/schema.org\",\"@graph\":[{\"@type\":\"Article\",\"@id\":\"https:\\\/\\\/macite.tg\\\/?p=28628#article\",\"isPartOf\":{\"@id\":\"https:\\\/\\\/macite.tg\\\/?p=28628\"},\"author\":{\"name\":\"Jean Pierre BAWELA\",\"@id\":\"https:\\\/\\\/macite.tg\\\/#\\\/schema\\\/person\\\/e9f2de7e5dbbe7770a9402c7ce82f5c2\"},\"headline\":\"BINAH \\\/ DEVELOPPEMENT AGRICOLE\u00a0: Une ZAAP en perspective \u00e0 K\u00e9m\u00e9rida, les propri\u00e9taires terriens sensibilis\u00e9s\",\"datePublished\":\"2026-02-26T11:43:40+00:00\",\"dateModified\":\"2026-02-26T11:43:46+00:00\",\"mainEntityOfPage\":{\"@id\":\"https:\\\/\\\/macite.tg\\\/?p=28628\"},\"wordCount\":363,\"commentCount\":0,\"image\":{\"@id\":\"https:\\\/\\\/macite.tg\\\/?p=28628#primaryimage\"},\"thumbnailUrl\":\"https:\\\/\\\/macite.tg\\\/wp-content\\\/uploads\\\/2026\\\/02\\\/cipev_Binah.jpg\",\"articleSection\":[\"ACTUALITE\",\"AGRICULTURE\"],\"inLanguage\":\"fr-FR\",\"potentialAction\":[{\"@type\":\"CommentAction\",\"name\":\"Comment\",\"target\":[\"https:\\\/\\\/macite.tg\\\/?p=28628#respond\"]}]},{\"@type\":\"WebPage\",\"@id\":\"https:\\\/\\\/macite.tg\\\/?p=28628\",\"url\":\"https:\\\/\\\/macite.tg\\\/?p=28628\",\"name\":\"BINAH \\\/ DEVELOPPEMENT AGRICOLE\u00a0: Une ZAAP en perspective \u00e0 K\u00e9m\u00e9rida, les propri\u00e9taires terriens sensibilis\u00e9s -\",\"isPartOf\":{\"@id\":\"https:\\\/\\\/macite.tg\\\/#website\"},\"primaryImageOfPage\":{\"@id\":\"https:\\\/\\\/macite.tg\\\/?p=28628#primaryimage\"},\"image\":{\"@id\":\"https:\\\/\\\/macite.tg\\\/?p=28628#primaryimage\"},\"thumbnailUrl\":\"https:\\\/\\\/macite.tg\\\/wp-content\\\/uploads\\\/2026\\\/02\\\/cipev_Binah.jpg\",\"datePublished\":\"2026-02-26T11:43:40+00:00\",\"dateModified\":\"2026-02-26T11:43:46+00:00\",\"author\":{\"@id\":\"https:\\\/\\\/macite.tg\\\/#\\\/schema\\\/person\\\/e9f2de7e5dbbe7770a9402c7ce82f5c2\"},\"breadcrumb\":{\"@id\":\"https:\\\/\\\/macite.tg\\\/?p=28628#breadcrumb\"},\"inLanguage\":\"fr-FR\",\"potentialAction\":[{\"@type\":\"ReadAction\",\"target\":[\"https:\\\/\\\/macite.tg\\\/?p=28628\"]}]},{\"@type\":\"ImageObject\",\"inLanguage\":\"fr-FR\",\"@id\":\"https:\\\/\\\/macite.tg\\\/?p=28628#primaryimage\",\"url\":\"https:\\\/\\\/macite.tg\\\/wp-content\\\/uploads\\\/2026\\\/02\\\/cipev_Binah.jpg\",\"contentUrl\":\"https:\\\/\\\/macite.tg\\\/wp-content\\\/uploads\\\/2026\\\/02\\\/cipev_Binah.jpg\",\"width\":500,\"height\":225},{\"@type\":\"BreadcrumbList\",\"@id\":\"https:\\\/\\\/macite.tg\\\/?p=28628#breadcrumb\",\"itemListElement\":[{\"@type\":\"ListItem\",\"position\":1,\"name\":\"Accueil\",\"item\":\"https:\\\/\\\/macite.tg\\\/\"},{\"@type\":\"ListItem\",\"position\":2,\"name\":\"BINAH \\\/ DEVELOPPEMENT AGRICOLE\u00a0: Une ZAAP en perspective \u00e0 K\u00e9m\u00e9rida, les propri\u00e9taires terriens sensibilis\u00e9s\"}]},{\"@type\":\"WebSite\",\"@id\":\"https:\\\/\\\/macite.tg\\\/#website\",\"url\":\"https:\\\/\\\/macite.tg\\\/\",\"name\":\"\",\"description\":\"L&#039;information, la bonne!!!\",\"potentialAction\":[{\"@type\":\"SearchAction\",\"target\":{\"@type\":\"EntryPoint\",\"urlTemplate\":\"https:\\\/\\\/macite.tg\\\/?s={search_term_string}\"},\"query-input\":{\"@type\":\"PropertyValueSpecification\",\"valueRequired\":true,\"valueName\":\"search_term_string\"}}],\"inLanguage\":\"fr-FR\"},{\"@type\":\"Person\",\"@id\":\"https:\\\/\\\/macite.tg\\\/#\\\/schema\\\/person\\\/e9f2de7e5dbbe7770a9402c7ce82f5c2\",\"name\":\"Jean Pierre BAWELA\",\"image\":{\"@type\":\"ImageObject\",\"inLanguage\":\"fr-FR\",\"@id\":\"https:\\\/\\\/macite.tg\\\/wp-content\\\/uploads\\\/2023\\\/09\\\/WhatsApp-Image-2023-09-19-at-14.44.41-122x122.jpeg\",\"url\":\"https:\\\/\\\/macite.tg\\\/wp-content\\\/uploads\\\/2023\\\/09\\\/WhatsApp-Image-2023-09-19-at-14.44.41-122x122.jpeg\",\"contentUrl\":\"https:\\\/\\\/macite.tg\\\/wp-content\\\/uploads\\\/2023\\\/09\\\/WhatsApp-Image-2023-09-19-at-14.44.41-122x122.jpeg\",\"caption\":\"Jean Pierre BAWELA\"},\"url\":\"https:\\\/\\\/macite.tg\\\/?author=2\"}]}<\/script>\n<!-- \/ Yoast SEO plugin. -->","yoast_head_json":{"title":"BINAH \/ DEVELOPPEMENT AGRICOLE\u00a0: Une ZAAP en perspective \u00e0 K\u00e9m\u00e9rida, les propri\u00e9taires terriens sensibilis\u00e9s -","robots":{"index":"index","follow":"follow","max-snippet":"max-snippet:-1","max-image-preview":"max-image-preview:large","max-video-preview":"max-video-preview:-1"},"canonical":"https:\/\/macite.tg\/?p=28628","og_locale":"fr_FR","og_type":"article","og_title":"BINAH \/ DEVELOPPEMENT AGRICOLE\u00a0: Une ZAAP en perspective \u00e0 K\u00e9m\u00e9rida, les propri\u00e9taires terriens sensibilis\u00e9s -","og_description":"Une rencontre strat\u00e9gique a eu lieu, le lundi 23 f\u00e9vrier dernier, dans le canton de K\u00e9m\u00e9rida, dans la pr\u00e9fecture de la Binah. Pr\u00e9sid\u00e9e par Directeur pr\u00e9fectoral de l&rsquo;agriculture, en pr\u00e9sence du chef canton de ladite localit\u00e9, la rencontre a permis d\u2019\u00e9changer avec les propri\u00e9taires terriens [&hellip;]","og_url":"https:\/\/macite.tg\/?p=28628","article_published_time":"2026-02-26T11:43:40+00:00","article_modified_time":"2026-02-26T11:43:46+00:00","og_image":[{"width":500,"height":225,"url":"https:\/\/macite.tg\/wp-content\/uploads\/2026\/02\/cipev_Binah.jpg","type":"image\/jpeg"}],"author":"Jean Pierre BAWELA","twitter_card":"summary_large_image","twitter_misc":{"\u00c9crit par":"Jean Pierre BAWELA","Dur\u00e9e de lecture estim\u00e9e":"3 minutes"},"schema":{"@context":"https:\/\/schema.org","@graph":[{"@type":"Article","@id":"https:\/\/macite.tg\/?p=28628#article","isPartOf":{"@id":"https:\/\/macite.tg\/?p=28628"},"author":{"name":"Jean Pierre BAWELA","@id":"https:\/\/macite.tg\/#\/schema\/person\/e9f2de7e5dbbe7770a9402c7ce82f5c2"},"headline":"BINAH \/ DEVELOPPEMENT AGRICOLE\u00a0: Une ZAAP en perspective \u00e0 K\u00e9m\u00e9rida, les propri\u00e9taires terriens sensibilis\u00e9s","datePublished":"2026-02-26T11:43:40+00:00","dateModified":"2026-02-26T11:43:46+00:00","mainEntityOfPage":{"@id":"https:\/\/macite.tg\/?p=28628"},"wordCount":363,"commentCount":0,"image":{"@id":"https:\/\/macite.tg\/?p=28628#primaryimage"},"thumbnailUrl":"https:\/\/macite.tg\/wp-content\/uploads\/2026\/02\/cipev_Binah.jpg","articleSection":["ACTUALITE","AGRICULTURE"],"inLanguage":"fr-FR","potentialAction":[{"@type":"CommentAction","name":"Comment","target":["https:\/\/macite.tg\/?p=28628#respond"]}]},{"@type":"WebPage","@id":"https:\/\/macite.tg\/?p=28628","url":"https:\/\/macite.tg\/?p=28628","name":"BINAH \/ DEVELOPPEMENT AGRICOLE\u00a0: Une ZAAP en perspective \u00e0 K\u00e9m\u00e9rida, les propri\u00e9taires terriens sensibilis\u00e9s -","isPartOf":{"@id":"https:\/\/macite.tg\/#website"},"primaryImageOfPage":{"@id":"https:\/\/macite.tg\/?p=28628#primaryimage"},"image":{"@id":"https:\/\/macite.tg\/?p=28628#primaryimage"},"thumbnailUrl":"https:\/\/macite.tg\/wp-content\/uploads\/2026\/02\/cipev_Binah.jpg","datePublished":"2026-02-26T11:43:40+00:00","dateModified":"2026-02-26T11:43:46+00:00","author":{"@id":"https:\/\/macite.tg\/#\/schema\/person\/e9f2de7e5dbbe7770a9402c7ce82f5c2"},"breadcrumb":{"@id":"https:\/\/macite.tg\/?p=28628#breadcrumb"},"inLanguage":"fr-FR","potentialAction":[{"@type":"ReadAction","target":["https:\/\/macite.tg\/?p=28628"]}]},{"@type":"ImageObject","inLanguage":"fr-FR","@id":"https:\/\/macite.tg\/?p=28628#primaryimage","url":"https:\/\/macite.tg\/wp-content\/uploads\/2026\/02\/cipev_Binah.jpg","contentUrl":"https:\/\/macite.tg\/wp-content\/uploads\/2026\/02\/cipev_Binah.jpg","width":500,"height":225},{"@type":"BreadcrumbList","@id":"https:\/\/macite.tg\/?p=28628#breadcrumb","itemListElement":[{"@type":"ListItem","position":1,"name":"Accueil","item":"https:\/\/macite.tg\/"},{"@type":"ListItem","position":2,"name":"BINAH \/ DEVELOPPEMENT AGRICOLE\u00a0: Une ZAAP en perspective \u00e0 K\u00e9m\u00e9rida, les propri\u00e9taires terriens sensibilis\u00e9s"}]},{"@type":"WebSite","@id":"https:\/\/macite.tg\/#website","url":"https:\/\/macite.tg\/","name":"","description":"L&#039;information, la bonne!!!","potentialAction":[{"@type":"SearchAction","target":{"@type":"EntryPoint","urlTemplate":"https:\/\/macite.tg\/?s={search_term_string}"},"query-input":{"@type":"PropertyValueSpecification","valueRequired":true,"valueName":"search_term_string"}}],"inLanguage":"fr-FR"},{"@type":"Person","@id":"https:\/\/macite.tg\/#\/schema\/person\/e9f2de7e5dbbe7770a9402c7ce82f5c2","name":"Jean Pierre BAWELA","image":{"@type":"ImageObject","inLanguage":"fr-FR","@id":"https:\/\/macite.tg\/wp-content\/uploads\/2023\/09\/WhatsApp-Image-2023-09-19-at-14.44.41-122x122.jpeg","url":"https:\/\/macite.tg\/wp-content\/uploads\/2023\/09\/WhatsApp-Image-2023-09-19-at-14.44.41-122x122.jpeg","contentUrl":"https:\/\/macite.tg\/wp-content\/uploads\/2023\/09\/WhatsApp-Image-2023-09-19-at-14.44.41-122x122.jpeg","caption":"Jean Pierre BAWELA"},"url":"https:\/\/macite.tg\/?author=2"}]}},"_links":{"self":[{"href":"https:\/\/macite.tg\/index.php?rest_route=\/wp\/v2\/posts\/28628","targetHints":{"allow":["GET"]}}],"collection":[{"href":"https:\/\/macite.tg\/index.php?rest_route=\/wp\/v2\/posts"}],"about":[{"href":"https:\/\/macite.tg\/index.php?rest_route=\/wp\/v2\/types\/post"}],"author":[{"embeddable":true,"href":"https:\/\/macite.tg\/index.php?rest_route=\/wp\/v2\/users\/2"}],"replies":[{"embeddable":true,"href":"https:\/\/macite.tg\/index.php?rest_route=%2Fwp%2Fv2%2Fcomments&post=28628"}],"version-history":[{"count":0,"href":"https:\/\/macite.tg\/index.php?rest_route=\/wp\/v2\/posts\/28628\/revisions"}],"wp:featuredmedia":[{"embeddable":true,"href":"https:\/\/macite.tg\/index.php?rest_route=\/wp\/v2\/media\/28630"}],"wp:attachment":[{"href":"https:\/\/macite.tg\/index.php?rest_route=%2Fwp%2Fv2%2Fmedia&parent=28628"}],"wp:term":[{"taxonomy":"category","embeddable":true,"href":"https:\/\/macite.tg\/index.php?rest_route=%2Fwp%2Fv2%2Fcategories&post=28628"},{"taxonomy":"post_tag","embeddable":true,"href":"https:\/\/macite.tg\/index.php?rest_route=%2Fwp%2Fv2%2Ftags&post=28628"}],"curies":[{"name":"wp","href":"https:\/\/api.w.org\/{rel}","templated":true}]}}