{"id":28626,"date":"2026-02-26T12:29:24","date_gmt":"2026-02-26T12:29:24","guid":{"rendered":"https:\/\/macite.tg\/?p=28626"},"modified":"2026-02-26T12:29:31","modified_gmt":"2026-02-26T12:29:31","slug":"haho-les-elus-locaux-a-lecole-de-la-bonne-gouvernance-et-la-maitrise-des-procedures-budgetaires","status":"publish","type":"post","link":"https:\/\/macite.tg\/?p=28626","title":{"rendered":"HAHO\u00a0: Les \u00e9lus locaux \u00e0 l\u2019\u00e9cole de la bonne gouvernance et la ma\u00eetrise des proc\u00e9dures budg\u00e9taires"},"content":{"rendered":"\n<p class=\"wp-block-paragraph\"><strong><em>Les conseillers municipaux des quatre communes de la pr\u00e9fecture de Haho, ont pris part, lundi 23 f\u00e9vrier 2026 \u00e0 Nots\u00e8, \u00e0 un s\u00e9minaire de renforcement de comp\u00e9tences consacr\u00e9 \u00e0 la d\u00e9centralisation, \u00e0 la bonne gouvernance et \u00e0 la ma\u00eetrise des proc\u00e9dures budg\u00e9taires. L\u2019initiative, port\u00e9e par le Pr\u00e9sident de l\u2019Assembl\u00e9e nationale, Prof. Komi Selom Klassou, marque une nouvelle \u00e9tape dans l\u2019accompagnement des \u00e9lus locaux pour la r\u00e9ussite de leurs missions.<\/em><\/strong><\/p>\n\n\n\n<p class=\"wp-block-paragraph\">L\u2019ouverture des travaux a \u00e9t\u00e9 pr\u00e9sid\u00e9e par le Pr\u00e9sident de la premi\u00e8re Chambre du Parlement et plac\u00e9e sous le signe de la responsabilit\u00e9 et de la performance publique. Devant une soixantaine d\u2019\u00e9lus locaux issus de toutes les sensibilit\u00e9s politiques du Haho, Professeur Komi Selom Klassou a insist\u00e9 sur la n\u00e9cessit\u00e9 de consolider les acquis de la d\u00e9centralisation pour r\u00e9pondre aux attentes croissantes des populations.<\/p>\n\n\n<div class=\"wp-block-image\">\n<figure class=\"aligncenter size-full is-resized\"><img loading=\"lazy\" decoding=\"async\" width=\"1004\" height=\"599\" src=\"https:\/\/macite.tg\/wp-content\/uploads\/2026\/02\/image-115.png\" alt=\"\" class=\"wp-image-28632\" style=\"width:669px;height:auto\" srcset=\"https:\/\/macite.tg\/wp-content\/uploads\/2026\/02\/image-115.png 1004w, https:\/\/macite.tg\/wp-content\/uploads\/2026\/02\/image-115-300x179.png 300w, https:\/\/macite.tg\/wp-content\/uploads\/2026\/02\/image-115-768x458.png 768w\" sizes=\"auto, (max-width: 1004px) 100vw, 1004px\" \/><figcaption class=\"wp-element-caption\"><strong><em>Photo de famille<\/em><\/strong><\/figcaption><\/figure>\n<\/div>\n\n\n<p class=\"wp-block-paragraph\">Dans son allocution, le Pr\u00e9sident de l\u2019Assembl\u00e9e nationale a rappel\u00e9 aux \u00e9lus locaux la vision expos\u00e9e par le Pr\u00e9sident du Conseil, Faure Essozimna Gnassingb\u00e9, lors de son adresse sur l\u2019\u00e9tat de la Nation devant le Congr\u00e8s le 2 d\u00e9cembre 2025. Vision structur\u00e9e en trois axes majeurs : prot\u00e9ger, rassembler, transformer.<\/p>\n\n\n\n<p class=\"wp-block-paragraph\"><em>\u00ab Ces concepts ne sont pas des slogans. Ils doivent guider au quotidien vos actions au service de votre communaut\u00e9 \u00bb,<\/em> a-t-il affirm\u00e9, appelant les \u00e9lus \u00e0 incarner cette dynamique dans leurs territoires respectifs.<\/p>\n\n\n\n<p class=\"wp-block-paragraph\">Les 117 communes du pays sont appel\u00e9es \u00e0 s\u2019inscrire dans une logique de gouvernance exemplaire, fond\u00e9e sur la transparence, la discipline budg\u00e9taire et le respect strict des textes. L\u2019objectif du s\u00e9minaire : pr\u00e9venir les erreurs de gestion et renforcer la compr\u00e9hension des responsabilit\u00e9s juridiques et financi\u00e8res.<\/p>\n\n\n\n<figure class=\"wp-block-image size-full\"><img loading=\"lazy\" decoding=\"async\" width=\"851\" height=\"315\" src=\"https:\/\/macite.tg\/wp-content\/uploads\/2026\/02\/OTR_Ferer-pour-batir-1.jpg\" alt=\"\" class=\"wp-image-28230\" srcset=\"https:\/\/macite.tg\/wp-content\/uploads\/2026\/02\/OTR_Ferer-pour-batir-1.jpg 851w, https:\/\/macite.tg\/wp-content\/uploads\/2026\/02\/OTR_Ferer-pour-batir-1-300x111.jpg 300w, https:\/\/macite.tg\/wp-content\/uploads\/2026\/02\/OTR_Ferer-pour-batir-1-768x284.jpg 768w\" sizes=\"auto, (max-width: 851px) 100vw, 851px\" \/><\/figure>\n\n\n\n<p class=\"wp-block-paragraph\">Pour atteindre ces objectifs, plusieurs personnalit\u00e9s ont \u00e9t\u00e9 mobilis\u00e9es, notamment le d\u00e9put\u00e9 Mawussi Djossou Semodji, Pr\u00e9sident de la Commission des finances et du d\u00e9veloppement de l\u2019Assembl\u00e9e nationale, le s\u00e9nateur Pania, sp\u00e9cialiste du contr\u00f4le financier, ainsi que le directeur de la d\u00e9centralisation et des collectivit\u00e9s locales, Pali Essossinam pour partager leur expertise.<\/p>\n\n\n\n<p class=\"wp-block-paragraph\">Au c\u0153ur des \u00e9changes : la gestion budg\u00e9taire. L&rsquo;\u00e9laboration, l&rsquo;ex\u00e9cution et le contr\u00f4le, le respect des obligations l\u00e9gales et r\u00e9glementaires, la passation des march\u00e9s publics autant de maillons essentiels \u00e0 la cr\u00e9dibilit\u00e9 des collectivit\u00e9s territoriales.<\/p>\n\n\n\n<p class=\"wp-block-paragraph\">Pour le Pr\u00e9sident de la Commission des finances, la comp\u00e9tence technique des \u00e9lus conditionne directement l\u2019efficacit\u00e9 du d\u00e9veloppement communal.<\/p>\n\n\n\n<p class=\"wp-block-paragraph\">Selon le directeur de la d\u00e9centralisation et des collectivit\u00e9s locales, ce s\u00e9minaire ne remplace pas les formations dispens\u00e9es par l\u2019Agence nationale de formation des collectivit\u00e9s territoriales, mais vient plut\u00f4t consolider les connaissances de base et rappeler les r\u00e8gles fondamentales.<\/p>\n\n\n\n<p class=\"wp-block-paragraph\">Au-del\u00e0 des aspects techniques, le s\u00e9minaire s\u2019inscrit dans une ambition plus large : la transformation du territoire. Une priorit\u00e9 nationale r\u00e9affirm\u00e9e par le Pr\u00e9sident du Conseil lors de son discours du 2 d\u00e9cembre.<\/p>\n\n\n<div class=\"wp-block-image\">\n<figure class=\"aligncenter size-full\"><img loading=\"lazy\" decoding=\"async\" width=\"509\" height=\"720\" src=\"https:\/\/macite.tg\/wp-content\/uploads\/2026\/02\/image-51.png\" alt=\"\" class=\"wp-image-28242\" srcset=\"https:\/\/macite.tg\/wp-content\/uploads\/2026\/02\/image-51.png 509w, https:\/\/macite.tg\/wp-content\/uploads\/2026\/02\/image-51-212x300.png 212w\" sizes=\"auto, (max-width: 509px) 100vw, 509px\" \/><\/figure>\n<\/div>\n\n\n<p class=\"wp-block-paragraph\">Dans un contexte institutionnel en pleine mutation, l\u2019appel \u00e0 d\u00e9passer les clivages partisans pour privil\u00e9gier l\u2019int\u00e9r\u00eat g\u00e9n\u00e9ral a constitu\u00e9 l\u2019un des messages forts de la rencontre. Les travaux, poursuivis tout au long de la journ\u00e9e, ont donn\u00e9 lieu \u00e0 des \u00e9changes techniques approfondis. \u00c0 travers cette initiative, le Pr\u00e9sident de l\u2019Assembl\u00e9e nationale entend renforcer la culture de la responsabilit\u00e9 au sein des collectivit\u00e9s territoriales.<\/p>\n\n\n\n<p class=\"wp-block-paragraph\"><strong>AN<\/strong><\/p>\n\n\n\n<p class=\"wp-block-paragraph\"><a><strong><em>@macite.tg&nbsp;&nbsp;&nbsp;&nbsp;&nbsp;&nbsp;&nbsp;&nbsp;<\/em><\/strong><\/a><\/p>\n\n\n\n<p class=\"wp-block-paragraph\"><strong><em>E-mail&nbsp;: <\/em><\/strong><a href=\"mailto:maciteinfo@gmail.com\"><strong><em>maciteinfo@gmail.com<\/em><\/strong><\/a><strong><em>; <\/em><\/strong><a href=\"mailto:bawela1@gmail.com\"><strong><em>bawela1@gmail.com<\/em><\/strong><\/a><strong><em><\/em><\/strong><\/p>\n\n\n\n<p class=\"wp-block-paragraph\"><strong><em>Pour vos annonces, (publi)reportages, etc., joignez-nous au (00228)91515309\/<strong>79872224 <\/strong><strong><\/strong><\/em><\/strong><\/p>\n\n\n\n<p class=\"wp-block-paragraph\"><strong><em>www.macite.tg, L\u2019information, la bonne&nbsp;!<\/em><\/strong><\/p>\n","protected":false},"excerpt":{"rendered":"<p class=\"text-justify mb-2\" >Les conseillers municipaux des quatre communes de la pr\u00e9fecture de Haho, ont pris part, lundi 23 f\u00e9vrier 2026 \u00e0 Nots\u00e8, \u00e0 un s\u00e9minaire de renforcement de comp\u00e9tences consacr\u00e9 \u00e0 la d\u00e9centralisation, \u00e0 la bonne gouvernance et \u00e0 la ma\u00eetrise des proc\u00e9dures budg\u00e9taires. L\u2019initiative, port\u00e9e par [&hellip;]<\/p>\n","protected":false},"author":2,"featured_media":28633,"comment_status":"open","ping_status":"open","sticky":false,"template":"","format":"standard","meta":{"footnotes":""},"categories":[20,1],"tags":[],"class_list":["post-28626","post","type-post","status-publish","format-standard","has-post-thumbnail","hentry","category-actualite","category-politique"],"yoast_head":"<!-- This site is optimized with the Yoast SEO plugin v28.4 - https:\/\/yoast.com\/product\/yoast-seo-wordpress\/ -->\n<title>HAHO\u00a0: Les \u00e9lus locaux \u00e0 l\u2019\u00e9cole de la bonne gouvernance et la ma\u00eetrise des proc\u00e9dures budg\u00e9taires -<\/title>\n<meta name=\"robots\" content=\"index, follow, max-snippet:-1, max-image-preview:large, max-video-preview:-1\" \/>\n<link rel=\"canonical\" href=\"https:\/\/macite.tg\/?p=28626\" \/>\n<meta property=\"og:locale\" content=\"fr_FR\" \/>\n<meta property=\"og:type\" content=\"article\" \/>\n<meta property=\"og:title\" content=\"HAHO\u00a0: Les \u00e9lus locaux \u00e0 l\u2019\u00e9cole de la bonne gouvernance et la ma\u00eetrise des proc\u00e9dures budg\u00e9taires -\" \/>\n<meta property=\"og:description\" content=\"Les conseillers municipaux des quatre communes de la pr\u00e9fecture de Haho, ont pris part, lundi 23 f\u00e9vrier 2026 \u00e0 Nots\u00e8, \u00e0 un s\u00e9minaire de renforcement de comp\u00e9tences consacr\u00e9 \u00e0 la d\u00e9centralisation, \u00e0 la bonne gouvernance et \u00e0 la ma\u00eetrise des proc\u00e9dures budg\u00e9taires. L\u2019initiative, port\u00e9e par [&hellip;]\" \/>\n<meta property=\"og:url\" content=\"https:\/\/macite.tg\/?p=28626\" \/>\n<meta property=\"article:published_time\" content=\"2026-02-26T12:29:24+00:00\" \/>\n<meta property=\"article:modified_time\" content=\"2026-02-26T12:29:31+00:00\" \/>\n<meta property=\"og:image\" content=\"https:\/\/macite.tg\/wp-content\/uploads\/2026\/02\/HAHO-1.jpg\" \/>\n\t<meta property=\"og:image:width\" content=\"500\" \/>\n\t<meta property=\"og:image:height\" content=\"333\" \/>\n\t<meta property=\"og:image:type\" content=\"image\/jpeg\" \/>\n<meta name=\"author\" content=\"Jean Pierre BAWELA\" \/>\n<meta name=\"twitter:card\" content=\"summary_large_image\" \/>\n<meta name=\"twitter:label1\" content=\"\u00c9crit par\" \/>\n\t<meta name=\"twitter:data1\" content=\"Jean Pierre BAWELA\" \/>\n\t<meta name=\"twitter:label2\" content=\"Dur\u00e9e de lecture estim\u00e9e\" \/>\n\t<meta name=\"twitter:data2\" content=\"4 minutes\" \/>\n<script type=\"application\/ld+json\" class=\"yoast-schema-graph\">{\"@context\":\"https:\\\/\\\/schema.org\",\"@graph\":[{\"@type\":\"Article\",\"@id\":\"https:\\\/\\\/macite.tg\\\/?p=28626#article\",\"isPartOf\":{\"@id\":\"https:\\\/\\\/macite.tg\\\/?p=28626\"},\"author\":{\"name\":\"Jean Pierre BAWELA\",\"@id\":\"https:\\\/\\\/macite.tg\\\/#\\\/schema\\\/person\\\/e9f2de7e5dbbe7770a9402c7ce82f5c2\"},\"headline\":\"HAHO\u00a0: Les \u00e9lus locaux \u00e0 l\u2019\u00e9cole de la bonne gouvernance et la ma\u00eetrise des proc\u00e9dures budg\u00e9taires\",\"datePublished\":\"2026-02-26T12:29:24+00:00\",\"dateModified\":\"2026-02-26T12:29:31+00:00\",\"mainEntityOfPage\":{\"@id\":\"https:\\\/\\\/macite.tg\\\/?p=28626\"},\"wordCount\":639,\"commentCount\":0,\"image\":{\"@id\":\"https:\\\/\\\/macite.tg\\\/?p=28626#primaryimage\"},\"thumbnailUrl\":\"https:\\\/\\\/macite.tg\\\/wp-content\\\/uploads\\\/2026\\\/02\\\/HAHO-1.jpg\",\"articleSection\":[\"ACTUALITE\",\"POLITIQUE\"],\"inLanguage\":\"fr-FR\",\"potentialAction\":[{\"@type\":\"CommentAction\",\"name\":\"Comment\",\"target\":[\"https:\\\/\\\/macite.tg\\\/?p=28626#respond\"]}]},{\"@type\":\"WebPage\",\"@id\":\"https:\\\/\\\/macite.tg\\\/?p=28626\",\"url\":\"https:\\\/\\\/macite.tg\\\/?p=28626\",\"name\":\"HAHO\u00a0: Les \u00e9lus locaux \u00e0 l\u2019\u00e9cole de la bonne gouvernance et la ma\u00eetrise des proc\u00e9dures budg\u00e9taires -\",\"isPartOf\":{\"@id\":\"https:\\\/\\\/macite.tg\\\/#website\"},\"primaryImageOfPage\":{\"@id\":\"https:\\\/\\\/macite.tg\\\/?p=28626#primaryimage\"},\"image\":{\"@id\":\"https:\\\/\\\/macite.tg\\\/?p=28626#primaryimage\"},\"thumbnailUrl\":\"https:\\\/\\\/macite.tg\\\/wp-content\\\/uploads\\\/2026\\\/02\\\/HAHO-1.jpg\",\"datePublished\":\"2026-02-26T12:29:24+00:00\",\"dateModified\":\"2026-02-26T12:29:31+00:00\",\"author\":{\"@id\":\"https:\\\/\\\/macite.tg\\\/#\\\/schema\\\/person\\\/e9f2de7e5dbbe7770a9402c7ce82f5c2\"},\"breadcrumb\":{\"@id\":\"https:\\\/\\\/macite.tg\\\/?p=28626#breadcrumb\"},\"inLanguage\":\"fr-FR\",\"potentialAction\":[{\"@type\":\"ReadAction\",\"target\":[\"https:\\\/\\\/macite.tg\\\/?p=28626\"]}]},{\"@type\":\"ImageObject\",\"inLanguage\":\"fr-FR\",\"@id\":\"https:\\\/\\\/macite.tg\\\/?p=28626#primaryimage\",\"url\":\"https:\\\/\\\/macite.tg\\\/wp-content\\\/uploads\\\/2026\\\/02\\\/HAHO-1.jpg\",\"contentUrl\":\"https:\\\/\\\/macite.tg\\\/wp-content\\\/uploads\\\/2026\\\/02\\\/HAHO-1.jpg\",\"width\":500,\"height\":333},{\"@type\":\"BreadcrumbList\",\"@id\":\"https:\\\/\\\/macite.tg\\\/?p=28626#breadcrumb\",\"itemListElement\":[{\"@type\":\"ListItem\",\"position\":1,\"name\":\"Accueil\",\"item\":\"https:\\\/\\\/macite.tg\\\/\"},{\"@type\":\"ListItem\",\"position\":2,\"name\":\"HAHO\u00a0: Les \u00e9lus locaux \u00e0 l\u2019\u00e9cole de la bonne gouvernance et la ma\u00eetrise des proc\u00e9dures budg\u00e9taires\"}]},{\"@type\":\"WebSite\",\"@id\":\"https:\\\/\\\/macite.tg\\\/#website\",\"url\":\"https:\\\/\\\/macite.tg\\\/\",\"name\":\"\",\"description\":\"L&#039;information, la bonne!!!\",\"potentialAction\":[{\"@type\":\"SearchAction\",\"target\":{\"@type\":\"EntryPoint\",\"urlTemplate\":\"https:\\\/\\\/macite.tg\\\/?s={search_term_string}\"},\"query-input\":{\"@type\":\"PropertyValueSpecification\",\"valueRequired\":true,\"valueName\":\"search_term_string\"}}],\"inLanguage\":\"fr-FR\"},{\"@type\":\"Person\",\"@id\":\"https:\\\/\\\/macite.tg\\\/#\\\/schema\\\/person\\\/e9f2de7e5dbbe7770a9402c7ce82f5c2\",\"name\":\"Jean Pierre BAWELA\",\"image\":{\"@type\":\"ImageObject\",\"inLanguage\":\"fr-FR\",\"@id\":\"https:\\\/\\\/macite.tg\\\/wp-content\\\/uploads\\\/2023\\\/09\\\/WhatsApp-Image-2023-09-19-at-14.44.41-122x122.jpeg\",\"url\":\"https:\\\/\\\/macite.tg\\\/wp-content\\\/uploads\\\/2023\\\/09\\\/WhatsApp-Image-2023-09-19-at-14.44.41-122x122.jpeg\",\"contentUrl\":\"https:\\\/\\\/macite.tg\\\/wp-content\\\/uploads\\\/2023\\\/09\\\/WhatsApp-Image-2023-09-19-at-14.44.41-122x122.jpeg\",\"caption\":\"Jean Pierre BAWELA\"},\"url\":\"https:\\\/\\\/macite.tg\\\/?author=2\"}]}<\/script>\n<!-- \/ Yoast SEO plugin. -->","yoast_head_json":{"title":"HAHO\u00a0: Les \u00e9lus locaux \u00e0 l\u2019\u00e9cole de la bonne gouvernance et la ma\u00eetrise des proc\u00e9dures budg\u00e9taires -","robots":{"index":"index","follow":"follow","max-snippet":"max-snippet:-1","max-image-preview":"max-image-preview:large","max-video-preview":"max-video-preview:-1"},"canonical":"https:\/\/macite.tg\/?p=28626","og_locale":"fr_FR","og_type":"article","og_title":"HAHO\u00a0: Les \u00e9lus locaux \u00e0 l\u2019\u00e9cole de la bonne gouvernance et la ma\u00eetrise des proc\u00e9dures budg\u00e9taires -","og_description":"Les conseillers municipaux des quatre communes de la pr\u00e9fecture de Haho, ont pris part, lundi 23 f\u00e9vrier 2026 \u00e0 Nots\u00e8, \u00e0 un s\u00e9minaire de renforcement de comp\u00e9tences consacr\u00e9 \u00e0 la d\u00e9centralisation, \u00e0 la bonne gouvernance et \u00e0 la ma\u00eetrise des proc\u00e9dures budg\u00e9taires. L\u2019initiative, port\u00e9e par [&hellip;]","og_url":"https:\/\/macite.tg\/?p=28626","article_published_time":"2026-02-26T12:29:24+00:00","article_modified_time":"2026-02-26T12:29:31+00:00","og_image":[{"width":500,"height":333,"url":"https:\/\/macite.tg\/wp-content\/uploads\/2026\/02\/HAHO-1.jpg","type":"image\/jpeg"}],"author":"Jean Pierre BAWELA","twitter_card":"summary_large_image","twitter_misc":{"\u00c9crit par":"Jean Pierre BAWELA","Dur\u00e9e de lecture estim\u00e9e":"4 minutes"},"schema":{"@context":"https:\/\/schema.org","@graph":[{"@type":"Article","@id":"https:\/\/macite.tg\/?p=28626#article","isPartOf":{"@id":"https:\/\/macite.tg\/?p=28626"},"author":{"name":"Jean Pierre BAWELA","@id":"https:\/\/macite.tg\/#\/schema\/person\/e9f2de7e5dbbe7770a9402c7ce82f5c2"},"headline":"HAHO\u00a0: Les \u00e9lus locaux \u00e0 l\u2019\u00e9cole de la bonne gouvernance et la ma\u00eetrise des proc\u00e9dures budg\u00e9taires","datePublished":"2026-02-26T12:29:24+00:00","dateModified":"2026-02-26T12:29:31+00:00","mainEntityOfPage":{"@id":"https:\/\/macite.tg\/?p=28626"},"wordCount":639,"commentCount":0,"image":{"@id":"https:\/\/macite.tg\/?p=28626#primaryimage"},"thumbnailUrl":"https:\/\/macite.tg\/wp-content\/uploads\/2026\/02\/HAHO-1.jpg","articleSection":["ACTUALITE","POLITIQUE"],"inLanguage":"fr-FR","potentialAction":[{"@type":"CommentAction","name":"Comment","target":["https:\/\/macite.tg\/?p=28626#respond"]}]},{"@type":"WebPage","@id":"https:\/\/macite.tg\/?p=28626","url":"https:\/\/macite.tg\/?p=28626","name":"HAHO\u00a0: Les \u00e9lus locaux \u00e0 l\u2019\u00e9cole de la bonne gouvernance et la ma\u00eetrise des proc\u00e9dures budg\u00e9taires -","isPartOf":{"@id":"https:\/\/macite.tg\/#website"},"primaryImageOfPage":{"@id":"https:\/\/macite.tg\/?p=28626#primaryimage"},"image":{"@id":"https:\/\/macite.tg\/?p=28626#primaryimage"},"thumbnailUrl":"https:\/\/macite.tg\/wp-content\/uploads\/2026\/02\/HAHO-1.jpg","datePublished":"2026-02-26T12:29:24+00:00","dateModified":"2026-02-26T12:29:31+00:00","author":{"@id":"https:\/\/macite.tg\/#\/schema\/person\/e9f2de7e5dbbe7770a9402c7ce82f5c2"},"breadcrumb":{"@id":"https:\/\/macite.tg\/?p=28626#breadcrumb"},"inLanguage":"fr-FR","potentialAction":[{"@type":"ReadAction","target":["https:\/\/macite.tg\/?p=28626"]}]},{"@type":"ImageObject","inLanguage":"fr-FR","@id":"https:\/\/macite.tg\/?p=28626#primaryimage","url":"https:\/\/macite.tg\/wp-content\/uploads\/2026\/02\/HAHO-1.jpg","contentUrl":"https:\/\/macite.tg\/wp-content\/uploads\/2026\/02\/HAHO-1.jpg","width":500,"height":333},{"@type":"BreadcrumbList","@id":"https:\/\/macite.tg\/?p=28626#breadcrumb","itemListElement":[{"@type":"ListItem","position":1,"name":"Accueil","item":"https:\/\/macite.tg\/"},{"@type":"ListItem","position":2,"name":"HAHO\u00a0: Les \u00e9lus locaux \u00e0 l\u2019\u00e9cole de la bonne gouvernance et la ma\u00eetrise des proc\u00e9dures budg\u00e9taires"}]},{"@type":"WebSite","@id":"https:\/\/macite.tg\/#website","url":"https:\/\/macite.tg\/","name":"","description":"L&#039;information, la bonne!!!","potentialAction":[{"@type":"SearchAction","target":{"@type":"EntryPoint","urlTemplate":"https:\/\/macite.tg\/?s={search_term_string}"},"query-input":{"@type":"PropertyValueSpecification","valueRequired":true,"valueName":"search_term_string"}}],"inLanguage":"fr-FR"},{"@type":"Person","@id":"https:\/\/macite.tg\/#\/schema\/person\/e9f2de7e5dbbe7770a9402c7ce82f5c2","name":"Jean Pierre BAWELA","image":{"@type":"ImageObject","inLanguage":"fr-FR","@id":"https:\/\/macite.tg\/wp-content\/uploads\/2023\/09\/WhatsApp-Image-2023-09-19-at-14.44.41-122x122.jpeg","url":"https:\/\/macite.tg\/wp-content\/uploads\/2023\/09\/WhatsApp-Image-2023-09-19-at-14.44.41-122x122.jpeg","contentUrl":"https:\/\/macite.tg\/wp-content\/uploads\/2023\/09\/WhatsApp-Image-2023-09-19-at-14.44.41-122x122.jpeg","caption":"Jean Pierre BAWELA"},"url":"https:\/\/macite.tg\/?author=2"}]}},"_links":{"self":[{"href":"https:\/\/macite.tg\/index.php?rest_route=\/wp\/v2\/posts\/28626","targetHints":{"allow":["GET"]}}],"collection":[{"href":"https:\/\/macite.tg\/index.php?rest_route=\/wp\/v2\/posts"}],"about":[{"href":"https:\/\/macite.tg\/index.php?rest_route=\/wp\/v2\/types\/post"}],"author":[{"embeddable":true,"href":"https:\/\/macite.tg\/index.php?rest_route=\/wp\/v2\/users\/2"}],"replies":[{"embeddable":true,"href":"https:\/\/macite.tg\/index.php?rest_route=%2Fwp%2Fv2%2Fcomments&post=28626"}],"version-history":[{"count":0,"href":"https:\/\/macite.tg\/index.php?rest_route=\/wp\/v2\/posts\/28626\/revisions"}],"wp:featuredmedia":[{"embeddable":true,"href":"https:\/\/macite.tg\/index.php?rest_route=\/wp\/v2\/media\/28633"}],"wp:attachment":[{"href":"https:\/\/macite.tg\/index.php?rest_route=%2Fwp%2Fv2%2Fmedia&parent=28626"}],"wp:term":[{"taxonomy":"category","embeddable":true,"href":"https:\/\/macite.tg\/index.php?rest_route=%2Fwp%2Fv2%2Fcategories&post=28626"},{"taxonomy":"post_tag","embeddable":true,"href":"https:\/\/macite.tg\/index.php?rest_route=%2Fwp%2Fv2%2Ftags&post=28626"}],"curies":[{"name":"wp","href":"https:\/\/api.w.org\/{rel}","templated":true}]}}