{"id":28616,"date":"2026-02-26T10:46:16","date_gmt":"2026-02-26T10:46:16","guid":{"rendered":"https:\/\/macite.tg\/?p=28616"},"modified":"2026-02-26T11:11:07","modified_gmt":"2026-02-26T11:11:07","slug":"tshisekedi-recu-a-lelysee-paris-a-choisi-son-camp-letau-se-resserrer-sur-kigali","status":"publish","type":"post","link":"https:\/\/macite.tg\/?p=28616","title":{"rendered":"TSHISEKEDI RE\u00c7U A L\u2019\u00c9LYSEE\u00a0: Paris a choisi son camp\u2026 l\u2019\u00e9tau va-t-il se resserrer sur Kigali?"},"content":{"rendered":"\n<p class=\"wp-block-paragraph\"><strong><em>Sous les lustres de l&rsquo;\u00c9lys\u00e9e, l&rsquo;ambiance \u00e9tait \u00e0 la gravit\u00e9. Ce mercredi, autour d&rsquo;un d\u00e9jeuner de travail, deux pr\u00e9sidents, F\u00e9lix Tshisekedi et Emmanuel Macron, n&rsquo;ont pas fait de la figuration. Ils ont parl\u00e9 vrai. Ils ont parl\u00e9 dur. Et au sortir de la table, une chose est claire : la France a choisi son camp dans le bras de fer qui d\u00e9chire l&rsquo;Est de la RDC.<\/em><\/strong><em><\/em><\/p>\n\n\n\n<p class=\"wp-block-paragraph\">Le d\u00e9cor \u00e9tait plant\u00e9 d&rsquo;avance. D&rsquo;un c\u00f4t\u00e9, le pr\u00e9sident congolais, venu avec le poids d&rsquo;un pays meurtri, les poches pleines de rapports sur les exactions, les viols, les villages calcin\u00e9s sous <em>\u00ab&nbsp;l&rsquo;occupation militaire rwandaise&nbsp;\u00bb.<\/em> De l&rsquo;autre, le chef de l&rsquo;\u00c9tat fran\u00e7ais, garant d&rsquo;une certaine id\u00e9e du droit international, mais aussi partenaire historique de la r\u00e9gion des Grands Lacs.&nbsp;<\/p>\n\n\n<div class=\"wp-block-image\">\n<figure class=\"aligncenter size-full is-resized\"><img loading=\"lazy\" decoding=\"async\" width=\"500\" height=\"375\" src=\"https:\/\/macite.tg\/wp-content\/uploads\/2026\/02\/TVM-payez-depuis-chez-vous.jpg\" alt=\"\" class=\"wp-image-28307\" style=\"width:612px;height:auto\" srcset=\"https:\/\/macite.tg\/wp-content\/uploads\/2026\/02\/TVM-payez-depuis-chez-vous.jpg 500w, https:\/\/macite.tg\/wp-content\/uploads\/2026\/02\/TVM-payez-depuis-chez-vous-300x225.jpg 300w\" sizes=\"auto, (max-width: 500px) 100vw, 500px\" \/><\/figure>\n<\/div>\n\n\n<p class=\"wp-block-paragraph\">D\u00e8s les premi\u00e8res bouch\u00e9es, F\u00e9lix Tshisekedi a lev\u00e9 le voile sur <em>\u00ab\u00a0l&rsquo;ampleur des d\u00e9fis\u00a0\u00bb.<\/em> Pas de langue de bois. Le message \u00e9tait direct : la situation s\u00e9curitaire dans l&rsquo;Est n&rsquo;est pas une crise de plus, c&rsquo;est une h\u00e9morragie qui vide le corps de la nation. Et face \u00e0 cette saign\u00e9e, l&rsquo;arm\u00e9e congolaise ne peut pas lutter seule contre l&rsquo;hydre soutenue de l&rsquo;ext\u00e9rieur. Le pr\u00e9sident a plaid\u00e9 pour un <em>\u00ab\u00a0soutien accru de la communaut\u00e9 internationale\u00a0\u00bb.<\/em><\/p>\n\n\n\n<p class=\"wp-block-paragraph\">L&rsquo;appel n&rsquo;est pas tomb\u00e9 dans l&rsquo;oreille d&rsquo;un sourd. \u00c0 l&rsquo;issue des \u00e9changes, qualifi\u00e9s de <em>\u00ab\u00a0constructifs\u00a0\u00bb<\/em> par les services de la pr\u00e9sidence congolaise, la France a sorti une d\u00e9claration qui sonne comme un avertissement \u00e0 Kigali.<\/p>\n\n\n\n<figure class=\"wp-block-image size-full\"><img loading=\"lazy\" decoding=\"async\" width=\"980\" height=\"210\" src=\"https:\/\/macite.tg\/wp-content\/uploads\/2026\/02\/image-24.png\" alt=\"\" class=\"wp-image-28092\" srcset=\"https:\/\/macite.tg\/wp-content\/uploads\/2026\/02\/image-24.png 980w, https:\/\/macite.tg\/wp-content\/uploads\/2026\/02\/image-24-300x64.png 300w, https:\/\/macite.tg\/wp-content\/uploads\/2026\/02\/image-24-768x165.png 768w\" sizes=\"auto, (max-width: 980px) 100vw, 980px\" \/><\/figure>\n\n\n\n<p class=\"wp-block-paragraph\">Paris a r\u00e9affirm\u00e9, avec une solennit\u00e9 rare, <em>\u00ab&nbsp;son engagement en faveur du respect de l&rsquo;int\u00e9grit\u00e9 territoriale et de la souverainet\u00e9 de la RDC&nbsp;\u00bb.<\/em> En clair, la France regarde, voit, et condamne l&rsquo;agression. Plus qu&rsquo;un simple v\u0153u pieux, c&rsquo;est une \u00e9p\u00e9e de Damocl\u00e8s diplomatique suspendue au-dessus de ceux qui, au Rwanda ou ailleurs, pensent pouvoir violer les fronti\u00e8res internationales sans cons\u00e9quences.<\/p>\n\n\n\n<p class=\"wp-block-paragraph\">Mais la table de l&rsquo;\u00c9lys\u00e9e n&rsquo;a pas servi qu&rsquo;\u00e0 parler de canons et de fronti\u00e8res. Elle a aussi \u00e9t\u00e9 le th\u00e9\u00e2tre d&rsquo;une man\u0153uvre d&rsquo;influence. La candidature de la RDC au poste de Secr\u00e9taire g\u00e9n\u00e9ral de l&rsquo;Organisation internationale de la Francophonie (OIF) a \u00e9t\u00e9 au menu.<\/p>\n\n\n\n<p class=\"wp-block-paragraph\">Pour Kinshasa, c&rsquo;est une bataille parall\u00e8le, mais tout aussi cruciale. D\u00e9crocher ce poste, c&rsquo;est s&rsquo;offrir une tribune mondiale, une voix qui porte dans le pr\u00e9 carr\u00e9 francophone. Et face \u00e0 la candidature de la Rwandaise Louise Mushikiwabo pour un troisi\u00e8me mandat, le soutien de Paris est un carburant diplomatique de premier choix.<\/p>\n\n\n<div class=\"wp-block-image\">\n<figure class=\"aligncenter size-full\"><img loading=\"lazy\" decoding=\"async\" width=\"509\" height=\"720\" src=\"https:\/\/macite.tg\/wp-content\/uploads\/2026\/02\/OTR_Payez-la-TVM-simple-et-pratique.jpg\" alt=\"\" class=\"wp-image-28304\" srcset=\"https:\/\/macite.tg\/wp-content\/uploads\/2026\/02\/OTR_Payez-la-TVM-simple-et-pratique.jpg 509w, https:\/\/macite.tg\/wp-content\/uploads\/2026\/02\/OTR_Payez-la-TVM-simple-et-pratique-212x300.jpg 212w\" sizes=\"auto, (max-width: 509px) 100vw, 509px\" \/><\/figure>\n<\/div>\n\n\n<p class=\"wp-block-paragraph\">Ce d\u00e9jeuner de travail fut donc bien plus qu&rsquo;une simple formalit\u00e9 protocolaire. Il fut un moment de v\u00e9rit\u00e9 o\u00f9 les alliances se resserrent. La France, en embrassant la cause congolaise \u2013 souverainet\u00e9 et candidature \u00e0 l&rsquo;OIF \u2013 envoie un signal fort \u00e0 la r\u00e9gion : le temps de la neutralit\u00e9 bienveillante est peut-\u00eatre r\u00e9volu.<\/p>\n\n\n\n<p class=\"wp-block-paragraph\">Pour F\u00e9lix Tshisekedi, reparti de Paris avec une promesse de soutien sur l&rsquo;int\u00e9grit\u00e9 territoriale et un appui strat\u00e9gique pour la Francophonie, ce mercredi marque un point diplomatique majeur. Reste \u00e0 savoir si les paroles fran\u00e7aises se transformeront en actes concrets sur le terrain, l\u00e0 o\u00f9 le sang continue de couler.<\/p>\n\n\n\n<p class=\"wp-block-paragraph\"><strong>MSN<\/strong><\/p>\n\n\n\n<p class=\"wp-block-paragraph\"><a><strong><em>@macite.tg&nbsp;&nbsp;&nbsp;&nbsp;&nbsp;&nbsp;&nbsp;&nbsp;<\/em><\/strong><\/a><\/p>\n\n\n\n<p class=\"wp-block-paragraph\"><strong><em>E-mail&nbsp;: <\/em><\/strong><a href=\"mailto:maciteinfo@gmail.com\"><strong><em>maciteinfo@gmail.com<\/em><\/strong><\/a><strong><em>; <\/em><\/strong><a href=\"mailto:bawela1@gmail.com\"><strong><em>bawela1@gmail.com<\/em><\/strong><\/a><strong><em><\/em><\/strong><\/p>\n\n\n\n<p class=\"wp-block-paragraph\"><strong><em>Pour vos annonces, (publi)reportages, etc., joignez-nous au (00228)91515309\/<strong>79872224 <\/strong><strong><\/strong><\/em><\/strong><\/p>\n\n\n\n<p class=\"wp-block-paragraph\"><strong><em>www.macite.tg, L\u2019information, la bonne&nbsp;!<\/em><\/strong><\/p>\n","protected":false},"excerpt":{"rendered":"<p class=\"text-justify mb-2\" >Sous les lustres de l&rsquo;\u00c9lys\u00e9e, l&rsquo;ambiance \u00e9tait \u00e0 la gravit\u00e9. Ce mercredi, autour d&rsquo;un d\u00e9jeuner de travail, deux pr\u00e9sidents, F\u00e9lix Tshisekedi et Emmanuel Macron, n&rsquo;ont pas fait de la figuration. Ils ont parl\u00e9 vrai. Ils ont parl\u00e9 dur. Et au sortir de la table, une [&hellip;]<\/p>\n","protected":false},"author":2,"featured_media":28620,"comment_status":"open","ping_status":"open","sticky":false,"template":"","format":"standard","meta":{"footnotes":""},"categories":[20,8],"tags":[],"class_list":["post-28616","post","type-post","status-publish","format-standard","has-post-thumbnail","hentry","category-actualite","category-diplomatie"],"yoast_head":"<!-- This site is optimized with the Yoast SEO plugin v28.4 - https:\/\/yoast.com\/product\/yoast-seo-wordpress\/ -->\n<title>TSHISEKEDI RE\u00c7U A L\u2019\u00c9LYSEE\u00a0: Paris a choisi son camp\u2026 l\u2019\u00e9tau va-t-il se resserrer sur Kigali? -<\/title>\n<meta name=\"robots\" content=\"index, follow, max-snippet:-1, max-image-preview:large, max-video-preview:-1\" \/>\n<link rel=\"canonical\" href=\"https:\/\/macite.tg\/?p=28616\" \/>\n<meta property=\"og:locale\" content=\"fr_FR\" \/>\n<meta property=\"og:type\" content=\"article\" \/>\n<meta property=\"og:title\" content=\"TSHISEKEDI RE\u00c7U A L\u2019\u00c9LYSEE\u00a0: Paris a choisi son camp\u2026 l\u2019\u00e9tau va-t-il se resserrer sur Kigali? -\" \/>\n<meta property=\"og:description\" content=\"Sous les lustres de l&rsquo;\u00c9lys\u00e9e, l&rsquo;ambiance \u00e9tait \u00e0 la gravit\u00e9. Ce mercredi, autour d&rsquo;un d\u00e9jeuner de travail, deux pr\u00e9sidents, F\u00e9lix Tshisekedi et Emmanuel Macron, n&rsquo;ont pas fait de la figuration. Ils ont parl\u00e9 vrai. Ils ont parl\u00e9 dur. Et au sortir de la table, une [&hellip;]\" \/>\n<meta property=\"og:url\" content=\"https:\/\/macite.tg\/?p=28616\" \/>\n<meta property=\"article:published_time\" content=\"2026-02-26T10:46:16+00:00\" \/>\n<meta property=\"article:modified_time\" content=\"2026-02-26T11:11:07+00:00\" \/>\n<meta property=\"og:image\" content=\"https:\/\/macite.tg\/wp-content\/uploads\/2026\/02\/image-114.png\" \/>\n\t<meta property=\"og:image:width\" content=\"534\" \/>\n\t<meta property=\"og:image:height\" content=\"356\" \/>\n\t<meta property=\"og:image:type\" content=\"image\/png\" \/>\n<meta name=\"author\" content=\"Jean Pierre BAWELA\" \/>\n<meta name=\"twitter:card\" content=\"summary_large_image\" \/>\n<meta name=\"twitter:label1\" content=\"\u00c9crit par\" \/>\n\t<meta name=\"twitter:data1\" content=\"Jean Pierre BAWELA\" \/>\n\t<meta name=\"twitter:label2\" content=\"Dur\u00e9e de lecture estim\u00e9e\" \/>\n\t<meta name=\"twitter:data2\" content=\"4 minutes\" \/>\n<script type=\"application\/ld+json\" class=\"yoast-schema-graph\">{\"@context\":\"https:\\\/\\\/schema.org\",\"@graph\":[{\"@type\":\"Article\",\"@id\":\"https:\\\/\\\/macite.tg\\\/?p=28616#article\",\"isPartOf\":{\"@id\":\"https:\\\/\\\/macite.tg\\\/?p=28616\"},\"author\":{\"name\":\"Jean Pierre BAWELA\",\"@id\":\"https:\\\/\\\/macite.tg\\\/#\\\/schema\\\/person\\\/e9f2de7e5dbbe7770a9402c7ce82f5c2\"},\"headline\":\"TSHISEKEDI RE\u00c7U A L\u2019\u00c9LYSEE\u00a0: Paris a choisi son camp\u2026 l\u2019\u00e9tau va-t-il se resserrer sur Kigali?\",\"datePublished\":\"2026-02-26T10:46:16+00:00\",\"dateModified\":\"2026-02-26T11:11:07+00:00\",\"mainEntityOfPage\":{\"@id\":\"https:\\\/\\\/macite.tg\\\/?p=28616\"},\"wordCount\":630,\"commentCount\":0,\"image\":{\"@id\":\"https:\\\/\\\/macite.tg\\\/?p=28616#primaryimage\"},\"thumbnailUrl\":\"https:\\\/\\\/macite.tg\\\/wp-content\\\/uploads\\\/2026\\\/02\\\/image-114.png\",\"articleSection\":[\"ACTUALITE\",\"DIPLOMATIE\"],\"inLanguage\":\"fr-FR\",\"potentialAction\":[{\"@type\":\"CommentAction\",\"name\":\"Comment\",\"target\":[\"https:\\\/\\\/macite.tg\\\/?p=28616#respond\"]}]},{\"@type\":\"WebPage\",\"@id\":\"https:\\\/\\\/macite.tg\\\/?p=28616\",\"url\":\"https:\\\/\\\/macite.tg\\\/?p=28616\",\"name\":\"TSHISEKEDI RE\u00c7U A L\u2019\u00c9LYSEE\u00a0: Paris a choisi son camp\u2026 l\u2019\u00e9tau va-t-il se resserrer sur Kigali? -\",\"isPartOf\":{\"@id\":\"https:\\\/\\\/macite.tg\\\/#website\"},\"primaryImageOfPage\":{\"@id\":\"https:\\\/\\\/macite.tg\\\/?p=28616#primaryimage\"},\"image\":{\"@id\":\"https:\\\/\\\/macite.tg\\\/?p=28616#primaryimage\"},\"thumbnailUrl\":\"https:\\\/\\\/macite.tg\\\/wp-content\\\/uploads\\\/2026\\\/02\\\/image-114.png\",\"datePublished\":\"2026-02-26T10:46:16+00:00\",\"dateModified\":\"2026-02-26T11:11:07+00:00\",\"author\":{\"@id\":\"https:\\\/\\\/macite.tg\\\/#\\\/schema\\\/person\\\/e9f2de7e5dbbe7770a9402c7ce82f5c2\"},\"breadcrumb\":{\"@id\":\"https:\\\/\\\/macite.tg\\\/?p=28616#breadcrumb\"},\"inLanguage\":\"fr-FR\",\"potentialAction\":[{\"@type\":\"ReadAction\",\"target\":[\"https:\\\/\\\/macite.tg\\\/?p=28616\"]}]},{\"@type\":\"ImageObject\",\"inLanguage\":\"fr-FR\",\"@id\":\"https:\\\/\\\/macite.tg\\\/?p=28616#primaryimage\",\"url\":\"https:\\\/\\\/macite.tg\\\/wp-content\\\/uploads\\\/2026\\\/02\\\/image-114.png\",\"contentUrl\":\"https:\\\/\\\/macite.tg\\\/wp-content\\\/uploads\\\/2026\\\/02\\\/image-114.png\",\"width\":534,\"height\":356,\"caption\":\"Les pr\u00e9sidents Macron et Tsis\u00e9k\u00e9di\"},{\"@type\":\"BreadcrumbList\",\"@id\":\"https:\\\/\\\/macite.tg\\\/?p=28616#breadcrumb\",\"itemListElement\":[{\"@type\":\"ListItem\",\"position\":1,\"name\":\"Accueil\",\"item\":\"https:\\\/\\\/macite.tg\\\/\"},{\"@type\":\"ListItem\",\"position\":2,\"name\":\"TSHISEKEDI RE\u00c7U A L\u2019\u00c9LYSEE\u00a0: Paris a choisi son camp\u2026 l\u2019\u00e9tau va-t-il se resserrer sur Kigali?\"}]},{\"@type\":\"WebSite\",\"@id\":\"https:\\\/\\\/macite.tg\\\/#website\",\"url\":\"https:\\\/\\\/macite.tg\\\/\",\"name\":\"\",\"description\":\"L&#039;information, la bonne!!!\",\"potentialAction\":[{\"@type\":\"SearchAction\",\"target\":{\"@type\":\"EntryPoint\",\"urlTemplate\":\"https:\\\/\\\/macite.tg\\\/?s={search_term_string}\"},\"query-input\":{\"@type\":\"PropertyValueSpecification\",\"valueRequired\":true,\"valueName\":\"search_term_string\"}}],\"inLanguage\":\"fr-FR\"},{\"@type\":\"Person\",\"@id\":\"https:\\\/\\\/macite.tg\\\/#\\\/schema\\\/person\\\/e9f2de7e5dbbe7770a9402c7ce82f5c2\",\"name\":\"Jean Pierre BAWELA\",\"image\":{\"@type\":\"ImageObject\",\"inLanguage\":\"fr-FR\",\"@id\":\"https:\\\/\\\/macite.tg\\\/wp-content\\\/uploads\\\/2023\\\/09\\\/WhatsApp-Image-2023-09-19-at-14.44.41-122x122.jpeg\",\"url\":\"https:\\\/\\\/macite.tg\\\/wp-content\\\/uploads\\\/2023\\\/09\\\/WhatsApp-Image-2023-09-19-at-14.44.41-122x122.jpeg\",\"contentUrl\":\"https:\\\/\\\/macite.tg\\\/wp-content\\\/uploads\\\/2023\\\/09\\\/WhatsApp-Image-2023-09-19-at-14.44.41-122x122.jpeg\",\"caption\":\"Jean Pierre BAWELA\"},\"url\":\"https:\\\/\\\/macite.tg\\\/?author=2\"}]}<\/script>\n<!-- \/ Yoast SEO plugin. -->","yoast_head_json":{"title":"TSHISEKEDI RE\u00c7U A L\u2019\u00c9LYSEE\u00a0: Paris a choisi son camp\u2026 l\u2019\u00e9tau va-t-il se resserrer sur Kigali? -","robots":{"index":"index","follow":"follow","max-snippet":"max-snippet:-1","max-image-preview":"max-image-preview:large","max-video-preview":"max-video-preview:-1"},"canonical":"https:\/\/macite.tg\/?p=28616","og_locale":"fr_FR","og_type":"article","og_title":"TSHISEKEDI RE\u00c7U A L\u2019\u00c9LYSEE\u00a0: Paris a choisi son camp\u2026 l\u2019\u00e9tau va-t-il se resserrer sur Kigali? -","og_description":"Sous les lustres de l&rsquo;\u00c9lys\u00e9e, l&rsquo;ambiance \u00e9tait \u00e0 la gravit\u00e9. Ce mercredi, autour d&rsquo;un d\u00e9jeuner de travail, deux pr\u00e9sidents, F\u00e9lix Tshisekedi et Emmanuel Macron, n&rsquo;ont pas fait de la figuration. Ils ont parl\u00e9 vrai. Ils ont parl\u00e9 dur. Et au sortir de la table, une [&hellip;]","og_url":"https:\/\/macite.tg\/?p=28616","article_published_time":"2026-02-26T10:46:16+00:00","article_modified_time":"2026-02-26T11:11:07+00:00","og_image":[{"width":534,"height":356,"url":"https:\/\/macite.tg\/wp-content\/uploads\/2026\/02\/image-114.png","type":"image\/png"}],"author":"Jean Pierre BAWELA","twitter_card":"summary_large_image","twitter_misc":{"\u00c9crit par":"Jean Pierre BAWELA","Dur\u00e9e de lecture estim\u00e9e":"4 minutes"},"schema":{"@context":"https:\/\/schema.org","@graph":[{"@type":"Article","@id":"https:\/\/macite.tg\/?p=28616#article","isPartOf":{"@id":"https:\/\/macite.tg\/?p=28616"},"author":{"name":"Jean Pierre BAWELA","@id":"https:\/\/macite.tg\/#\/schema\/person\/e9f2de7e5dbbe7770a9402c7ce82f5c2"},"headline":"TSHISEKEDI RE\u00c7U A L\u2019\u00c9LYSEE\u00a0: Paris a choisi son camp\u2026 l\u2019\u00e9tau va-t-il se resserrer sur Kigali?","datePublished":"2026-02-26T10:46:16+00:00","dateModified":"2026-02-26T11:11:07+00:00","mainEntityOfPage":{"@id":"https:\/\/macite.tg\/?p=28616"},"wordCount":630,"commentCount":0,"image":{"@id":"https:\/\/macite.tg\/?p=28616#primaryimage"},"thumbnailUrl":"https:\/\/macite.tg\/wp-content\/uploads\/2026\/02\/image-114.png","articleSection":["ACTUALITE","DIPLOMATIE"],"inLanguage":"fr-FR","potentialAction":[{"@type":"CommentAction","name":"Comment","target":["https:\/\/macite.tg\/?p=28616#respond"]}]},{"@type":"WebPage","@id":"https:\/\/macite.tg\/?p=28616","url":"https:\/\/macite.tg\/?p=28616","name":"TSHISEKEDI RE\u00c7U A L\u2019\u00c9LYSEE\u00a0: Paris a choisi son camp\u2026 l\u2019\u00e9tau va-t-il se resserrer sur Kigali? -","isPartOf":{"@id":"https:\/\/macite.tg\/#website"},"primaryImageOfPage":{"@id":"https:\/\/macite.tg\/?p=28616#primaryimage"},"image":{"@id":"https:\/\/macite.tg\/?p=28616#primaryimage"},"thumbnailUrl":"https:\/\/macite.tg\/wp-content\/uploads\/2026\/02\/image-114.png","datePublished":"2026-02-26T10:46:16+00:00","dateModified":"2026-02-26T11:11:07+00:00","author":{"@id":"https:\/\/macite.tg\/#\/schema\/person\/e9f2de7e5dbbe7770a9402c7ce82f5c2"},"breadcrumb":{"@id":"https:\/\/macite.tg\/?p=28616#breadcrumb"},"inLanguage":"fr-FR","potentialAction":[{"@type":"ReadAction","target":["https:\/\/macite.tg\/?p=28616"]}]},{"@type":"ImageObject","inLanguage":"fr-FR","@id":"https:\/\/macite.tg\/?p=28616#primaryimage","url":"https:\/\/macite.tg\/wp-content\/uploads\/2026\/02\/image-114.png","contentUrl":"https:\/\/macite.tg\/wp-content\/uploads\/2026\/02\/image-114.png","width":534,"height":356,"caption":"Les pr\u00e9sidents Macron et Tsis\u00e9k\u00e9di"},{"@type":"BreadcrumbList","@id":"https:\/\/macite.tg\/?p=28616#breadcrumb","itemListElement":[{"@type":"ListItem","position":1,"name":"Accueil","item":"https:\/\/macite.tg\/"},{"@type":"ListItem","position":2,"name":"TSHISEKEDI RE\u00c7U A L\u2019\u00c9LYSEE\u00a0: Paris a choisi son camp\u2026 l\u2019\u00e9tau va-t-il se resserrer sur Kigali?"}]},{"@type":"WebSite","@id":"https:\/\/macite.tg\/#website","url":"https:\/\/macite.tg\/","name":"","description":"L&#039;information, la bonne!!!","potentialAction":[{"@type":"SearchAction","target":{"@type":"EntryPoint","urlTemplate":"https:\/\/macite.tg\/?s={search_term_string}"},"query-input":{"@type":"PropertyValueSpecification","valueRequired":true,"valueName":"search_term_string"}}],"inLanguage":"fr-FR"},{"@type":"Person","@id":"https:\/\/macite.tg\/#\/schema\/person\/e9f2de7e5dbbe7770a9402c7ce82f5c2","name":"Jean Pierre BAWELA","image":{"@type":"ImageObject","inLanguage":"fr-FR","@id":"https:\/\/macite.tg\/wp-content\/uploads\/2023\/09\/WhatsApp-Image-2023-09-19-at-14.44.41-122x122.jpeg","url":"https:\/\/macite.tg\/wp-content\/uploads\/2023\/09\/WhatsApp-Image-2023-09-19-at-14.44.41-122x122.jpeg","contentUrl":"https:\/\/macite.tg\/wp-content\/uploads\/2023\/09\/WhatsApp-Image-2023-09-19-at-14.44.41-122x122.jpeg","caption":"Jean Pierre BAWELA"},"url":"https:\/\/macite.tg\/?author=2"}]}},"_links":{"self":[{"href":"https:\/\/macite.tg\/index.php?rest_route=\/wp\/v2\/posts\/28616","targetHints":{"allow":["GET"]}}],"collection":[{"href":"https:\/\/macite.tg\/index.php?rest_route=\/wp\/v2\/posts"}],"about":[{"href":"https:\/\/macite.tg\/index.php?rest_route=\/wp\/v2\/types\/post"}],"author":[{"embeddable":true,"href":"https:\/\/macite.tg\/index.php?rest_route=\/wp\/v2\/users\/2"}],"replies":[{"embeddable":true,"href":"https:\/\/macite.tg\/index.php?rest_route=%2Fwp%2Fv2%2Fcomments&post=28616"}],"version-history":[{"count":0,"href":"https:\/\/macite.tg\/index.php?rest_route=\/wp\/v2\/posts\/28616\/revisions"}],"wp:featuredmedia":[{"embeddable":true,"href":"https:\/\/macite.tg\/index.php?rest_route=\/wp\/v2\/media\/28620"}],"wp:attachment":[{"href":"https:\/\/macite.tg\/index.php?rest_route=%2Fwp%2Fv2%2Fmedia&parent=28616"}],"wp:term":[{"taxonomy":"category","embeddable":true,"href":"https:\/\/macite.tg\/index.php?rest_route=%2Fwp%2Fv2%2Fcategories&post=28616"},{"taxonomy":"post_tag","embeddable":true,"href":"https:\/\/macite.tg\/index.php?rest_route=%2Fwp%2Fv2%2Ftags&post=28616"}],"curies":[{"name":"wp","href":"https:\/\/api.w.org\/{rel}","templated":true}]}}