{"id":28462,"date":"2026-02-18T15:03:44","date_gmt":"2026-02-18T15:03:44","guid":{"rendered":"https:\/\/macite.tg\/?p=28462"},"modified":"2026-02-20T16:57:19","modified_gmt":"2026-02-20T16:57:19","slug":"securite-des-journalistes-lujit-et-le-mfwa-pour-un-environnement-plus-sur","status":"publish","type":"post","link":"https:\/\/macite.tg\/?p=28462","title":{"rendered":"SECURITE DES JOURNALISTES : L\u2019UJIT et la MFWA pour un environnement plus s\u00fbr"},"content":{"rendered":"\n<p class=\"wp-block-paragraph\"><strong><em>Revisiter les normes professionnelles des journalistes, renforcer les m\u00e9canismes de protection des acteurs des m\u00e9dias mais aussi permette \u00e0 la presse de jouer pleinement et efficacement son r\u00f4le dans la consolidation de la gouvernance d\u00e9mocratique, tels sont les pr\u00e9ceptes autour desquels une trentaine d\u2019acteurs des m\u00e9dias \u00e9tait r\u00e9uni, le 12 f\u00e9vrier dernier, pur un atelier \u00e0 Lom\u00e9.<\/em><\/strong><\/p>\n\n\n\n<p class=\"wp-block-paragraph\">Organis\u00e9 par Media Foundation for West Africa (MFWA), en collaboration avec l\u2019Union des Journalistes Ind\u00e9pendants du Togo (UJIT), cette session de renforcement de capacit\u00e9s s\u2019inscrit dans le cadre du projet intitul\u00e9 <em>\u00ab&nbsp;Promotion de la libert\u00e9 de la presse et des droits num\u00e9riques des femmes au Togo&nbsp;\u00bb.<\/em> Ledit projet, port\u00e9 par la Fondation des M\u00e9dias pour l\u2019Afrique e l\u2019Ouest et financ\u00e9 par l\u2019Ambassade du Royaume des Pays-Bas au Ghana, met l\u2019accent sur l\u2019autonomisation num\u00e9rique des journalistes femmes et acteurs de la soci\u00e9t\u00e9 civile.<\/p>\n\n\n\n<figure class=\"wp-block-image size-full\"><img loading=\"lazy\" decoding=\"async\" width=\"851\" height=\"315\" src=\"https:\/\/macite.tg\/wp-content\/uploads\/2026\/02\/OTR_Ferer-pour-batir-1.jpg\" alt=\"\" class=\"wp-image-28230\" srcset=\"https:\/\/macite.tg\/wp-content\/uploads\/2026\/02\/OTR_Ferer-pour-batir-1.jpg 851w, https:\/\/macite.tg\/wp-content\/uploads\/2026\/02\/OTR_Ferer-pour-batir-1-300x111.jpg 300w, https:\/\/macite.tg\/wp-content\/uploads\/2026\/02\/OTR_Ferer-pour-batir-1-768x284.jpg 768w\" sizes=\"auto, (max-width: 851px) 100vw, 851px\" \/><\/figure>\n\n\n\n<p class=\"wp-block-paragraph\">Plusieurs modules \u00e9taient au menu de cette formation portant sur les risques en ligne et l\u2019hygi\u00e8ne num\u00e9rique, la s\u00e9curit\u00e9 des journalistes, mais aussi l\u2019\u00e9thique, la loi, et le renforcement de la coop\u00e9ration des m\u00e9dias en vue d\u2019un environnement plus s\u00fbr (\u2026), ont \u00e9t\u00e9 d\u00e9velopp\u00e9s par diff\u00e9rents experts.<\/p>\n\n\n\n<p class=\"wp-block-paragraph\">Pour le repr\u00e9sentant de la ministre de la Communication, Carole Kp\u00e9to, la question abord\u00e9e <em>\u00ab&nbsp;touche l\u2019essence m\u00eame de la d\u00e9mocratie&nbsp;\u00bb,<\/em> tant <em>\u00ab&nbsp;garantir aux professionnels des m\u00e9dias des conditions d\u2019exercice s\u00fbres, dignes et sereines rel\u00e8ve d\u2019une obligation commune&nbsp;; et il ne peut y avoir de presse libre sans journalistes prot\u00e9g\u00e9s, tout comme il ne peut y avoir d\u2019information cr\u00e9dible dans un environnement caract\u00e9ris\u00e9 par l\u2019ins\u00e9curit\u00e9&nbsp;\u00bb.<\/em><\/p>\n\n\n\n<p class=\"wp-block-paragraph\"><em>\u00ab&nbsp;La s\u00e9curit\u00e9 du journaliste renforce la d\u00e9mocratie (\u2026)&nbsp;\u00bb<\/em>, a rench\u00e9ri le repr\u00e9sentant du pr\u00e9sident de la HAAC, Yao Abarim, au moment o\u00f9 le \u2018\u2019Monsieur s\u00e9curit\u00e9\u2019\u2019 de cette rencontre, le Commissaire divisionnaire, repr\u00e9sentant son ministre de tutelle, invite <em>\u00ab&nbsp;chaque acteur \u00e0 jouer pleinement son r\u00f4le, dans le respect des lois de la R\u00e9publique et des principes d\u00e9mocratiques&nbsp;\u00bb.<\/em><\/p>\n\n\n<div class=\"wp-block-image\">\n<figure class=\"aligncenter size-full is-resized\"><img loading=\"lazy\" decoding=\"async\" width=\"500\" height=\"375\" src=\"https:\/\/macite.tg\/wp-content\/uploads\/2026\/02\/TVM-payez-depuis-chez-vous.jpg\" alt=\"\" class=\"wp-image-28307\" style=\"width:702px;height:auto\" srcset=\"https:\/\/macite.tg\/wp-content\/uploads\/2026\/02\/TVM-payez-depuis-chez-vous.jpg 500w, https:\/\/macite.tg\/wp-content\/uploads\/2026\/02\/TVM-payez-depuis-chez-vous-300x225.jpg 300w\" sizes=\"auto, (max-width: 500px) 100vw, 500px\" \/><\/figure>\n<\/div>\n\n\n<p class=\"wp-block-paragraph\">C\u2019est dans cette dynamique que le SG de l\u2019UJIT, Elikplim Goka-Adokanou, juge n\u00e9cessaire de <em>\u00ab renforcer les m\u00e9canismes de protection \u00bb<\/em> dans l\u2019optique de permettre \u00e0 la presse de jouer pleinement son r\u00f4le dans la gouvernance d\u00e9mocratique.<\/p>\n\n\n\n<p class=\"wp-block-paragraph\">Notons que des recommandations fortes ont \u00e9t\u00e9 exprim\u00e9 par les organisateurs afin de consolider un environnement m\u00e9diatique plus r\u00e9silient et plus s\u00fbr dans le pays.<\/p>\n\n\n\n<p class=\"wp-block-paragraph\"><strong>La R\u00e9daction<\/strong><\/p>\n\n\n\n<p class=\"wp-block-paragraph\"><a><strong><em>@macite.tg&nbsp;&nbsp;&nbsp;&nbsp;&nbsp;&nbsp;&nbsp;&nbsp;<\/em><\/strong><\/a><\/p>\n\n\n\n<p class=\"wp-block-paragraph\"><strong><em>E-mail&nbsp;: <\/em><\/strong><a href=\"mailto:maciteinfo@gmail.com\"><strong><em>maciteinfo@gmail.com<\/em><\/strong><\/a><strong><em>; <\/em><\/strong><a href=\"mailto:bawela1@gmail.com\"><strong><em>bawela1@gmail.com<\/em><\/strong><\/a><strong><em><\/em><\/strong><\/p>\n\n\n\n<p class=\"wp-block-paragraph\"><strong><em>Pour vos annonces, (publi)reportages, etc., joignez-nous au (00228)91515309\/<strong>79872224 <\/strong><strong><\/strong><\/em><\/strong><\/p>\n\n\n\n<p class=\"wp-block-paragraph\"><strong><em>www.macite.tg, L\u2019information, la bonne&nbsp;!<\/em><\/strong><\/p>\n\n\n\n<p class=\"wp-block-paragraph\"><strong><em>Un atelier de formation consacr\u00e9 \u00e0 la s\u00e9curit\u00e9 des journalistes s\u2019est tenu le 12 f\u00e9vrier 2026 \u00e0 l\u2019h\u00f4tel<\/em><\/strong><\/p>\n\n\n\n<p class=\"wp-block-paragraph\">Prenant la parole, le Secr\u00e9taire g\u00e9n\u00e9ral de l\u2019UJIT, Elikplim Koffi Goka-Adokanou, a soulign\u00e9 la n\u00e9cessit\u00e9 Il a insist\u00e9 sur la vuln\u00e9rabilit\u00e9 particuli\u00e8re des femmes journalistes face aux violences num\u00e9riques. De son c\u00f4t\u00e9, la repr\u00e9sentante de la MFWA a rappel\u00e9 l\u2019engagement de l\u2019organisation en faveur de la libert\u00e9 d\u2019expression en Afrique de l\u2019Ouest.<\/p>\n\n\n\n<p class=\"wp-block-paragraph\">Les repr\u00e9sentants de la HAAC, du minist\u00e8re de la S\u00e9curit\u00e9 et du minist\u00e8re de la Communication ont salu\u00e9 l\u2019initiative, estimant que la protection des journalistes constitue un enjeu d\u00e9mocratique majeur.<\/p>\n\n\n\n<p class=\"wp-block-paragraph\"><strong>Gabi MESSAN (In LE MEDIUM n\u00b0690 du<\/strong><\/p>\n","protected":false},"excerpt":{"rendered":"<p class=\"text-justify mb-2\" >Revisiter les normes professionnelles des journalistes, renforcer les m\u00e9canismes de protection des acteurs des m\u00e9dias mais aussi permette \u00e0 la presse de jouer pleinement et efficacement son r\u00f4le dans la consolidation de la gouvernance d\u00e9mocratique, tels sont les pr\u00e9ceptes autour desquels une trentaine d\u2019acteurs des [&hellip;]<\/p>\n","protected":false},"author":2,"featured_media":28463,"comment_status":"open","ping_status":"open","sticky":false,"template":"","format":"standard","meta":{"footnotes":""},"categories":[20,14,28],"tags":[],"class_list":["post-28462","post","type-post","status-publish","format-standard","has-post-thumbnail","hentry","category-actualite","category-medias","category-securite"],"yoast_head":"<!-- This site is optimized with the Yoast SEO plugin v28.4 - https:\/\/yoast.com\/product\/yoast-seo-wordpress\/ -->\n<title>SECURITE DES JOURNALISTES : L\u2019UJIT et la MFWA pour un environnement plus s\u00fbr -<\/title>\n<meta name=\"robots\" content=\"index, follow, max-snippet:-1, max-image-preview:large, max-video-preview:-1\" \/>\n<link rel=\"canonical\" href=\"https:\/\/macite.tg\/?p=28462\" \/>\n<meta property=\"og:locale\" content=\"fr_FR\" \/>\n<meta property=\"og:type\" content=\"article\" \/>\n<meta property=\"og:title\" content=\"SECURITE DES JOURNALISTES : L\u2019UJIT et la MFWA pour un environnement plus s\u00fbr -\" \/>\n<meta property=\"og:description\" content=\"Revisiter les normes professionnelles des journalistes, renforcer les m\u00e9canismes de protection des acteurs des m\u00e9dias mais aussi permette \u00e0 la presse de jouer pleinement et efficacement son r\u00f4le dans la consolidation de la gouvernance d\u00e9mocratique, tels sont les pr\u00e9ceptes autour desquels une trentaine d\u2019acteurs des [&hellip;]\" \/>\n<meta property=\"og:url\" content=\"https:\/\/macite.tg\/?p=28462\" \/>\n<meta property=\"article:published_time\" content=\"2026-02-18T15:03:44+00:00\" \/>\n<meta property=\"article:modified_time\" content=\"2026-02-20T16:57:19+00:00\" \/>\n<meta property=\"og:image\" content=\"https:\/\/macite.tg\/wp-content\/uploads\/2026\/02\/a75b25f2-d9f6-402a-8a3c-318497ee8540.jpg\" \/>\n\t<meta property=\"og:image:width\" content=\"500\" \/>\n\t<meta property=\"og:image:height\" content=\"375\" \/>\n\t<meta property=\"og:image:type\" content=\"image\/jpeg\" \/>\n<meta name=\"author\" content=\"Jean Pierre BAWELA\" \/>\n<meta name=\"twitter:card\" content=\"summary_large_image\" \/>\n<meta name=\"twitter:label1\" content=\"\u00c9crit par\" \/>\n\t<meta name=\"twitter:data1\" content=\"Jean Pierre BAWELA\" \/>\n\t<meta name=\"twitter:label2\" content=\"Dur\u00e9e de lecture estim\u00e9e\" \/>\n\t<meta name=\"twitter:data2\" content=\"4 minutes\" \/>\n<script type=\"application\/ld+json\" class=\"yoast-schema-graph\">{\"@context\":\"https:\\\/\\\/schema.org\",\"@graph\":[{\"@type\":\"Article\",\"@id\":\"https:\\\/\\\/macite.tg\\\/?p=28462#article\",\"isPartOf\":{\"@id\":\"https:\\\/\\\/macite.tg\\\/?p=28462\"},\"author\":{\"name\":\"Jean Pierre BAWELA\",\"@id\":\"https:\\\/\\\/macite.tg\\\/#\\\/schema\\\/person\\\/e9f2de7e5dbbe7770a9402c7ce82f5c2\"},\"headline\":\"SECURITE DES JOURNALISTES : L\u2019UJIT et la MFWA pour un environnement plus s\u00fbr\",\"datePublished\":\"2026-02-18T15:03:44+00:00\",\"dateModified\":\"2026-02-20T16:57:19+00:00\",\"mainEntityOfPage\":{\"@id\":\"https:\\\/\\\/macite.tg\\\/?p=28462\"},\"wordCount\":621,\"commentCount\":0,\"image\":{\"@id\":\"https:\\\/\\\/macite.tg\\\/?p=28462#primaryimage\"},\"thumbnailUrl\":\"https:\\\/\\\/macite.tg\\\/wp-content\\\/uploads\\\/2026\\\/02\\\/a75b25f2-d9f6-402a-8a3c-318497ee8540.jpg\",\"articleSection\":[\"ACTUALITE\",\"MEDIAS\",\"SECURITE\"],\"inLanguage\":\"fr-FR\",\"potentialAction\":[{\"@type\":\"CommentAction\",\"name\":\"Comment\",\"target\":[\"https:\\\/\\\/macite.tg\\\/?p=28462#respond\"]}]},{\"@type\":\"WebPage\",\"@id\":\"https:\\\/\\\/macite.tg\\\/?p=28462\",\"url\":\"https:\\\/\\\/macite.tg\\\/?p=28462\",\"name\":\"SECURITE DES JOURNALISTES : L\u2019UJIT et la MFWA pour un environnement plus s\u00fbr -\",\"isPartOf\":{\"@id\":\"https:\\\/\\\/macite.tg\\\/#website\"},\"primaryImageOfPage\":{\"@id\":\"https:\\\/\\\/macite.tg\\\/?p=28462#primaryimage\"},\"image\":{\"@id\":\"https:\\\/\\\/macite.tg\\\/?p=28462#primaryimage\"},\"thumbnailUrl\":\"https:\\\/\\\/macite.tg\\\/wp-content\\\/uploads\\\/2026\\\/02\\\/a75b25f2-d9f6-402a-8a3c-318497ee8540.jpg\",\"datePublished\":\"2026-02-18T15:03:44+00:00\",\"dateModified\":\"2026-02-20T16:57:19+00:00\",\"author\":{\"@id\":\"https:\\\/\\\/macite.tg\\\/#\\\/schema\\\/person\\\/e9f2de7e5dbbe7770a9402c7ce82f5c2\"},\"breadcrumb\":{\"@id\":\"https:\\\/\\\/macite.tg\\\/?p=28462#breadcrumb\"},\"inLanguage\":\"fr-FR\",\"potentialAction\":[{\"@type\":\"ReadAction\",\"target\":[\"https:\\\/\\\/macite.tg\\\/?p=28462\"]}]},{\"@type\":\"ImageObject\",\"inLanguage\":\"fr-FR\",\"@id\":\"https:\\\/\\\/macite.tg\\\/?p=28462#primaryimage\",\"url\":\"https:\\\/\\\/macite.tg\\\/wp-content\\\/uploads\\\/2026\\\/02\\\/a75b25f2-d9f6-402a-8a3c-318497ee8540.jpg\",\"contentUrl\":\"https:\\\/\\\/macite.tg\\\/wp-content\\\/uploads\\\/2026\\\/02\\\/a75b25f2-d9f6-402a-8a3c-318497ee8540.jpg\",\"width\":500,\"height\":375},{\"@type\":\"BreadcrumbList\",\"@id\":\"https:\\\/\\\/macite.tg\\\/?p=28462#breadcrumb\",\"itemListElement\":[{\"@type\":\"ListItem\",\"position\":1,\"name\":\"Accueil\",\"item\":\"https:\\\/\\\/macite.tg\\\/\"},{\"@type\":\"ListItem\",\"position\":2,\"name\":\"SECURITE DES JOURNALISTES : L\u2019UJIT et la MFWA pour un environnement plus s\u00fbr\"}]},{\"@type\":\"WebSite\",\"@id\":\"https:\\\/\\\/macite.tg\\\/#website\",\"url\":\"https:\\\/\\\/macite.tg\\\/\",\"name\":\"\",\"description\":\"L&#039;information, la bonne!!!\",\"potentialAction\":[{\"@type\":\"SearchAction\",\"target\":{\"@type\":\"EntryPoint\",\"urlTemplate\":\"https:\\\/\\\/macite.tg\\\/?s={search_term_string}\"},\"query-input\":{\"@type\":\"PropertyValueSpecification\",\"valueRequired\":true,\"valueName\":\"search_term_string\"}}],\"inLanguage\":\"fr-FR\"},{\"@type\":\"Person\",\"@id\":\"https:\\\/\\\/macite.tg\\\/#\\\/schema\\\/person\\\/e9f2de7e5dbbe7770a9402c7ce82f5c2\",\"name\":\"Jean Pierre BAWELA\",\"image\":{\"@type\":\"ImageObject\",\"inLanguage\":\"fr-FR\",\"@id\":\"https:\\\/\\\/macite.tg\\\/wp-content\\\/uploads\\\/2023\\\/09\\\/WhatsApp-Image-2023-09-19-at-14.44.41-122x122.jpeg\",\"url\":\"https:\\\/\\\/macite.tg\\\/wp-content\\\/uploads\\\/2023\\\/09\\\/WhatsApp-Image-2023-09-19-at-14.44.41-122x122.jpeg\",\"contentUrl\":\"https:\\\/\\\/macite.tg\\\/wp-content\\\/uploads\\\/2023\\\/09\\\/WhatsApp-Image-2023-09-19-at-14.44.41-122x122.jpeg\",\"caption\":\"Jean Pierre BAWELA\"},\"url\":\"https:\\\/\\\/macite.tg\\\/?author=2\"}]}<\/script>\n<!-- \/ Yoast SEO plugin. -->","yoast_head_json":{"title":"SECURITE DES JOURNALISTES : L\u2019UJIT et la MFWA pour un environnement plus s\u00fbr -","robots":{"index":"index","follow":"follow","max-snippet":"max-snippet:-1","max-image-preview":"max-image-preview:large","max-video-preview":"max-video-preview:-1"},"canonical":"https:\/\/macite.tg\/?p=28462","og_locale":"fr_FR","og_type":"article","og_title":"SECURITE DES JOURNALISTES : L\u2019UJIT et la MFWA pour un environnement plus s\u00fbr -","og_description":"Revisiter les normes professionnelles des journalistes, renforcer les m\u00e9canismes de protection des acteurs des m\u00e9dias mais aussi permette \u00e0 la presse de jouer pleinement et efficacement son r\u00f4le dans la consolidation de la gouvernance d\u00e9mocratique, tels sont les pr\u00e9ceptes autour desquels une trentaine d\u2019acteurs des [&hellip;]","og_url":"https:\/\/macite.tg\/?p=28462","article_published_time":"2026-02-18T15:03:44+00:00","article_modified_time":"2026-02-20T16:57:19+00:00","og_image":[{"width":500,"height":375,"url":"https:\/\/macite.tg\/wp-content\/uploads\/2026\/02\/a75b25f2-d9f6-402a-8a3c-318497ee8540.jpg","type":"image\/jpeg"}],"author":"Jean Pierre BAWELA","twitter_card":"summary_large_image","twitter_misc":{"\u00c9crit par":"Jean Pierre BAWELA","Dur\u00e9e de lecture estim\u00e9e":"4 minutes"},"schema":{"@context":"https:\/\/schema.org","@graph":[{"@type":"Article","@id":"https:\/\/macite.tg\/?p=28462#article","isPartOf":{"@id":"https:\/\/macite.tg\/?p=28462"},"author":{"name":"Jean Pierre BAWELA","@id":"https:\/\/macite.tg\/#\/schema\/person\/e9f2de7e5dbbe7770a9402c7ce82f5c2"},"headline":"SECURITE DES JOURNALISTES : L\u2019UJIT et la MFWA pour un environnement plus s\u00fbr","datePublished":"2026-02-18T15:03:44+00:00","dateModified":"2026-02-20T16:57:19+00:00","mainEntityOfPage":{"@id":"https:\/\/macite.tg\/?p=28462"},"wordCount":621,"commentCount":0,"image":{"@id":"https:\/\/macite.tg\/?p=28462#primaryimage"},"thumbnailUrl":"https:\/\/macite.tg\/wp-content\/uploads\/2026\/02\/a75b25f2-d9f6-402a-8a3c-318497ee8540.jpg","articleSection":["ACTUALITE","MEDIAS","SECURITE"],"inLanguage":"fr-FR","potentialAction":[{"@type":"CommentAction","name":"Comment","target":["https:\/\/macite.tg\/?p=28462#respond"]}]},{"@type":"WebPage","@id":"https:\/\/macite.tg\/?p=28462","url":"https:\/\/macite.tg\/?p=28462","name":"SECURITE DES JOURNALISTES : L\u2019UJIT et la MFWA pour un environnement plus s\u00fbr -","isPartOf":{"@id":"https:\/\/macite.tg\/#website"},"primaryImageOfPage":{"@id":"https:\/\/macite.tg\/?p=28462#primaryimage"},"image":{"@id":"https:\/\/macite.tg\/?p=28462#primaryimage"},"thumbnailUrl":"https:\/\/macite.tg\/wp-content\/uploads\/2026\/02\/a75b25f2-d9f6-402a-8a3c-318497ee8540.jpg","datePublished":"2026-02-18T15:03:44+00:00","dateModified":"2026-02-20T16:57:19+00:00","author":{"@id":"https:\/\/macite.tg\/#\/schema\/person\/e9f2de7e5dbbe7770a9402c7ce82f5c2"},"breadcrumb":{"@id":"https:\/\/macite.tg\/?p=28462#breadcrumb"},"inLanguage":"fr-FR","potentialAction":[{"@type":"ReadAction","target":["https:\/\/macite.tg\/?p=28462"]}]},{"@type":"ImageObject","inLanguage":"fr-FR","@id":"https:\/\/macite.tg\/?p=28462#primaryimage","url":"https:\/\/macite.tg\/wp-content\/uploads\/2026\/02\/a75b25f2-d9f6-402a-8a3c-318497ee8540.jpg","contentUrl":"https:\/\/macite.tg\/wp-content\/uploads\/2026\/02\/a75b25f2-d9f6-402a-8a3c-318497ee8540.jpg","width":500,"height":375},{"@type":"BreadcrumbList","@id":"https:\/\/macite.tg\/?p=28462#breadcrumb","itemListElement":[{"@type":"ListItem","position":1,"name":"Accueil","item":"https:\/\/macite.tg\/"},{"@type":"ListItem","position":2,"name":"SECURITE DES JOURNALISTES : L\u2019UJIT et la MFWA pour un environnement plus s\u00fbr"}]},{"@type":"WebSite","@id":"https:\/\/macite.tg\/#website","url":"https:\/\/macite.tg\/","name":"","description":"L&#039;information, la bonne!!!","potentialAction":[{"@type":"SearchAction","target":{"@type":"EntryPoint","urlTemplate":"https:\/\/macite.tg\/?s={search_term_string}"},"query-input":{"@type":"PropertyValueSpecification","valueRequired":true,"valueName":"search_term_string"}}],"inLanguage":"fr-FR"},{"@type":"Person","@id":"https:\/\/macite.tg\/#\/schema\/person\/e9f2de7e5dbbe7770a9402c7ce82f5c2","name":"Jean Pierre BAWELA","image":{"@type":"ImageObject","inLanguage":"fr-FR","@id":"https:\/\/macite.tg\/wp-content\/uploads\/2023\/09\/WhatsApp-Image-2023-09-19-at-14.44.41-122x122.jpeg","url":"https:\/\/macite.tg\/wp-content\/uploads\/2023\/09\/WhatsApp-Image-2023-09-19-at-14.44.41-122x122.jpeg","contentUrl":"https:\/\/macite.tg\/wp-content\/uploads\/2023\/09\/WhatsApp-Image-2023-09-19-at-14.44.41-122x122.jpeg","caption":"Jean Pierre BAWELA"},"url":"https:\/\/macite.tg\/?author=2"}]}},"_links":{"self":[{"href":"https:\/\/macite.tg\/index.php?rest_route=\/wp\/v2\/posts\/28462","targetHints":{"allow":["GET"]}}],"collection":[{"href":"https:\/\/macite.tg\/index.php?rest_route=\/wp\/v2\/posts"}],"about":[{"href":"https:\/\/macite.tg\/index.php?rest_route=\/wp\/v2\/types\/post"}],"author":[{"embeddable":true,"href":"https:\/\/macite.tg\/index.php?rest_route=\/wp\/v2\/users\/2"}],"replies":[{"embeddable":true,"href":"https:\/\/macite.tg\/index.php?rest_route=%2Fwp%2Fv2%2Fcomments&post=28462"}],"version-history":[{"count":0,"href":"https:\/\/macite.tg\/index.php?rest_route=\/wp\/v2\/posts\/28462\/revisions"}],"wp:featuredmedia":[{"embeddable":true,"href":"https:\/\/macite.tg\/index.php?rest_route=\/wp\/v2\/media\/28463"}],"wp:attachment":[{"href":"https:\/\/macite.tg\/index.php?rest_route=%2Fwp%2Fv2%2Fmedia&parent=28462"}],"wp:term":[{"taxonomy":"category","embeddable":true,"href":"https:\/\/macite.tg\/index.php?rest_route=%2Fwp%2Fv2%2Fcategories&post=28462"},{"taxonomy":"post_tag","embeddable":true,"href":"https:\/\/macite.tg\/index.php?rest_route=%2Fwp%2Fv2%2Ftags&post=28462"}],"curies":[{"name":"wp","href":"https:\/\/api.w.org\/{rel}","templated":true}]}}