{"id":28187,"date":"2026-02-10T09:27:09","date_gmt":"2026-02-10T09:27:09","guid":{"rendered":"https:\/\/macite.tg\/?p=28187"},"modified":"2026-02-10T09:29:09","modified_gmt":"2026-02-10T09:29:09","slug":"caf-patrice-motsepe-convoque-une-reunion-extraordinaire-cette-semaine","status":"publish","type":"post","link":"https:\/\/macite.tg\/?p=28187","title":{"rendered":"REUNION EXTRAORDINAIRE DE LA CAF\u00a0: Le code disciplinaire, la CAN f\u00e9minine 2026 sur la table \u00e0 Dar es-Salaam ce vendredi"},"content":{"rendered":"\n<p class=\"wp-block-paragraph\"><strong><em>Le comit\u00e9 ex\u00e9cutif de la Conf\u00e9d\u00e9ration africaine de football (CAF) tiendra une r\u00e9union extraordinaire vendredi prochain, \u00e0 l\u2019initiative du Sud-Africain Patrice Motsepe, pr\u00e9sident de l\u2019instance continentale, selon un rapport de presse publi\u00e9 ce dimanche.<\/em><\/strong><\/p>\n\n\n\n<p class=\"wp-block-paragraph\">Des m\u00e9dias ont r\u00e9v\u00e9l\u00e9 que cette r\u00e9union se tiendra dans la capitale tanzanienne, Dar es-Salaam. Il a \u00e9galement \u00e9t\u00e9 indiqu\u00e9 que la r\u00e9union examinera une modification du r\u00e8glement du Code disciplinaire, notamment en ce qui concerne le retrait d\u2019une \u00e9quipe ou d\u2019une s\u00e9lection du terrain avant le coup de sifflet final de l\u2019arbitre, \u00e0 la lumi\u00e8re des \u00e9v\u00e9nements regrettables survenus lors de la finale de la Coupe d\u2019Afrique des nations 2025 entre le S\u00e9n\u00e9gal et le Maroc.<\/p>\n\n\n\n<figure class=\"wp-block-image size-full\"><img loading=\"lazy\" decoding=\"async\" width=\"851\" height=\"315\" src=\"https:\/\/macite.tg\/wp-content\/uploads\/2026\/02\/OTR_Bandeau-Renseignements.jpg\" alt=\"\" class=\"wp-image-28024\" srcset=\"https:\/\/macite.tg\/wp-content\/uploads\/2026\/02\/OTR_Bandeau-Renseignements.jpg 851w, https:\/\/macite.tg\/wp-content\/uploads\/2026\/02\/OTR_Bandeau-Renseignements-300x111.jpg 300w, https:\/\/macite.tg\/wp-content\/uploads\/2026\/02\/OTR_Bandeau-Renseignements-768x284.jpg 768w\" sizes=\"auto, (max-width: 851px) 100vw, 851px\" \/><\/figure>\n\n\n\n<p class=\"wp-block-paragraph\">Les m\u00eames sources ont soulign\u00e9 que la r\u00e9union tranchera \u00e9galement sur le sort de la Coupe d\u2019Afrique des nations f\u00e9minine, pr\u00e9vue au Maroc du 17 mars au 3 avril 2026, apr\u00e8s la circulation d\u2019informations faisant \u00e9tat d\u2019un d\u00e9sistement de la F\u00e9d\u00e9ration royale marocaine de football ou d\u2019une demande de report.<\/p>\n\n\n\n<p class=\"wp-block-paragraph\">Il a \u00e9t\u00e9 pr\u00e9cis\u00e9 que Patrice Motsepe compte laisser l\u2019ordre du jour ouvert aux autres membres afin de permettre la pr\u00e9sentation d\u2019autres pr\u00e9occupations et propositions.<\/p>\n\n\n\n<p class=\"wp-block-paragraph\">Les sources estiment que l\u2019arbitrage et la technologie de l\u2019arbitrage vid\u00e9o (VAR) figureront \u00e9galement parmi les autres sujets \u00e0 l\u2019ordre du jour, notamment apr\u00e8s la vague de critiques ayant vis\u00e9 l\u2019arbitrage africain lors de la plus prestigieuse comp\u00e9tition continentale.<\/p>\n\n\n\n<p class=\"wp-block-paragraph\">\u00c0 la fin du mois dernier, Patrice Motsepe avait d\u00e9clar\u00e9 ressentir une grande d\u00e9ception face aux incidents inacceptables survenus lors des phases finales de la Coupe d\u2019Afrique des nations organis\u00e9e au Maroc, affirmant son respect et son engagement \u00e0 appliquer toute d\u00e9cision \u00e9manant des instances juridictionnelles de la CAF.<\/p>\n\n\n\n<p class=\"wp-block-paragraph\">Dans des d\u00e9clarations publi\u00e9es sur le site officiel de la CAF, Motsepe a d\u00e9clar\u00e9 : <em>\u00ab J\u2019ai convoqu\u00e9 une r\u00e9union du comit\u00e9 ex\u00e9cutif de la CAF, la plus haute instance d\u00e9cisionnelle de la Conf\u00e9d\u00e9ration en dehors de l\u2019assembl\u00e9e g\u00e9n\u00e9rale ordinaire annuelle, afin de r\u00e9viser les r\u00e8glements, y compris le Code disciplinaire. \u00bb<\/em><\/p>\n\n\n<div class=\"wp-block-image\">\n<figure class=\"aligncenter size-full is-resized\"><img loading=\"lazy\" decoding=\"async\" width=\"500\" height=\"304\" src=\"https:\/\/macite.tg\/wp-content\/uploads\/2026\/02\/OTR_SAM.jpg\" alt=\"\" class=\"wp-image-28174\" style=\"width:654px;height:auto\" srcset=\"https:\/\/macite.tg\/wp-content\/uploads\/2026\/02\/OTR_SAM.jpg 500w, https:\/\/macite.tg\/wp-content\/uploads\/2026\/02\/OTR_SAM-300x182.jpg 300w\" sizes=\"auto, (max-width: 500px) 100vw, 500px\" \/><\/figure>\n<\/div>\n\n\n<p class=\"wp-block-paragraph\">Il a soulign\u00e9 que la CAF est d\u00e9termin\u00e9e <em>\u00ab \u00e0 allouer des ressources financi\u00e8res suppl\u00e9mentaires et des expertises techniques sp\u00e9cialis\u00e9es afin de garantir que la qualit\u00e9, l\u2019int\u00e9grit\u00e9, l\u2019impartialit\u00e9, les comp\u00e9tences et l\u2019exp\u00e9rience des arbitres africains, des op\u00e9rateurs de l\u2019arbitrage vid\u00e9o assist\u00e9 et des commissaires de matchs soient au niveau des meilleurs au monde \u00bb.<\/em><\/p>\n\n\n\n<p class=\"wp-block-paragraph\"><strong>MSN<\/strong><\/p>\n\n\n\n<p class=\"wp-block-paragraph\"><a><strong><em>@macite.tg&nbsp;&nbsp;&nbsp;&nbsp;&nbsp;&nbsp;&nbsp;&nbsp;<\/em><\/strong><\/a><\/p>\n\n\n\n<p class=\"wp-block-paragraph\"><strong><em>E-mail&nbsp;: <\/em><\/strong><a href=\"mailto:maciteinfo@gmail.com\"><strong><em>maciteinfo@gmail.com<\/em><\/strong><\/a><strong><em>; <\/em><\/strong><a href=\"mailto:bawela1@gmail.com\"><strong><em>bawela1@gmail.com<\/em><\/strong><\/a><strong><em><\/em><\/strong><\/p>\n\n\n\n<p class=\"wp-block-paragraph\"><strong><em>Pour vos annonces, (publi)reportages, etc., joignez-nous au (00228)91515309\/<strong>79872224 <\/strong><strong><\/strong><\/em><\/strong><\/p>\n\n\n\n<p class=\"wp-block-paragraph\"><strong><em>www.macite.tg, L\u2019information, la bonne&nbsp;!<\/em><\/strong><\/p>\n\n\n\n<p class=\"wp-block-paragraph\"><\/p>\n","protected":false},"excerpt":{"rendered":"<p class=\"text-justify mb-2\" >Le comit\u00e9 ex\u00e9cutif de la Conf\u00e9d\u00e9ration africaine de football (CAF) tiendra une r\u00e9union extraordinaire vendredi prochain, \u00e0 l\u2019initiative du Sud-Africain Patrice Motsepe, pr\u00e9sident de l\u2019instance continentale, selon un rapport de presse publi\u00e9 ce dimanche. Des m\u00e9dias ont r\u00e9v\u00e9l\u00e9 que cette r\u00e9union se tiendra dans la [&hellip;]<\/p>\n","protected":false},"author":2,"featured_media":28189,"comment_status":"open","ping_status":"open","sticky":false,"template":"","format":"standard","meta":{"footnotes":""},"categories":[20,63,7],"tags":[],"class_list":["post-28187","post","type-post","status-publish","format-standard","has-post-thumbnail","hentry","category-actualite","category-football","category-sports"],"yoast_head":"<!-- This site is optimized with the Yoast SEO plugin v28.4 - https:\/\/yoast.com\/product\/yoast-seo-wordpress\/ -->\n<title>REUNION EXTRAORDINAIRE DE LA CAF\u00a0: Le code disciplinaire, la CAN f\u00e9minine 2026 sur la table \u00e0 Dar es-Salaam ce vendredi -<\/title>\n<meta name=\"robots\" content=\"index, follow, max-snippet:-1, max-image-preview:large, max-video-preview:-1\" \/>\n<link rel=\"canonical\" href=\"https:\/\/macite.tg\/?p=28187\" \/>\n<meta property=\"og:locale\" content=\"fr_FR\" \/>\n<meta property=\"og:type\" content=\"article\" \/>\n<meta property=\"og:title\" content=\"REUNION EXTRAORDINAIRE DE LA CAF\u00a0: Le code disciplinaire, la CAN f\u00e9minine 2026 sur la table \u00e0 Dar es-Salaam ce vendredi -\" \/>\n<meta property=\"og:description\" content=\"Le comit\u00e9 ex\u00e9cutif de la Conf\u00e9d\u00e9ration africaine de football (CAF) tiendra une r\u00e9union extraordinaire vendredi prochain, \u00e0 l\u2019initiative du Sud-Africain Patrice Motsepe, pr\u00e9sident de l\u2019instance continentale, selon un rapport de presse publi\u00e9 ce dimanche. Des m\u00e9dias ont r\u00e9v\u00e9l\u00e9 que cette r\u00e9union se tiendra dans la [&hellip;]\" \/>\n<meta property=\"og:url\" content=\"https:\/\/macite.tg\/?p=28187\" \/>\n<meta property=\"article:published_time\" content=\"2026-02-10T09:27:09+00:00\" \/>\n<meta property=\"article:modified_time\" content=\"2026-02-10T09:29:09+00:00\" \/>\n<meta property=\"og:image\" content=\"https:\/\/macite.tg\/wp-content\/uploads\/2026\/02\/image-40.png\" \/>\n\t<meta property=\"og:image:width\" content=\"534\" \/>\n\t<meta property=\"og:image:height\" content=\"356\" \/>\n\t<meta property=\"og:image:type\" content=\"image\/png\" \/>\n<meta name=\"author\" content=\"Jean Pierre BAWELA\" \/>\n<meta name=\"twitter:card\" content=\"summary_large_image\" \/>\n<meta name=\"twitter:label1\" content=\"\u00c9crit par\" \/>\n\t<meta name=\"twitter:data1\" content=\"Jean Pierre BAWELA\" \/>\n\t<meta name=\"twitter:label2\" content=\"Dur\u00e9e de lecture estim\u00e9e\" \/>\n\t<meta name=\"twitter:data2\" content=\"3 minutes\" \/>\n<script type=\"application\/ld+json\" class=\"yoast-schema-graph\">{\"@context\":\"https:\\\/\\\/schema.org\",\"@graph\":[{\"@type\":\"Article\",\"@id\":\"https:\\\/\\\/macite.tg\\\/?p=28187#article\",\"isPartOf\":{\"@id\":\"https:\\\/\\\/macite.tg\\\/?p=28187\"},\"author\":{\"name\":\"Jean Pierre BAWELA\",\"@id\":\"https:\\\/\\\/macite.tg\\\/#\\\/schema\\\/person\\\/e9f2de7e5dbbe7770a9402c7ce82f5c2\"},\"headline\":\"REUNION EXTRAORDINAIRE DE LA CAF\u00a0: Le code disciplinaire, la CAN f\u00e9minine 2026 sur la table \u00e0 Dar es-Salaam ce vendredi\",\"datePublished\":\"2026-02-10T09:27:09+00:00\",\"dateModified\":\"2026-02-10T09:29:09+00:00\",\"mainEntityOfPage\":{\"@id\":\"https:\\\/\\\/macite.tg\\\/?p=28187\"},\"wordCount\":500,\"commentCount\":0,\"image\":{\"@id\":\"https:\\\/\\\/macite.tg\\\/?p=28187#primaryimage\"},\"thumbnailUrl\":\"https:\\\/\\\/macite.tg\\\/wp-content\\\/uploads\\\/2026\\\/02\\\/image-40.png\",\"articleSection\":[\"ACTUALITE\",\"FOOTBALL\",\"SPORTS\"],\"inLanguage\":\"fr-FR\",\"potentialAction\":[{\"@type\":\"CommentAction\",\"name\":\"Comment\",\"target\":[\"https:\\\/\\\/macite.tg\\\/?p=28187#respond\"]}]},{\"@type\":\"WebPage\",\"@id\":\"https:\\\/\\\/macite.tg\\\/?p=28187\",\"url\":\"https:\\\/\\\/macite.tg\\\/?p=28187\",\"name\":\"REUNION EXTRAORDINAIRE DE LA CAF\u00a0: Le code disciplinaire, la CAN f\u00e9minine 2026 sur la table \u00e0 Dar es-Salaam ce vendredi -\",\"isPartOf\":{\"@id\":\"https:\\\/\\\/macite.tg\\\/#website\"},\"primaryImageOfPage\":{\"@id\":\"https:\\\/\\\/macite.tg\\\/?p=28187#primaryimage\"},\"image\":{\"@id\":\"https:\\\/\\\/macite.tg\\\/?p=28187#primaryimage\"},\"thumbnailUrl\":\"https:\\\/\\\/macite.tg\\\/wp-content\\\/uploads\\\/2026\\\/02\\\/image-40.png\",\"datePublished\":\"2026-02-10T09:27:09+00:00\",\"dateModified\":\"2026-02-10T09:29:09+00:00\",\"author\":{\"@id\":\"https:\\\/\\\/macite.tg\\\/#\\\/schema\\\/person\\\/e9f2de7e5dbbe7770a9402c7ce82f5c2\"},\"breadcrumb\":{\"@id\":\"https:\\\/\\\/macite.tg\\\/?p=28187#breadcrumb\"},\"inLanguage\":\"fr-FR\",\"potentialAction\":[{\"@type\":\"ReadAction\",\"target\":[\"https:\\\/\\\/macite.tg\\\/?p=28187\"]}]},{\"@type\":\"ImageObject\",\"inLanguage\":\"fr-FR\",\"@id\":\"https:\\\/\\\/macite.tg\\\/?p=28187#primaryimage\",\"url\":\"https:\\\/\\\/macite.tg\\\/wp-content\\\/uploads\\\/2026\\\/02\\\/image-40.png\",\"contentUrl\":\"https:\\\/\\\/macite.tg\\\/wp-content\\\/uploads\\\/2026\\\/02\\\/image-40.png\",\"width\":534,\"height\":356,\"caption\":\"Le sud-africain Patrice Mosepse, pr\u00e9sident de la CAF\"},{\"@type\":\"BreadcrumbList\",\"@id\":\"https:\\\/\\\/macite.tg\\\/?p=28187#breadcrumb\",\"itemListElement\":[{\"@type\":\"ListItem\",\"position\":1,\"name\":\"Accueil\",\"item\":\"https:\\\/\\\/macite.tg\\\/\"},{\"@type\":\"ListItem\",\"position\":2,\"name\":\"REUNION EXTRAORDINAIRE DE LA CAF\u00a0: Le code disciplinaire, la CAN f\u00e9minine 2026 sur la table \u00e0 Dar es-Salaam ce vendredi\"}]},{\"@type\":\"WebSite\",\"@id\":\"https:\\\/\\\/macite.tg\\\/#website\",\"url\":\"https:\\\/\\\/macite.tg\\\/\",\"name\":\"\",\"description\":\"L&#039;information, la bonne!!!\",\"potentialAction\":[{\"@type\":\"SearchAction\",\"target\":{\"@type\":\"EntryPoint\",\"urlTemplate\":\"https:\\\/\\\/macite.tg\\\/?s={search_term_string}\"},\"query-input\":{\"@type\":\"PropertyValueSpecification\",\"valueRequired\":true,\"valueName\":\"search_term_string\"}}],\"inLanguage\":\"fr-FR\"},{\"@type\":\"Person\",\"@id\":\"https:\\\/\\\/macite.tg\\\/#\\\/schema\\\/person\\\/e9f2de7e5dbbe7770a9402c7ce82f5c2\",\"name\":\"Jean Pierre BAWELA\",\"image\":{\"@type\":\"ImageObject\",\"inLanguage\":\"fr-FR\",\"@id\":\"https:\\\/\\\/macite.tg\\\/wp-content\\\/uploads\\\/2023\\\/09\\\/WhatsApp-Image-2023-09-19-at-14.44.41-122x122.jpeg\",\"url\":\"https:\\\/\\\/macite.tg\\\/wp-content\\\/uploads\\\/2023\\\/09\\\/WhatsApp-Image-2023-09-19-at-14.44.41-122x122.jpeg\",\"contentUrl\":\"https:\\\/\\\/macite.tg\\\/wp-content\\\/uploads\\\/2023\\\/09\\\/WhatsApp-Image-2023-09-19-at-14.44.41-122x122.jpeg\",\"caption\":\"Jean Pierre BAWELA\"},\"url\":\"https:\\\/\\\/macite.tg\\\/?author=2\"}]}<\/script>\n<!-- \/ Yoast SEO plugin. -->","yoast_head_json":{"title":"REUNION EXTRAORDINAIRE DE LA CAF\u00a0: Le code disciplinaire, la CAN f\u00e9minine 2026 sur la table \u00e0 Dar es-Salaam ce vendredi -","robots":{"index":"index","follow":"follow","max-snippet":"max-snippet:-1","max-image-preview":"max-image-preview:large","max-video-preview":"max-video-preview:-1"},"canonical":"https:\/\/macite.tg\/?p=28187","og_locale":"fr_FR","og_type":"article","og_title":"REUNION EXTRAORDINAIRE DE LA CAF\u00a0: Le code disciplinaire, la CAN f\u00e9minine 2026 sur la table \u00e0 Dar es-Salaam ce vendredi -","og_description":"Le comit\u00e9 ex\u00e9cutif de la Conf\u00e9d\u00e9ration africaine de football (CAF) tiendra une r\u00e9union extraordinaire vendredi prochain, \u00e0 l\u2019initiative du Sud-Africain Patrice Motsepe, pr\u00e9sident de l\u2019instance continentale, selon un rapport de presse publi\u00e9 ce dimanche. Des m\u00e9dias ont r\u00e9v\u00e9l\u00e9 que cette r\u00e9union se tiendra dans la [&hellip;]","og_url":"https:\/\/macite.tg\/?p=28187","article_published_time":"2026-02-10T09:27:09+00:00","article_modified_time":"2026-02-10T09:29:09+00:00","og_image":[{"width":534,"height":356,"url":"https:\/\/macite.tg\/wp-content\/uploads\/2026\/02\/image-40.png","type":"image\/png"}],"author":"Jean Pierre BAWELA","twitter_card":"summary_large_image","twitter_misc":{"\u00c9crit par":"Jean Pierre BAWELA","Dur\u00e9e de lecture estim\u00e9e":"3 minutes"},"schema":{"@context":"https:\/\/schema.org","@graph":[{"@type":"Article","@id":"https:\/\/macite.tg\/?p=28187#article","isPartOf":{"@id":"https:\/\/macite.tg\/?p=28187"},"author":{"name":"Jean Pierre BAWELA","@id":"https:\/\/macite.tg\/#\/schema\/person\/e9f2de7e5dbbe7770a9402c7ce82f5c2"},"headline":"REUNION EXTRAORDINAIRE DE LA CAF\u00a0: Le code disciplinaire, la CAN f\u00e9minine 2026 sur la table \u00e0 Dar es-Salaam ce vendredi","datePublished":"2026-02-10T09:27:09+00:00","dateModified":"2026-02-10T09:29:09+00:00","mainEntityOfPage":{"@id":"https:\/\/macite.tg\/?p=28187"},"wordCount":500,"commentCount":0,"image":{"@id":"https:\/\/macite.tg\/?p=28187#primaryimage"},"thumbnailUrl":"https:\/\/macite.tg\/wp-content\/uploads\/2026\/02\/image-40.png","articleSection":["ACTUALITE","FOOTBALL","SPORTS"],"inLanguage":"fr-FR","potentialAction":[{"@type":"CommentAction","name":"Comment","target":["https:\/\/macite.tg\/?p=28187#respond"]}]},{"@type":"WebPage","@id":"https:\/\/macite.tg\/?p=28187","url":"https:\/\/macite.tg\/?p=28187","name":"REUNION EXTRAORDINAIRE DE LA CAF\u00a0: Le code disciplinaire, la CAN f\u00e9minine 2026 sur la table \u00e0 Dar es-Salaam ce vendredi -","isPartOf":{"@id":"https:\/\/macite.tg\/#website"},"primaryImageOfPage":{"@id":"https:\/\/macite.tg\/?p=28187#primaryimage"},"image":{"@id":"https:\/\/macite.tg\/?p=28187#primaryimage"},"thumbnailUrl":"https:\/\/macite.tg\/wp-content\/uploads\/2026\/02\/image-40.png","datePublished":"2026-02-10T09:27:09+00:00","dateModified":"2026-02-10T09:29:09+00:00","author":{"@id":"https:\/\/macite.tg\/#\/schema\/person\/e9f2de7e5dbbe7770a9402c7ce82f5c2"},"breadcrumb":{"@id":"https:\/\/macite.tg\/?p=28187#breadcrumb"},"inLanguage":"fr-FR","potentialAction":[{"@type":"ReadAction","target":["https:\/\/macite.tg\/?p=28187"]}]},{"@type":"ImageObject","inLanguage":"fr-FR","@id":"https:\/\/macite.tg\/?p=28187#primaryimage","url":"https:\/\/macite.tg\/wp-content\/uploads\/2026\/02\/image-40.png","contentUrl":"https:\/\/macite.tg\/wp-content\/uploads\/2026\/02\/image-40.png","width":534,"height":356,"caption":"Le sud-africain Patrice Mosepse, pr\u00e9sident de la CAF"},{"@type":"BreadcrumbList","@id":"https:\/\/macite.tg\/?p=28187#breadcrumb","itemListElement":[{"@type":"ListItem","position":1,"name":"Accueil","item":"https:\/\/macite.tg\/"},{"@type":"ListItem","position":2,"name":"REUNION EXTRAORDINAIRE DE LA CAF\u00a0: Le code disciplinaire, la CAN f\u00e9minine 2026 sur la table \u00e0 Dar es-Salaam ce vendredi"}]},{"@type":"WebSite","@id":"https:\/\/macite.tg\/#website","url":"https:\/\/macite.tg\/","name":"","description":"L&#039;information, la bonne!!!","potentialAction":[{"@type":"SearchAction","target":{"@type":"EntryPoint","urlTemplate":"https:\/\/macite.tg\/?s={search_term_string}"},"query-input":{"@type":"PropertyValueSpecification","valueRequired":true,"valueName":"search_term_string"}}],"inLanguage":"fr-FR"},{"@type":"Person","@id":"https:\/\/macite.tg\/#\/schema\/person\/e9f2de7e5dbbe7770a9402c7ce82f5c2","name":"Jean Pierre BAWELA","image":{"@type":"ImageObject","inLanguage":"fr-FR","@id":"https:\/\/macite.tg\/wp-content\/uploads\/2023\/09\/WhatsApp-Image-2023-09-19-at-14.44.41-122x122.jpeg","url":"https:\/\/macite.tg\/wp-content\/uploads\/2023\/09\/WhatsApp-Image-2023-09-19-at-14.44.41-122x122.jpeg","contentUrl":"https:\/\/macite.tg\/wp-content\/uploads\/2023\/09\/WhatsApp-Image-2023-09-19-at-14.44.41-122x122.jpeg","caption":"Jean Pierre BAWELA"},"url":"https:\/\/macite.tg\/?author=2"}]}},"_links":{"self":[{"href":"https:\/\/macite.tg\/index.php?rest_route=\/wp\/v2\/posts\/28187","targetHints":{"allow":["GET"]}}],"collection":[{"href":"https:\/\/macite.tg\/index.php?rest_route=\/wp\/v2\/posts"}],"about":[{"href":"https:\/\/macite.tg\/index.php?rest_route=\/wp\/v2\/types\/post"}],"author":[{"embeddable":true,"href":"https:\/\/macite.tg\/index.php?rest_route=\/wp\/v2\/users\/2"}],"replies":[{"embeddable":true,"href":"https:\/\/macite.tg\/index.php?rest_route=%2Fwp%2Fv2%2Fcomments&post=28187"}],"version-history":[{"count":0,"href":"https:\/\/macite.tg\/index.php?rest_route=\/wp\/v2\/posts\/28187\/revisions"}],"wp:featuredmedia":[{"embeddable":true,"href":"https:\/\/macite.tg\/index.php?rest_route=\/wp\/v2\/media\/28189"}],"wp:attachment":[{"href":"https:\/\/macite.tg\/index.php?rest_route=%2Fwp%2Fv2%2Fmedia&parent=28187"}],"wp:term":[{"taxonomy":"category","embeddable":true,"href":"https:\/\/macite.tg\/index.php?rest_route=%2Fwp%2Fv2%2Fcategories&post=28187"},{"taxonomy":"post_tag","embeddable":true,"href":"https:\/\/macite.tg\/index.php?rest_route=%2Fwp%2Fv2%2Ftags&post=28187"}],"curies":[{"name":"wp","href":"https:\/\/api.w.org\/{rel}","templated":true}]}}