{"id":28165,"date":"2026-02-09T12:06:00","date_gmt":"2026-02-09T12:06:00","guid":{"rendered":"https:\/\/macite.tg\/?p=28165"},"modified":"2026-02-09T12:11:26","modified_gmt":"2026-02-09T12:11:26","slug":"paix-et-securite-en-afrique-le-president-du-conseil-faure-gnasisngbe-en-visite-de-travail-a-luanda-angola","status":"publish","type":"post","link":"https:\/\/macite.tg\/?p=28165","title":{"rendered":"PAIX ET SECURITE EN AFRIQUE\u00a0: Le Pr\u00e9sident du Conseil Faure Gnassingb\u00e9 en visite de travail \u00e0 Luanda (Angola)"},"content":{"rendered":"\n<p class=\"wp-block-paragraph\"><strong><em>Le Pr\u00e9sident du Conseil, Faure Essozimna Gnassingb\u00e9, est, ce lundi 09 f\u00e9vrier, en visite de travail \u00e0 Luanda en Angola, indique un communiqu\u00e9 officiel.<\/em><\/strong><\/p>\n\n\n\n<p class=\"wp-block-paragraph\">A l\u2019invitation de Pr\u00e9sident de la R\u00e9publique d\u2019Angola, Jo\u00e3o Manuel Gon\u00e7alves Louren\u00e7o, \u00e9galement pr\u00e9sident en exercice de l\u2019Union africaine, le Pr\u00e9sident du Conseil, Faure Essozimna Gnassingb\u00e9, M\u00e9diateur de l\u2019Union africaine dans la crise qui secoue les Grands Lacs, effectue, ce 9 f\u00e9vrier, une visite de travail \u00e0 Luanda, en Angola.<\/p>\n\n\n<div class=\"wp-block-image\">\n<figure class=\"aligncenter size-full\"><img loading=\"lazy\" decoding=\"async\" width=\"851\" height=\"315\" src=\"https:\/\/macite.tg\/wp-content\/uploads\/2026\/02\/OTR_Bandeau-Renseignements.jpg\" alt=\"\" class=\"wp-image-28024\" srcset=\"https:\/\/macite.tg\/wp-content\/uploads\/2026\/02\/OTR_Bandeau-Renseignements.jpg 851w, https:\/\/macite.tg\/wp-content\/uploads\/2026\/02\/OTR_Bandeau-Renseignements-300x111.jpg 300w, https:\/\/macite.tg\/wp-content\/uploads\/2026\/02\/OTR_Bandeau-Renseignements-768x284.jpg 768w\" sizes=\"auto, (max-width: 851px) 100vw, 851px\" \/><\/figure>\n<\/div>\n\n\n<p class=\"wp-block-paragraph\">Deux sujets essentiels, meubleront cette visite. D\u2019abord, un t\u00eate-\u00e0-t\u00eate consacr\u00e9 aux principaux axes du partenariat, en vue de d\u00e9finir de nouvelles perspectives de coop\u00e9ration mutuellement avantageuses.<\/p>\n\n\n\n<p class=\"wp-block-paragraph\">Les deux dirigeants vont surtout aborder les questions d\u2019ordre r\u00e9gional et continental relatives \u00e0 l\u2019int\u00e9gration, la paix, la s\u00e9curit\u00e9 et la stabilit\u00e9 en Afrique, notamment dans la r\u00e9gion des Grands Lacs.<\/p>\n\n\n\n<p class=\"wp-block-paragraph\">Ce d\u00e9placement du leader togolais chez le pr\u00e9sident en exercice de l\u2019Ua, qui intervient \u00e0 quelques jours de la Conf\u00e9rence des chefs d\u2019Etat et de gouvernement de l\u2019instance continentale, se veut une d\u00e9marche inclusive et d\u00e9terminante en vue des r\u00e9solutions \u00e0 venir dans le cadre de la m\u00e9diation, concernant le dossier de la crise dans les Grands Lacs.<\/p>\n\n\n<div class=\"wp-block-image\">\n<figure class=\"aligncenter size-large is-resized\"><img loading=\"lazy\" decoding=\"async\" width=\"1024\" height=\"1024\" src=\"https:\/\/macite.tg\/wp-content\/uploads\/2026\/01\/623395023_1512975654170569_1154007761338906948_n-1024x1024.jpg\" alt=\"\" class=\"wp-image-27896\" style=\"width:520px;height:auto\" srcset=\"https:\/\/macite.tg\/wp-content\/uploads\/2026\/01\/623395023_1512975654170569_1154007761338906948_n-1024x1024.jpg 1024w, https:\/\/macite.tg\/wp-content\/uploads\/2026\/01\/623395023_1512975654170569_1154007761338906948_n-300x300.jpg 300w, https:\/\/macite.tg\/wp-content\/uploads\/2026\/01\/623395023_1512975654170569_1154007761338906948_n-150x150.jpg 150w, https:\/\/macite.tg\/wp-content\/uploads\/2026\/01\/623395023_1512975654170569_1154007761338906948_n-768x768.jpg 768w, https:\/\/macite.tg\/wp-content\/uploads\/2026\/01\/623395023_1512975654170569_1154007761338906948_n-122x122.jpg 122w, https:\/\/macite.tg\/wp-content\/uploads\/2026\/01\/623395023_1512975654170569_1154007761338906948_n.jpg 1080w\" sizes=\"auto, (max-width: 1024px) 100vw, 1024px\" \/><\/figure>\n<\/div>\n\n\n<p class=\"wp-block-paragraph\">Notons que Faure Gnasisngb\u00e9 et Jo\u00e3o Manuel Gon\u00e7alves Louren\u00e7o ont gard\u00e9 une communication ouverte et permanente sur des questions de port\u00e9e bilat\u00e9rale, r\u00e9gionale et continentale li\u00e9es \u00e0 la paix, la s\u00e9curit\u00e9 et l\u2019int\u00e9gration continentale.<\/p>\n\n\n\n<p class=\"wp-block-paragraph\"><strong>La R\u00e9daction<\/strong><\/p>\n\n\n\n<p class=\"wp-block-paragraph\"><a><strong><em>@macite.tg&nbsp;&nbsp;&nbsp;&nbsp;&nbsp;&nbsp;&nbsp;&nbsp;<\/em><\/strong><\/a><\/p>\n\n\n\n<p class=\"wp-block-paragraph\"><strong><em>E-mail&nbsp;: <\/em><\/strong><a href=\"mailto:maciteinfo@gmail.com\"><strong><em>maciteinfo@gmail.com<\/em><\/strong><\/a><strong><em>; <\/em><\/strong><a href=\"mailto:bawela1@gmail.com\"><strong><em>bawela1@gmail.com<\/em><\/strong><\/a><strong><em><\/em><\/strong><\/p>\n\n\n\n<p class=\"wp-block-paragraph\"><strong><em>Pour vos annonces, (publi)reportages, etc., joignez-nous au (00228)91515309\/<strong>79872224 <\/strong><strong><\/strong><\/em><\/strong><\/p>\n\n\n\n<p class=\"wp-block-paragraph\"><strong><em>www.macite.tg, L\u2019information, la bonne&nbsp;!<\/em><\/strong><\/p>\n\n\n\n<p class=\"wp-block-paragraph\"><\/p>\n","protected":false},"excerpt":{"rendered":"<p class=\"text-justify mb-2\" >Le Pr\u00e9sident du Conseil, Faure Essozimna Gnassingb\u00e9, est, ce lundi 09 f\u00e9vrier, en visite de travail \u00e0 Luanda en Angola, indique un communiqu\u00e9 officiel. A l\u2019invitation de Pr\u00e9sident de la R\u00e9publique d\u2019Angola, Jo\u00e3o Manuel Gon\u00e7alves Louren\u00e7o, \u00e9galement pr\u00e9sident en exercice de l\u2019Union africaine, le Pr\u00e9sident [&hellip;]<\/p>\n","protected":false},"author":2,"featured_media":28166,"comment_status":"open","ping_status":"open","sticky":false,"template":"","format":"standard","meta":{"footnotes":""},"categories":[20,8],"tags":[],"class_list":["post-28165","post","type-post","status-publish","format-standard","has-post-thumbnail","hentry","category-actualite","category-diplomatie"],"yoast_head":"<!-- This site is optimized with the Yoast SEO plugin v28.4 - https:\/\/yoast.com\/product\/yoast-seo-wordpress\/ -->\n<title>PAIX ET SECURITE EN AFRIQUE\u00a0: Le Pr\u00e9sident du Conseil Faure Gnassingb\u00e9 en visite de travail \u00e0 Luanda (Angola) -<\/title>\n<meta name=\"robots\" content=\"index, follow, max-snippet:-1, max-image-preview:large, max-video-preview:-1\" \/>\n<link rel=\"canonical\" href=\"https:\/\/macite.tg\/?p=28165\" \/>\n<meta property=\"og:locale\" content=\"fr_FR\" \/>\n<meta property=\"og:type\" content=\"article\" \/>\n<meta property=\"og:title\" content=\"PAIX ET SECURITE EN AFRIQUE\u00a0: Le Pr\u00e9sident du Conseil Faure Gnassingb\u00e9 en visite de travail \u00e0 Luanda (Angola) -\" \/>\n<meta property=\"og:description\" content=\"Le Pr\u00e9sident du Conseil, Faure Essozimna Gnassingb\u00e9, est, ce lundi 09 f\u00e9vrier, en visite de travail \u00e0 Luanda en Angola, indique un communiqu\u00e9 officiel. A l\u2019invitation de Pr\u00e9sident de la R\u00e9publique d\u2019Angola, Jo\u00e3o Manuel Gon\u00e7alves Louren\u00e7o, \u00e9galement pr\u00e9sident en exercice de l\u2019Union africaine, le Pr\u00e9sident [&hellip;]\" \/>\n<meta property=\"og:url\" content=\"https:\/\/macite.tg\/?p=28165\" \/>\n<meta property=\"article:published_time\" content=\"2026-02-09T12:06:00+00:00\" \/>\n<meta property=\"article:modified_time\" content=\"2026-02-09T12:11:26+00:00\" \/>\n<meta property=\"og:image\" content=\"https:\/\/macite.tg\/wp-content\/uploads\/2026\/02\/image-35.png\" \/>\n\t<meta property=\"og:image:width\" content=\"373\" \/>\n\t<meta property=\"og:image:height\" content=\"226\" \/>\n\t<meta property=\"og:image:type\" content=\"image\/png\" \/>\n<meta name=\"author\" content=\"Jean Pierre BAWELA\" \/>\n<meta name=\"twitter:card\" content=\"summary_large_image\" \/>\n<meta name=\"twitter:label1\" content=\"\u00c9crit par\" \/>\n\t<meta name=\"twitter:data1\" content=\"Jean Pierre BAWELA\" \/>\n\t<meta name=\"twitter:label2\" content=\"Dur\u00e9e de lecture estim\u00e9e\" \/>\n\t<meta name=\"twitter:data2\" content=\"2 minutes\" \/>\n<script type=\"application\/ld+json\" class=\"yoast-schema-graph\">{\"@context\":\"https:\\\/\\\/schema.org\",\"@graph\":[{\"@type\":\"Article\",\"@id\":\"https:\\\/\\\/macite.tg\\\/?p=28165#article\",\"isPartOf\":{\"@id\":\"https:\\\/\\\/macite.tg\\\/?p=28165\"},\"author\":{\"name\":\"Jean Pierre BAWELA\",\"@id\":\"https:\\\/\\\/macite.tg\\\/#\\\/schema\\\/person\\\/e9f2de7e5dbbe7770a9402c7ce82f5c2\"},\"headline\":\"PAIX ET SECURITE EN AFRIQUE\u00a0: Le Pr\u00e9sident du Conseil Faure Gnassingb\u00e9 en visite de travail \u00e0 Luanda (Angola)\",\"datePublished\":\"2026-02-09T12:06:00+00:00\",\"dateModified\":\"2026-02-09T12:11:26+00:00\",\"mainEntityOfPage\":{\"@id\":\"https:\\\/\\\/macite.tg\\\/?p=28165\"},\"wordCount\":317,\"commentCount\":0,\"image\":{\"@id\":\"https:\\\/\\\/macite.tg\\\/?p=28165#primaryimage\"},\"thumbnailUrl\":\"https:\\\/\\\/macite.tg\\\/wp-content\\\/uploads\\\/2026\\\/02\\\/image-35.png\",\"articleSection\":[\"ACTUALITE\",\"DIPLOMATIE\"],\"inLanguage\":\"fr-FR\",\"potentialAction\":[{\"@type\":\"CommentAction\",\"name\":\"Comment\",\"target\":[\"https:\\\/\\\/macite.tg\\\/?p=28165#respond\"]}]},{\"@type\":\"WebPage\",\"@id\":\"https:\\\/\\\/macite.tg\\\/?p=28165\",\"url\":\"https:\\\/\\\/macite.tg\\\/?p=28165\",\"name\":\"PAIX ET SECURITE EN AFRIQUE\u00a0: Le Pr\u00e9sident du Conseil Faure Gnassingb\u00e9 en visite de travail \u00e0 Luanda (Angola) -\",\"isPartOf\":{\"@id\":\"https:\\\/\\\/macite.tg\\\/#website\"},\"primaryImageOfPage\":{\"@id\":\"https:\\\/\\\/macite.tg\\\/?p=28165#primaryimage\"},\"image\":{\"@id\":\"https:\\\/\\\/macite.tg\\\/?p=28165#primaryimage\"},\"thumbnailUrl\":\"https:\\\/\\\/macite.tg\\\/wp-content\\\/uploads\\\/2026\\\/02\\\/image-35.png\",\"datePublished\":\"2026-02-09T12:06:00+00:00\",\"dateModified\":\"2026-02-09T12:11:26+00:00\",\"author\":{\"@id\":\"https:\\\/\\\/macite.tg\\\/#\\\/schema\\\/person\\\/e9f2de7e5dbbe7770a9402c7ce82f5c2\"},\"breadcrumb\":{\"@id\":\"https:\\\/\\\/macite.tg\\\/?p=28165#breadcrumb\"},\"inLanguage\":\"fr-FR\",\"potentialAction\":[{\"@type\":\"ReadAction\",\"target\":[\"https:\\\/\\\/macite.tg\\\/?p=28165\"]}]},{\"@type\":\"ImageObject\",\"inLanguage\":\"fr-FR\",\"@id\":\"https:\\\/\\\/macite.tg\\\/?p=28165#primaryimage\",\"url\":\"https:\\\/\\\/macite.tg\\\/wp-content\\\/uploads\\\/2026\\\/02\\\/image-35.png\",\"contentUrl\":\"https:\\\/\\\/macite.tg\\\/wp-content\\\/uploads\\\/2026\\\/02\\\/image-35.png\",\"width\":373,\"height\":226,\"caption\":\"T\u00eate-\u00e0-t\u00eate entre les pr\u00e9sidents Faure Gnassingb\u00e9 (g) et Jo\u00e3o Manuel Gon\u00e7alves Louren\u00e7o (dt)\"},{\"@type\":\"BreadcrumbList\",\"@id\":\"https:\\\/\\\/macite.tg\\\/?p=28165#breadcrumb\",\"itemListElement\":[{\"@type\":\"ListItem\",\"position\":1,\"name\":\"Accueil\",\"item\":\"https:\\\/\\\/macite.tg\\\/\"},{\"@type\":\"ListItem\",\"position\":2,\"name\":\"PAIX ET SECURITE EN AFRIQUE\u00a0: Le Pr\u00e9sident du Conseil Faure Gnassingb\u00e9 en visite de travail \u00e0 Luanda (Angola)\"}]},{\"@type\":\"WebSite\",\"@id\":\"https:\\\/\\\/macite.tg\\\/#website\",\"url\":\"https:\\\/\\\/macite.tg\\\/\",\"name\":\"\",\"description\":\"L&#039;information, la bonne!!!\",\"potentialAction\":[{\"@type\":\"SearchAction\",\"target\":{\"@type\":\"EntryPoint\",\"urlTemplate\":\"https:\\\/\\\/macite.tg\\\/?s={search_term_string}\"},\"query-input\":{\"@type\":\"PropertyValueSpecification\",\"valueRequired\":true,\"valueName\":\"search_term_string\"}}],\"inLanguage\":\"fr-FR\"},{\"@type\":\"Person\",\"@id\":\"https:\\\/\\\/macite.tg\\\/#\\\/schema\\\/person\\\/e9f2de7e5dbbe7770a9402c7ce82f5c2\",\"name\":\"Jean Pierre BAWELA\",\"image\":{\"@type\":\"ImageObject\",\"inLanguage\":\"fr-FR\",\"@id\":\"https:\\\/\\\/macite.tg\\\/wp-content\\\/uploads\\\/2023\\\/09\\\/WhatsApp-Image-2023-09-19-at-14.44.41-122x122.jpeg\",\"url\":\"https:\\\/\\\/macite.tg\\\/wp-content\\\/uploads\\\/2023\\\/09\\\/WhatsApp-Image-2023-09-19-at-14.44.41-122x122.jpeg\",\"contentUrl\":\"https:\\\/\\\/macite.tg\\\/wp-content\\\/uploads\\\/2023\\\/09\\\/WhatsApp-Image-2023-09-19-at-14.44.41-122x122.jpeg\",\"caption\":\"Jean Pierre BAWELA\"},\"url\":\"https:\\\/\\\/macite.tg\\\/?author=2\"}]}<\/script>\n<!-- \/ Yoast SEO plugin. -->","yoast_head_json":{"title":"PAIX ET SECURITE EN AFRIQUE\u00a0: Le Pr\u00e9sident du Conseil Faure Gnassingb\u00e9 en visite de travail \u00e0 Luanda (Angola) -","robots":{"index":"index","follow":"follow","max-snippet":"max-snippet:-1","max-image-preview":"max-image-preview:large","max-video-preview":"max-video-preview:-1"},"canonical":"https:\/\/macite.tg\/?p=28165","og_locale":"fr_FR","og_type":"article","og_title":"PAIX ET SECURITE EN AFRIQUE\u00a0: Le Pr\u00e9sident du Conseil Faure Gnassingb\u00e9 en visite de travail \u00e0 Luanda (Angola) -","og_description":"Le Pr\u00e9sident du Conseil, Faure Essozimna Gnassingb\u00e9, est, ce lundi 09 f\u00e9vrier, en visite de travail \u00e0 Luanda en Angola, indique un communiqu\u00e9 officiel. A l\u2019invitation de Pr\u00e9sident de la R\u00e9publique d\u2019Angola, Jo\u00e3o Manuel Gon\u00e7alves Louren\u00e7o, \u00e9galement pr\u00e9sident en exercice de l\u2019Union africaine, le Pr\u00e9sident [&hellip;]","og_url":"https:\/\/macite.tg\/?p=28165","article_published_time":"2026-02-09T12:06:00+00:00","article_modified_time":"2026-02-09T12:11:26+00:00","og_image":[{"width":373,"height":226,"url":"https:\/\/macite.tg\/wp-content\/uploads\/2026\/02\/image-35.png","type":"image\/png"}],"author":"Jean Pierre BAWELA","twitter_card":"summary_large_image","twitter_misc":{"\u00c9crit par":"Jean Pierre BAWELA","Dur\u00e9e de lecture estim\u00e9e":"2 minutes"},"schema":{"@context":"https:\/\/schema.org","@graph":[{"@type":"Article","@id":"https:\/\/macite.tg\/?p=28165#article","isPartOf":{"@id":"https:\/\/macite.tg\/?p=28165"},"author":{"name":"Jean Pierre BAWELA","@id":"https:\/\/macite.tg\/#\/schema\/person\/e9f2de7e5dbbe7770a9402c7ce82f5c2"},"headline":"PAIX ET SECURITE EN AFRIQUE\u00a0: Le Pr\u00e9sident du Conseil Faure Gnassingb\u00e9 en visite de travail \u00e0 Luanda (Angola)","datePublished":"2026-02-09T12:06:00+00:00","dateModified":"2026-02-09T12:11:26+00:00","mainEntityOfPage":{"@id":"https:\/\/macite.tg\/?p=28165"},"wordCount":317,"commentCount":0,"image":{"@id":"https:\/\/macite.tg\/?p=28165#primaryimage"},"thumbnailUrl":"https:\/\/macite.tg\/wp-content\/uploads\/2026\/02\/image-35.png","articleSection":["ACTUALITE","DIPLOMATIE"],"inLanguage":"fr-FR","potentialAction":[{"@type":"CommentAction","name":"Comment","target":["https:\/\/macite.tg\/?p=28165#respond"]}]},{"@type":"WebPage","@id":"https:\/\/macite.tg\/?p=28165","url":"https:\/\/macite.tg\/?p=28165","name":"PAIX ET SECURITE EN AFRIQUE\u00a0: Le Pr\u00e9sident du Conseil Faure Gnassingb\u00e9 en visite de travail \u00e0 Luanda (Angola) -","isPartOf":{"@id":"https:\/\/macite.tg\/#website"},"primaryImageOfPage":{"@id":"https:\/\/macite.tg\/?p=28165#primaryimage"},"image":{"@id":"https:\/\/macite.tg\/?p=28165#primaryimage"},"thumbnailUrl":"https:\/\/macite.tg\/wp-content\/uploads\/2026\/02\/image-35.png","datePublished":"2026-02-09T12:06:00+00:00","dateModified":"2026-02-09T12:11:26+00:00","author":{"@id":"https:\/\/macite.tg\/#\/schema\/person\/e9f2de7e5dbbe7770a9402c7ce82f5c2"},"breadcrumb":{"@id":"https:\/\/macite.tg\/?p=28165#breadcrumb"},"inLanguage":"fr-FR","potentialAction":[{"@type":"ReadAction","target":["https:\/\/macite.tg\/?p=28165"]}]},{"@type":"ImageObject","inLanguage":"fr-FR","@id":"https:\/\/macite.tg\/?p=28165#primaryimage","url":"https:\/\/macite.tg\/wp-content\/uploads\/2026\/02\/image-35.png","contentUrl":"https:\/\/macite.tg\/wp-content\/uploads\/2026\/02\/image-35.png","width":373,"height":226,"caption":"T\u00eate-\u00e0-t\u00eate entre les pr\u00e9sidents Faure Gnassingb\u00e9 (g) et Jo\u00e3o Manuel Gon\u00e7alves Louren\u00e7o (dt)"},{"@type":"BreadcrumbList","@id":"https:\/\/macite.tg\/?p=28165#breadcrumb","itemListElement":[{"@type":"ListItem","position":1,"name":"Accueil","item":"https:\/\/macite.tg\/"},{"@type":"ListItem","position":2,"name":"PAIX ET SECURITE EN AFRIQUE\u00a0: Le Pr\u00e9sident du Conseil Faure Gnassingb\u00e9 en visite de travail \u00e0 Luanda (Angola)"}]},{"@type":"WebSite","@id":"https:\/\/macite.tg\/#website","url":"https:\/\/macite.tg\/","name":"","description":"L&#039;information, la bonne!!!","potentialAction":[{"@type":"SearchAction","target":{"@type":"EntryPoint","urlTemplate":"https:\/\/macite.tg\/?s={search_term_string}"},"query-input":{"@type":"PropertyValueSpecification","valueRequired":true,"valueName":"search_term_string"}}],"inLanguage":"fr-FR"},{"@type":"Person","@id":"https:\/\/macite.tg\/#\/schema\/person\/e9f2de7e5dbbe7770a9402c7ce82f5c2","name":"Jean Pierre BAWELA","image":{"@type":"ImageObject","inLanguage":"fr-FR","@id":"https:\/\/macite.tg\/wp-content\/uploads\/2023\/09\/WhatsApp-Image-2023-09-19-at-14.44.41-122x122.jpeg","url":"https:\/\/macite.tg\/wp-content\/uploads\/2023\/09\/WhatsApp-Image-2023-09-19-at-14.44.41-122x122.jpeg","contentUrl":"https:\/\/macite.tg\/wp-content\/uploads\/2023\/09\/WhatsApp-Image-2023-09-19-at-14.44.41-122x122.jpeg","caption":"Jean Pierre BAWELA"},"url":"https:\/\/macite.tg\/?author=2"}]}},"_links":{"self":[{"href":"https:\/\/macite.tg\/index.php?rest_route=\/wp\/v2\/posts\/28165","targetHints":{"allow":["GET"]}}],"collection":[{"href":"https:\/\/macite.tg\/index.php?rest_route=\/wp\/v2\/posts"}],"about":[{"href":"https:\/\/macite.tg\/index.php?rest_route=\/wp\/v2\/types\/post"}],"author":[{"embeddable":true,"href":"https:\/\/macite.tg\/index.php?rest_route=\/wp\/v2\/users\/2"}],"replies":[{"embeddable":true,"href":"https:\/\/macite.tg\/index.php?rest_route=%2Fwp%2Fv2%2Fcomments&post=28165"}],"version-history":[{"count":0,"href":"https:\/\/macite.tg\/index.php?rest_route=\/wp\/v2\/posts\/28165\/revisions"}],"wp:featuredmedia":[{"embeddable":true,"href":"https:\/\/macite.tg\/index.php?rest_route=\/wp\/v2\/media\/28166"}],"wp:attachment":[{"href":"https:\/\/macite.tg\/index.php?rest_route=%2Fwp%2Fv2%2Fmedia&parent=28165"}],"wp:term":[{"taxonomy":"category","embeddable":true,"href":"https:\/\/macite.tg\/index.php?rest_route=%2Fwp%2Fv2%2Fcategories&post=28165"},{"taxonomy":"post_tag","embeddable":true,"href":"https:\/\/macite.tg\/index.php?rest_route=%2Fwp%2Fv2%2Ftags&post=28165"}],"curies":[{"name":"wp","href":"https:\/\/api.w.org\/{rel}","templated":true}]}}