{"id":28157,"date":"2026-02-09T11:23:47","date_gmt":"2026-02-09T11:23:47","guid":{"rendered":"https:\/\/macite.tg\/?p=28157"},"modified":"2026-02-09T11:23:52","modified_gmt":"2026-02-09T11:23:52","slug":"kara-les-operateurs-economiques-souhaitent-un-rapport-privilegie-avec-lotr","status":"publish","type":"post","link":"https:\/\/macite.tg\/?p=28157","title":{"rendered":"KARA\u00a0: Les op\u00e9rateurs \u00e9conomiques souhaitent un rapport privil\u00e9gie avec l\u2019OTR"},"content":{"rendered":"\n<p class=\"wp-block-paragraph\"><strong><em>Apr\u00e8s la rencontre strat\u00e9gique du mois de d\u00e9cembre 2025 entre le ministre des finances et du budget et les op\u00e9rateurs \u00e9conomiques de la capitale Lom\u00e9 qui a port\u00e9 sur les mesures \u00e0 mettre en \u0153uvre pour une meilleure collecte des recettes fiscales, cap a \u00e9t\u00e9 mis sur la r\u00e9gion de la Kara. Il a \u00e9t\u00e9 question de la construction d\u2019une relation de confiance entre l\u2019administration fiscale et les entreprises de la r\u00e9gion de la Kara.<\/em><\/strong><\/p>\n\n\n\n<p class=\"wp-block-paragraph\">La rencontre qui intervient presqu\u2019une ann\u00e9e apr\u00e8s l\u2019installation du Comit\u00e9 R\u00e9gional de Concertation de la Kara, sert aussi de lancement des activit\u00e9s de la structure. Le comit\u00e9 r\u00e9gional a pour mission principale d\u2019animer le dialogue public-priv\u00e9 dans le ressort territorial de la r\u00e9gion de la Kara. A ce titre, il est notamment charg\u00e9 d\u2019examiner et de veiller \u00e0 la prise en charge des pr\u00e9occupations des acteurs \u00e9conomiques locaux.<\/p>\n\n\n<div class=\"wp-block-image\">\n<figure class=\"aligncenter size-full is-resized\"><img loading=\"lazy\" decoding=\"async\" width=\"690\" height=\"170\" src=\"https:\/\/macite.tg\/wp-content\/uploads\/2026\/02\/OTR_TVM.jpg\" alt=\"\" class=\"wp-image-28101\" style=\"width:840px;height:auto\" srcset=\"https:\/\/macite.tg\/wp-content\/uploads\/2026\/02\/OTR_TVM.jpg 690w, https:\/\/macite.tg\/wp-content\/uploads\/2026\/02\/OTR_TVM-300x74.jpg 300w\" sizes=\"auto, (max-width: 690px) 100vw, 690px\" \/><\/figure>\n<\/div>\n\n\n<p class=\"wp-block-paragraph\">Le ministre de l\u2019\u00e9conomie et des finances Essow\u00e8 Barcola qui a pr\u00e9sid\u00e9 la rencontre a indiqu\u00e9 la tenue de cette r\u00e9union t\u00e9moigne de la volont\u00e9 du gouvernement d\u2019instaurer un dialogue permanent, un dialogue inclusif et un dialogue constructif avec le secteur priv\u00e9 sur l\u2019ensemble du territoire national. \u00ab&nbsp;<em>Comme vous le savez, la confiance constitue le socle de toute politique fiscale efficace. Sans la confiance, il ne peut y avoir ni civisme fiscal durable, ni mobilisation optimale des ressources indispensables au financement du d\u00e9veloppement. C\u2019est pourquoi je tiens \u00e0 rassurer les op\u00e9rateurs \u00e9conomiques de la r\u00e9gion de la Kara, comme je l\u2019ai d\u00e9j\u00e0 fait \u00e0 Lom\u00e9, l\u2019\u00c9tat sera le garant d\u2019un imp\u00f4t juste. Le garant d\u2019un imp\u00f4t \u00e9quitable et le garant d\u2019un recouvrement fiscal transparent<\/em>&nbsp;\u00bb, a-t-il d\u00e9clar\u00e9.<\/p>\n\n\n\n<p class=\"wp-block-paragraph\">L\u2019autorit\u00e9 a inform\u00e9 que le gouvernement a engag\u00e9 une troisi\u00e8me g\u00e9n\u00e9ration de r\u00e9formes de la gouvernance fiscale. Ce vaste chantier, hautement structurant, vise \u00e0 renforcer la culture de l\u2019int\u00e9grit\u00e9 et du contr\u00f4le, \u00e0 acc\u00e9l\u00e9rer la digitalisation de la collecte, \u00e0 introduire la facture \u00e9lectronique, et \u00e0 \u00e9largir l\u2019assiette fiscale. <\/p>\n\n\n\n<p class=\"wp-block-paragraph\">Selon elle, ces r\u00e9formes permettront de r\u00e9duire significativement les interactions humaines dans le processus de collecte de l\u2019emploi, limitant ainsi les risques de friction et les risques de corruption.\u00a0\u00ab <em>Ces r\u00e9formes contribueront \u00e9galement \u00e0 am\u00e9liorer la reddition des comptes et \u00e0 renforcer la fiabilit\u00e9 des donn\u00e9es fiscales. L\u2019objectif final est clair, \u00e9largir la base imposable, lutter plus efficacement contre la fraude et l\u2019\u00e9vasion fiscale et optimiser la mobilisation des ressources publiques gr\u00e2ce \u00e0 une meilleure tra\u00e7abilit\u00e9 des op\u00e9rations commerciales<\/em>\u00a0\u00bb, a-t-il ajout\u00e9.<\/p>\n\n\n\n<p class=\"wp-block-paragraph\">Le ministre Essow\u00e8 Georges BARCOLA a bien rappel\u00e9 aux op\u00e9rateurs \u00e9conomiques, l\u2019acte pos\u00e9 il y a un an au m\u00eame endroit : \u00ab il<em>&nbsp;y a exactement un an, presque jour pour jour, dans cette m\u00eame salle du palais des congr\u00e8s de Kara, nous posions les premiers jalons du comit\u00e9 r\u00e9gional de concertation de la Kara. La r\u00e9gion de la Kara a ainsi constitu\u00e9 la premi\u00e8re \u00e9tape d\u2019une strat\u00e9gie de territorialisation du dialogue public-priv\u00e9 appel\u00e9e \u00e0 s\u2019\u00e9tendre progressivement \u00e0 l\u2019ensemble des p\u00f4les \u00e9conomiques r\u00e9gionaux du Togo. Cette initiative vise \u00e0 d\u00e9cliner \u00e0 l\u2019\u00e9chelle r\u00e9gionale l\u2019architecture nationale du dialogue public-priv\u00e9 et \u00e0 favoriser une meilleure appropriation des r\u00e9formes et politiques publiques par les acteurs locaux.<\/em><\/p>\n\n\n<div class=\"wp-block-image\">\n<figure class=\"aligncenter size-large is-resized\"><img loading=\"lazy\" decoding=\"async\" width=\"1024\" height=\"1024\" src=\"https:\/\/macite.tg\/wp-content\/uploads\/2026\/01\/623395023_1512975654170569_1154007761338906948_n-1024x1024.jpg\" alt=\"\" class=\"wp-image-27896\" style=\"width:626px;height:auto\" srcset=\"https:\/\/macite.tg\/wp-content\/uploads\/2026\/01\/623395023_1512975654170569_1154007761338906948_n-1024x1024.jpg 1024w, https:\/\/macite.tg\/wp-content\/uploads\/2026\/01\/623395023_1512975654170569_1154007761338906948_n-300x300.jpg 300w, https:\/\/macite.tg\/wp-content\/uploads\/2026\/01\/623395023_1512975654170569_1154007761338906948_n-150x150.jpg 150w, https:\/\/macite.tg\/wp-content\/uploads\/2026\/01\/623395023_1512975654170569_1154007761338906948_n-768x768.jpg 768w, https:\/\/macite.tg\/wp-content\/uploads\/2026\/01\/623395023_1512975654170569_1154007761338906948_n-122x122.jpg 122w, https:\/\/macite.tg\/wp-content\/uploads\/2026\/01\/623395023_1512975654170569_1154007761338906948_n.jpg 1080w\" sizes=\"auto, (max-width: 1024px) 100vw, 1024px\" \/><\/figure>\n<\/div>\n\n\n<p class=\"wp-block-paragraph\">Les op\u00e9rateurs \u00e9conomiques de la r\u00e9gion de la Kara ont exprim\u00e9 leur volont\u00e9 de construire ensemble une culture de dialogue fond\u00e9e sur le dialogue et la transparence. Ils ont \u00e9voqu\u00e9 plusieurs pr\u00e9occupations majeures, notamment les difficult\u00e9s li\u00e9es \u00e0 la digitalisation, caract\u00e9ris\u00e9es par la lenteur et la saturation des plateformes de l\u2019OTR, le manque d\u2019information sur les nouvelles solutions num\u00e9riques comme DIMANA, ainsi que la faible ma\u00eetrise des outils digitaux par de nombreux op\u00e9rateurs. Ils ont demand\u00e9 une am\u00e9lioration technique des syst\u00e8mes et une prorogation des d\u00e9lais en cas de dysfonctionnements. Les participants ont recommand\u00e9 le renforcement de la formation des agents de l\u2019OTR en mati\u00e8re d\u2019accueil et de communication, le maintien d\u2019un dialogue permanent entre l\u2019\u00c9tat et le secteur priv\u00e9, et l\u2019adaptation de certaines r\u00e8gles fiscales aux r\u00e9alit\u00e9s des petits op\u00e9rateurs \u00e9conomiques.<\/p>\n\n\n\n<p class=\"wp-block-paragraph\"><strong>(In LE MEDIUM n\u00b0688 du 03 au 09 F\u00e9vrier 2026)<\/strong><\/p>\n\n\n\n<p class=\"wp-block-paragraph\"><strong><em>@macite.tg&nbsp;&nbsp;&nbsp;&nbsp;&nbsp;&nbsp;&nbsp;&nbsp;<\/em><\/strong><\/p>\n\n\n\n<p class=\"wp-block-paragraph\"><strong><em>E-mail&nbsp;: <\/em><\/strong><a href=\"mailto:maciteinfo@gmail.com\"><strong><em>maciteinfo@gmail.com<\/em><\/strong><\/a><strong><em>; <\/em><\/strong><a href=\"mailto:bawela1@gmail.com\"><strong><em>bawela1@gmail.com<\/em><\/strong><\/a><strong><em><\/em><\/strong><\/p>\n\n\n\n<p class=\"wp-block-paragraph\"><strong><em>Pour vos annonces, (publi)reportages, etc., joignez-nous au (00228)91515309\/<strong>79872224 <\/strong><strong><\/strong><\/em><\/strong><\/p>\n\n\n\n<p class=\"wp-block-paragraph\"><strong><em>www.macite.tg, L\u2019information, la bonne&nbsp;!<\/em><\/strong><\/p>\n\n\n\n<p class=\"wp-block-paragraph\"><\/p>\n","protected":false},"excerpt":{"rendered":"<p class=\"text-justify mb-2\" >Apr\u00e8s la rencontre strat\u00e9gique du mois de d\u00e9cembre 2025 entre le ministre des finances et du budget et les op\u00e9rateurs \u00e9conomiques de la capitale Lom\u00e9 qui a port\u00e9 sur les mesures \u00e0 mettre en \u0153uvre pour une meilleure collecte des recettes fiscales, cap a \u00e9t\u00e9 [&hellip;]<\/p>\n","protected":false},"author":2,"featured_media":28163,"comment_status":"open","ping_status":"open","sticky":false,"template":"","format":"standard","meta":{"footnotes":""},"categories":[20,42],"tags":[],"class_list":["post-28157","post","type-post","status-publish","format-standard","has-post-thumbnail","hentry","category-actualite","category-finances"],"yoast_head":"<!-- This site is optimized with the Yoast SEO plugin v28.4 - https:\/\/yoast.com\/product\/yoast-seo-wordpress\/ -->\n<title>KARA\u00a0: Les op\u00e9rateurs \u00e9conomiques souhaitent un rapport privil\u00e9gie avec l\u2019OTR -<\/title>\n<meta name=\"robots\" content=\"index, follow, max-snippet:-1, max-image-preview:large, max-video-preview:-1\" \/>\n<link rel=\"canonical\" href=\"https:\/\/macite.tg\/?p=28157\" \/>\n<meta property=\"og:locale\" content=\"fr_FR\" \/>\n<meta property=\"og:type\" content=\"article\" \/>\n<meta property=\"og:title\" content=\"KARA\u00a0: Les op\u00e9rateurs \u00e9conomiques souhaitent un rapport privil\u00e9gie avec l\u2019OTR -\" \/>\n<meta property=\"og:description\" content=\"Apr\u00e8s la rencontre strat\u00e9gique du mois de d\u00e9cembre 2025 entre le ministre des finances et du budget et les op\u00e9rateurs \u00e9conomiques de la capitale Lom\u00e9 qui a port\u00e9 sur les mesures \u00e0 mettre en \u0153uvre pour une meilleure collecte des recettes fiscales, cap a \u00e9t\u00e9 [&hellip;]\" \/>\n<meta property=\"og:url\" content=\"https:\/\/macite.tg\/?p=28157\" \/>\n<meta property=\"article:published_time\" content=\"2026-02-09T11:23:47+00:00\" \/>\n<meta property=\"article:modified_time\" content=\"2026-02-09T11:23:52+00:00\" \/>\n<meta property=\"og:image\" content=\"https:\/\/macite.tg\/wp-content\/uploads\/2026\/02\/OTR_KARA.jpg\" \/>\n\t<meta property=\"og:image:width\" content=\"500\" \/>\n\t<meta property=\"og:image:height\" content=\"225\" \/>\n\t<meta property=\"og:image:type\" content=\"image\/jpeg\" \/>\n<meta name=\"author\" content=\"Jean Pierre BAWELA\" \/>\n<meta name=\"twitter:card\" content=\"summary_large_image\" \/>\n<meta name=\"twitter:label1\" content=\"\u00c9crit par\" \/>\n\t<meta name=\"twitter:data1\" content=\"Jean Pierre BAWELA\" \/>\n\t<meta name=\"twitter:label2\" content=\"Dur\u00e9e de lecture estim\u00e9e\" \/>\n\t<meta name=\"twitter:data2\" content=\"5 minutes\" \/>\n<script type=\"application\/ld+json\" class=\"yoast-schema-graph\">{\"@context\":\"https:\\\/\\\/schema.org\",\"@graph\":[{\"@type\":\"Article\",\"@id\":\"https:\\\/\\\/macite.tg\\\/?p=28157#article\",\"isPartOf\":{\"@id\":\"https:\\\/\\\/macite.tg\\\/?p=28157\"},\"author\":{\"name\":\"Jean Pierre BAWELA\",\"@id\":\"https:\\\/\\\/macite.tg\\\/#\\\/schema\\\/person\\\/e9f2de7e5dbbe7770a9402c7ce82f5c2\"},\"headline\":\"KARA\u00a0: Les op\u00e9rateurs \u00e9conomiques souhaitent un rapport privil\u00e9gie avec l\u2019OTR\",\"datePublished\":\"2026-02-09T11:23:47+00:00\",\"dateModified\":\"2026-02-09T11:23:52+00:00\",\"mainEntityOfPage\":{\"@id\":\"https:\\\/\\\/macite.tg\\\/?p=28157\"},\"wordCount\":789,\"commentCount\":0,\"image\":{\"@id\":\"https:\\\/\\\/macite.tg\\\/?p=28157#primaryimage\"},\"thumbnailUrl\":\"https:\\\/\\\/macite.tg\\\/wp-content\\\/uploads\\\/2026\\\/02\\\/OTR_KARA.jpg\",\"articleSection\":[\"ACTUALITE\",\"FINANCES\"],\"inLanguage\":\"fr-FR\",\"potentialAction\":[{\"@type\":\"CommentAction\",\"name\":\"Comment\",\"target\":[\"https:\\\/\\\/macite.tg\\\/?p=28157#respond\"]}]},{\"@type\":\"WebPage\",\"@id\":\"https:\\\/\\\/macite.tg\\\/?p=28157\",\"url\":\"https:\\\/\\\/macite.tg\\\/?p=28157\",\"name\":\"KARA\u00a0: Les op\u00e9rateurs \u00e9conomiques souhaitent un rapport privil\u00e9gie avec l\u2019OTR -\",\"isPartOf\":{\"@id\":\"https:\\\/\\\/macite.tg\\\/#website\"},\"primaryImageOfPage\":{\"@id\":\"https:\\\/\\\/macite.tg\\\/?p=28157#primaryimage\"},\"image\":{\"@id\":\"https:\\\/\\\/macite.tg\\\/?p=28157#primaryimage\"},\"thumbnailUrl\":\"https:\\\/\\\/macite.tg\\\/wp-content\\\/uploads\\\/2026\\\/02\\\/OTR_KARA.jpg\",\"datePublished\":\"2026-02-09T11:23:47+00:00\",\"dateModified\":\"2026-02-09T11:23:52+00:00\",\"author\":{\"@id\":\"https:\\\/\\\/macite.tg\\\/#\\\/schema\\\/person\\\/e9f2de7e5dbbe7770a9402c7ce82f5c2\"},\"breadcrumb\":{\"@id\":\"https:\\\/\\\/macite.tg\\\/?p=28157#breadcrumb\"},\"inLanguage\":\"fr-FR\",\"potentialAction\":[{\"@type\":\"ReadAction\",\"target\":[\"https:\\\/\\\/macite.tg\\\/?p=28157\"]}]},{\"@type\":\"ImageObject\",\"inLanguage\":\"fr-FR\",\"@id\":\"https:\\\/\\\/macite.tg\\\/?p=28157#primaryimage\",\"url\":\"https:\\\/\\\/macite.tg\\\/wp-content\\\/uploads\\\/2026\\\/02\\\/OTR_KARA.jpg\",\"contentUrl\":\"https:\\\/\\\/macite.tg\\\/wp-content\\\/uploads\\\/2026\\\/02\\\/OTR_KARA.jpg\",\"width\":500,\"height\":225},{\"@type\":\"BreadcrumbList\",\"@id\":\"https:\\\/\\\/macite.tg\\\/?p=28157#breadcrumb\",\"itemListElement\":[{\"@type\":\"ListItem\",\"position\":1,\"name\":\"Accueil\",\"item\":\"https:\\\/\\\/macite.tg\\\/\"},{\"@type\":\"ListItem\",\"position\":2,\"name\":\"KARA\u00a0: Les op\u00e9rateurs \u00e9conomiques souhaitent un rapport privil\u00e9gie avec l\u2019OTR\"}]},{\"@type\":\"WebSite\",\"@id\":\"https:\\\/\\\/macite.tg\\\/#website\",\"url\":\"https:\\\/\\\/macite.tg\\\/\",\"name\":\"\",\"description\":\"L&#039;information, la bonne!!!\",\"potentialAction\":[{\"@type\":\"SearchAction\",\"target\":{\"@type\":\"EntryPoint\",\"urlTemplate\":\"https:\\\/\\\/macite.tg\\\/?s={search_term_string}\"},\"query-input\":{\"@type\":\"PropertyValueSpecification\",\"valueRequired\":true,\"valueName\":\"search_term_string\"}}],\"inLanguage\":\"fr-FR\"},{\"@type\":\"Person\",\"@id\":\"https:\\\/\\\/macite.tg\\\/#\\\/schema\\\/person\\\/e9f2de7e5dbbe7770a9402c7ce82f5c2\",\"name\":\"Jean Pierre BAWELA\",\"image\":{\"@type\":\"ImageObject\",\"inLanguage\":\"fr-FR\",\"@id\":\"https:\\\/\\\/macite.tg\\\/wp-content\\\/uploads\\\/2023\\\/09\\\/WhatsApp-Image-2023-09-19-at-14.44.41-122x122.jpeg\",\"url\":\"https:\\\/\\\/macite.tg\\\/wp-content\\\/uploads\\\/2023\\\/09\\\/WhatsApp-Image-2023-09-19-at-14.44.41-122x122.jpeg\",\"contentUrl\":\"https:\\\/\\\/macite.tg\\\/wp-content\\\/uploads\\\/2023\\\/09\\\/WhatsApp-Image-2023-09-19-at-14.44.41-122x122.jpeg\",\"caption\":\"Jean Pierre BAWELA\"},\"url\":\"https:\\\/\\\/macite.tg\\\/?author=2\"}]}<\/script>\n<!-- \/ Yoast SEO plugin. -->","yoast_head_json":{"title":"KARA\u00a0: Les op\u00e9rateurs \u00e9conomiques souhaitent un rapport privil\u00e9gie avec l\u2019OTR -","robots":{"index":"index","follow":"follow","max-snippet":"max-snippet:-1","max-image-preview":"max-image-preview:large","max-video-preview":"max-video-preview:-1"},"canonical":"https:\/\/macite.tg\/?p=28157","og_locale":"fr_FR","og_type":"article","og_title":"KARA\u00a0: Les op\u00e9rateurs \u00e9conomiques souhaitent un rapport privil\u00e9gie avec l\u2019OTR -","og_description":"Apr\u00e8s la rencontre strat\u00e9gique du mois de d\u00e9cembre 2025 entre le ministre des finances et du budget et les op\u00e9rateurs \u00e9conomiques de la capitale Lom\u00e9 qui a port\u00e9 sur les mesures \u00e0 mettre en \u0153uvre pour une meilleure collecte des recettes fiscales, cap a \u00e9t\u00e9 [&hellip;]","og_url":"https:\/\/macite.tg\/?p=28157","article_published_time":"2026-02-09T11:23:47+00:00","article_modified_time":"2026-02-09T11:23:52+00:00","og_image":[{"width":500,"height":225,"url":"https:\/\/macite.tg\/wp-content\/uploads\/2026\/02\/OTR_KARA.jpg","type":"image\/jpeg"}],"author":"Jean Pierre BAWELA","twitter_card":"summary_large_image","twitter_misc":{"\u00c9crit par":"Jean Pierre BAWELA","Dur\u00e9e de lecture estim\u00e9e":"5 minutes"},"schema":{"@context":"https:\/\/schema.org","@graph":[{"@type":"Article","@id":"https:\/\/macite.tg\/?p=28157#article","isPartOf":{"@id":"https:\/\/macite.tg\/?p=28157"},"author":{"name":"Jean Pierre BAWELA","@id":"https:\/\/macite.tg\/#\/schema\/person\/e9f2de7e5dbbe7770a9402c7ce82f5c2"},"headline":"KARA\u00a0: Les op\u00e9rateurs \u00e9conomiques souhaitent un rapport privil\u00e9gie avec l\u2019OTR","datePublished":"2026-02-09T11:23:47+00:00","dateModified":"2026-02-09T11:23:52+00:00","mainEntityOfPage":{"@id":"https:\/\/macite.tg\/?p=28157"},"wordCount":789,"commentCount":0,"image":{"@id":"https:\/\/macite.tg\/?p=28157#primaryimage"},"thumbnailUrl":"https:\/\/macite.tg\/wp-content\/uploads\/2026\/02\/OTR_KARA.jpg","articleSection":["ACTUALITE","FINANCES"],"inLanguage":"fr-FR","potentialAction":[{"@type":"CommentAction","name":"Comment","target":["https:\/\/macite.tg\/?p=28157#respond"]}]},{"@type":"WebPage","@id":"https:\/\/macite.tg\/?p=28157","url":"https:\/\/macite.tg\/?p=28157","name":"KARA\u00a0: Les op\u00e9rateurs \u00e9conomiques souhaitent un rapport privil\u00e9gie avec l\u2019OTR -","isPartOf":{"@id":"https:\/\/macite.tg\/#website"},"primaryImageOfPage":{"@id":"https:\/\/macite.tg\/?p=28157#primaryimage"},"image":{"@id":"https:\/\/macite.tg\/?p=28157#primaryimage"},"thumbnailUrl":"https:\/\/macite.tg\/wp-content\/uploads\/2026\/02\/OTR_KARA.jpg","datePublished":"2026-02-09T11:23:47+00:00","dateModified":"2026-02-09T11:23:52+00:00","author":{"@id":"https:\/\/macite.tg\/#\/schema\/person\/e9f2de7e5dbbe7770a9402c7ce82f5c2"},"breadcrumb":{"@id":"https:\/\/macite.tg\/?p=28157#breadcrumb"},"inLanguage":"fr-FR","potentialAction":[{"@type":"ReadAction","target":["https:\/\/macite.tg\/?p=28157"]}]},{"@type":"ImageObject","inLanguage":"fr-FR","@id":"https:\/\/macite.tg\/?p=28157#primaryimage","url":"https:\/\/macite.tg\/wp-content\/uploads\/2026\/02\/OTR_KARA.jpg","contentUrl":"https:\/\/macite.tg\/wp-content\/uploads\/2026\/02\/OTR_KARA.jpg","width":500,"height":225},{"@type":"BreadcrumbList","@id":"https:\/\/macite.tg\/?p=28157#breadcrumb","itemListElement":[{"@type":"ListItem","position":1,"name":"Accueil","item":"https:\/\/macite.tg\/"},{"@type":"ListItem","position":2,"name":"KARA\u00a0: Les op\u00e9rateurs \u00e9conomiques souhaitent un rapport privil\u00e9gie avec l\u2019OTR"}]},{"@type":"WebSite","@id":"https:\/\/macite.tg\/#website","url":"https:\/\/macite.tg\/","name":"","description":"L&#039;information, la bonne!!!","potentialAction":[{"@type":"SearchAction","target":{"@type":"EntryPoint","urlTemplate":"https:\/\/macite.tg\/?s={search_term_string}"},"query-input":{"@type":"PropertyValueSpecification","valueRequired":true,"valueName":"search_term_string"}}],"inLanguage":"fr-FR"},{"@type":"Person","@id":"https:\/\/macite.tg\/#\/schema\/person\/e9f2de7e5dbbe7770a9402c7ce82f5c2","name":"Jean Pierre BAWELA","image":{"@type":"ImageObject","inLanguage":"fr-FR","@id":"https:\/\/macite.tg\/wp-content\/uploads\/2023\/09\/WhatsApp-Image-2023-09-19-at-14.44.41-122x122.jpeg","url":"https:\/\/macite.tg\/wp-content\/uploads\/2023\/09\/WhatsApp-Image-2023-09-19-at-14.44.41-122x122.jpeg","contentUrl":"https:\/\/macite.tg\/wp-content\/uploads\/2023\/09\/WhatsApp-Image-2023-09-19-at-14.44.41-122x122.jpeg","caption":"Jean Pierre BAWELA"},"url":"https:\/\/macite.tg\/?author=2"}]}},"_links":{"self":[{"href":"https:\/\/macite.tg\/index.php?rest_route=\/wp\/v2\/posts\/28157","targetHints":{"allow":["GET"]}}],"collection":[{"href":"https:\/\/macite.tg\/index.php?rest_route=\/wp\/v2\/posts"}],"about":[{"href":"https:\/\/macite.tg\/index.php?rest_route=\/wp\/v2\/types\/post"}],"author":[{"embeddable":true,"href":"https:\/\/macite.tg\/index.php?rest_route=\/wp\/v2\/users\/2"}],"replies":[{"embeddable":true,"href":"https:\/\/macite.tg\/index.php?rest_route=%2Fwp%2Fv2%2Fcomments&post=28157"}],"version-history":[{"count":0,"href":"https:\/\/macite.tg\/index.php?rest_route=\/wp\/v2\/posts\/28157\/revisions"}],"wp:featuredmedia":[{"embeddable":true,"href":"https:\/\/macite.tg\/index.php?rest_route=\/wp\/v2\/media\/28163"}],"wp:attachment":[{"href":"https:\/\/macite.tg\/index.php?rest_route=%2Fwp%2Fv2%2Fmedia&parent=28157"}],"wp:term":[{"taxonomy":"category","embeddable":true,"href":"https:\/\/macite.tg\/index.php?rest_route=%2Fwp%2Fv2%2Fcategories&post=28157"},{"taxonomy":"post_tag","embeddable":true,"href":"https:\/\/macite.tg\/index.php?rest_route=%2Fwp%2Fv2%2Ftags&post=28157"}],"curies":[{"name":"wp","href":"https:\/\/api.w.org\/{rel}","templated":true}]}}