{"id":28151,"date":"2026-02-09T09:57:08","date_gmt":"2026-02-09T09:57:08","guid":{"rendered":"https:\/\/macite.tg\/?p=28151"},"modified":"2026-02-09T09:57:21","modified_gmt":"2026-02-09T09:57:21","slug":"religion-qui-etait-vraiment-jesus-acte-1","status":"publish","type":"post","link":"https:\/\/macite.tg\/?p=28151","title":{"rendered":"RELIGION\u00a0: Qui \u00e9tait vraiment J\u00e9sus ? (Acte 1)"},"content":{"rendered":"\n<p class=\"wp-block-paragraph\"><strong><em>\u00c9tait-il un guide spirituel ? Un r\u00e9formateur de la religion juive ? Un gu\u00e9risseur ? S\u2019appuyant sur les textes sacr\u00e9s et sur les derni\u00e8res d\u00e9couvertes arch\u00e9ologiques, l\u2019historien Jean-Christian Petitfils est parti \u00e0 la recherche du J\u00e9sus historique.<\/em><\/strong><\/p>\n\n\n\n<p class=\"wp-block-paragraph\">Sujet d\u2019une multitude infinie d\u2019\u0153uvres religieuses, philosophiques, historiques, litt\u00e9raires ou artistiques, J\u00e9sus est sans aucun doute le personnage qui, dans toute l\u2019histoire de l\u2019humanit\u00e9, fascine le plus, que l\u2019on soit ou non croyant. Il ne se passe pas six mois sans que paraissent, rien qu\u2019en langue fran\u00e7aise, plusieurs ouvrages sur lui. Cet int\u00e9r\u00eat t\u00e9moigne d\u2019une vive curiosit\u00e9 historique, mais aussi d\u2019une qu\u00eate de sens et de spiritualit\u00e9 dans un monde largement s\u00e9cularis\u00e9. Pourtant, trop de livres \u00e0 destination du grand public restent marqu\u00e9s par une subjectivit\u00e9 excessive ou par le go\u00fbt du sensationnel.<\/p>\n\n\n\n<figure class=\"wp-block-image size-full is-resized\"><img loading=\"lazy\" decoding=\"async\" width=\"690\" height=\"170\" src=\"https:\/\/macite.tg\/wp-content\/uploads\/2026\/02\/OTR_TVM.jpg\" alt=\"\" class=\"wp-image-28101\" style=\"width:840px;height:auto\" srcset=\"https:\/\/macite.tg\/wp-content\/uploads\/2026\/02\/OTR_TVM.jpg 690w, https:\/\/macite.tg\/wp-content\/uploads\/2026\/02\/OTR_TVM-300x74.jpg 300w\" sizes=\"auto, (max-width: 690px) 100vw, 690px\" \/><\/figure>\n\n\n\n<p class=\"wp-block-paragraph\">Une approche rationnelle, sereine, \u00e9quilibr\u00e9e de l\u2019homme J\u00e9sus s\u2019impose donc, loin des pol\u00e9miques ou du scandale. Que sait-on vraiment sur le plan historique du fondateur du&nbsp;<a href=\"https:\/\/actu.geo.fr\/histoire\/judaisme-christianisme-islam-pourquoi-jeune-t-on-213958\">christianisme<\/a>&nbsp;? Qui \u00e9tait-il ? Un thaumaturge itin\u00e9rant, un nouveau proph\u00e8te, un r\u00e9formateur juif, le Messie attendu par&nbsp;<a href=\"https:\/\/actu.geo.fr\/histoire\/israel-decouverte-dun-tombeau-et-un-rare-miroir-de-courtisane-datant-de-2-300-ans-216861\">Isra\u00ebl&nbsp;<\/a>? Pour quelle raison et \u00e0 l\u2019instigation de qui a-t-il \u00e9t\u00e9 ex\u00e9cut\u00e9 ? Bref, quelles sont les donn\u00e9es s\u00fbres et celles qui le sont moins ?<\/p>\n\n\n\n<p class=\"wp-block-paragraph\">Le r\u00f4le de l\u2019historien consiste \u00e0 croiser les sources et les faits av\u00e9r\u00e9s, \u00e0 analyser et soupeser les textes, \u00e0 tenir compte des d\u00e9couvertes arch\u00e9ologiques (nombreuses ces derni\u00e8res ann\u00e9es en Isra\u00ebl) et finalement \u00e0 \u00e9noncer les hypoth\u00e8ses les plus vraisemblables. Il n\u2019a pas \u00e0 \u00eatre li\u00e9 par des croyances religieuses, mais il doit s\u2019arr\u00eater au myst\u00e8re, en le respectant, laissant \u00e0 chacun la libert\u00e9 de l\u2019interpr\u00e9ter selon ses convictions.<\/p>\n\n\n\n<p class=\"wp-block-paragraph\">Ainsi, ne peut-il se prononcer, en tant que tel, sur les exorcismes, les miracles et a fortiori sur le myst\u00e8re de l\u2019Incarnation ou de la R\u00e9surrection. Cela n\u2019entre pas dans son domaine de comp\u00e9tence. Impossible pour lui d\u2019assurer ou de nier que J\u00e9sus a bien transform\u00e9 l\u2019eau en vin dans le village galil\u00e9en de Cana, qu\u2019il a march\u00e9 sur les eaux du&nbsp;<a href=\"https:\/\/actu.geo.fr\/histoire\/israel-une-rare-fourchette-ancienne-retrouvee-par-une-fillette-pres-du-lac-de-tiberiade-209457\">lac de Tib\u00e9riade<\/a>, qu\u2019il a multipli\u00e9 les pains et les poissons \u00e0 Tabgha, afin de nourrir la foule venue l\u2019\u00e9couter, qu\u2019il a gu\u00e9ri \u00ab\u00a0l\u2019aveugle-n\u00e9\u00a0\u00bb de J\u00e9rusalem ou qu\u2019il a ramen\u00e9 de la mort \u00e0 la vie son ami Lazare dans le petit village de B\u00e9thanie.<\/p>\n\n\n\n<figure class=\"wp-block-image size-full\"><img loading=\"lazy\" decoding=\"async\" width=\"980\" height=\"210\" src=\"https:\/\/macite.tg\/wp-content\/uploads\/2026\/02\/image-24.png\" alt=\"\" class=\"wp-image-28092\" srcset=\"https:\/\/macite.tg\/wp-content\/uploads\/2026\/02\/image-24.png 980w, https:\/\/macite.tg\/wp-content\/uploads\/2026\/02\/image-24-300x64.png 300w, https:\/\/macite.tg\/wp-content\/uploads\/2026\/02\/image-24-768x165.png 768w\" sizes=\"auto, (max-width: 980px) 100vw, 980px\" \/><\/figure>\n\n\n\n<p class=\"wp-block-paragraph\"><strong>Les autres sources renseignant les historiens sur l&rsquo;existence de J\u00e9sus<\/strong><\/p>\n\n\n\n<p class=\"wp-block-paragraph\">De quelles sources dispose-t-on en dehors des quatre Evangiles canoniques, reconnus par les Eglises chr\u00e9tiennes ?<\/p>\n\n\n\n<p class=\"wp-block-paragraph\">Elles sont peu nombreuses : quelques notations glan\u00e9es chez des auteurs antiques, Tacite, Pline le Jeune, Su\u00e9tone, et surtout Les Antiquit\u00e9s juda\u00efques, un texte d\u2019un historien juif romanis\u00e9, Flavius Jos\u00e8phe, datant de la fin du Ier si\u00e8cle : <em>\u00ab&nbsp;\u00c0 cette \u00e9poque vivait un sage qui s\u2019appelait J\u00e9sus. Sa conduite \u00e9tait juste et on le connaissait pour \u00eatre vertueux. Et un grand nombre de gens parmi les Juifs et les autres nations devinrent ses disciples.<\/em><\/p>\n\n\n\n<p class=\"wp-block-paragraph\"><em>Pilate le condamna \u00e0 \u00eatre crucifi\u00e9 et \u00e0 mourir. Mais ceux qui \u00e9taient devenus ses disciples continu\u00e8rent \u00e0 \u00eatre ses disciples. Ils disaient qu\u2019il leur \u00e9tait apparu trois jours apr\u00e8s sa crucifixion et qu\u2019il \u00e9tait vivant : ainsi il \u00e9tait peut-\u00eatre le Messie au sujet duquel les proph\u00e8tes ont racont\u00e9 des merveilles&nbsp;\u00bb.<\/em><\/p>\n\n\n\n<p class=\"wp-block-paragraph\">Le Talmud de&nbsp;<a href=\"https:\/\/actu.geo.fr\/histoire\/irak-babylone-our-eridou-zoom-sur-les-tresors-de-mesopotamie-193148\">Babylone<\/a>, qui synth\u00e9tise les traditions des cinq premiers si\u00e8cles du&nbsp;<a href=\"https:\/\/actu.geo.fr\/histoire\/le-judaisme-un-heritage-inscrit-dans-la-pierre-de-notre-dame-223412\">juda\u00efsme<\/a>&nbsp;moderne, parle \u00e9galement de lui : <em>\u00ab&nbsp;La veille de la P\u00e2que, on pendit \u201cYesh\u00fb ha-notsri\u201d (J\u00e9sus le Nazar\u00e9en) [\u2026] parce qu\u2019il a pratiqu\u00e9 la sorcellerie et qu\u2019il a s\u00e9duit et \u00e9gar\u00e9 Isra\u00ebl&nbsp;\u00bb.<\/em><\/p>\n\n\n<div class=\"wp-block-image\">\n<figure class=\"aligncenter size-large is-resized\"><img loading=\"lazy\" decoding=\"async\" width=\"1024\" height=\"1024\" src=\"https:\/\/macite.tg\/wp-content\/uploads\/2026\/01\/623395023_1512975654170569_1154007761338906948_n-1024x1024.jpg\" alt=\"\" class=\"wp-image-27896\" style=\"width:536px;height:auto\" srcset=\"https:\/\/macite.tg\/wp-content\/uploads\/2026\/01\/623395023_1512975654170569_1154007761338906948_n-1024x1024.jpg 1024w, https:\/\/macite.tg\/wp-content\/uploads\/2026\/01\/623395023_1512975654170569_1154007761338906948_n-300x300.jpg 300w, https:\/\/macite.tg\/wp-content\/uploads\/2026\/01\/623395023_1512975654170569_1154007761338906948_n-150x150.jpg 150w, https:\/\/macite.tg\/wp-content\/uploads\/2026\/01\/623395023_1512975654170569_1154007761338906948_n-768x768.jpg 768w, https:\/\/macite.tg\/wp-content\/uploads\/2026\/01\/623395023_1512975654170569_1154007761338906948_n-122x122.jpg 122w, https:\/\/macite.tg\/wp-content\/uploads\/2026\/01\/623395023_1512975654170569_1154007761338906948_n.jpg 1080w\" sizes=\"auto, (max-width: 1024px) 100vw, 1024px\" \/><\/figure>\n<\/div>\n\n\n<p class=\"wp-block-paragraph\">Ces textes, malheureusement, nous renseignent peu sur le J\u00e9sus de l\u2019Histoire. Ils attestent cependant qu\u2019il n\u2019a pas \u00e9t\u00e9 un mythe, un personnage imaginaire, comme certains l\u2019ont pr\u00e9tendu \u00e0 partir du XIXe si\u00e8cle. M\u00eame le philosophe romain Celse, violent pol\u00e9miste antichr\u00e9tien du IIe si\u00e8cle, ne mettait pas en doute son existence. C\u2019est sur la R\u00e9surrection qu\u2019il butait : <em>\u00ab&nbsp;Mort, dites-vous, il ressuscita et montra les trous de ses mains. Mais qui a vu tout cela ?&nbsp;\u00bb <\/em>Aujourd\u2019hui, aucun historien s\u00e9rieux ne remet plus en cause l\u2019existence de J\u00e9sus.<\/p>\n\n\n\n<p class=\"wp-block-paragraph\"><strong><em>A suivre &#8230;.<\/em><\/strong><\/p>\n\n\n\n<p class=\"wp-block-paragraph\"><a><strong><em>@macite.tg&nbsp;&nbsp;&nbsp;&nbsp;&nbsp;&nbsp;&nbsp;&nbsp;<\/em><\/strong><\/a><\/p>\n\n\n\n<p class=\"wp-block-paragraph\"><strong><em>E-mail&nbsp;: <\/em><\/strong><a href=\"mailto:maciteinfo@gmail.com\"><strong><em>maciteinfo@gmail.com<\/em><\/strong><\/a><strong><em>; <\/em><\/strong><a href=\"mailto:bawela1@gmail.com\"><strong><em>bawela1@gmail.com<\/em><\/strong><\/a><strong><em><\/em><\/strong><\/p>\n\n\n\n<p class=\"wp-block-paragraph\"><strong><em>Pour vos annonces, (publi)reportages, etc., joignez-nous au (00228)91515309\/<strong>79872224 <\/strong><strong><\/strong><\/em><\/strong><\/p>\n\n\n\n<p class=\"wp-block-paragraph\"><strong><em>www.macite.tg, L\u2019information, la bonne&nbsp;!<\/em><\/strong><\/p>\n","protected":false},"excerpt":{"rendered":"<p class=\"text-justify mb-2\" >\u00c9tait-il un guide spirituel ? Un r\u00e9formateur de la religion juive ? Un gu\u00e9risseur ? S\u2019appuyant sur les textes sacr\u00e9s et sur les derni\u00e8res d\u00e9couvertes arch\u00e9ologiques, l\u2019historien Jean-Christian Petitfils est parti \u00e0 la recherche du J\u00e9sus historique. Sujet d\u2019une multitude infinie d\u2019\u0153uvres religieuses, philosophiques, historiques, [&hellip;]<\/p>\n","protected":false},"author":2,"featured_media":28154,"comment_status":"open","ping_status":"open","sticky":false,"template":"","format":"standard","meta":{"footnotes":""},"categories":[20,6],"tags":[],"class_list":["post-28151","post","type-post","status-publish","format-standard","has-post-thumbnail","hentry","category-actualite","category-societe"],"yoast_head":"<!-- This site is optimized with the Yoast SEO plugin v28.4 - https:\/\/yoast.com\/product\/yoast-seo-wordpress\/ -->\n<title>RELIGION\u00a0: Qui \u00e9tait vraiment J\u00e9sus ? (Acte 1) -<\/title>\n<meta name=\"robots\" content=\"index, follow, max-snippet:-1, max-image-preview:large, max-video-preview:-1\" \/>\n<link rel=\"canonical\" href=\"https:\/\/macite.tg\/?p=28151\" \/>\n<meta property=\"og:locale\" content=\"fr_FR\" \/>\n<meta property=\"og:type\" content=\"article\" \/>\n<meta property=\"og:title\" content=\"RELIGION\u00a0: Qui \u00e9tait vraiment J\u00e9sus ? (Acte 1) -\" \/>\n<meta property=\"og:description\" content=\"\u00c9tait-il un guide spirituel ? Un r\u00e9formateur de la religion juive ? Un gu\u00e9risseur ? S\u2019appuyant sur les textes sacr\u00e9s et sur les derni\u00e8res d\u00e9couvertes arch\u00e9ologiques, l\u2019historien Jean-Christian Petitfils est parti \u00e0 la recherche du J\u00e9sus historique. Sujet d\u2019une multitude infinie d\u2019\u0153uvres religieuses, philosophiques, historiques, [&hellip;]\" \/>\n<meta property=\"og:url\" content=\"https:\/\/macite.tg\/?p=28151\" \/>\n<meta property=\"article:published_time\" content=\"2026-02-09T09:57:08+00:00\" \/>\n<meta property=\"article:modified_time\" content=\"2026-02-09T09:57:21+00:00\" \/>\n<meta property=\"og:image\" content=\"https:\/\/macite.tg\/wp-content\/uploads\/2026\/02\/qui-etait-jesus1.jpg\" \/>\n\t<meta property=\"og:image:width\" content=\"500\" \/>\n\t<meta property=\"og:image:height\" content=\"289\" \/>\n\t<meta property=\"og:image:type\" content=\"image\/jpeg\" \/>\n<meta name=\"author\" content=\"Jean Pierre BAWELA\" \/>\n<meta name=\"twitter:card\" content=\"summary_large_image\" \/>\n<meta name=\"twitter:label1\" content=\"\u00c9crit par\" \/>\n\t<meta name=\"twitter:data1\" content=\"Jean Pierre BAWELA\" \/>\n\t<meta name=\"twitter:label2\" content=\"Dur\u00e9e de lecture estim\u00e9e\" \/>\n\t<meta name=\"twitter:data2\" content=\"5 minutes\" \/>\n<script type=\"application\/ld+json\" class=\"yoast-schema-graph\">{\"@context\":\"https:\\\/\\\/schema.org\",\"@graph\":[{\"@type\":\"Article\",\"@id\":\"https:\\\/\\\/macite.tg\\\/?p=28151#article\",\"isPartOf\":{\"@id\":\"https:\\\/\\\/macite.tg\\\/?p=28151\"},\"author\":{\"name\":\"Jean Pierre BAWELA\",\"@id\":\"https:\\\/\\\/macite.tg\\\/#\\\/schema\\\/person\\\/e9f2de7e5dbbe7770a9402c7ce82f5c2\"},\"headline\":\"RELIGION\u00a0: Qui \u00e9tait vraiment J\u00e9sus ? (Acte 1)\",\"datePublished\":\"2026-02-09T09:57:08+00:00\",\"dateModified\":\"2026-02-09T09:57:21+00:00\",\"mainEntityOfPage\":{\"@id\":\"https:\\\/\\\/macite.tg\\\/?p=28151\"},\"wordCount\":808,\"commentCount\":0,\"image\":{\"@id\":\"https:\\\/\\\/macite.tg\\\/?p=28151#primaryimage\"},\"thumbnailUrl\":\"https:\\\/\\\/macite.tg\\\/wp-content\\\/uploads\\\/2026\\\/02\\\/qui-etait-jesus1.jpg\",\"articleSection\":[\"ACTUALITE\",\"SOCIETE\"],\"inLanguage\":\"fr-FR\",\"potentialAction\":[{\"@type\":\"CommentAction\",\"name\":\"Comment\",\"target\":[\"https:\\\/\\\/macite.tg\\\/?p=28151#respond\"]}]},{\"@type\":\"WebPage\",\"@id\":\"https:\\\/\\\/macite.tg\\\/?p=28151\",\"url\":\"https:\\\/\\\/macite.tg\\\/?p=28151\",\"name\":\"RELIGION\u00a0: Qui \u00e9tait vraiment J\u00e9sus ? (Acte 1) -\",\"isPartOf\":{\"@id\":\"https:\\\/\\\/macite.tg\\\/#website\"},\"primaryImageOfPage\":{\"@id\":\"https:\\\/\\\/macite.tg\\\/?p=28151#primaryimage\"},\"image\":{\"@id\":\"https:\\\/\\\/macite.tg\\\/?p=28151#primaryimage\"},\"thumbnailUrl\":\"https:\\\/\\\/macite.tg\\\/wp-content\\\/uploads\\\/2026\\\/02\\\/qui-etait-jesus1.jpg\",\"datePublished\":\"2026-02-09T09:57:08+00:00\",\"dateModified\":\"2026-02-09T09:57:21+00:00\",\"author\":{\"@id\":\"https:\\\/\\\/macite.tg\\\/#\\\/schema\\\/person\\\/e9f2de7e5dbbe7770a9402c7ce82f5c2\"},\"breadcrumb\":{\"@id\":\"https:\\\/\\\/macite.tg\\\/?p=28151#breadcrumb\"},\"inLanguage\":\"fr-FR\",\"potentialAction\":[{\"@type\":\"ReadAction\",\"target\":[\"https:\\\/\\\/macite.tg\\\/?p=28151\"]}]},{\"@type\":\"ImageObject\",\"inLanguage\":\"fr-FR\",\"@id\":\"https:\\\/\\\/macite.tg\\\/?p=28151#primaryimage\",\"url\":\"https:\\\/\\\/macite.tg\\\/wp-content\\\/uploads\\\/2026\\\/02\\\/qui-etait-jesus1.jpg\",\"contentUrl\":\"https:\\\/\\\/macite.tg\\\/wp-content\\\/uploads\\\/2026\\\/02\\\/qui-etait-jesus1.jpg\",\"width\":500,\"height\":289,\"caption\":\"Vierge et l'Enfant entour\u00e9s de saints, Louvre (peinture de Bellini, entre 1490 et 1500)\"},{\"@type\":\"BreadcrumbList\",\"@id\":\"https:\\\/\\\/macite.tg\\\/?p=28151#breadcrumb\",\"itemListElement\":[{\"@type\":\"ListItem\",\"position\":1,\"name\":\"Accueil\",\"item\":\"https:\\\/\\\/macite.tg\\\/\"},{\"@type\":\"ListItem\",\"position\":2,\"name\":\"RELIGION\u00a0: Qui \u00e9tait vraiment J\u00e9sus ? (Acte 1)\"}]},{\"@type\":\"WebSite\",\"@id\":\"https:\\\/\\\/macite.tg\\\/#website\",\"url\":\"https:\\\/\\\/macite.tg\\\/\",\"name\":\"\",\"description\":\"L&#039;information, la bonne!!!\",\"potentialAction\":[{\"@type\":\"SearchAction\",\"target\":{\"@type\":\"EntryPoint\",\"urlTemplate\":\"https:\\\/\\\/macite.tg\\\/?s={search_term_string}\"},\"query-input\":{\"@type\":\"PropertyValueSpecification\",\"valueRequired\":true,\"valueName\":\"search_term_string\"}}],\"inLanguage\":\"fr-FR\"},{\"@type\":\"Person\",\"@id\":\"https:\\\/\\\/macite.tg\\\/#\\\/schema\\\/person\\\/e9f2de7e5dbbe7770a9402c7ce82f5c2\",\"name\":\"Jean Pierre BAWELA\",\"image\":{\"@type\":\"ImageObject\",\"inLanguage\":\"fr-FR\",\"@id\":\"https:\\\/\\\/macite.tg\\\/wp-content\\\/uploads\\\/2023\\\/09\\\/WhatsApp-Image-2023-09-19-at-14.44.41-122x122.jpeg\",\"url\":\"https:\\\/\\\/macite.tg\\\/wp-content\\\/uploads\\\/2023\\\/09\\\/WhatsApp-Image-2023-09-19-at-14.44.41-122x122.jpeg\",\"contentUrl\":\"https:\\\/\\\/macite.tg\\\/wp-content\\\/uploads\\\/2023\\\/09\\\/WhatsApp-Image-2023-09-19-at-14.44.41-122x122.jpeg\",\"caption\":\"Jean Pierre BAWELA\"},\"url\":\"https:\\\/\\\/macite.tg\\\/?author=2\"}]}<\/script>\n<!-- \/ Yoast SEO plugin. -->","yoast_head_json":{"title":"RELIGION\u00a0: Qui \u00e9tait vraiment J\u00e9sus ? (Acte 1) -","robots":{"index":"index","follow":"follow","max-snippet":"max-snippet:-1","max-image-preview":"max-image-preview:large","max-video-preview":"max-video-preview:-1"},"canonical":"https:\/\/macite.tg\/?p=28151","og_locale":"fr_FR","og_type":"article","og_title":"RELIGION\u00a0: Qui \u00e9tait vraiment J\u00e9sus ? (Acte 1) -","og_description":"\u00c9tait-il un guide spirituel ? Un r\u00e9formateur de la religion juive ? Un gu\u00e9risseur ? S\u2019appuyant sur les textes sacr\u00e9s et sur les derni\u00e8res d\u00e9couvertes arch\u00e9ologiques, l\u2019historien Jean-Christian Petitfils est parti \u00e0 la recherche du J\u00e9sus historique. Sujet d\u2019une multitude infinie d\u2019\u0153uvres religieuses, philosophiques, historiques, [&hellip;]","og_url":"https:\/\/macite.tg\/?p=28151","article_published_time":"2026-02-09T09:57:08+00:00","article_modified_time":"2026-02-09T09:57:21+00:00","og_image":[{"width":500,"height":289,"url":"https:\/\/macite.tg\/wp-content\/uploads\/2026\/02\/qui-etait-jesus1.jpg","type":"image\/jpeg"}],"author":"Jean Pierre BAWELA","twitter_card":"summary_large_image","twitter_misc":{"\u00c9crit par":"Jean Pierre BAWELA","Dur\u00e9e de lecture estim\u00e9e":"5 minutes"},"schema":{"@context":"https:\/\/schema.org","@graph":[{"@type":"Article","@id":"https:\/\/macite.tg\/?p=28151#article","isPartOf":{"@id":"https:\/\/macite.tg\/?p=28151"},"author":{"name":"Jean Pierre BAWELA","@id":"https:\/\/macite.tg\/#\/schema\/person\/e9f2de7e5dbbe7770a9402c7ce82f5c2"},"headline":"RELIGION\u00a0: Qui \u00e9tait vraiment J\u00e9sus ? (Acte 1)","datePublished":"2026-02-09T09:57:08+00:00","dateModified":"2026-02-09T09:57:21+00:00","mainEntityOfPage":{"@id":"https:\/\/macite.tg\/?p=28151"},"wordCount":808,"commentCount":0,"image":{"@id":"https:\/\/macite.tg\/?p=28151#primaryimage"},"thumbnailUrl":"https:\/\/macite.tg\/wp-content\/uploads\/2026\/02\/qui-etait-jesus1.jpg","articleSection":["ACTUALITE","SOCIETE"],"inLanguage":"fr-FR","potentialAction":[{"@type":"CommentAction","name":"Comment","target":["https:\/\/macite.tg\/?p=28151#respond"]}]},{"@type":"WebPage","@id":"https:\/\/macite.tg\/?p=28151","url":"https:\/\/macite.tg\/?p=28151","name":"RELIGION\u00a0: Qui \u00e9tait vraiment J\u00e9sus ? (Acte 1) -","isPartOf":{"@id":"https:\/\/macite.tg\/#website"},"primaryImageOfPage":{"@id":"https:\/\/macite.tg\/?p=28151#primaryimage"},"image":{"@id":"https:\/\/macite.tg\/?p=28151#primaryimage"},"thumbnailUrl":"https:\/\/macite.tg\/wp-content\/uploads\/2026\/02\/qui-etait-jesus1.jpg","datePublished":"2026-02-09T09:57:08+00:00","dateModified":"2026-02-09T09:57:21+00:00","author":{"@id":"https:\/\/macite.tg\/#\/schema\/person\/e9f2de7e5dbbe7770a9402c7ce82f5c2"},"breadcrumb":{"@id":"https:\/\/macite.tg\/?p=28151#breadcrumb"},"inLanguage":"fr-FR","potentialAction":[{"@type":"ReadAction","target":["https:\/\/macite.tg\/?p=28151"]}]},{"@type":"ImageObject","inLanguage":"fr-FR","@id":"https:\/\/macite.tg\/?p=28151#primaryimage","url":"https:\/\/macite.tg\/wp-content\/uploads\/2026\/02\/qui-etait-jesus1.jpg","contentUrl":"https:\/\/macite.tg\/wp-content\/uploads\/2026\/02\/qui-etait-jesus1.jpg","width":500,"height":289,"caption":"Vierge et l'Enfant entour\u00e9s de saints, Louvre (peinture de Bellini, entre 1490 et 1500)"},{"@type":"BreadcrumbList","@id":"https:\/\/macite.tg\/?p=28151#breadcrumb","itemListElement":[{"@type":"ListItem","position":1,"name":"Accueil","item":"https:\/\/macite.tg\/"},{"@type":"ListItem","position":2,"name":"RELIGION\u00a0: Qui \u00e9tait vraiment J\u00e9sus ? (Acte 1)"}]},{"@type":"WebSite","@id":"https:\/\/macite.tg\/#website","url":"https:\/\/macite.tg\/","name":"","description":"L&#039;information, la bonne!!!","potentialAction":[{"@type":"SearchAction","target":{"@type":"EntryPoint","urlTemplate":"https:\/\/macite.tg\/?s={search_term_string}"},"query-input":{"@type":"PropertyValueSpecification","valueRequired":true,"valueName":"search_term_string"}}],"inLanguage":"fr-FR"},{"@type":"Person","@id":"https:\/\/macite.tg\/#\/schema\/person\/e9f2de7e5dbbe7770a9402c7ce82f5c2","name":"Jean Pierre BAWELA","image":{"@type":"ImageObject","inLanguage":"fr-FR","@id":"https:\/\/macite.tg\/wp-content\/uploads\/2023\/09\/WhatsApp-Image-2023-09-19-at-14.44.41-122x122.jpeg","url":"https:\/\/macite.tg\/wp-content\/uploads\/2023\/09\/WhatsApp-Image-2023-09-19-at-14.44.41-122x122.jpeg","contentUrl":"https:\/\/macite.tg\/wp-content\/uploads\/2023\/09\/WhatsApp-Image-2023-09-19-at-14.44.41-122x122.jpeg","caption":"Jean Pierre BAWELA"},"url":"https:\/\/macite.tg\/?author=2"}]}},"_links":{"self":[{"href":"https:\/\/macite.tg\/index.php?rest_route=\/wp\/v2\/posts\/28151","targetHints":{"allow":["GET"]}}],"collection":[{"href":"https:\/\/macite.tg\/index.php?rest_route=\/wp\/v2\/posts"}],"about":[{"href":"https:\/\/macite.tg\/index.php?rest_route=\/wp\/v2\/types\/post"}],"author":[{"embeddable":true,"href":"https:\/\/macite.tg\/index.php?rest_route=\/wp\/v2\/users\/2"}],"replies":[{"embeddable":true,"href":"https:\/\/macite.tg\/index.php?rest_route=%2Fwp%2Fv2%2Fcomments&post=28151"}],"version-history":[{"count":0,"href":"https:\/\/macite.tg\/index.php?rest_route=\/wp\/v2\/posts\/28151\/revisions"}],"wp:featuredmedia":[{"embeddable":true,"href":"https:\/\/macite.tg\/index.php?rest_route=\/wp\/v2\/media\/28154"}],"wp:attachment":[{"href":"https:\/\/macite.tg\/index.php?rest_route=%2Fwp%2Fv2%2Fmedia&parent=28151"}],"wp:term":[{"taxonomy":"category","embeddable":true,"href":"https:\/\/macite.tg\/index.php?rest_route=%2Fwp%2Fv2%2Fcategories&post=28151"},{"taxonomy":"post_tag","embeddable":true,"href":"https:\/\/macite.tg\/index.php?rest_route=%2Fwp%2Fv2%2Ftags&post=28151"}],"curies":[{"name":"wp","href":"https:\/\/api.w.org\/{rel}","templated":true}]}}