{"id":28146,"date":"2026-02-09T09:52:09","date_gmt":"2026-02-09T09:52:09","guid":{"rendered":"https:\/\/macite.tg\/?p=28146"},"modified":"2026-02-09T09:52:14","modified_gmt":"2026-02-09T09:52:14","slug":"histoire-generale-de-lafrique-lunesco-veut-rehabiliter-la-verite-et-la-memoire-historique-du-vieux-contient","status":"publish","type":"post","link":"https:\/\/macite.tg\/?p=28146","title":{"rendered":"HISTOIRE GENERALE DE L\u2019AFRIQUE\u00a0: L\u2019Unesco veut r\u00e9habiliter la v\u00e9rit\u00e9 et la m\u00e9moire historique du vieux contient"},"content":{"rendered":"\n<p class=\"wp-block-paragraph\"><strong><em>C&rsquo;est un projet dantesque qui vient de s&rsquo;achever le&nbsp;17&nbsp;octobre dernier, \u00e0 Paris, avec la parution des trois derniers volumes de&nbsp;L&rsquo;Histoire g\u00e9n\u00e9rale de l&rsquo;Afrique. Lanc\u00e9e en&nbsp;1964&nbsp;par l&rsquo;Unesco, au moment des ind\u00e9pendances africaines, cette \u0153uvre pionni\u00e8re vise \u00e0&nbsp;raconter l\u2019histoire de l\u2019Afrique du point de vue africain, en faisant fi des mythes et id\u00e9es pr\u00e9con\u00e7ues entourant le continent. L&rsquo;ampleur de ce travail qui a mobilis\u00e9 sur&nbsp;61&nbsp;ans plus de&nbsp;550&nbsp;experts, dont la majorit\u00e9 issue d&rsquo;Afrique, reste in\u00e9gal\u00e9e.<\/em><\/strong><\/p>\n\n\n\n<p class=\"wp-block-paragraph\">Un comit\u00e9 scientifique de plus de&nbsp;200&nbsp;chercheurs, mis sur pied en 2013, a coordonn\u00e9 la r\u00e9daction de ces trois derniers tomes. Ceux-ci s&rsquo;attachent dans un premier ouvrage \u00e0 une remise \u00e0 jour des volumes pr\u00e9c\u00e9dents publi\u00e9s entre&nbsp;1964&nbsp;et 1994, donnent dans un second la part belle aux diasporas africaines ainsi qu&rsquo;\u00e0 leurs pr\u00e9cieux apports, et enfin s&rsquo;int\u00e9ressent aux d\u00e9fis contemporains de cette <em>\u00ab&nbsp;Afrique globale&nbsp;\u00bb<\/em> actuelle.<\/p>\n\n\n\n<p class=\"wp-block-paragraph\">Au total, les onze volumes produits couvrent la p\u00e9riode depuis les origines de l&rsquo;humanit\u00e9 jusqu&rsquo;aux d\u00e9fis contemporains des Africains et des diasporas dans le monde. Un projet acad\u00e9mique d&rsquo;envergure, mais \u00e9galement une ressource p\u00e9dagogique pr\u00e9cieuse.<\/p>\n\n\n<div class=\"wp-block-image\">\n<figure class=\"aligncenter size-full is-resized\"><img loading=\"lazy\" decoding=\"async\" width=\"690\" height=\"170\" src=\"https:\/\/macite.tg\/wp-content\/uploads\/2026\/02\/OTR_TVM.jpg\" alt=\"\" class=\"wp-image-28101\" style=\"width:840px;height:auto\" srcset=\"https:\/\/macite.tg\/wp-content\/uploads\/2026\/02\/OTR_TVM.jpg 690w, https:\/\/macite.tg\/wp-content\/uploads\/2026\/02\/OTR_TVM-300x74.jpg 300w\" sizes=\"auto, (max-width: 690px) 100vw, 690px\" \/><\/figure>\n<\/div>\n\n\n<p class=\"wp-block-paragraph\"><strong>\u0152uvre pionni\u00e8re contre les pr\u00e9jug\u00e9s<\/strong><\/p>\n\n\n\n<p class=\"wp-block-paragraph\"><em>\u00ab&nbsp;L&rsquo;ambition de ce projet est directement li\u00e9e au contexte de l&rsquo;\u00e9poque. D\u00e8s le d\u00e9part, il s&rsquo;agissait de rendre \u00e0 l&rsquo;Afrique son pass\u00e9 v\u00e9ritable. Pour les Africains, cela consistait \u00e0 affirmer leurs identit\u00e9s culturelles, exposer la pens\u00e9e africaine, ses civilisations, ses soci\u00e9t\u00e9s et institutions dans leur diversit\u00e9 et r\u00e9affirmer leur aspiration \u00e0 l&rsquo;unit\u00e9 africaine&nbsp;\u00bb,<\/em> relate Lamine Diagne, sp\u00e9cialiste des programmes \u00e0 l&rsquo;Unesco.<\/p>\n\n\n\n<p class=\"wp-block-paragraph\">Ce qu&rsquo;il appelle <em>\u00ab&nbsp;l&rsquo;une des entreprises intellectuelles les plus ambitieuses du XX<sup>e<\/sup>&nbsp;si\u00e8cle&nbsp;\u00bb<\/em> ambitionnait de reconstruire l&rsquo;histoire du continent en remettant en cause les approches conventionnelles. Celles-ci, bas\u00e9es sur un regard colonial p\u00e9tri de mythes, pr\u00e9jug\u00e9s et st\u00e9r\u00e9otypes racistes, occultaient ainsi la v\u00e9ritable Histoire du continent et perp\u00e9tuaient l&rsquo;id\u00e9e r\u00e9pandue selon laquelle l&rsquo;Afrique n&rsquo;\u00e9tait pas encore entr\u00e9e dans l&rsquo;Histoire.<\/p>\n\n\n\n<p class=\"wp-block-paragraph\">Une ignorance encore remise au go\u00fbt du jour par Nicolas Sarkozy lors de son discours \u00e0 Dakar en 2012, oubliant m\u00eame que l&rsquo;Afrique est le berceau de l&rsquo;humanit\u00e9. \u00c0 travers ce projet, il s&rsquo;agit de r\u00e9habiliter la v\u00e9rit\u00e9 historique mais aussi la m\u00e9moire historique, et rappeler la contribution essentielle du continent \u00e0 l&rsquo;Histoire universelle et <em>\u00ab&nbsp;son apport au progr\u00e8s g\u00e9n\u00e9ral de l&rsquo;humanit\u00e9&nbsp;\u00bb.<\/em><\/p>\n\n\n\n<p class=\"wp-block-paragraph\">Apr\u00e8s un arr\u00eat de plusieurs ann\u00e9es apr\u00e8s la publication du tome huit, le projet d&rsquo;\u00e9criture de trois nouveaux tomes afin de couvrir l&rsquo;histoire r\u00e9cente et poursuivre le r\u00e9cit \u00e9merge en juin&nbsp;2009&nbsp;\u00e0 la demande des chefs d&rsquo;\u00c9tat&nbsp;et gouvernement de l&rsquo;Union africaine.<\/p>\n\n\n\n<p class=\"wp-block-paragraph\">Apr\u00e8s une r\u00e9union d&rsquo;experts \u00e0 Addis-Abeba en juin 2013, un nouveau comit\u00e9 scientifique international, de&nbsp;16&nbsp;membres, est mis en place en 2014, tandis que des nouveaux fonds sont engag\u00e9s. Une acc\u00e9l\u00e9ration notamment impuls\u00e9e ces derni\u00e8res ann\u00e9es par la directrice g\u00e9n\u00e9rale de l&rsquo;Unesco, Audrey Azoulay.<\/p>\n\n\n\n<p class=\"wp-block-paragraph\"><strong>R\u00f4le crucial des diasporas africaines<\/strong><\/p>\n\n\n\n<p class=\"wp-block-paragraph\">Ces trois nouveaux tomes continuent de c\u00e9l\u00e9brer les peuples africains et leurs apports au monde. Le tome dix est consacr\u00e9 aux diasporas africaines <em>\u00ab&nbsp;pour restituer la dimension mondiale de l&rsquo;exp\u00e9rience africaine et d\u00e9passer une vision strictement continentale de son histoire&nbsp;\u00bb,<\/em> d\u00e9veloppe Lamine Diagne.<\/p>\n\n\n\n<figure class=\"wp-block-image size-full\"><img loading=\"lazy\" decoding=\"async\" width=\"980\" height=\"210\" src=\"https:\/\/macite.tg\/wp-content\/uploads\/2026\/02\/image-24.png\" alt=\"\" class=\"wp-image-28092\" srcset=\"https:\/\/macite.tg\/wp-content\/uploads\/2026\/02\/image-24.png 980w, https:\/\/macite.tg\/wp-content\/uploads\/2026\/02\/image-24-300x64.png 300w, https:\/\/macite.tg\/wp-content\/uploads\/2026\/02\/image-24-768x165.png 768w\" sizes=\"auto, (max-width: 980px) 100vw, 980px\" \/><\/figure>\n\n\n\n<p class=\"wp-block-paragraph\"><em>\u00ab&nbsp;Les diasporas ont \u00e9t\u00e9, depuis des si\u00e8cles et sur tous les continents, des acteurs majeurs des \u00e9changes culturels, \u00e9conomiques et spirituels entre l&rsquo;Afrique, les Am\u00e9riques, l&rsquo;Europe, le Moyen-Orient et l&rsquo;Asie. En retra\u00e7ant la diversit\u00e9 de ces exp\u00e9riences (esclavage, migrations volontaires, circulations savantes ou marchandes), le volume met en \u00e9vidence une identit\u00e9 diasporique plurielle mais unie par un m\u00eame combat pour la dignit\u00e9. Aujourd&rsquo;hui, ce travail entrepris par l&rsquo;Unesco est d&rsquo;autant plus pertinent, car reconna\u00eetre la profondeur historique des diasporas africaines revient \u00e0 affirmer leur r\u00f4le dans la construction du monde moderne&nbsp;\u00bb, <\/em>insiste-t-il.&nbsp;<\/p>\n\n\n\n<p class=\"wp-block-paragraph\">Le continent occupe une place historique mondiale primordiale, sa contribution persistante se manifestant par le commerce, les migrations, les avanc\u00e9es scientifiques et les \u00e9changes culturels qui cr\u00e9ent des liens intercontinentaux durables.<\/p>\n\n\n\n<p class=\"wp-block-paragraph\">Le dernier ouvrage enfin explore les d\u00e9fis et opportunit\u00e9s actuels auxquels l&rsquo;Afrique moderne est confront\u00e9e. Les grandes \u00e9volutions sociales, politiques et culturelles, tant sur le continent que celles v\u00e9cues par les diasporas africaines dans le monde, sont \u00e9tudi\u00e9es. L&rsquo;\u00e9galit\u00e9 de genre, la mondialisation, le changement climatique, le panafricanisme, la sant\u00e9 publique ? sont parmi les nombreux sujets contemporains d\u00e9velopp\u00e9s par les experts dans ce volume final. En arri\u00e8re-plan, c&rsquo;est une r\u00e9flexion sur la m\u00e9moire, l&rsquo;identit\u00e9 et l&rsquo;avenir de l&rsquo;Afrique qui est aussi \u00e9voqu\u00e9.<\/p>\n\n\n\n<p class=\"wp-block-paragraph\"><strong>Ressource p\u00e9dagogique<\/strong><\/p>\n\n\n\n<p class=\"wp-block-paragraph\">\u0152uvre majeure d&rsquo;un point de vue acad\u00e9mique, c&rsquo;est aussi et surtout une ressource p\u00e9dagogique \u00e0 la port\u00e9e universelle. Si Lamine Diagne assure que <em>\u00ab&nbsp;les pr\u00e9c\u00e9dents volumes ont \u00e9t\u00e9 re\u00e7us avec enthousiasme par les publics atteints et ont introduit une nouvelle mani\u00e8re de voir le pass\u00e9 du continent en produisant un changement radical dans la compr\u00e9hension du pass\u00e9 africain&nbsp;\u00bb,<\/em> leur diffusion reste \u00e0 amplifier.<\/p>\n\n\n<div class=\"wp-block-image\">\n<figure class=\"aligncenter size-large is-resized\"><img loading=\"lazy\" decoding=\"async\" width=\"1024\" height=\"1024\" src=\"https:\/\/macite.tg\/wp-content\/uploads\/2026\/01\/623395023_1512975654170569_1154007761338906948_n-1024x1024.jpg\" alt=\"\" class=\"wp-image-27896\" style=\"width:598px;height:auto\" srcset=\"https:\/\/macite.tg\/wp-content\/uploads\/2026\/01\/623395023_1512975654170569_1154007761338906948_n-1024x1024.jpg 1024w, https:\/\/macite.tg\/wp-content\/uploads\/2026\/01\/623395023_1512975654170569_1154007761338906948_n-300x300.jpg 300w, https:\/\/macite.tg\/wp-content\/uploads\/2026\/01\/623395023_1512975654170569_1154007761338906948_n-150x150.jpg 150w, https:\/\/macite.tg\/wp-content\/uploads\/2026\/01\/623395023_1512975654170569_1154007761338906948_n-768x768.jpg 768w, https:\/\/macite.tg\/wp-content\/uploads\/2026\/01\/623395023_1512975654170569_1154007761338906948_n-122x122.jpg 122w, https:\/\/macite.tg\/wp-content\/uploads\/2026\/01\/623395023_1512975654170569_1154007761338906948_n.jpg 1080w\" sizes=\"auto, (max-width: 1024px) 100vw, 1024px\" \/><\/figure>\n<\/div>\n\n\n<p class=\"wp-block-paragraph\">De nombreux publics n&rsquo;y ont pas encore eu suffisamment acc\u00e8s. Le travail de diffusion et de vulgarisation est donc essentiel.&nbsp;<em>L&rsquo;Histoire g\u00e9n\u00e9rale de l&rsquo;Afrique<\/em>&nbsp;a \u00e9t\u00e9 publi\u00e9e en&nbsp;13&nbsp;langues parmi lesquelles trois langues africaines (peul, haoussa et kiswahili). Les premiers volumes sont aussi disponibles gratuitement sur le site de l&rsquo;Unesco et les derniers parus devraient l&rsquo;\u00eatre prochainement \u00e9galement.<\/p>\n\n\n\n<p class=\"wp-block-paragraph\">L&rsquo;Organisation des Nations unies a aussi con\u00e7u plusieurs ressources comme le Curriculum Pathway Tod, des sortes de guides p\u00e9dagogiques avec des plans de cours pour les enseignants. Un jeu vid\u00e9o,&nbsp;<em>H\u00e9ros Africains<\/em>, a aussi \u00e9t\u00e9 con\u00e7u autour de dix figures africaines embl\u00e9matiques (Toussaint Louverture, la reine Nzinga entre autres) issus de cinq sous-r\u00e9gions de l&rsquo;Afrique et de diff\u00e9rentes p\u00e9riodes historiques, pour diffuser plus largement les connaissances en rendant l&rsquo;apprentissage interactif.<\/p>\n\n\n\n<p class=\"wp-block-paragraph\">Un r\u00e9seau d&rsquo;universit\u00e9s a \u00e9t\u00e9 cr\u00e9\u00e9 pour promouvoir l&rsquo;utilisation de l&rsquo;<em>Histoire g\u00e9n\u00e9rale de l&rsquo;Afrique<\/em>&nbsp;dans l&rsquo;enseignement sup\u00e9rieur, renseigne enfin M. Diagne.<\/p>\n\n\n\n<p class=\"wp-block-paragraph\"><strong>MSN<\/strong><\/p>\n\n\n\n<p class=\"wp-block-paragraph\"><a><strong><em>@macite.tg&nbsp;&nbsp;&nbsp;&nbsp;&nbsp;&nbsp;&nbsp;&nbsp;<\/em><\/strong><\/a><\/p>\n\n\n\n<p class=\"wp-block-paragraph\"><strong><em>E-mail&nbsp;: <\/em><\/strong><a href=\"mailto:maciteinfo@gmail.com\"><strong><em>maciteinfo@gmail.com<\/em><\/strong><\/a><strong><em>; <\/em><\/strong><a href=\"mailto:bawela1@gmail.com\"><strong><em>bawela1@gmail.com<\/em><\/strong><\/a><strong><em><\/em><\/strong><\/p>\n\n\n\n<p class=\"wp-block-paragraph\"><strong><em>Pour vos annonces, (publi)reportages, etc., joignez-nous au (00228)91515309\/<\/em><\/strong><strong><em>79872224 <\/em><\/strong><strong><em><\/em><\/strong><\/p>\n\n\n\n<p class=\"wp-block-paragraph\"><strong><em>www.macite.tg, L\u2019information, la bonne&nbsp;!<\/em><\/strong><\/p>\n\n\n\n<p class=\"wp-block-paragraph\"><\/p>\n","protected":false},"excerpt":{"rendered":"<p class=\"text-justify mb-2\" >C&rsquo;est un projet dantesque qui vient de s&rsquo;achever le&nbsp;17&nbsp;octobre dernier, \u00e0 Paris, avec la parution des trois derniers volumes de&nbsp;L&rsquo;Histoire g\u00e9n\u00e9rale de l&rsquo;Afrique. Lanc\u00e9e en&nbsp;1964&nbsp;par l&rsquo;Unesco, au moment des ind\u00e9pendances africaines, cette \u0153uvre pionni\u00e8re vise \u00e0&nbsp;raconter l\u2019histoire de l\u2019Afrique du point de vue africain, en [&hellip;]<\/p>\n","protected":false},"author":2,"featured_media":28152,"comment_status":"open","ping_status":"open","sticky":false,"template":"","format":"standard","meta":{"footnotes":""},"categories":[20,1],"tags":[],"class_list":["post-28146","post","type-post","status-publish","format-standard","has-post-thumbnail","hentry","category-actualite","category-politique"],"yoast_head":"<!-- This site is optimized with the Yoast SEO plugin v28.4 - https:\/\/yoast.com\/product\/yoast-seo-wordpress\/ -->\n<title>HISTOIRE GENERALE DE L\u2019AFRIQUE\u00a0: L\u2019Unesco veut r\u00e9habiliter la v\u00e9rit\u00e9 et la m\u00e9moire historique du vieux contient -<\/title>\n<meta name=\"robots\" content=\"index, follow, max-snippet:-1, max-image-preview:large, max-video-preview:-1\" \/>\n<link rel=\"canonical\" href=\"https:\/\/macite.tg\/?p=28146\" \/>\n<meta property=\"og:locale\" content=\"fr_FR\" \/>\n<meta property=\"og:type\" content=\"article\" \/>\n<meta property=\"og:title\" content=\"HISTOIRE GENERALE DE L\u2019AFRIQUE\u00a0: L\u2019Unesco veut r\u00e9habiliter la v\u00e9rit\u00e9 et la m\u00e9moire historique du vieux contient -\" \/>\n<meta property=\"og:description\" content=\"C&rsquo;est un projet dantesque qui vient de s&rsquo;achever le&nbsp;17&nbsp;octobre dernier, \u00e0 Paris, avec la parution des trois derniers volumes de&nbsp;L&rsquo;Histoire g\u00e9n\u00e9rale de l&rsquo;Afrique. Lanc\u00e9e en&nbsp;1964&nbsp;par l&rsquo;Unesco, au moment des ind\u00e9pendances africaines, cette \u0153uvre pionni\u00e8re vise \u00e0&nbsp;raconter l\u2019histoire de l\u2019Afrique du point de vue africain, en [&hellip;]\" \/>\n<meta property=\"og:url\" content=\"https:\/\/macite.tg\/?p=28146\" \/>\n<meta property=\"article:published_time\" content=\"2026-02-09T09:52:09+00:00\" \/>\n<meta property=\"article:modified_time\" content=\"2026-02-09T09:52:14+00:00\" \/>\n<meta property=\"og:image\" content=\"https:\/\/macite.tg\/wp-content\/uploads\/2026\/02\/image-33.png\" \/>\n\t<meta property=\"og:image:width\" content=\"416\" \/>\n\t<meta property=\"og:image:height\" content=\"188\" \/>\n\t<meta property=\"og:image:type\" content=\"image\/png\" \/>\n<meta name=\"author\" content=\"Jean Pierre BAWELA\" \/>\n<meta name=\"twitter:card\" content=\"summary_large_image\" \/>\n<meta name=\"twitter:label1\" content=\"\u00c9crit par\" \/>\n\t<meta name=\"twitter:data1\" content=\"Jean Pierre BAWELA\" \/>\n\t<meta name=\"twitter:label2\" content=\"Dur\u00e9e de lecture estim\u00e9e\" \/>\n\t<meta name=\"twitter:data2\" content=\"6 minutes\" \/>\n<script type=\"application\/ld+json\" class=\"yoast-schema-graph\">{\"@context\":\"https:\\\/\\\/schema.org\",\"@graph\":[{\"@type\":\"Article\",\"@id\":\"https:\\\/\\\/macite.tg\\\/?p=28146#article\",\"isPartOf\":{\"@id\":\"https:\\\/\\\/macite.tg\\\/?p=28146\"},\"author\":{\"name\":\"Jean Pierre BAWELA\",\"@id\":\"https:\\\/\\\/macite.tg\\\/#\\\/schema\\\/person\\\/e9f2de7e5dbbe7770a9402c7ce82f5c2\"},\"headline\":\"HISTOIRE GENERALE DE L\u2019AFRIQUE\u00a0: L\u2019Unesco veut r\u00e9habiliter la v\u00e9rit\u00e9 et la m\u00e9moire historique du vieux contient\",\"datePublished\":\"2026-02-09T09:52:09+00:00\",\"dateModified\":\"2026-02-09T09:52:14+00:00\",\"mainEntityOfPage\":{\"@id\":\"https:\\\/\\\/macite.tg\\\/?p=28146\"},\"wordCount\":1183,\"commentCount\":0,\"image\":{\"@id\":\"https:\\\/\\\/macite.tg\\\/?p=28146#primaryimage\"},\"thumbnailUrl\":\"https:\\\/\\\/macite.tg\\\/wp-content\\\/uploads\\\/2026\\\/02\\\/image-33.png\",\"articleSection\":[\"ACTUALITE\",\"POLITIQUE\"],\"inLanguage\":\"fr-FR\",\"potentialAction\":[{\"@type\":\"CommentAction\",\"name\":\"Comment\",\"target\":[\"https:\\\/\\\/macite.tg\\\/?p=28146#respond\"]}]},{\"@type\":\"WebPage\",\"@id\":\"https:\\\/\\\/macite.tg\\\/?p=28146\",\"url\":\"https:\\\/\\\/macite.tg\\\/?p=28146\",\"name\":\"HISTOIRE GENERALE DE L\u2019AFRIQUE\u00a0: L\u2019Unesco veut r\u00e9habiliter la v\u00e9rit\u00e9 et la m\u00e9moire historique du vieux contient -\",\"isPartOf\":{\"@id\":\"https:\\\/\\\/macite.tg\\\/#website\"},\"primaryImageOfPage\":{\"@id\":\"https:\\\/\\\/macite.tg\\\/?p=28146#primaryimage\"},\"image\":{\"@id\":\"https:\\\/\\\/macite.tg\\\/?p=28146#primaryimage\"},\"thumbnailUrl\":\"https:\\\/\\\/macite.tg\\\/wp-content\\\/uploads\\\/2026\\\/02\\\/image-33.png\",\"datePublished\":\"2026-02-09T09:52:09+00:00\",\"dateModified\":\"2026-02-09T09:52:14+00:00\",\"author\":{\"@id\":\"https:\\\/\\\/macite.tg\\\/#\\\/schema\\\/person\\\/e9f2de7e5dbbe7770a9402c7ce82f5c2\"},\"breadcrumb\":{\"@id\":\"https:\\\/\\\/macite.tg\\\/?p=28146#breadcrumb\"},\"inLanguage\":\"fr-FR\",\"potentialAction\":[{\"@type\":\"ReadAction\",\"target\":[\"https:\\\/\\\/macite.tg\\\/?p=28146\"]}]},{\"@type\":\"ImageObject\",\"inLanguage\":\"fr-FR\",\"@id\":\"https:\\\/\\\/macite.tg\\\/?p=28146#primaryimage\",\"url\":\"https:\\\/\\\/macite.tg\\\/wp-content\\\/uploads\\\/2026\\\/02\\\/image-33.png\",\"contentUrl\":\"https:\\\/\\\/macite.tg\\\/wp-content\\\/uploads\\\/2026\\\/02\\\/image-33.png\",\"width\":416,\"height\":188},{\"@type\":\"BreadcrumbList\",\"@id\":\"https:\\\/\\\/macite.tg\\\/?p=28146#breadcrumb\",\"itemListElement\":[{\"@type\":\"ListItem\",\"position\":1,\"name\":\"Accueil\",\"item\":\"https:\\\/\\\/macite.tg\\\/\"},{\"@type\":\"ListItem\",\"position\":2,\"name\":\"HISTOIRE GENERALE DE L\u2019AFRIQUE\u00a0: L\u2019Unesco veut r\u00e9habiliter la v\u00e9rit\u00e9 et la m\u00e9moire historique du vieux contient\"}]},{\"@type\":\"WebSite\",\"@id\":\"https:\\\/\\\/macite.tg\\\/#website\",\"url\":\"https:\\\/\\\/macite.tg\\\/\",\"name\":\"\",\"description\":\"L&#039;information, la bonne!!!\",\"potentialAction\":[{\"@type\":\"SearchAction\",\"target\":{\"@type\":\"EntryPoint\",\"urlTemplate\":\"https:\\\/\\\/macite.tg\\\/?s={search_term_string}\"},\"query-input\":{\"@type\":\"PropertyValueSpecification\",\"valueRequired\":true,\"valueName\":\"search_term_string\"}}],\"inLanguage\":\"fr-FR\"},{\"@type\":\"Person\",\"@id\":\"https:\\\/\\\/macite.tg\\\/#\\\/schema\\\/person\\\/e9f2de7e5dbbe7770a9402c7ce82f5c2\",\"name\":\"Jean Pierre BAWELA\",\"image\":{\"@type\":\"ImageObject\",\"inLanguage\":\"fr-FR\",\"@id\":\"https:\\\/\\\/macite.tg\\\/wp-content\\\/uploads\\\/2023\\\/09\\\/WhatsApp-Image-2023-09-19-at-14.44.41-122x122.jpeg\",\"url\":\"https:\\\/\\\/macite.tg\\\/wp-content\\\/uploads\\\/2023\\\/09\\\/WhatsApp-Image-2023-09-19-at-14.44.41-122x122.jpeg\",\"contentUrl\":\"https:\\\/\\\/macite.tg\\\/wp-content\\\/uploads\\\/2023\\\/09\\\/WhatsApp-Image-2023-09-19-at-14.44.41-122x122.jpeg\",\"caption\":\"Jean Pierre BAWELA\"},\"url\":\"https:\\\/\\\/macite.tg\\\/?author=2\"}]}<\/script>\n<!-- \/ Yoast SEO plugin. -->","yoast_head_json":{"title":"HISTOIRE GENERALE DE L\u2019AFRIQUE\u00a0: L\u2019Unesco veut r\u00e9habiliter la v\u00e9rit\u00e9 et la m\u00e9moire historique du vieux contient -","robots":{"index":"index","follow":"follow","max-snippet":"max-snippet:-1","max-image-preview":"max-image-preview:large","max-video-preview":"max-video-preview:-1"},"canonical":"https:\/\/macite.tg\/?p=28146","og_locale":"fr_FR","og_type":"article","og_title":"HISTOIRE GENERALE DE L\u2019AFRIQUE\u00a0: L\u2019Unesco veut r\u00e9habiliter la v\u00e9rit\u00e9 et la m\u00e9moire historique du vieux contient -","og_description":"C&rsquo;est un projet dantesque qui vient de s&rsquo;achever le&nbsp;17&nbsp;octobre dernier, \u00e0 Paris, avec la parution des trois derniers volumes de&nbsp;L&rsquo;Histoire g\u00e9n\u00e9rale de l&rsquo;Afrique. Lanc\u00e9e en&nbsp;1964&nbsp;par l&rsquo;Unesco, au moment des ind\u00e9pendances africaines, cette \u0153uvre pionni\u00e8re vise \u00e0&nbsp;raconter l\u2019histoire de l\u2019Afrique du point de vue africain, en [&hellip;]","og_url":"https:\/\/macite.tg\/?p=28146","article_published_time":"2026-02-09T09:52:09+00:00","article_modified_time":"2026-02-09T09:52:14+00:00","og_image":[{"width":416,"height":188,"url":"https:\/\/macite.tg\/wp-content\/uploads\/2026\/02\/image-33.png","type":"image\/png"}],"author":"Jean Pierre BAWELA","twitter_card":"summary_large_image","twitter_misc":{"\u00c9crit par":"Jean Pierre BAWELA","Dur\u00e9e de lecture estim\u00e9e":"6 minutes"},"schema":{"@context":"https:\/\/schema.org","@graph":[{"@type":"Article","@id":"https:\/\/macite.tg\/?p=28146#article","isPartOf":{"@id":"https:\/\/macite.tg\/?p=28146"},"author":{"name":"Jean Pierre BAWELA","@id":"https:\/\/macite.tg\/#\/schema\/person\/e9f2de7e5dbbe7770a9402c7ce82f5c2"},"headline":"HISTOIRE GENERALE DE L\u2019AFRIQUE\u00a0: L\u2019Unesco veut r\u00e9habiliter la v\u00e9rit\u00e9 et la m\u00e9moire historique du vieux contient","datePublished":"2026-02-09T09:52:09+00:00","dateModified":"2026-02-09T09:52:14+00:00","mainEntityOfPage":{"@id":"https:\/\/macite.tg\/?p=28146"},"wordCount":1183,"commentCount":0,"image":{"@id":"https:\/\/macite.tg\/?p=28146#primaryimage"},"thumbnailUrl":"https:\/\/macite.tg\/wp-content\/uploads\/2026\/02\/image-33.png","articleSection":["ACTUALITE","POLITIQUE"],"inLanguage":"fr-FR","potentialAction":[{"@type":"CommentAction","name":"Comment","target":["https:\/\/macite.tg\/?p=28146#respond"]}]},{"@type":"WebPage","@id":"https:\/\/macite.tg\/?p=28146","url":"https:\/\/macite.tg\/?p=28146","name":"HISTOIRE GENERALE DE L\u2019AFRIQUE\u00a0: L\u2019Unesco veut r\u00e9habiliter la v\u00e9rit\u00e9 et la m\u00e9moire historique du vieux contient -","isPartOf":{"@id":"https:\/\/macite.tg\/#website"},"primaryImageOfPage":{"@id":"https:\/\/macite.tg\/?p=28146#primaryimage"},"image":{"@id":"https:\/\/macite.tg\/?p=28146#primaryimage"},"thumbnailUrl":"https:\/\/macite.tg\/wp-content\/uploads\/2026\/02\/image-33.png","datePublished":"2026-02-09T09:52:09+00:00","dateModified":"2026-02-09T09:52:14+00:00","author":{"@id":"https:\/\/macite.tg\/#\/schema\/person\/e9f2de7e5dbbe7770a9402c7ce82f5c2"},"breadcrumb":{"@id":"https:\/\/macite.tg\/?p=28146#breadcrumb"},"inLanguage":"fr-FR","potentialAction":[{"@type":"ReadAction","target":["https:\/\/macite.tg\/?p=28146"]}]},{"@type":"ImageObject","inLanguage":"fr-FR","@id":"https:\/\/macite.tg\/?p=28146#primaryimage","url":"https:\/\/macite.tg\/wp-content\/uploads\/2026\/02\/image-33.png","contentUrl":"https:\/\/macite.tg\/wp-content\/uploads\/2026\/02\/image-33.png","width":416,"height":188},{"@type":"BreadcrumbList","@id":"https:\/\/macite.tg\/?p=28146#breadcrumb","itemListElement":[{"@type":"ListItem","position":1,"name":"Accueil","item":"https:\/\/macite.tg\/"},{"@type":"ListItem","position":2,"name":"HISTOIRE GENERALE DE L\u2019AFRIQUE\u00a0: L\u2019Unesco veut r\u00e9habiliter la v\u00e9rit\u00e9 et la m\u00e9moire historique du vieux contient"}]},{"@type":"WebSite","@id":"https:\/\/macite.tg\/#website","url":"https:\/\/macite.tg\/","name":"","description":"L&#039;information, la bonne!!!","potentialAction":[{"@type":"SearchAction","target":{"@type":"EntryPoint","urlTemplate":"https:\/\/macite.tg\/?s={search_term_string}"},"query-input":{"@type":"PropertyValueSpecification","valueRequired":true,"valueName":"search_term_string"}}],"inLanguage":"fr-FR"},{"@type":"Person","@id":"https:\/\/macite.tg\/#\/schema\/person\/e9f2de7e5dbbe7770a9402c7ce82f5c2","name":"Jean Pierre BAWELA","image":{"@type":"ImageObject","inLanguage":"fr-FR","@id":"https:\/\/macite.tg\/wp-content\/uploads\/2023\/09\/WhatsApp-Image-2023-09-19-at-14.44.41-122x122.jpeg","url":"https:\/\/macite.tg\/wp-content\/uploads\/2023\/09\/WhatsApp-Image-2023-09-19-at-14.44.41-122x122.jpeg","contentUrl":"https:\/\/macite.tg\/wp-content\/uploads\/2023\/09\/WhatsApp-Image-2023-09-19-at-14.44.41-122x122.jpeg","caption":"Jean Pierre BAWELA"},"url":"https:\/\/macite.tg\/?author=2"}]}},"_links":{"self":[{"href":"https:\/\/macite.tg\/index.php?rest_route=\/wp\/v2\/posts\/28146","targetHints":{"allow":["GET"]}}],"collection":[{"href":"https:\/\/macite.tg\/index.php?rest_route=\/wp\/v2\/posts"}],"about":[{"href":"https:\/\/macite.tg\/index.php?rest_route=\/wp\/v2\/types\/post"}],"author":[{"embeddable":true,"href":"https:\/\/macite.tg\/index.php?rest_route=\/wp\/v2\/users\/2"}],"replies":[{"embeddable":true,"href":"https:\/\/macite.tg\/index.php?rest_route=%2Fwp%2Fv2%2Fcomments&post=28146"}],"version-history":[{"count":0,"href":"https:\/\/macite.tg\/index.php?rest_route=\/wp\/v2\/posts\/28146\/revisions"}],"wp:featuredmedia":[{"embeddable":true,"href":"https:\/\/macite.tg\/index.php?rest_route=\/wp\/v2\/media\/28152"}],"wp:attachment":[{"href":"https:\/\/macite.tg\/index.php?rest_route=%2Fwp%2Fv2%2Fmedia&parent=28146"}],"wp:term":[{"taxonomy":"category","embeddable":true,"href":"https:\/\/macite.tg\/index.php?rest_route=%2Fwp%2Fv2%2Fcategories&post=28146"},{"taxonomy":"post_tag","embeddable":true,"href":"https:\/\/macite.tg\/index.php?rest_route=%2Fwp%2Fv2%2Ftags&post=28146"}],"curies":[{"name":"wp","href":"https:\/\/api.w.org\/{rel}","templated":true}]}}