{"id":28145,"date":"2026-02-09T09:47:37","date_gmt":"2026-02-09T09:47:37","guid":{"rendered":"https:\/\/macite.tg\/?p=28145"},"modified":"2026-02-09T09:47:41","modified_gmt":"2026-02-09T09:47:41","slug":"togo-a-ketao-des-femmes-leaders-renforcent-lalimentation-des-nourrissons","status":"publish","type":"post","link":"https:\/\/macite.tg\/?p=28145","title":{"rendered":"TOGO\u00a0: A K\u00e9tao, des Femmes leaders renforcent l\u2019alimentation des nourrissons"},"content":{"rendered":"\n<p class=\"wp-block-paragraph\"><strong><em>Le Togo fait face \u00e0 des d\u00e9fis importants en mati\u00e8re de nutrition, surtout des enfants \u00e0 bas-\u00e2ge. Pr\u00e8s de 24 % des enfants de moins de 5ans souffrent de malnutrition chronique, selon le Plan strat\u00e9gique national multisectoriel de la nutrition au Togo pour la p\u00e9riode 2019-2023. La malnutrition se pr\u00e9sente comme un probl\u00e8me de sant\u00e9 publique, tant ses cons\u00e9quences sur le d\u00e9veloppement physique et mental sur l\u2019enfant, la productivit\u00e9, l\u2019appauvrissement des populations, font de cette probl\u00e9matique un probl\u00e8me de d\u00e9veloppement, n\u00e9cessitant une approche multisectorielle, indiquent les sp\u00e9cialistes en d\u00e9veloppement.<\/em><\/strong><\/p>\n\n\n\n<p class=\"wp-block-paragraph\">La malnutrition chronique ou retard de croissance, s\u2019installe lorsque les enfants sont expos\u00e9s \u00e0 des facteurs de risque sur le long terme, notamment les infections et\/ou malnutrition aig\u00fce r\u00e9p\u00e9t\u00e9e, apport insuffisant ou inappropri\u00e9 pour leurs \u00e2ges.&nbsp; Et pourtant une bonne nutrition, surtout pendant les mille premiers jours (de la conception \u00e0 l\u2019\u00e2ge de deux ans), est essentielle pour la croissance optimale et le d\u00e9veloppement physique et cognitif de l\u2019enfant.<\/p>\n\n\n\n<p class=\"wp-block-paragraph\">C\u2019est dans ce sens que l\u2019ex\u00e9cutif togolais, avec l\u2019appui de ses partenaires dont l\u2019UNICEF, a multipli\u00e9 des strat\u00e9gies en faveur de la pr\u00e9vention de la malnutrition chronique (KRC2) dans les communaut\u00e9s. Ces initiatives visent, non seulement \u00e0 \u00e9duquer, mais aussi \u00e0 sensibiliser les femmes sur les bonnes pratiques en faveur de la pr\u00e9vention de cette probl\u00e9matique.<\/p>\n\n\n<div class=\"wp-block-image\">\n<figure class=\"aligncenter size-full\"><img loading=\"lazy\" decoding=\"async\" width=\"851\" height=\"315\" src=\"https:\/\/macite.tg\/wp-content\/uploads\/2026\/02\/OTR_Bandeau-Renseignements.jpg\" alt=\"\" class=\"wp-image-28024\" srcset=\"https:\/\/macite.tg\/wp-content\/uploads\/2026\/02\/OTR_Bandeau-Renseignements.jpg 851w, https:\/\/macite.tg\/wp-content\/uploads\/2026\/02\/OTR_Bandeau-Renseignements-300x111.jpg 300w, https:\/\/macite.tg\/wp-content\/uploads\/2026\/02\/OTR_Bandeau-Renseignements-768x284.jpg 768w\" sizes=\"auto, (max-width: 851px) 100vw, 851px\" \/><\/figure>\n<\/div>\n\n\n<p class=\"wp-block-paragraph\">L\u2019objectif de ces actions est de permettre, d\u2019ici 2026, aux enfants (filles et gar\u00e7ons) et leurs m\u00e8res d\u2019avoir un acc\u00e8s am\u00e9lior\u00e9 \u00e0 un r\u00e9gime alimentaire diversifi\u00e9 et \u00e9quilibr\u00e9, aux services pr\u00e9ventifs et curatifs de nutrition dans plusieurs r\u00e9gions du pays, notamment dans les Savanes, dans la Kara et la Maritime.<\/p>\n\n\n\n<p class=\"wp-block-paragraph\">Dans la Kara, notamment au centre de sant\u00e9 de K\u00e9tao (pr\u00e9fecture de la Binah), une initiative fait cas d\u2019\u00e9cole. Des femmes leader, r\u00e9unies au sein des groupes de soutien \u00e0 l\u2019Alimentation du nourrisson et du jeune enfants (ANJE), ont \u00e9t\u00e9 sensibilis\u00e9es et form\u00e9es, avec pour objectif&nbsp;: sensibiliser \u00e0 leur tour, accompagner et soutenir les m\u00e8res dans l\u2019adoption de bonnes pratiques nutritionnelles.<\/p>\n\n\n\n<p class=\"wp-block-paragraph\"><em>\u00ab L\u2019Etat, avec l\u2019appui de l\u2019UNICEF, a financ\u00e9 la formation de ces femmes et leur a montr\u00e9 comment utiliser les ingr\u00e9dients disponibles localement pour fabriquer des farines enrichies \u00bb,<\/em> a confi\u00e9 Assima Diaw\u00e8, Ing\u00e9nieur en sant\u00e9 environnementale au centre de sant\u00e9 de K\u00e9tao.<\/p>\n\n\n\n<p class=\"wp-block-paragraph\"><em>\u00ab On nous a appris \u00e0 fabriquer une farine \u00e0 base de ma\u00efs orange, de soja, du haricot grill\u00e9s, et des petits poissons et du moringa. On r\u00e9duit l\u2019ensemble en farine. Avec \u00e7a, on pr\u00e9pare la bouillie pour l\u2019enfant matin, midi et soir, tout en continuant l\u2019allaitement \u00bb,<\/em> a expliqu\u00e9 Mme Abalo Essossimna, 42 ans, m\u00e8re de deux enfants et Femme leader ANJE.<\/p>\n\n\n\n<p class=\"wp-block-paragraph\">Sur le terrain, cette strat\u00e9gie porte d\u00e9j\u00e0 des fruits car, souligne-t-elle, <em>\u00ab quand tu enseignes \u00e0 une autre femme et elle voit que ton enfant ne tombe plus malade, elle comprend et elle accepte de faire pareil \u00bb, <\/em>souligne Abalo Essossimna, satisfaite d\u2019une mission accomplie.<\/p>\n\n\n<div class=\"wp-block-image\">\n<figure class=\"aligncenter size-large\"><img loading=\"lazy\" decoding=\"async\" width=\"1024\" height=\"682\" src=\"https:\/\/macite.tg\/wp-content\/uploads\/2026\/02\/664a8a5f-ef61-4926-b862-c46981e4fb79-1024x682.jpg\" alt=\"\" class=\"wp-image-28149\" srcset=\"https:\/\/macite.tg\/wp-content\/uploads\/2026\/02\/664a8a5f-ef61-4926-b862-c46981e4fb79-1024x682.jpg 1024w, https:\/\/macite.tg\/wp-content\/uploads\/2026\/02\/664a8a5f-ef61-4926-b862-c46981e4fb79-300x200.jpg 300w, https:\/\/macite.tg\/wp-content\/uploads\/2026\/02\/664a8a5f-ef61-4926-b862-c46981e4fb79-768x512.jpg 768w, https:\/\/macite.tg\/wp-content\/uploads\/2026\/02\/664a8a5f-ef61-4926-b862-c46981e4fb79-1536x1023.jpg 1536w, https:\/\/macite.tg\/wp-content\/uploads\/2026\/02\/664a8a5f-ef61-4926-b862-c46981e4fb79-650x434.jpg 650w, https:\/\/macite.tg\/wp-content\/uploads\/2026\/02\/664a8a5f-ef61-4926-b862-c46981e4fb79-730x487.jpg 730w, https:\/\/macite.tg\/wp-content\/uploads\/2026\/02\/664a8a5f-ef61-4926-b862-c46981e4fb79-112x75.jpg 112w, https:\/\/macite.tg\/wp-content\/uploads\/2026\/02\/664a8a5f-ef61-4926-b862-c46981e4fb79-425x283.jpg 425w, https:\/\/macite.tg\/wp-content\/uploads\/2026\/02\/664a8a5f-ef61-4926-b862-c46981e4fb79-430x287.jpg 430w, https:\/\/macite.tg\/wp-content\/uploads\/2026\/02\/664a8a5f-ef61-4926-b862-c46981e4fb79.jpg 1600w\" sizes=\"auto, (max-width: 1024px) 100vw, 1024px\" \/><figcaption class=\"wp-element-caption\"><strong><em>Dr Tchondo Bawanm, M\u00e9decin, responsable du centre de sant\u00e9 de K\u00e9tao.<\/em><\/strong><\/figcaption><\/figure>\n<\/div>\n\n\n<p class=\"wp-block-paragraph\"><\/p>\n\n\n\n<p class=\"wp-block-paragraph\">Ainsi, ces groupes de femmes soutien leaders, sont un v\u00e9ritable atout pour les communaut\u00e9s car, elles servent de liens entre les communaut\u00e9s et les formations sanitaires. Ce sont elles qui d\u00e9tectent, le plus souvent, des cas dans la communaut\u00e9 qu\u2019elles prennent en charge ou r\u00e9f\u00e9rent, avec le soutien des agents de sant\u00e9 communautaires, aux formations sanitaires pour une prise en charge compl\u00e8te.<\/p>\n\n\n\n<p class=\"wp-block-paragraph\">Ces dire que l&rsquo;impact de ces groupes sur leur communaut\u00e9 est perceptible. <em>\u00ab (\u2026) Gr\u00e2ce \u00e0 ce travail de proximit\u00e9, les cas de malnutrition s\u00e9v\u00e8re ont consid\u00e9rablement diminu\u00e9 \u00bb,<\/em> note Dr Tchondo Bawanm, M\u00e9decin, responsable du centre de sant\u00e9 de K\u00e9tao.<\/p>\n\n\n\n<p class=\"wp-block-paragraph\">Notons que l\u2019OMS pr\u00e9conise l\u2019allaitement maternel exclusif, pendant les six premiers mois. Il se poursuit jusqu\u2019\u00e0 l\u2019\u00e2ge de deux ans et plus, avec une alimentation compl\u00e9mentaire adapt\u00e9e.<\/p>\n\n\n\n<p class=\"wp-block-paragraph\"><strong>JPB<\/strong><\/p>\n\n\n\n<p class=\"wp-block-paragraph\"><a><strong><em>@macite.tg&nbsp;&nbsp;&nbsp;&nbsp;&nbsp;&nbsp;&nbsp;&nbsp;<\/em><\/strong><\/a><\/p>\n\n\n\n<p class=\"wp-block-paragraph\"><strong><em>E-mail&nbsp;: <\/em><\/strong><a href=\"mailto:maciteinfo@gmail.com\"><strong><em>maciteinfo@gmail.com<\/em><\/strong><\/a><strong><em>; <\/em><\/strong><a href=\"mailto:bawela1@gmail.com\"><strong><em>bawela1@gmail.com<\/em><\/strong><\/a><strong><em><\/em><\/strong><\/p>\n\n\n\n<p class=\"wp-block-paragraph\"><strong><em>Pour vos annonces, (publi)reportages, etc., joignez-nous au (00228)91515309\/<strong>79872224 <\/strong><strong><\/strong><\/em><\/strong><\/p>\n\n\n\n<p class=\"wp-block-paragraph\"><strong><em>www.macite.tg, L\u2019information, la bonne&nbsp;!<\/em><\/strong><\/p>\n\n\n\n<p class=\"wp-block-paragraph\"><\/p>\n","protected":false},"excerpt":{"rendered":"<p class=\"text-justify mb-2\" >Le Togo fait face \u00e0 des d\u00e9fis importants en mati\u00e8re de nutrition, surtout des enfants \u00e0 bas-\u00e2ge. Pr\u00e8s de 24 % des enfants de moins de 5ans souffrent de malnutrition chronique, selon le Plan strat\u00e9gique national multisectoriel de la nutrition au Togo pour la p\u00e9riode [&hellip;]<\/p>\n","protected":false},"author":2,"featured_media":28148,"comment_status":"open","ping_status":"open","sticky":false,"template":"","format":"standard","meta":{"footnotes":""},"categories":[20,5],"tags":[],"class_list":["post-28145","post","type-post","status-publish","format-standard","has-post-thumbnail","hentry","category-actualite","category-sante"],"yoast_head":"<!-- This site is optimized with the Yoast SEO plugin v28.4 - https:\/\/yoast.com\/product\/yoast-seo-wordpress\/ -->\n<title>TOGO\u00a0: A K\u00e9tao, des Femmes leaders renforcent l\u2019alimentation des nourrissons -<\/title>\n<meta name=\"robots\" content=\"index, follow, max-snippet:-1, max-image-preview:large, max-video-preview:-1\" \/>\n<link rel=\"canonical\" href=\"https:\/\/macite.tg\/?p=28145\" \/>\n<meta property=\"og:locale\" content=\"fr_FR\" \/>\n<meta property=\"og:type\" content=\"article\" \/>\n<meta property=\"og:title\" content=\"TOGO\u00a0: A K\u00e9tao, des Femmes leaders renforcent l\u2019alimentation des nourrissons -\" \/>\n<meta property=\"og:description\" content=\"Le Togo fait face \u00e0 des d\u00e9fis importants en mati\u00e8re de nutrition, surtout des enfants \u00e0 bas-\u00e2ge. Pr\u00e8s de 24 % des enfants de moins de 5ans souffrent de malnutrition chronique, selon le Plan strat\u00e9gique national multisectoriel de la nutrition au Togo pour la p\u00e9riode [&hellip;]\" \/>\n<meta property=\"og:url\" content=\"https:\/\/macite.tg\/?p=28145\" \/>\n<meta property=\"article:published_time\" content=\"2026-02-09T09:47:37+00:00\" \/>\n<meta property=\"article:modified_time\" content=\"2026-02-09T09:47:41+00:00\" \/>\n<meta property=\"og:image\" content=\"https:\/\/macite.tg\/wp-content\/uploads\/2026\/02\/29fd2c1e-fa16-47cb-942a-802dd2ca315e.jpg\" \/>\n\t<meta property=\"og:image:width\" content=\"500\" \/>\n\t<meta property=\"og:image:height\" content=\"333\" \/>\n\t<meta property=\"og:image:type\" content=\"image\/jpeg\" \/>\n<meta name=\"author\" content=\"Jean Pierre BAWELA\" \/>\n<meta name=\"twitter:card\" content=\"summary_large_image\" \/>\n<meta name=\"twitter:label1\" content=\"\u00c9crit par\" \/>\n\t<meta name=\"twitter:data1\" content=\"Jean Pierre BAWELA\" \/>\n\t<meta name=\"twitter:label2\" content=\"Dur\u00e9e de lecture estim\u00e9e\" \/>\n\t<meta name=\"twitter:data2\" content=\"4 minutes\" \/>\n<script type=\"application\/ld+json\" class=\"yoast-schema-graph\">{\"@context\":\"https:\\\/\\\/schema.org\",\"@graph\":[{\"@type\":\"Article\",\"@id\":\"https:\\\/\\\/macite.tg\\\/?p=28145#article\",\"isPartOf\":{\"@id\":\"https:\\\/\\\/macite.tg\\\/?p=28145\"},\"author\":{\"name\":\"Jean Pierre BAWELA\",\"@id\":\"https:\\\/\\\/macite.tg\\\/#\\\/schema\\\/person\\\/e9f2de7e5dbbe7770a9402c7ce82f5c2\"},\"headline\":\"TOGO\u00a0: A K\u00e9tao, des Femmes leaders renforcent l\u2019alimentation des nourrissons\",\"datePublished\":\"2026-02-09T09:47:37+00:00\",\"dateModified\":\"2026-02-09T09:47:41+00:00\",\"mainEntityOfPage\":{\"@id\":\"https:\\\/\\\/macite.tg\\\/?p=28145\"},\"wordCount\":737,\"commentCount\":0,\"image\":{\"@id\":\"https:\\\/\\\/macite.tg\\\/?p=28145#primaryimage\"},\"thumbnailUrl\":\"https:\\\/\\\/macite.tg\\\/wp-content\\\/uploads\\\/2026\\\/02\\\/29fd2c1e-fa16-47cb-942a-802dd2ca315e.jpg\",\"articleSection\":[\"ACTUALITE\",\"SANTE\"],\"inLanguage\":\"fr-FR\",\"potentialAction\":[{\"@type\":\"CommentAction\",\"name\":\"Comment\",\"target\":[\"https:\\\/\\\/macite.tg\\\/?p=28145#respond\"]}]},{\"@type\":\"WebPage\",\"@id\":\"https:\\\/\\\/macite.tg\\\/?p=28145\",\"url\":\"https:\\\/\\\/macite.tg\\\/?p=28145\",\"name\":\"TOGO\u00a0: A K\u00e9tao, des Femmes leaders renforcent l\u2019alimentation des nourrissons -\",\"isPartOf\":{\"@id\":\"https:\\\/\\\/macite.tg\\\/#website\"},\"primaryImageOfPage\":{\"@id\":\"https:\\\/\\\/macite.tg\\\/?p=28145#primaryimage\"},\"image\":{\"@id\":\"https:\\\/\\\/macite.tg\\\/?p=28145#primaryimage\"},\"thumbnailUrl\":\"https:\\\/\\\/macite.tg\\\/wp-content\\\/uploads\\\/2026\\\/02\\\/29fd2c1e-fa16-47cb-942a-802dd2ca315e.jpg\",\"datePublished\":\"2026-02-09T09:47:37+00:00\",\"dateModified\":\"2026-02-09T09:47:41+00:00\",\"author\":{\"@id\":\"https:\\\/\\\/macite.tg\\\/#\\\/schema\\\/person\\\/e9f2de7e5dbbe7770a9402c7ce82f5c2\"},\"breadcrumb\":{\"@id\":\"https:\\\/\\\/macite.tg\\\/?p=28145#breadcrumb\"},\"inLanguage\":\"fr-FR\",\"potentialAction\":[{\"@type\":\"ReadAction\",\"target\":[\"https:\\\/\\\/macite.tg\\\/?p=28145\"]}]},{\"@type\":\"ImageObject\",\"inLanguage\":\"fr-FR\",\"@id\":\"https:\\\/\\\/macite.tg\\\/?p=28145#primaryimage\",\"url\":\"https:\\\/\\\/macite.tg\\\/wp-content\\\/uploads\\\/2026\\\/02\\\/29fd2c1e-fa16-47cb-942a-802dd2ca315e.jpg\",\"contentUrl\":\"https:\\\/\\\/macite.tg\\\/wp-content\\\/uploads\\\/2026\\\/02\\\/29fd2c1e-fa16-47cb-942a-802dd2ca315e.jpg\",\"width\":500,\"height\":333,\"caption\":\"Mme Abalo Essossimna, Femme leader du village de Kadjanga (K\u00e9tao)\"},{\"@type\":\"BreadcrumbList\",\"@id\":\"https:\\\/\\\/macite.tg\\\/?p=28145#breadcrumb\",\"itemListElement\":[{\"@type\":\"ListItem\",\"position\":1,\"name\":\"Accueil\",\"item\":\"https:\\\/\\\/macite.tg\\\/\"},{\"@type\":\"ListItem\",\"position\":2,\"name\":\"TOGO\u00a0: A K\u00e9tao, des Femmes leaders renforcent l\u2019alimentation des nourrissons\"}]},{\"@type\":\"WebSite\",\"@id\":\"https:\\\/\\\/macite.tg\\\/#website\",\"url\":\"https:\\\/\\\/macite.tg\\\/\",\"name\":\"\",\"description\":\"L&#039;information, la bonne!!!\",\"potentialAction\":[{\"@type\":\"SearchAction\",\"target\":{\"@type\":\"EntryPoint\",\"urlTemplate\":\"https:\\\/\\\/macite.tg\\\/?s={search_term_string}\"},\"query-input\":{\"@type\":\"PropertyValueSpecification\",\"valueRequired\":true,\"valueName\":\"search_term_string\"}}],\"inLanguage\":\"fr-FR\"},{\"@type\":\"Person\",\"@id\":\"https:\\\/\\\/macite.tg\\\/#\\\/schema\\\/person\\\/e9f2de7e5dbbe7770a9402c7ce82f5c2\",\"name\":\"Jean Pierre BAWELA\",\"image\":{\"@type\":\"ImageObject\",\"inLanguage\":\"fr-FR\",\"@id\":\"https:\\\/\\\/macite.tg\\\/wp-content\\\/uploads\\\/2023\\\/09\\\/WhatsApp-Image-2023-09-19-at-14.44.41-122x122.jpeg\",\"url\":\"https:\\\/\\\/macite.tg\\\/wp-content\\\/uploads\\\/2023\\\/09\\\/WhatsApp-Image-2023-09-19-at-14.44.41-122x122.jpeg\",\"contentUrl\":\"https:\\\/\\\/macite.tg\\\/wp-content\\\/uploads\\\/2023\\\/09\\\/WhatsApp-Image-2023-09-19-at-14.44.41-122x122.jpeg\",\"caption\":\"Jean Pierre BAWELA\"},\"url\":\"https:\\\/\\\/macite.tg\\\/?author=2\"}]}<\/script>\n<!-- \/ Yoast SEO plugin. -->","yoast_head_json":{"title":"TOGO\u00a0: A K\u00e9tao, des Femmes leaders renforcent l\u2019alimentation des nourrissons -","robots":{"index":"index","follow":"follow","max-snippet":"max-snippet:-1","max-image-preview":"max-image-preview:large","max-video-preview":"max-video-preview:-1"},"canonical":"https:\/\/macite.tg\/?p=28145","og_locale":"fr_FR","og_type":"article","og_title":"TOGO\u00a0: A K\u00e9tao, des Femmes leaders renforcent l\u2019alimentation des nourrissons -","og_description":"Le Togo fait face \u00e0 des d\u00e9fis importants en mati\u00e8re de nutrition, surtout des enfants \u00e0 bas-\u00e2ge. Pr\u00e8s de 24 % des enfants de moins de 5ans souffrent de malnutrition chronique, selon le Plan strat\u00e9gique national multisectoriel de la nutrition au Togo pour la p\u00e9riode [&hellip;]","og_url":"https:\/\/macite.tg\/?p=28145","article_published_time":"2026-02-09T09:47:37+00:00","article_modified_time":"2026-02-09T09:47:41+00:00","og_image":[{"width":500,"height":333,"url":"https:\/\/macite.tg\/wp-content\/uploads\/2026\/02\/29fd2c1e-fa16-47cb-942a-802dd2ca315e.jpg","type":"image\/jpeg"}],"author":"Jean Pierre BAWELA","twitter_card":"summary_large_image","twitter_misc":{"\u00c9crit par":"Jean Pierre BAWELA","Dur\u00e9e de lecture estim\u00e9e":"4 minutes"},"schema":{"@context":"https:\/\/schema.org","@graph":[{"@type":"Article","@id":"https:\/\/macite.tg\/?p=28145#article","isPartOf":{"@id":"https:\/\/macite.tg\/?p=28145"},"author":{"name":"Jean Pierre BAWELA","@id":"https:\/\/macite.tg\/#\/schema\/person\/e9f2de7e5dbbe7770a9402c7ce82f5c2"},"headline":"TOGO\u00a0: A K\u00e9tao, des Femmes leaders renforcent l\u2019alimentation des nourrissons","datePublished":"2026-02-09T09:47:37+00:00","dateModified":"2026-02-09T09:47:41+00:00","mainEntityOfPage":{"@id":"https:\/\/macite.tg\/?p=28145"},"wordCount":737,"commentCount":0,"image":{"@id":"https:\/\/macite.tg\/?p=28145#primaryimage"},"thumbnailUrl":"https:\/\/macite.tg\/wp-content\/uploads\/2026\/02\/29fd2c1e-fa16-47cb-942a-802dd2ca315e.jpg","articleSection":["ACTUALITE","SANTE"],"inLanguage":"fr-FR","potentialAction":[{"@type":"CommentAction","name":"Comment","target":["https:\/\/macite.tg\/?p=28145#respond"]}]},{"@type":"WebPage","@id":"https:\/\/macite.tg\/?p=28145","url":"https:\/\/macite.tg\/?p=28145","name":"TOGO\u00a0: A K\u00e9tao, des Femmes leaders renforcent l\u2019alimentation des nourrissons -","isPartOf":{"@id":"https:\/\/macite.tg\/#website"},"primaryImageOfPage":{"@id":"https:\/\/macite.tg\/?p=28145#primaryimage"},"image":{"@id":"https:\/\/macite.tg\/?p=28145#primaryimage"},"thumbnailUrl":"https:\/\/macite.tg\/wp-content\/uploads\/2026\/02\/29fd2c1e-fa16-47cb-942a-802dd2ca315e.jpg","datePublished":"2026-02-09T09:47:37+00:00","dateModified":"2026-02-09T09:47:41+00:00","author":{"@id":"https:\/\/macite.tg\/#\/schema\/person\/e9f2de7e5dbbe7770a9402c7ce82f5c2"},"breadcrumb":{"@id":"https:\/\/macite.tg\/?p=28145#breadcrumb"},"inLanguage":"fr-FR","potentialAction":[{"@type":"ReadAction","target":["https:\/\/macite.tg\/?p=28145"]}]},{"@type":"ImageObject","inLanguage":"fr-FR","@id":"https:\/\/macite.tg\/?p=28145#primaryimage","url":"https:\/\/macite.tg\/wp-content\/uploads\/2026\/02\/29fd2c1e-fa16-47cb-942a-802dd2ca315e.jpg","contentUrl":"https:\/\/macite.tg\/wp-content\/uploads\/2026\/02\/29fd2c1e-fa16-47cb-942a-802dd2ca315e.jpg","width":500,"height":333,"caption":"Mme Abalo Essossimna, Femme leader du village de Kadjanga (K\u00e9tao)"},{"@type":"BreadcrumbList","@id":"https:\/\/macite.tg\/?p=28145#breadcrumb","itemListElement":[{"@type":"ListItem","position":1,"name":"Accueil","item":"https:\/\/macite.tg\/"},{"@type":"ListItem","position":2,"name":"TOGO\u00a0: A K\u00e9tao, des Femmes leaders renforcent l\u2019alimentation des nourrissons"}]},{"@type":"WebSite","@id":"https:\/\/macite.tg\/#website","url":"https:\/\/macite.tg\/","name":"","description":"L&#039;information, la bonne!!!","potentialAction":[{"@type":"SearchAction","target":{"@type":"EntryPoint","urlTemplate":"https:\/\/macite.tg\/?s={search_term_string}"},"query-input":{"@type":"PropertyValueSpecification","valueRequired":true,"valueName":"search_term_string"}}],"inLanguage":"fr-FR"},{"@type":"Person","@id":"https:\/\/macite.tg\/#\/schema\/person\/e9f2de7e5dbbe7770a9402c7ce82f5c2","name":"Jean Pierre BAWELA","image":{"@type":"ImageObject","inLanguage":"fr-FR","@id":"https:\/\/macite.tg\/wp-content\/uploads\/2023\/09\/WhatsApp-Image-2023-09-19-at-14.44.41-122x122.jpeg","url":"https:\/\/macite.tg\/wp-content\/uploads\/2023\/09\/WhatsApp-Image-2023-09-19-at-14.44.41-122x122.jpeg","contentUrl":"https:\/\/macite.tg\/wp-content\/uploads\/2023\/09\/WhatsApp-Image-2023-09-19-at-14.44.41-122x122.jpeg","caption":"Jean Pierre BAWELA"},"url":"https:\/\/macite.tg\/?author=2"}]}},"_links":{"self":[{"href":"https:\/\/macite.tg\/index.php?rest_route=\/wp\/v2\/posts\/28145","targetHints":{"allow":["GET"]}}],"collection":[{"href":"https:\/\/macite.tg\/index.php?rest_route=\/wp\/v2\/posts"}],"about":[{"href":"https:\/\/macite.tg\/index.php?rest_route=\/wp\/v2\/types\/post"}],"author":[{"embeddable":true,"href":"https:\/\/macite.tg\/index.php?rest_route=\/wp\/v2\/users\/2"}],"replies":[{"embeddable":true,"href":"https:\/\/macite.tg\/index.php?rest_route=%2Fwp%2Fv2%2Fcomments&post=28145"}],"version-history":[{"count":0,"href":"https:\/\/macite.tg\/index.php?rest_route=\/wp\/v2\/posts\/28145\/revisions"}],"wp:featuredmedia":[{"embeddable":true,"href":"https:\/\/macite.tg\/index.php?rest_route=\/wp\/v2\/media\/28148"}],"wp:attachment":[{"href":"https:\/\/macite.tg\/index.php?rest_route=%2Fwp%2Fv2%2Fmedia&parent=28145"}],"wp:term":[{"taxonomy":"category","embeddable":true,"href":"https:\/\/macite.tg\/index.php?rest_route=%2Fwp%2Fv2%2Fcategories&post=28145"},{"taxonomy":"post_tag","embeddable":true,"href":"https:\/\/macite.tg\/index.php?rest_route=%2Fwp%2Fv2%2Ftags&post=28145"}],"curies":[{"name":"wp","href":"https:\/\/api.w.org\/{rel}","templated":true}]}}