{"id":28137,"date":"2026-02-08T08:52:11","date_gmt":"2026-02-08T08:52:11","guid":{"rendered":"https:\/\/macite.tg\/?p=28137"},"modified":"2026-02-08T08:52:19","modified_gmt":"2026-02-08T08:52:19","slug":"necrologie-maman-anani-affi-epouse-dolama-a-rejoint-son-createur","status":"publish","type":"post","link":"https:\/\/macite.tg\/?p=28137","title":{"rendered":"NECROLOGIE\u00a0: Maman ANANI Affi \u00e9pouse DOLAMA a rejoint son Cr\u00e9ateur"},"content":{"rendered":"\n<figure class=\"wp-block-image size-full\"><img loading=\"lazy\" decoding=\"async\" width=\"960\" height=\"540\" src=\"https:\/\/macite.tg\/wp-content\/uploads\/2026\/02\/image-32.png\" alt=\"\" class=\"wp-image-28138\" srcset=\"https:\/\/macite.tg\/wp-content\/uploads\/2026\/02\/image-32.png 960w, https:\/\/macite.tg\/wp-content\/uploads\/2026\/02\/image-32-300x169.png 300w, https:\/\/macite.tg\/wp-content\/uploads\/2026\/02\/image-32-768x432.png 768w\" sizes=\"auto, (max-width: 960px) 100vw, 960px\" \/><\/figure>\n\n\n\n<p class=\"wp-block-paragraph\"><a><strong><em>@macite.tg&nbsp;&nbsp;&nbsp;&nbsp;&nbsp;&nbsp;&nbsp;&nbsp;<\/em><\/strong><\/a><\/p>\n\n\n\n<p class=\"wp-block-paragraph\"><strong><em>E-mail&nbsp;: <\/em><\/strong><a href=\"mailto:maciteinfo@gmail.com\"><strong><em>maciteinfo@gmail.com<\/em><\/strong><\/a><strong><em>; <\/em><\/strong><a href=\"mailto:bawela1@gmail.com\"><strong><em>bawela1@gmail.com<\/em><\/strong><\/a><strong><em><\/em><\/strong><\/p>\n\n\n\n<p class=\"wp-block-paragraph\"><strong><em>Pour vos annonces, (publi)reportages, etc., joignez-nous au (00228)91515309\/<strong>79872224 <\/strong><strong><\/strong><\/em><\/strong><\/p>\n\n\n\n<p class=\"wp-block-paragraph\"><strong><em>www.macite.tg, L\u2019information, la bonne&nbsp;!<\/em><\/strong><\/p>\n","protected":false},"excerpt":{"rendered":"<p class=\"text-justify mb-2\" >@macite.tg&nbsp;&nbsp;&nbsp;&nbsp;&nbsp;&nbsp;&nbsp;&nbsp; E-mail&nbsp;: maciteinfo@gmail.com; bawela1@gmail.com Pour vos annonces, (publi)reportages, etc., joignez-nous au (00228)91515309\/79872224 www.macite.tg, L\u2019information, la bonne&nbsp;!<\/p>\n","protected":false},"author":2,"featured_media":28139,"comment_status":"open","ping_status":"open","sticky":false,"template":"","format":"standard","meta":{"footnotes":""},"categories":[20,35],"tags":[],"class_list":["post-28137","post","type-post","status-publish","format-standard","has-post-thumbnail","hentry","category-actualite","category-necrologie"],"yoast_head":"<!-- This site is optimized with the Yoast SEO plugin v28.4 - https:\/\/yoast.com\/product\/yoast-seo-wordpress\/ -->\n<title>NECROLOGIE\u00a0: Maman ANANI Affi \u00e9pouse DOLAMA a rejoint son Cr\u00e9ateur -<\/title>\n<meta name=\"robots\" content=\"index, follow, max-snippet:-1, max-image-preview:large, max-video-preview:-1\" \/>\n<link rel=\"canonical\" href=\"https:\/\/macite.tg\/?p=28137\" \/>\n<meta property=\"og:locale\" content=\"fr_FR\" \/>\n<meta property=\"og:type\" content=\"article\" \/>\n<meta property=\"og:title\" content=\"NECROLOGIE\u00a0: Maman ANANI Affi \u00e9pouse DOLAMA a rejoint son Cr\u00e9ateur -\" \/>\n<meta property=\"og:description\" content=\"@macite.tg&nbsp;&nbsp;&nbsp;&nbsp;&nbsp;&nbsp;&nbsp;&nbsp; E-mail&nbsp;: maciteinfo@gmail.com; bawela1@gmail.com Pour vos annonces, (publi)reportages, etc., joignez-nous au (00228)91515309\/79872224 www.macite.tg, L\u2019information, la bonne&nbsp;!\" \/>\n<meta property=\"og:url\" content=\"https:\/\/macite.tg\/?p=28137\" \/>\n<meta property=\"article:published_time\" content=\"2026-02-08T08:52:11+00:00\" \/>\n<meta property=\"article:modified_time\" content=\"2026-02-08T08:52:19+00:00\" \/>\n<meta property=\"og:image\" content=\"https:\/\/macite.tg\/wp-content\/uploads\/2026\/02\/MAMAN-DOLAMA.jpg\" \/>\n\t<meta property=\"og:image:width\" content=\"500\" \/>\n\t<meta property=\"og:image:height\" content=\"209\" \/>\n\t<meta property=\"og:image:type\" content=\"image\/jpeg\" \/>\n<meta name=\"author\" content=\"Jean Pierre BAWELA\" \/>\n<meta name=\"twitter:card\" content=\"summary_large_image\" \/>\n<meta name=\"twitter:label1\" content=\"\u00c9crit par\" \/>\n\t<meta name=\"twitter:data1\" content=\"Jean Pierre BAWELA\" \/>\n\t<meta name=\"twitter:label2\" content=\"Dur\u00e9e de lecture estim\u00e9e\" \/>\n\t<meta name=\"twitter:data2\" content=\"1 minute\" \/>\n<script type=\"application\/ld+json\" class=\"yoast-schema-graph\">{\"@context\":\"https:\\\/\\\/schema.org\",\"@graph\":[{\"@type\":\"Article\",\"@id\":\"https:\\\/\\\/macite.tg\\\/?p=28137#article\",\"isPartOf\":{\"@id\":\"https:\\\/\\\/macite.tg\\\/?p=28137\"},\"author\":{\"name\":\"Jean Pierre BAWELA\",\"@id\":\"https:\\\/\\\/macite.tg\\\/#\\\/schema\\\/person\\\/e9f2de7e5dbbe7770a9402c7ce82f5c2\"},\"headline\":\"NECROLOGIE\u00a0: Maman ANANI Affi \u00e9pouse DOLAMA a rejoint son Cr\u00e9ateur\",\"datePublished\":\"2026-02-08T08:52:11+00:00\",\"dateModified\":\"2026-02-08T08:52:19+00:00\",\"mainEntityOfPage\":{\"@id\":\"https:\\\/\\\/macite.tg\\\/?p=28137\"},\"wordCount\":45,\"commentCount\":0,\"image\":{\"@id\":\"https:\\\/\\\/macite.tg\\\/?p=28137#primaryimage\"},\"thumbnailUrl\":\"https:\\\/\\\/macite.tg\\\/wp-content\\\/uploads\\\/2026\\\/02\\\/MAMAN-DOLAMA.jpg\",\"articleSection\":[\"ACTUALITE\",\"NECROLOGIE\"],\"inLanguage\":\"fr-FR\",\"potentialAction\":[{\"@type\":\"CommentAction\",\"name\":\"Comment\",\"target\":[\"https:\\\/\\\/macite.tg\\\/?p=28137#respond\"]}]},{\"@type\":\"WebPage\",\"@id\":\"https:\\\/\\\/macite.tg\\\/?p=28137\",\"url\":\"https:\\\/\\\/macite.tg\\\/?p=28137\",\"name\":\"NECROLOGIE\u00a0: Maman ANANI Affi \u00e9pouse DOLAMA a rejoint son Cr\u00e9ateur -\",\"isPartOf\":{\"@id\":\"https:\\\/\\\/macite.tg\\\/#website\"},\"primaryImageOfPage\":{\"@id\":\"https:\\\/\\\/macite.tg\\\/?p=28137#primaryimage\"},\"image\":{\"@id\":\"https:\\\/\\\/macite.tg\\\/?p=28137#primaryimage\"},\"thumbnailUrl\":\"https:\\\/\\\/macite.tg\\\/wp-content\\\/uploads\\\/2026\\\/02\\\/MAMAN-DOLAMA.jpg\",\"datePublished\":\"2026-02-08T08:52:11+00:00\",\"dateModified\":\"2026-02-08T08:52:19+00:00\",\"author\":{\"@id\":\"https:\\\/\\\/macite.tg\\\/#\\\/schema\\\/person\\\/e9f2de7e5dbbe7770a9402c7ce82f5c2\"},\"breadcrumb\":{\"@id\":\"https:\\\/\\\/macite.tg\\\/?p=28137#breadcrumb\"},\"inLanguage\":\"fr-FR\",\"potentialAction\":[{\"@type\":\"ReadAction\",\"target\":[\"https:\\\/\\\/macite.tg\\\/?p=28137\"]}]},{\"@type\":\"ImageObject\",\"inLanguage\":\"fr-FR\",\"@id\":\"https:\\\/\\\/macite.tg\\\/?p=28137#primaryimage\",\"url\":\"https:\\\/\\\/macite.tg\\\/wp-content\\\/uploads\\\/2026\\\/02\\\/MAMAN-DOLAMA.jpg\",\"contentUrl\":\"https:\\\/\\\/macite.tg\\\/wp-content\\\/uploads\\\/2026\\\/02\\\/MAMAN-DOLAMA.jpg\",\"width\":500,\"height\":209},{\"@type\":\"BreadcrumbList\",\"@id\":\"https:\\\/\\\/macite.tg\\\/?p=28137#breadcrumb\",\"itemListElement\":[{\"@type\":\"ListItem\",\"position\":1,\"name\":\"Accueil\",\"item\":\"https:\\\/\\\/macite.tg\\\/\"},{\"@type\":\"ListItem\",\"position\":2,\"name\":\"NECROLOGIE\u00a0: Maman ANANI Affi \u00e9pouse DOLAMA a rejoint son Cr\u00e9ateur\"}]},{\"@type\":\"WebSite\",\"@id\":\"https:\\\/\\\/macite.tg\\\/#website\",\"url\":\"https:\\\/\\\/macite.tg\\\/\",\"name\":\"\",\"description\":\"L&#039;information, la bonne!!!\",\"potentialAction\":[{\"@type\":\"SearchAction\",\"target\":{\"@type\":\"EntryPoint\",\"urlTemplate\":\"https:\\\/\\\/macite.tg\\\/?s={search_term_string}\"},\"query-input\":{\"@type\":\"PropertyValueSpecification\",\"valueRequired\":true,\"valueName\":\"search_term_string\"}}],\"inLanguage\":\"fr-FR\"},{\"@type\":\"Person\",\"@id\":\"https:\\\/\\\/macite.tg\\\/#\\\/schema\\\/person\\\/e9f2de7e5dbbe7770a9402c7ce82f5c2\",\"name\":\"Jean Pierre BAWELA\",\"image\":{\"@type\":\"ImageObject\",\"inLanguage\":\"fr-FR\",\"@id\":\"https:\\\/\\\/macite.tg\\\/wp-content\\\/uploads\\\/2023\\\/09\\\/WhatsApp-Image-2023-09-19-at-14.44.41-122x122.jpeg\",\"url\":\"https:\\\/\\\/macite.tg\\\/wp-content\\\/uploads\\\/2023\\\/09\\\/WhatsApp-Image-2023-09-19-at-14.44.41-122x122.jpeg\",\"contentUrl\":\"https:\\\/\\\/macite.tg\\\/wp-content\\\/uploads\\\/2023\\\/09\\\/WhatsApp-Image-2023-09-19-at-14.44.41-122x122.jpeg\",\"caption\":\"Jean Pierre BAWELA\"},\"url\":\"https:\\\/\\\/macite.tg\\\/?author=2\"}]}<\/script>\n<!-- \/ Yoast SEO plugin. -->","yoast_head_json":{"title":"NECROLOGIE\u00a0: Maman ANANI Affi \u00e9pouse DOLAMA a rejoint son Cr\u00e9ateur -","robots":{"index":"index","follow":"follow","max-snippet":"max-snippet:-1","max-image-preview":"max-image-preview:large","max-video-preview":"max-video-preview:-1"},"canonical":"https:\/\/macite.tg\/?p=28137","og_locale":"fr_FR","og_type":"article","og_title":"NECROLOGIE\u00a0: Maman ANANI Affi \u00e9pouse DOLAMA a rejoint son Cr\u00e9ateur -","og_description":"@macite.tg&nbsp;&nbsp;&nbsp;&nbsp;&nbsp;&nbsp;&nbsp;&nbsp; E-mail&nbsp;: maciteinfo@gmail.com; bawela1@gmail.com Pour vos annonces, (publi)reportages, etc., joignez-nous au (00228)91515309\/79872224 www.macite.tg, L\u2019information, la bonne&nbsp;!","og_url":"https:\/\/macite.tg\/?p=28137","article_published_time":"2026-02-08T08:52:11+00:00","article_modified_time":"2026-02-08T08:52:19+00:00","og_image":[{"width":500,"height":209,"url":"https:\/\/macite.tg\/wp-content\/uploads\/2026\/02\/MAMAN-DOLAMA.jpg","type":"image\/jpeg"}],"author":"Jean Pierre BAWELA","twitter_card":"summary_large_image","twitter_misc":{"\u00c9crit par":"Jean Pierre BAWELA","Dur\u00e9e de lecture estim\u00e9e":"1 minute"},"schema":{"@context":"https:\/\/schema.org","@graph":[{"@type":"Article","@id":"https:\/\/macite.tg\/?p=28137#article","isPartOf":{"@id":"https:\/\/macite.tg\/?p=28137"},"author":{"name":"Jean Pierre BAWELA","@id":"https:\/\/macite.tg\/#\/schema\/person\/e9f2de7e5dbbe7770a9402c7ce82f5c2"},"headline":"NECROLOGIE\u00a0: Maman ANANI Affi \u00e9pouse DOLAMA a rejoint son Cr\u00e9ateur","datePublished":"2026-02-08T08:52:11+00:00","dateModified":"2026-02-08T08:52:19+00:00","mainEntityOfPage":{"@id":"https:\/\/macite.tg\/?p=28137"},"wordCount":45,"commentCount":0,"image":{"@id":"https:\/\/macite.tg\/?p=28137#primaryimage"},"thumbnailUrl":"https:\/\/macite.tg\/wp-content\/uploads\/2026\/02\/MAMAN-DOLAMA.jpg","articleSection":["ACTUALITE","NECROLOGIE"],"inLanguage":"fr-FR","potentialAction":[{"@type":"CommentAction","name":"Comment","target":["https:\/\/macite.tg\/?p=28137#respond"]}]},{"@type":"WebPage","@id":"https:\/\/macite.tg\/?p=28137","url":"https:\/\/macite.tg\/?p=28137","name":"NECROLOGIE\u00a0: Maman ANANI Affi \u00e9pouse DOLAMA a rejoint son Cr\u00e9ateur -","isPartOf":{"@id":"https:\/\/macite.tg\/#website"},"primaryImageOfPage":{"@id":"https:\/\/macite.tg\/?p=28137#primaryimage"},"image":{"@id":"https:\/\/macite.tg\/?p=28137#primaryimage"},"thumbnailUrl":"https:\/\/macite.tg\/wp-content\/uploads\/2026\/02\/MAMAN-DOLAMA.jpg","datePublished":"2026-02-08T08:52:11+00:00","dateModified":"2026-02-08T08:52:19+00:00","author":{"@id":"https:\/\/macite.tg\/#\/schema\/person\/e9f2de7e5dbbe7770a9402c7ce82f5c2"},"breadcrumb":{"@id":"https:\/\/macite.tg\/?p=28137#breadcrumb"},"inLanguage":"fr-FR","potentialAction":[{"@type":"ReadAction","target":["https:\/\/macite.tg\/?p=28137"]}]},{"@type":"ImageObject","inLanguage":"fr-FR","@id":"https:\/\/macite.tg\/?p=28137#primaryimage","url":"https:\/\/macite.tg\/wp-content\/uploads\/2026\/02\/MAMAN-DOLAMA.jpg","contentUrl":"https:\/\/macite.tg\/wp-content\/uploads\/2026\/02\/MAMAN-DOLAMA.jpg","width":500,"height":209},{"@type":"BreadcrumbList","@id":"https:\/\/macite.tg\/?p=28137#breadcrumb","itemListElement":[{"@type":"ListItem","position":1,"name":"Accueil","item":"https:\/\/macite.tg\/"},{"@type":"ListItem","position":2,"name":"NECROLOGIE\u00a0: Maman ANANI Affi \u00e9pouse DOLAMA a rejoint son Cr\u00e9ateur"}]},{"@type":"WebSite","@id":"https:\/\/macite.tg\/#website","url":"https:\/\/macite.tg\/","name":"","description":"L&#039;information, la bonne!!!","potentialAction":[{"@type":"SearchAction","target":{"@type":"EntryPoint","urlTemplate":"https:\/\/macite.tg\/?s={search_term_string}"},"query-input":{"@type":"PropertyValueSpecification","valueRequired":true,"valueName":"search_term_string"}}],"inLanguage":"fr-FR"},{"@type":"Person","@id":"https:\/\/macite.tg\/#\/schema\/person\/e9f2de7e5dbbe7770a9402c7ce82f5c2","name":"Jean Pierre BAWELA","image":{"@type":"ImageObject","inLanguage":"fr-FR","@id":"https:\/\/macite.tg\/wp-content\/uploads\/2023\/09\/WhatsApp-Image-2023-09-19-at-14.44.41-122x122.jpeg","url":"https:\/\/macite.tg\/wp-content\/uploads\/2023\/09\/WhatsApp-Image-2023-09-19-at-14.44.41-122x122.jpeg","contentUrl":"https:\/\/macite.tg\/wp-content\/uploads\/2023\/09\/WhatsApp-Image-2023-09-19-at-14.44.41-122x122.jpeg","caption":"Jean Pierre BAWELA"},"url":"https:\/\/macite.tg\/?author=2"}]}},"_links":{"self":[{"href":"https:\/\/macite.tg\/index.php?rest_route=\/wp\/v2\/posts\/28137","targetHints":{"allow":["GET"]}}],"collection":[{"href":"https:\/\/macite.tg\/index.php?rest_route=\/wp\/v2\/posts"}],"about":[{"href":"https:\/\/macite.tg\/index.php?rest_route=\/wp\/v2\/types\/post"}],"author":[{"embeddable":true,"href":"https:\/\/macite.tg\/index.php?rest_route=\/wp\/v2\/users\/2"}],"replies":[{"embeddable":true,"href":"https:\/\/macite.tg\/index.php?rest_route=%2Fwp%2Fv2%2Fcomments&post=28137"}],"version-history":[{"count":0,"href":"https:\/\/macite.tg\/index.php?rest_route=\/wp\/v2\/posts\/28137\/revisions"}],"wp:featuredmedia":[{"embeddable":true,"href":"https:\/\/macite.tg\/index.php?rest_route=\/wp\/v2\/media\/28139"}],"wp:attachment":[{"href":"https:\/\/macite.tg\/index.php?rest_route=%2Fwp%2Fv2%2Fmedia&parent=28137"}],"wp:term":[{"taxonomy":"category","embeddable":true,"href":"https:\/\/macite.tg\/index.php?rest_route=%2Fwp%2Fv2%2Fcategories&post=28137"},{"taxonomy":"post_tag","embeddable":true,"href":"https:\/\/macite.tg\/index.php?rest_route=%2Fwp%2Fv2%2Ftags&post=28137"}],"curies":[{"name":"wp","href":"https:\/\/api.w.org\/{rel}","templated":true}]}}