{"id":28118,"date":"2026-02-06T17:33:35","date_gmt":"2026-02-06T17:33:35","guid":{"rendered":"https:\/\/macite.tg\/?p=28118"},"modified":"2026-02-06T17:33:40","modified_gmt":"2026-02-06T17:33:40","slug":"souvenirs-le-togo-rend-hommage-au-pere-de-la-nation","status":"publish","type":"post","link":"https:\/\/macite.tg\/?p=28118","title":{"rendered":"SOUVENIRS : Le Togo rend hommage au P\u00e8re de la nation"},"content":{"rendered":"\n<p class=\"wp-block-paragraph\"><strong><em>\u00c0 l\u2019occasion du 21\u1d49 anniversaire de son rappel \u00e0 Dieu, cet homme de paix et artisan de l\u2019unit\u00e9 nationale a \u00e9t\u00e9 honor\u00e9 \u00e0 travers des pri\u00e8res \u0153cum\u00e9niques et musulmanes organis\u00e9es ce 5 f\u00e9vrier 2026 au Palais des Congr\u00e8s de Kara, en pr\u00e9sence du Pr\u00e9sident du Conseil, Faure Essozimna Gnassingb\u00e9.<\/em><\/strong><\/p>\n\n\n\n<p class=\"wp-block-paragraph\">Il avait \u00e0 ses c\u00f4t\u00e9s les pr\u00e9sidents des institutions de la R\u00e9publique, des membres du gouvernement, des d\u00e9put\u00e9s \u00e0 l\u2019Assembl\u00e9e nationale, les repr\u00e9sentants du corps diplomatique, les membres de la famille \u00e9plor\u00e9e, les autorit\u00e9s militaires, administratives, religieuses, traditionnelles et les forces vives de la nation venues de tous les coins du pays.<\/p>\n\n\n<div class=\"wp-block-image\">\n<figure class=\"aligncenter size-full\"><img loading=\"lazy\" decoding=\"async\" width=\"800\" height=\"533\" src=\"https:\/\/macite.tg\/wp-content\/uploads\/2026\/02\/image-29.png\" alt=\"\" class=\"wp-image-28121\" srcset=\"https:\/\/macite.tg\/wp-content\/uploads\/2026\/02\/image-29.png 800w, https:\/\/macite.tg\/wp-content\/uploads\/2026\/02\/image-29-300x200.png 300w, https:\/\/macite.tg\/wp-content\/uploads\/2026\/02\/image-29-768x512.png 768w, https:\/\/macite.tg\/wp-content\/uploads\/2026\/02\/image-29-650x434.png 650w, https:\/\/macite.tg\/wp-content\/uploads\/2026\/02\/image-29-730x487.png 730w, https:\/\/macite.tg\/wp-content\/uploads\/2026\/02\/image-29-112x75.png 112w, https:\/\/macite.tg\/wp-content\/uploads\/2026\/02\/image-29-425x283.png 425w, https:\/\/macite.tg\/wp-content\/uploads\/2026\/02\/image-29-430x287.png 430w\" sizes=\"auto, (max-width: 800px) 100vw, 800px\" \/><\/figure>\n<\/div>\n\n\n<p class=\"wp-block-paragraph\">Ce moment de recueillement a permis d\u2019implorer le repos \u00e9ternel de l\u2019\u00e2me du P\u00e8re de la Nation et de formuler des v\u0153ux de paix, de coh\u00e9sion nationale et de stabilit\u00e9 pour le Togo.<\/p>\n\n\n\n<p class=\"wp-block-paragraph\">Au cours de la pri\u00e8re \u0153cum\u00e9nique, r\u00e9unissant les confessions catholique et \u00e9vang\u00e9lique presbyt\u00e9rienne, les officiants ont pri\u00e9 pour le repos \u00e9ternel de l\u2019\u00e2me de l\u2019illustre disparu Gnassingb\u00e9 Eyad\u00e9ma, P\u00e8re de la Nation.<\/p>\n\n\n\n<p class=\"wp-block-paragraph\">Ils ont exhort\u00e9 les fid\u00e8les \u00e0 cultiver l\u2019amour de la patrie et \u00e0 \u0153uvrer pour l\u2019unit\u00e9 nationale, gages de la construction et de la transformation du pays sous la protection divine. Des lectures de textes bibliques ainsi que les prestations de plusieurs chorales ont ponctu\u00e9 cette c\u00e9l\u00e9bration \u0153cum\u00e9nique.<\/p>\n\n\n<div class=\"wp-block-image\">\n<figure class=\"aligncenter size-full is-resized\"><img loading=\"lazy\" decoding=\"async\" width=\"800\" height=\"533\" src=\"https:\/\/macite.tg\/wp-content\/uploads\/2026\/02\/image-28.png\" alt=\"\" class=\"wp-image-28120\" style=\"width:576px;height:auto\" srcset=\"https:\/\/macite.tg\/wp-content\/uploads\/2026\/02\/image-28.png 800w, https:\/\/macite.tg\/wp-content\/uploads\/2026\/02\/image-28-300x200.png 300w, https:\/\/macite.tg\/wp-content\/uploads\/2026\/02\/image-28-768x512.png 768w, https:\/\/macite.tg\/wp-content\/uploads\/2026\/02\/image-28-650x434.png 650w, https:\/\/macite.tg\/wp-content\/uploads\/2026\/02\/image-28-730x487.png 730w, https:\/\/macite.tg\/wp-content\/uploads\/2026\/02\/image-28-112x75.png 112w, https:\/\/macite.tg\/wp-content\/uploads\/2026\/02\/image-28-425x283.png 425w, https:\/\/macite.tg\/wp-content\/uploads\/2026\/02\/image-28-430x287.png 430w\" sizes=\"auto, (max-width: 800px) 100vw, 800px\" \/><\/figure>\n<\/div>\n\n\n<p class=\"wp-block-paragraph\">S\u2019ensuivit la pri\u00e8re musulmane. Les officiants ont rendu un vibrant hommage \u00e0 feu Pr\u00e9sident Gnassingb\u00e9 Eyad\u00e9ma, P\u00e8re de la Nation. Dans leurs invocations, ils ont rappel\u00e9 la dimension spirituelle, humaine, politique et diplomatique de l\u2019illustre disparu.<\/p>\n\n\n\n<p class=\"wp-block-paragraph\">\u00ab Il y a de cela 21 ans qu\u2019il a plu au Cr\u00e9ateur Allah de rappeler \u00e0 lui le P\u00e8re de la nation togolaise, feu Pr\u00e9sident Gnassingb\u00e9 Eyad\u00e9ma, au moment o\u00f9 le peuple togolais s\u2019y attendait le moins. Le Pr\u00e9sident Eyad\u00e9ma nous a quitt\u00e9s, v\u00eatu de plusieurs qualit\u00e9s morales aux multiples dimensions. Diplomate de l\u2019amiti\u00e9, de la fraternit\u00e9 et des relations de bon voisinage, convaincu que seules la paix et l\u2019entente entre les \u00c9tats peuvent garantir le bien-\u00eatre des peuples, c\u2019est cet homme et ce messager que nous pleurons aujourd\u2019hui. \u00bb<\/p>\n\n\n\n<p class=\"wp-block-paragraph\">Poursuivant leur message, les officiants musulmans ont soulign\u00e9 le caract\u00e8re providentiel du G\u00e9n\u00e9ral Eyad\u00e9ma pour le Togo et pour l\u2019Afrique.<\/p>\n\n\n\n<p class=\"wp-block-paragraph\"><em>\u00ab Papa Eyad\u00e9ma a \u00e9t\u00e9 un homme providentiel pour le Togo. Ses qualit\u00e9s humaines exceptionnelles nous enseignent non seulement la grande valeur de la paix et l\u2019int\u00e9r\u00eat de la pr\u00e9server, mais aussi et surtout la n\u00e9cessit\u00e9 de maintenir la coh\u00e9sion nationale et de poursuivre la consolidation du patriotisme et de la souverainet\u00e9 de nos \u00c9tats. \u00bb<\/em><\/p>\n\n\n<div class=\"wp-block-image\">\n<figure class=\"aligncenter size-full is-resized\"><img loading=\"lazy\" decoding=\"async\" width=\"800\" height=\"533\" src=\"https:\/\/macite.tg\/wp-content\/uploads\/2026\/02\/image-27.png\" alt=\"\" class=\"wp-image-28119\" style=\"width:560px;height:auto\" srcset=\"https:\/\/macite.tg\/wp-content\/uploads\/2026\/02\/image-27.png 800w, https:\/\/macite.tg\/wp-content\/uploads\/2026\/02\/image-27-300x200.png 300w, https:\/\/macite.tg\/wp-content\/uploads\/2026\/02\/image-27-768x512.png 768w, https:\/\/macite.tg\/wp-content\/uploads\/2026\/02\/image-27-650x434.png 650w, https:\/\/macite.tg\/wp-content\/uploads\/2026\/02\/image-27-730x487.png 730w, https:\/\/macite.tg\/wp-content\/uploads\/2026\/02\/image-27-112x75.png 112w, https:\/\/macite.tg\/wp-content\/uploads\/2026\/02\/image-27-425x283.png 425w, https:\/\/macite.tg\/wp-content\/uploads\/2026\/02\/image-27-430x287.png 430w\" sizes=\"auto, (max-width: 800px) 100vw, 800px\" \/><\/figure>\n<\/div>\n\n\n<p class=\"wp-block-paragraph\">Dans un contexte international marqu\u00e9 par de profondes mutations, ils ont formul\u00e9 les v\u0153ux de paix et de sant\u00e9 \u00e0 l\u2019endroit du Pr\u00e9sident du Conseil Faure Essozimna Gnassingb\u00e9 qui s\u2019investit pour la consolidation de la stabilit\u00e9 au Togo et en Afrique notamment dans la r\u00e9gion des Grands Lacs.<\/p>\n\n\n\n<p class=\"wp-block-paragraph\">Par son sens de sacrifice, ses actions d\u00e9terminantes, son ferme engagement pour l\u2019int\u00e9gration sous-r\u00e9gionale et africaine, le Pr\u00e9sident Eyad\u00e9ma a marqu\u00e9 son \u00e9poque et reste un visionnaire inoubliable qui demeure une r\u00e9f\u00e9rence pour toutes les g\u00e9n\u00e9rations.<\/p>\n\n\n\n<p class=\"wp-block-paragraph\">Il a su mettre de nombreux peuples \u00e0 l\u2019abri des guerres fratricides, des conflits larv\u00e9s ou ouverts entre pays avec leurs effets pervers. Toutes ces initiatives reconnues et salu\u00e9es par les acteurs \u00e9pris de paix et de d\u00e9veloppement \u00e9conomique et social lui ont valu de nombreuses distinctions honorifiques. Aujourd\u2019hui, la nation togolaise et le reste du monde lui sont reconnaissants et lui rendent un hommage m\u00e9rit\u00e9.<\/p>\n\n\n\n<p class=\"wp-block-paragraph\"><strong>@preisdenceduconseil.gouv<\/strong><\/p>\n\n\n\n<p class=\"wp-block-paragraph\"><\/p>\n","protected":false},"excerpt":{"rendered":"<p class=\"text-justify mb-2\" >\u00c0 l\u2019occasion du 21\u1d49 anniversaire de son rappel \u00e0 Dieu, cet homme de paix et artisan de l\u2019unit\u00e9 nationale a \u00e9t\u00e9 honor\u00e9 \u00e0 travers des pri\u00e8res \u0153cum\u00e9niques et musulmanes organis\u00e9es ce 5 f\u00e9vrier 2026 au Palais des Congr\u00e8s de Kara, en pr\u00e9sence du Pr\u00e9sident du [&hellip;]<\/p>\n","protected":false},"author":2,"featured_media":28122,"comment_status":"open","ping_status":"open","sticky":false,"template":"","format":"standard","meta":{"footnotes":""},"categories":[20,62],"tags":[],"class_list":["post-28118","post","type-post","status-publish","format-standard","has-post-thumbnail","hentry","category-actualite","category-hommage"],"yoast_head":"<!-- This site is optimized with the Yoast SEO plugin v28.4 - https:\/\/yoast.com\/product\/yoast-seo-wordpress\/ -->\n<title>SOUVENIRS : Le Togo rend hommage au P\u00e8re de la nation -<\/title>\n<meta name=\"robots\" content=\"index, follow, max-snippet:-1, max-image-preview:large, max-video-preview:-1\" \/>\n<link rel=\"canonical\" href=\"https:\/\/macite.tg\/?p=28118\" \/>\n<meta property=\"og:locale\" content=\"fr_FR\" \/>\n<meta property=\"og:type\" content=\"article\" \/>\n<meta property=\"og:title\" content=\"SOUVENIRS : Le Togo rend hommage au P\u00e8re de la nation -\" \/>\n<meta property=\"og:description\" content=\"\u00c0 l\u2019occasion du 21\u1d49 anniversaire de son rappel \u00e0 Dieu, cet homme de paix et artisan de l\u2019unit\u00e9 nationale a \u00e9t\u00e9 honor\u00e9 \u00e0 travers des pri\u00e8res \u0153cum\u00e9niques et musulmanes organis\u00e9es ce 5 f\u00e9vrier 2026 au Palais des Congr\u00e8s de Kara, en pr\u00e9sence du Pr\u00e9sident du [&hellip;]\" \/>\n<meta property=\"og:url\" content=\"https:\/\/macite.tg\/?p=28118\" \/>\n<meta property=\"article:published_time\" content=\"2026-02-06T17:33:35+00:00\" \/>\n<meta property=\"article:modified_time\" content=\"2026-02-06T17:33:40+00:00\" \/>\n<meta property=\"og:image\" content=\"https:\/\/macite.tg\/wp-content\/uploads\/2026\/02\/Hommage.jpg\" \/>\n\t<meta property=\"og:image:width\" content=\"500\" \/>\n\t<meta property=\"og:image:height\" content=\"333\" \/>\n\t<meta property=\"og:image:type\" content=\"image\/jpeg\" \/>\n<meta name=\"author\" content=\"Jean Pierre BAWELA\" \/>\n<meta name=\"twitter:card\" content=\"summary_large_image\" \/>\n<meta name=\"twitter:label1\" content=\"\u00c9crit par\" \/>\n\t<meta name=\"twitter:data1\" content=\"Jean Pierre BAWELA\" \/>\n\t<meta name=\"twitter:label2\" content=\"Dur\u00e9e de lecture estim\u00e9e\" \/>\n\t<meta name=\"twitter:data2\" content=\"4 minutes\" \/>\n<script type=\"application\/ld+json\" class=\"yoast-schema-graph\">{\"@context\":\"https:\\\/\\\/schema.org\",\"@graph\":[{\"@type\":\"Article\",\"@id\":\"https:\\\/\\\/macite.tg\\\/?p=28118#article\",\"isPartOf\":{\"@id\":\"https:\\\/\\\/macite.tg\\\/?p=28118\"},\"author\":{\"name\":\"Jean Pierre BAWELA\",\"@id\":\"https:\\\/\\\/macite.tg\\\/#\\\/schema\\\/person\\\/e9f2de7e5dbbe7770a9402c7ce82f5c2\"},\"headline\":\"SOUVENIRS : Le Togo rend hommage au P\u00e8re de la nation\",\"datePublished\":\"2026-02-06T17:33:35+00:00\",\"dateModified\":\"2026-02-06T17:33:40+00:00\",\"mainEntityOfPage\":{\"@id\":\"https:\\\/\\\/macite.tg\\\/?p=28118\"},\"wordCount\":657,\"commentCount\":0,\"image\":{\"@id\":\"https:\\\/\\\/macite.tg\\\/?p=28118#primaryimage\"},\"thumbnailUrl\":\"https:\\\/\\\/macite.tg\\\/wp-content\\\/uploads\\\/2026\\\/02\\\/Hommage.jpg\",\"articleSection\":[\"ACTUALITE\",\"HOMMAGE\"],\"inLanguage\":\"fr-FR\",\"potentialAction\":[{\"@type\":\"CommentAction\",\"name\":\"Comment\",\"target\":[\"https:\\\/\\\/macite.tg\\\/?p=28118#respond\"]}]},{\"@type\":\"WebPage\",\"@id\":\"https:\\\/\\\/macite.tg\\\/?p=28118\",\"url\":\"https:\\\/\\\/macite.tg\\\/?p=28118\",\"name\":\"SOUVENIRS : Le Togo rend hommage au P\u00e8re de la nation -\",\"isPartOf\":{\"@id\":\"https:\\\/\\\/macite.tg\\\/#website\"},\"primaryImageOfPage\":{\"@id\":\"https:\\\/\\\/macite.tg\\\/?p=28118#primaryimage\"},\"image\":{\"@id\":\"https:\\\/\\\/macite.tg\\\/?p=28118#primaryimage\"},\"thumbnailUrl\":\"https:\\\/\\\/macite.tg\\\/wp-content\\\/uploads\\\/2026\\\/02\\\/Hommage.jpg\",\"datePublished\":\"2026-02-06T17:33:35+00:00\",\"dateModified\":\"2026-02-06T17:33:40+00:00\",\"author\":{\"@id\":\"https:\\\/\\\/macite.tg\\\/#\\\/schema\\\/person\\\/e9f2de7e5dbbe7770a9402c7ce82f5c2\"},\"breadcrumb\":{\"@id\":\"https:\\\/\\\/macite.tg\\\/?p=28118#breadcrumb\"},\"inLanguage\":\"fr-FR\",\"potentialAction\":[{\"@type\":\"ReadAction\",\"target\":[\"https:\\\/\\\/macite.tg\\\/?p=28118\"]}]},{\"@type\":\"ImageObject\",\"inLanguage\":\"fr-FR\",\"@id\":\"https:\\\/\\\/macite.tg\\\/?p=28118#primaryimage\",\"url\":\"https:\\\/\\\/macite.tg\\\/wp-content\\\/uploads\\\/2026\\\/02\\\/Hommage.jpg\",\"contentUrl\":\"https:\\\/\\\/macite.tg\\\/wp-content\\\/uploads\\\/2026\\\/02\\\/Hommage.jpg\",\"width\":500,\"height\":333},{\"@type\":\"BreadcrumbList\",\"@id\":\"https:\\\/\\\/macite.tg\\\/?p=28118#breadcrumb\",\"itemListElement\":[{\"@type\":\"ListItem\",\"position\":1,\"name\":\"Accueil\",\"item\":\"https:\\\/\\\/macite.tg\\\/\"},{\"@type\":\"ListItem\",\"position\":2,\"name\":\"SOUVENIRS : Le Togo rend hommage au P\u00e8re de la nation\"}]},{\"@type\":\"WebSite\",\"@id\":\"https:\\\/\\\/macite.tg\\\/#website\",\"url\":\"https:\\\/\\\/macite.tg\\\/\",\"name\":\"\",\"description\":\"L&#039;information, la bonne!!!\",\"potentialAction\":[{\"@type\":\"SearchAction\",\"target\":{\"@type\":\"EntryPoint\",\"urlTemplate\":\"https:\\\/\\\/macite.tg\\\/?s={search_term_string}\"},\"query-input\":{\"@type\":\"PropertyValueSpecification\",\"valueRequired\":true,\"valueName\":\"search_term_string\"}}],\"inLanguage\":\"fr-FR\"},{\"@type\":\"Person\",\"@id\":\"https:\\\/\\\/macite.tg\\\/#\\\/schema\\\/person\\\/e9f2de7e5dbbe7770a9402c7ce82f5c2\",\"name\":\"Jean Pierre BAWELA\",\"image\":{\"@type\":\"ImageObject\",\"inLanguage\":\"fr-FR\",\"@id\":\"https:\\\/\\\/macite.tg\\\/wp-content\\\/uploads\\\/2023\\\/09\\\/WhatsApp-Image-2023-09-19-at-14.44.41-122x122.jpeg\",\"url\":\"https:\\\/\\\/macite.tg\\\/wp-content\\\/uploads\\\/2023\\\/09\\\/WhatsApp-Image-2023-09-19-at-14.44.41-122x122.jpeg\",\"contentUrl\":\"https:\\\/\\\/macite.tg\\\/wp-content\\\/uploads\\\/2023\\\/09\\\/WhatsApp-Image-2023-09-19-at-14.44.41-122x122.jpeg\",\"caption\":\"Jean Pierre BAWELA\"},\"url\":\"https:\\\/\\\/macite.tg\\\/?author=2\"}]}<\/script>\n<!-- \/ Yoast SEO plugin. -->","yoast_head_json":{"title":"SOUVENIRS : Le Togo rend hommage au P\u00e8re de la nation -","robots":{"index":"index","follow":"follow","max-snippet":"max-snippet:-1","max-image-preview":"max-image-preview:large","max-video-preview":"max-video-preview:-1"},"canonical":"https:\/\/macite.tg\/?p=28118","og_locale":"fr_FR","og_type":"article","og_title":"SOUVENIRS : Le Togo rend hommage au P\u00e8re de la nation -","og_description":"\u00c0 l\u2019occasion du 21\u1d49 anniversaire de son rappel \u00e0 Dieu, cet homme de paix et artisan de l\u2019unit\u00e9 nationale a \u00e9t\u00e9 honor\u00e9 \u00e0 travers des pri\u00e8res \u0153cum\u00e9niques et musulmanes organis\u00e9es ce 5 f\u00e9vrier 2026 au Palais des Congr\u00e8s de Kara, en pr\u00e9sence du Pr\u00e9sident du [&hellip;]","og_url":"https:\/\/macite.tg\/?p=28118","article_published_time":"2026-02-06T17:33:35+00:00","article_modified_time":"2026-02-06T17:33:40+00:00","og_image":[{"width":500,"height":333,"url":"https:\/\/macite.tg\/wp-content\/uploads\/2026\/02\/Hommage.jpg","type":"image\/jpeg"}],"author":"Jean Pierre BAWELA","twitter_card":"summary_large_image","twitter_misc":{"\u00c9crit par":"Jean Pierre BAWELA","Dur\u00e9e de lecture estim\u00e9e":"4 minutes"},"schema":{"@context":"https:\/\/schema.org","@graph":[{"@type":"Article","@id":"https:\/\/macite.tg\/?p=28118#article","isPartOf":{"@id":"https:\/\/macite.tg\/?p=28118"},"author":{"name":"Jean Pierre BAWELA","@id":"https:\/\/macite.tg\/#\/schema\/person\/e9f2de7e5dbbe7770a9402c7ce82f5c2"},"headline":"SOUVENIRS : Le Togo rend hommage au P\u00e8re de la nation","datePublished":"2026-02-06T17:33:35+00:00","dateModified":"2026-02-06T17:33:40+00:00","mainEntityOfPage":{"@id":"https:\/\/macite.tg\/?p=28118"},"wordCount":657,"commentCount":0,"image":{"@id":"https:\/\/macite.tg\/?p=28118#primaryimage"},"thumbnailUrl":"https:\/\/macite.tg\/wp-content\/uploads\/2026\/02\/Hommage.jpg","articleSection":["ACTUALITE","HOMMAGE"],"inLanguage":"fr-FR","potentialAction":[{"@type":"CommentAction","name":"Comment","target":["https:\/\/macite.tg\/?p=28118#respond"]}]},{"@type":"WebPage","@id":"https:\/\/macite.tg\/?p=28118","url":"https:\/\/macite.tg\/?p=28118","name":"SOUVENIRS : Le Togo rend hommage au P\u00e8re de la nation -","isPartOf":{"@id":"https:\/\/macite.tg\/#website"},"primaryImageOfPage":{"@id":"https:\/\/macite.tg\/?p=28118#primaryimage"},"image":{"@id":"https:\/\/macite.tg\/?p=28118#primaryimage"},"thumbnailUrl":"https:\/\/macite.tg\/wp-content\/uploads\/2026\/02\/Hommage.jpg","datePublished":"2026-02-06T17:33:35+00:00","dateModified":"2026-02-06T17:33:40+00:00","author":{"@id":"https:\/\/macite.tg\/#\/schema\/person\/e9f2de7e5dbbe7770a9402c7ce82f5c2"},"breadcrumb":{"@id":"https:\/\/macite.tg\/?p=28118#breadcrumb"},"inLanguage":"fr-FR","potentialAction":[{"@type":"ReadAction","target":["https:\/\/macite.tg\/?p=28118"]}]},{"@type":"ImageObject","inLanguage":"fr-FR","@id":"https:\/\/macite.tg\/?p=28118#primaryimage","url":"https:\/\/macite.tg\/wp-content\/uploads\/2026\/02\/Hommage.jpg","contentUrl":"https:\/\/macite.tg\/wp-content\/uploads\/2026\/02\/Hommage.jpg","width":500,"height":333},{"@type":"BreadcrumbList","@id":"https:\/\/macite.tg\/?p=28118#breadcrumb","itemListElement":[{"@type":"ListItem","position":1,"name":"Accueil","item":"https:\/\/macite.tg\/"},{"@type":"ListItem","position":2,"name":"SOUVENIRS : Le Togo rend hommage au P\u00e8re de la nation"}]},{"@type":"WebSite","@id":"https:\/\/macite.tg\/#website","url":"https:\/\/macite.tg\/","name":"","description":"L&#039;information, la bonne!!!","potentialAction":[{"@type":"SearchAction","target":{"@type":"EntryPoint","urlTemplate":"https:\/\/macite.tg\/?s={search_term_string}"},"query-input":{"@type":"PropertyValueSpecification","valueRequired":true,"valueName":"search_term_string"}}],"inLanguage":"fr-FR"},{"@type":"Person","@id":"https:\/\/macite.tg\/#\/schema\/person\/e9f2de7e5dbbe7770a9402c7ce82f5c2","name":"Jean Pierre BAWELA","image":{"@type":"ImageObject","inLanguage":"fr-FR","@id":"https:\/\/macite.tg\/wp-content\/uploads\/2023\/09\/WhatsApp-Image-2023-09-19-at-14.44.41-122x122.jpeg","url":"https:\/\/macite.tg\/wp-content\/uploads\/2023\/09\/WhatsApp-Image-2023-09-19-at-14.44.41-122x122.jpeg","contentUrl":"https:\/\/macite.tg\/wp-content\/uploads\/2023\/09\/WhatsApp-Image-2023-09-19-at-14.44.41-122x122.jpeg","caption":"Jean Pierre BAWELA"},"url":"https:\/\/macite.tg\/?author=2"}]}},"_links":{"self":[{"href":"https:\/\/macite.tg\/index.php?rest_route=\/wp\/v2\/posts\/28118","targetHints":{"allow":["GET"]}}],"collection":[{"href":"https:\/\/macite.tg\/index.php?rest_route=\/wp\/v2\/posts"}],"about":[{"href":"https:\/\/macite.tg\/index.php?rest_route=\/wp\/v2\/types\/post"}],"author":[{"embeddable":true,"href":"https:\/\/macite.tg\/index.php?rest_route=\/wp\/v2\/users\/2"}],"replies":[{"embeddable":true,"href":"https:\/\/macite.tg\/index.php?rest_route=%2Fwp%2Fv2%2Fcomments&post=28118"}],"version-history":[{"count":0,"href":"https:\/\/macite.tg\/index.php?rest_route=\/wp\/v2\/posts\/28118\/revisions"}],"wp:featuredmedia":[{"embeddable":true,"href":"https:\/\/macite.tg\/index.php?rest_route=\/wp\/v2\/media\/28122"}],"wp:attachment":[{"href":"https:\/\/macite.tg\/index.php?rest_route=%2Fwp%2Fv2%2Fmedia&parent=28118"}],"wp:term":[{"taxonomy":"category","embeddable":true,"href":"https:\/\/macite.tg\/index.php?rest_route=%2Fwp%2Fv2%2Fcategories&post=28118"},{"taxonomy":"post_tag","embeddable":true,"href":"https:\/\/macite.tg\/index.php?rest_route=%2Fwp%2Fv2%2Ftags&post=28118"}],"curies":[{"name":"wp","href":"https:\/\/api.w.org\/{rel}","templated":true}]}}