{"id":28113,"date":"2026-02-06T16:28:15","date_gmt":"2026-02-06T16:28:15","guid":{"rendered":"https:\/\/macite.tg\/?p=28113"},"modified":"2026-02-06T16:28:22","modified_gmt":"2026-02-06T16:28:22","slug":"3eme-edition-de-les-ricac-2026-le-coup-de-pinceau-du-ministre-tchiakpe-lance-les-travaux-a-tsevie","status":"publish","type":"post","link":"https:\/\/macite.tg\/?p=28113","title":{"rendered":"3EME\u00a0EDITION DE \u00ab LES RICAC 2026 \u00bb : Le coup de pinceau du ministre Tchiakp\u00e9 lance les travaux \u00e0 Ts\u00e9vi\u00e9"},"content":{"rendered":"\n<p class=\"wp-block-paragraph\"><strong><em>Vingt-trois artistes plasticiens venus du Benin, du Ghana, du Congo, du S\u00e9n\u00e9gal, du Mali, du Cameroun et du Togo prennent part, \u00e0 Tsevi\u00e9, du 26 janvier au 8 f\u00e9vrier 2026, aux activit\u00e9s de la troisi\u00e8me \u00e9dition des R\u00e9sidences Internationales de Cr\u00e9ations Artistiques et Culturelles (Les RICAC). L\u2019ouverture des travaux s\u2019est d\u00e9roul\u00e9e le lundi 26 janvier dernier \u00e0 travers une c\u00e9r\u00e9monie solennelle pr\u00e9sid\u00e9e par le ministre du Tourisme, de la Culture et des Arts (MTCA) Isaac Tchiakp\u00e9 qui avait \u00e0 ses c\u00f4t\u00e9s, les autorit\u00e9s pr\u00e9fectorales et communales de la pr\u00e9fecture de Zio.<\/em><\/strong><\/p>\n\n\n\n<p class=\"wp-block-paragraph\">Plac\u00e9es sous le th\u00e8me <em>\u00ab la m\u00e9taphore multipolaire \u00bb,<\/em> les RICAC se veulent, une occasion de la r\u00e9alisation des \u0153uvres d\u2019art et d\u2019\u00e9ducation, de sensibilisation sur les valeurs humaines, politiques, entre autres et un espace d\u2019affirmation de la richesse culturelle africaine en d\u00e9fiant les pr\u00e9jug\u00e9s de domination longtemps rest\u00e9s dans les mentalit\u00e9s africaines.<\/p>\n\n\n\n<p class=\"wp-block-paragraph\">Cette c\u00e9r\u00e9monie a permis au ministre de relever l\u2019importance de l\u2019art et des artistes qui jouent selon Tchiakp\u00e9 un r\u00f4le d\u00e9terminant dans l\u2019amorce du changement social en promouvant l\u2019unit\u00e9 et l\u2019\u00e9volution de la soci\u00e9t\u00e9<\/p>\n\n\n<div class=\"wp-block-image\">\n<figure class=\"aligncenter size-full\"><img loading=\"lazy\" decoding=\"async\" width=\"851\" height=\"315\" src=\"https:\/\/macite.tg\/wp-content\/uploads\/2026\/02\/OTR_Bandeau-Renseignements.jpg\" alt=\"\" class=\"wp-image-28024\" srcset=\"https:\/\/macite.tg\/wp-content\/uploads\/2026\/02\/OTR_Bandeau-Renseignements.jpg 851w, https:\/\/macite.tg\/wp-content\/uploads\/2026\/02\/OTR_Bandeau-Renseignements-300x111.jpg 300w, https:\/\/macite.tg\/wp-content\/uploads\/2026\/02\/OTR_Bandeau-Renseignements-768x284.jpg 768w\" sizes=\"auto, (max-width: 851px) 100vw, 851px\" \/><\/figure>\n<\/div>\n\n\n<p class=\"wp-block-paragraph\"><em>\u00ab Comme nous le savons tous, l\u2019art fait partie int\u00e9grante de l\u2019exp\u00e9rience humaine. De la peinture \u00e0 la sculpture, en passant par la musique et le th\u00e9\u00e2tre, l\u2019art offre un espace de cr\u00e9ativit\u00e9 et suscite des \u00e9changes sur l\u2019actualit\u00e9 et les enjeux sociaux. L\u2019art est une forme d\u2019expression qui encourage \u00e0 d\u00e9passer ses limites en stimulant la cr\u00e9ativit\u00e9 et l\u2019innovation. A travers l\u2019art, nous envisageons le monde sous un angle nouveau, ouvrant la voie \u00e0 des d\u00e9couvertes r\u00e9volutionnaires \u00bb.<\/em><\/p>\n\n\n\n<p class=\"wp-block-paragraph\"><em>\u00ab L\u2019art illustre l\u2019histoire et la culture d\u2019une soci\u00e9t\u00e9 et il permet de pr\u00e9server les traditions, les r\u00e9cits et les valeurs, et de les transmettre aux g\u00e9n\u00e9rations futures. L\u2019art offre, en ce sens, un sentiment de continuit\u00e9 et de lien avec ses racines, essentiel au maintien de l\u2019identit\u00e9 et de la fiert\u00e9 culturelles \u00bb.<\/em> C\u2019est fort du r\u00f4le qu\u2019incarne l\u2019art que le ministre a souhait\u00e9 que ces r\u00e9sidences soient un moment fort d\u2019engament des artistes africains \u00e0 d\u00e9montrer leurs capacit\u00e9s d\u2019changes \u00e0 travers la diversit\u00e9 et dans l\u2019unit\u00e9.<\/p>\n\n\n\n<p class=\"wp-block-paragraph\">Il a r\u00e9affirm\u00e9 l\u2019engagement sans faille du gouvernement togolais, sous l\u2019impulsion du Pr\u00e9sident du Conseil Faure Essozimna Gnassingb\u00e9, \u00e0 \u0153uvrer \u00e0 la perp\u00e9tuation de ce rendez-vous international que constituent les RICAC en soutenant ses initiatives qui s\u2019inscrivent dans la politique culturelle du pays.<\/p>\n\n\n<div class=\"wp-block-image\">\n<figure class=\"aligncenter size-full is-resized\"><img loading=\"lazy\" decoding=\"async\" width=\"690\" height=\"170\" src=\"https:\/\/macite.tg\/wp-content\/uploads\/2026\/02\/OTR_TVM.jpg\" alt=\"\" class=\"wp-image-28101\" style=\"width:840px;height:auto\" srcset=\"https:\/\/macite.tg\/wp-content\/uploads\/2026\/02\/OTR_TVM.jpg 690w, https:\/\/macite.tg\/wp-content\/uploads\/2026\/02\/OTR_TVM-300x74.jpg 300w\" sizes=\"auto, (max-width: 690px) 100vw, 690px\" \/><\/figure>\n<\/div>\n\n\n<p class=\"wp-block-paragraph\">Le pr\u00e9fet de Zio, Mawouna Gadewa a, dans un mot de bienvenue, invit\u00e9 les organisateurs, les artistes et la population de Zio \u00e0 se souder les coudes afin de faire <em>\u00ab LES RICAC ART TO GO 2026 \u00bb<\/em> un moment inoubliable.<\/p>\n\n\n\n<p class=\"wp-block-paragraph\">Face au ph\u00e9nom\u00e8ne de multipolarit\u00e9 qui est en train de na\u00eetre, de s\u2019installer dans le monde entier o\u00f9 beaucoup d\u2019Etats r\u00e9clament plus de justice, plus d\u2019\u00e9quit\u00e9 et moins de domination, les organisateurs des RICAC, jugent important de recueillir la position des artistes africains et surtout leur sentiment vis-\u00e0-vis de cette multipolarit\u00e9, d\u2019o\u00f9 le th\u00e8me <em>\u00ab la m\u00e9taphore multipolaire \u00bb.<\/em><\/p>\n\n\n\n<p class=\"wp-block-paragraph\"><em>\u00ab \u00c0 travers ce th\u00e8me, nous avons voulu impliquer l\u2019artiste dans l\u2019actualit\u00e9 politique \u00e9conomique du combat mondial qui est en train d\u2019\u00eatre d\u00e9livr\u00e9 o\u00f9 des \u00c9tats demandent leur souverainet\u00e9. Nous avons voulu interroger l\u2019artiste pour savoir quelle est sa position par rapport \u00e0 cette guerre mondiale qui s\u2019est engag\u00e9e depuis pratiquement 20 ans d\u00e9j\u00e0 \u00bb,<\/em> a indiqu\u00e9 Mme Ataf\u00e8inam B\u00e9l\u00e9i, promotrice Culturelle, Commissaire d\u2019Exposition, Pr\u00e9sidente de l\u2019Association ART HERITAGE CULTURE et initiatrice des RICAC ART TO GO.<\/p>\n\n\n<div class=\"wp-block-image\">\n<figure class=\"aligncenter size-large is-resized\"><img loading=\"lazy\" decoding=\"async\" width=\"1024\" height=\"1024\" src=\"https:\/\/macite.tg\/wp-content\/uploads\/2026\/01\/623395023_1512975654170569_1154007761338906948_n-1024x1024.jpg\" alt=\"\" class=\"wp-image-27896\" style=\"width:557px;height:auto\" srcset=\"https:\/\/macite.tg\/wp-content\/uploads\/2026\/01\/623395023_1512975654170569_1154007761338906948_n-1024x1024.jpg 1024w, https:\/\/macite.tg\/wp-content\/uploads\/2026\/01\/623395023_1512975654170569_1154007761338906948_n-300x300.jpg 300w, https:\/\/macite.tg\/wp-content\/uploads\/2026\/01\/623395023_1512975654170569_1154007761338906948_n-150x150.jpg 150w, https:\/\/macite.tg\/wp-content\/uploads\/2026\/01\/623395023_1512975654170569_1154007761338906948_n-768x768.jpg 768w, https:\/\/macite.tg\/wp-content\/uploads\/2026\/01\/623395023_1512975654170569_1154007761338906948_n-122x122.jpg 122w, https:\/\/macite.tg\/wp-content\/uploads\/2026\/01\/623395023_1512975654170569_1154007761338906948_n.jpg 1080w\" sizes=\"auto, (max-width: 1024px) 100vw, 1024px\" \/><\/figure>\n<\/div>\n\n\n<p class=\"wp-block-paragraph\">En somme, selon Kokou Ekouagou Artiste Plasticien, Consultant, Manager Culturel, <em>\u00abla m\u00e9taphore multipolaire offre un cadre riche pour l\u2019exploration artistique, culturelle permettant de traduire la complexit\u00e9 et la diversit\u00e9 du monde en des \u0153uvres qui invitent \u00e0 la r\u00e9flexion et \u00e0 l\u2019interpr\u00e9tation \u00bb.<\/em><\/p>\n\n\n\n<p class=\"wp-block-paragraph\">Pendant deux semaines les participants auront des ateliers de peinture, de sculpture et des expositions des \u0153uvres d\u2019art en sculpture et en peinture ainsi que des \u00e9changes de compr\u00e9hension et d\u2019initiation avec des \u00e9l\u00e8ves et toute personne.<\/p>\n\n\n\n<p class=\"wp-block-paragraph\"><strong>Daniel A. (In CHRONIQUE DE LA SEMAINE n\u00b0752 du 29 Janvier 2026)<\/strong><\/p>\n\n\n\n<p class=\"wp-block-paragraph\"><strong><em>@macite.tg&nbsp;&nbsp;&nbsp;&nbsp;&nbsp;&nbsp;&nbsp;&nbsp;<\/em><\/strong><\/p>\n\n\n\n<p class=\"wp-block-paragraph\"><strong><em>E-mail&nbsp;: <\/em><\/strong><a href=\"mailto:maciteinfo@gmail.com\"><strong><em>maciteinfo@gmail.com<\/em><\/strong><\/a><strong><em>; <\/em><\/strong><a href=\"mailto:bawela1@gmail.com\"><strong><em>bawela1@gmail.com<\/em><\/strong><\/a><strong><em><\/em><\/strong><\/p>\n\n\n\n<p class=\"wp-block-paragraph\"><strong><em>Pour vos annonces, (publi)reportages, etc., joignez-nous au (00228)91515309\/<strong>79872224 <\/strong><strong><\/strong><\/em><\/strong><\/p>\n\n\n\n<p class=\"wp-block-paragraph\"><strong><em>www.macite.tg, L\u2019information, la bonne&nbsp;!<\/em><\/strong><\/p>\n\n\n\n<p class=\"wp-block-paragraph\"><\/p>\n","protected":false},"excerpt":{"rendered":"<p class=\"text-justify mb-2\" >Vingt-trois artistes plasticiens venus du Benin, du Ghana, du Congo, du S\u00e9n\u00e9gal, du Mali, du Cameroun et du Togo prennent part, \u00e0 Tsevi\u00e9, du 26 janvier au 8 f\u00e9vrier 2026, aux activit\u00e9s de la troisi\u00e8me \u00e9dition des R\u00e9sidences Internationales de Cr\u00e9ations Artistiques et Culturelles (Les [&hellip;]<\/p>\n","protected":false},"author":2,"featured_media":28116,"comment_status":"open","ping_status":"open","sticky":false,"template":"","format":"standard","meta":{"footnotes":""},"categories":[20,18],"tags":[],"class_list":["post-28113","post","type-post","status-publish","format-standard","has-post-thumbnail","hentry","category-actualite","category-culture"],"yoast_head":"<!-- This site is optimized with the Yoast SEO plugin v28.4 - https:\/\/yoast.com\/product\/yoast-seo-wordpress\/ -->\n<title>3EME\u00a0EDITION DE \u00ab LES RICAC 2026 \u00bb : Le coup de pinceau du ministre Tchiakp\u00e9 lance les travaux \u00e0 Ts\u00e9vi\u00e9 -<\/title>\n<meta name=\"robots\" content=\"index, follow, max-snippet:-1, max-image-preview:large, max-video-preview:-1\" \/>\n<link rel=\"canonical\" href=\"https:\/\/macite.tg\/?p=28113\" \/>\n<meta property=\"og:locale\" content=\"fr_FR\" \/>\n<meta property=\"og:type\" content=\"article\" \/>\n<meta property=\"og:title\" content=\"3EME\u00a0EDITION DE \u00ab LES RICAC 2026 \u00bb : Le coup de pinceau du ministre Tchiakp\u00e9 lance les travaux \u00e0 Ts\u00e9vi\u00e9 -\" \/>\n<meta property=\"og:description\" content=\"Vingt-trois artistes plasticiens venus du Benin, du Ghana, du Congo, du S\u00e9n\u00e9gal, du Mali, du Cameroun et du Togo prennent part, \u00e0 Tsevi\u00e9, du 26 janvier au 8 f\u00e9vrier 2026, aux activit\u00e9s de la troisi\u00e8me \u00e9dition des R\u00e9sidences Internationales de Cr\u00e9ations Artistiques et Culturelles (Les [&hellip;]\" \/>\n<meta property=\"og:url\" content=\"https:\/\/macite.tg\/?p=28113\" \/>\n<meta property=\"article:published_time\" content=\"2026-02-06T16:28:15+00:00\" \/>\n<meta property=\"article:modified_time\" content=\"2026-02-06T16:28:22+00:00\" \/>\n<meta property=\"og:image\" content=\"https:\/\/macite.tg\/wp-content\/uploads\/2026\/02\/CULTURE.jpg\" \/>\n\t<meta property=\"og:image:width\" content=\"500\" \/>\n\t<meta property=\"og:image:height\" content=\"276\" \/>\n\t<meta property=\"og:image:type\" content=\"image\/jpeg\" \/>\n<meta name=\"author\" content=\"Jean Pierre BAWELA\" \/>\n<meta name=\"twitter:card\" content=\"summary_large_image\" \/>\n<meta name=\"twitter:label1\" content=\"\u00c9crit par\" \/>\n\t<meta name=\"twitter:data1\" content=\"Jean Pierre BAWELA\" \/>\n\t<meta name=\"twitter:label2\" content=\"Dur\u00e9e de lecture estim\u00e9e\" \/>\n\t<meta name=\"twitter:data2\" content=\"5 minutes\" \/>\n<script type=\"application\/ld+json\" class=\"yoast-schema-graph\">{\"@context\":\"https:\\\/\\\/schema.org\",\"@graph\":[{\"@type\":\"Article\",\"@id\":\"https:\\\/\\\/macite.tg\\\/?p=28113#article\",\"isPartOf\":{\"@id\":\"https:\\\/\\\/macite.tg\\\/?p=28113\"},\"author\":{\"name\":\"Jean Pierre BAWELA\",\"@id\":\"https:\\\/\\\/macite.tg\\\/#\\\/schema\\\/person\\\/e9f2de7e5dbbe7770a9402c7ce82f5c2\"},\"headline\":\"3EME\u00a0EDITION DE \u00ab LES RICAC 2026 \u00bb : Le coup de pinceau du ministre Tchiakp\u00e9 lance les travaux \u00e0 Ts\u00e9vi\u00e9\",\"datePublished\":\"2026-02-06T16:28:15+00:00\",\"dateModified\":\"2026-02-06T16:28:22+00:00\",\"mainEntityOfPage\":{\"@id\":\"https:\\\/\\\/macite.tg\\\/?p=28113\"},\"wordCount\":792,\"commentCount\":0,\"image\":{\"@id\":\"https:\\\/\\\/macite.tg\\\/?p=28113#primaryimage\"},\"thumbnailUrl\":\"https:\\\/\\\/macite.tg\\\/wp-content\\\/uploads\\\/2026\\\/02\\\/CULTURE.jpg\",\"articleSection\":[\"ACTUALITE\",\"CULTURE\"],\"inLanguage\":\"fr-FR\",\"potentialAction\":[{\"@type\":\"CommentAction\",\"name\":\"Comment\",\"target\":[\"https:\\\/\\\/macite.tg\\\/?p=28113#respond\"]}]},{\"@type\":\"WebPage\",\"@id\":\"https:\\\/\\\/macite.tg\\\/?p=28113\",\"url\":\"https:\\\/\\\/macite.tg\\\/?p=28113\",\"name\":\"3EME\u00a0EDITION DE \u00ab LES RICAC 2026 \u00bb : Le coup de pinceau du ministre Tchiakp\u00e9 lance les travaux \u00e0 Ts\u00e9vi\u00e9 -\",\"isPartOf\":{\"@id\":\"https:\\\/\\\/macite.tg\\\/#website\"},\"primaryImageOfPage\":{\"@id\":\"https:\\\/\\\/macite.tg\\\/?p=28113#primaryimage\"},\"image\":{\"@id\":\"https:\\\/\\\/macite.tg\\\/?p=28113#primaryimage\"},\"thumbnailUrl\":\"https:\\\/\\\/macite.tg\\\/wp-content\\\/uploads\\\/2026\\\/02\\\/CULTURE.jpg\",\"datePublished\":\"2026-02-06T16:28:15+00:00\",\"dateModified\":\"2026-02-06T16:28:22+00:00\",\"author\":{\"@id\":\"https:\\\/\\\/macite.tg\\\/#\\\/schema\\\/person\\\/e9f2de7e5dbbe7770a9402c7ce82f5c2\"},\"breadcrumb\":{\"@id\":\"https:\\\/\\\/macite.tg\\\/?p=28113#breadcrumb\"},\"inLanguage\":\"fr-FR\",\"potentialAction\":[{\"@type\":\"ReadAction\",\"target\":[\"https:\\\/\\\/macite.tg\\\/?p=28113\"]}]},{\"@type\":\"ImageObject\",\"inLanguage\":\"fr-FR\",\"@id\":\"https:\\\/\\\/macite.tg\\\/?p=28113#primaryimage\",\"url\":\"https:\\\/\\\/macite.tg\\\/wp-content\\\/uploads\\\/2026\\\/02\\\/CULTURE.jpg\",\"contentUrl\":\"https:\\\/\\\/macite.tg\\\/wp-content\\\/uploads\\\/2026\\\/02\\\/CULTURE.jpg\",\"width\":500,\"height\":276},{\"@type\":\"BreadcrumbList\",\"@id\":\"https:\\\/\\\/macite.tg\\\/?p=28113#breadcrumb\",\"itemListElement\":[{\"@type\":\"ListItem\",\"position\":1,\"name\":\"Accueil\",\"item\":\"https:\\\/\\\/macite.tg\\\/\"},{\"@type\":\"ListItem\",\"position\":2,\"name\":\"3EME\u00a0EDITION DE \u00ab LES RICAC 2026 \u00bb : Le coup de pinceau du ministre Tchiakp\u00e9 lance les travaux \u00e0 Ts\u00e9vi\u00e9\"}]},{\"@type\":\"WebSite\",\"@id\":\"https:\\\/\\\/macite.tg\\\/#website\",\"url\":\"https:\\\/\\\/macite.tg\\\/\",\"name\":\"\",\"description\":\"L&#039;information, la bonne!!!\",\"potentialAction\":[{\"@type\":\"SearchAction\",\"target\":{\"@type\":\"EntryPoint\",\"urlTemplate\":\"https:\\\/\\\/macite.tg\\\/?s={search_term_string}\"},\"query-input\":{\"@type\":\"PropertyValueSpecification\",\"valueRequired\":true,\"valueName\":\"search_term_string\"}}],\"inLanguage\":\"fr-FR\"},{\"@type\":\"Person\",\"@id\":\"https:\\\/\\\/macite.tg\\\/#\\\/schema\\\/person\\\/e9f2de7e5dbbe7770a9402c7ce82f5c2\",\"name\":\"Jean Pierre BAWELA\",\"image\":{\"@type\":\"ImageObject\",\"inLanguage\":\"fr-FR\",\"@id\":\"https:\\\/\\\/macite.tg\\\/wp-content\\\/uploads\\\/2023\\\/09\\\/WhatsApp-Image-2023-09-19-at-14.44.41-122x122.jpeg\",\"url\":\"https:\\\/\\\/macite.tg\\\/wp-content\\\/uploads\\\/2023\\\/09\\\/WhatsApp-Image-2023-09-19-at-14.44.41-122x122.jpeg\",\"contentUrl\":\"https:\\\/\\\/macite.tg\\\/wp-content\\\/uploads\\\/2023\\\/09\\\/WhatsApp-Image-2023-09-19-at-14.44.41-122x122.jpeg\",\"caption\":\"Jean Pierre BAWELA\"},\"url\":\"https:\\\/\\\/macite.tg\\\/?author=2\"}]}<\/script>\n<!-- \/ Yoast SEO plugin. -->","yoast_head_json":{"title":"3EME\u00a0EDITION DE \u00ab LES RICAC 2026 \u00bb : Le coup de pinceau du ministre Tchiakp\u00e9 lance les travaux \u00e0 Ts\u00e9vi\u00e9 -","robots":{"index":"index","follow":"follow","max-snippet":"max-snippet:-1","max-image-preview":"max-image-preview:large","max-video-preview":"max-video-preview:-1"},"canonical":"https:\/\/macite.tg\/?p=28113","og_locale":"fr_FR","og_type":"article","og_title":"3EME\u00a0EDITION DE \u00ab LES RICAC 2026 \u00bb : Le coup de pinceau du ministre Tchiakp\u00e9 lance les travaux \u00e0 Ts\u00e9vi\u00e9 -","og_description":"Vingt-trois artistes plasticiens venus du Benin, du Ghana, du Congo, du S\u00e9n\u00e9gal, du Mali, du Cameroun et du Togo prennent part, \u00e0 Tsevi\u00e9, du 26 janvier au 8 f\u00e9vrier 2026, aux activit\u00e9s de la troisi\u00e8me \u00e9dition des R\u00e9sidences Internationales de Cr\u00e9ations Artistiques et Culturelles (Les [&hellip;]","og_url":"https:\/\/macite.tg\/?p=28113","article_published_time":"2026-02-06T16:28:15+00:00","article_modified_time":"2026-02-06T16:28:22+00:00","og_image":[{"width":500,"height":276,"url":"https:\/\/macite.tg\/wp-content\/uploads\/2026\/02\/CULTURE.jpg","type":"image\/jpeg"}],"author":"Jean Pierre BAWELA","twitter_card":"summary_large_image","twitter_misc":{"\u00c9crit par":"Jean Pierre BAWELA","Dur\u00e9e de lecture estim\u00e9e":"5 minutes"},"schema":{"@context":"https:\/\/schema.org","@graph":[{"@type":"Article","@id":"https:\/\/macite.tg\/?p=28113#article","isPartOf":{"@id":"https:\/\/macite.tg\/?p=28113"},"author":{"name":"Jean Pierre BAWELA","@id":"https:\/\/macite.tg\/#\/schema\/person\/e9f2de7e5dbbe7770a9402c7ce82f5c2"},"headline":"3EME\u00a0EDITION DE \u00ab LES RICAC 2026 \u00bb : Le coup de pinceau du ministre Tchiakp\u00e9 lance les travaux \u00e0 Ts\u00e9vi\u00e9","datePublished":"2026-02-06T16:28:15+00:00","dateModified":"2026-02-06T16:28:22+00:00","mainEntityOfPage":{"@id":"https:\/\/macite.tg\/?p=28113"},"wordCount":792,"commentCount":0,"image":{"@id":"https:\/\/macite.tg\/?p=28113#primaryimage"},"thumbnailUrl":"https:\/\/macite.tg\/wp-content\/uploads\/2026\/02\/CULTURE.jpg","articleSection":["ACTUALITE","CULTURE"],"inLanguage":"fr-FR","potentialAction":[{"@type":"CommentAction","name":"Comment","target":["https:\/\/macite.tg\/?p=28113#respond"]}]},{"@type":"WebPage","@id":"https:\/\/macite.tg\/?p=28113","url":"https:\/\/macite.tg\/?p=28113","name":"3EME\u00a0EDITION DE \u00ab LES RICAC 2026 \u00bb : Le coup de pinceau du ministre Tchiakp\u00e9 lance les travaux \u00e0 Ts\u00e9vi\u00e9 -","isPartOf":{"@id":"https:\/\/macite.tg\/#website"},"primaryImageOfPage":{"@id":"https:\/\/macite.tg\/?p=28113#primaryimage"},"image":{"@id":"https:\/\/macite.tg\/?p=28113#primaryimage"},"thumbnailUrl":"https:\/\/macite.tg\/wp-content\/uploads\/2026\/02\/CULTURE.jpg","datePublished":"2026-02-06T16:28:15+00:00","dateModified":"2026-02-06T16:28:22+00:00","author":{"@id":"https:\/\/macite.tg\/#\/schema\/person\/e9f2de7e5dbbe7770a9402c7ce82f5c2"},"breadcrumb":{"@id":"https:\/\/macite.tg\/?p=28113#breadcrumb"},"inLanguage":"fr-FR","potentialAction":[{"@type":"ReadAction","target":["https:\/\/macite.tg\/?p=28113"]}]},{"@type":"ImageObject","inLanguage":"fr-FR","@id":"https:\/\/macite.tg\/?p=28113#primaryimage","url":"https:\/\/macite.tg\/wp-content\/uploads\/2026\/02\/CULTURE.jpg","contentUrl":"https:\/\/macite.tg\/wp-content\/uploads\/2026\/02\/CULTURE.jpg","width":500,"height":276},{"@type":"BreadcrumbList","@id":"https:\/\/macite.tg\/?p=28113#breadcrumb","itemListElement":[{"@type":"ListItem","position":1,"name":"Accueil","item":"https:\/\/macite.tg\/"},{"@type":"ListItem","position":2,"name":"3EME\u00a0EDITION DE \u00ab LES RICAC 2026 \u00bb : Le coup de pinceau du ministre Tchiakp\u00e9 lance les travaux \u00e0 Ts\u00e9vi\u00e9"}]},{"@type":"WebSite","@id":"https:\/\/macite.tg\/#website","url":"https:\/\/macite.tg\/","name":"","description":"L&#039;information, la bonne!!!","potentialAction":[{"@type":"SearchAction","target":{"@type":"EntryPoint","urlTemplate":"https:\/\/macite.tg\/?s={search_term_string}"},"query-input":{"@type":"PropertyValueSpecification","valueRequired":true,"valueName":"search_term_string"}}],"inLanguage":"fr-FR"},{"@type":"Person","@id":"https:\/\/macite.tg\/#\/schema\/person\/e9f2de7e5dbbe7770a9402c7ce82f5c2","name":"Jean Pierre BAWELA","image":{"@type":"ImageObject","inLanguage":"fr-FR","@id":"https:\/\/macite.tg\/wp-content\/uploads\/2023\/09\/WhatsApp-Image-2023-09-19-at-14.44.41-122x122.jpeg","url":"https:\/\/macite.tg\/wp-content\/uploads\/2023\/09\/WhatsApp-Image-2023-09-19-at-14.44.41-122x122.jpeg","contentUrl":"https:\/\/macite.tg\/wp-content\/uploads\/2023\/09\/WhatsApp-Image-2023-09-19-at-14.44.41-122x122.jpeg","caption":"Jean Pierre BAWELA"},"url":"https:\/\/macite.tg\/?author=2"}]}},"_links":{"self":[{"href":"https:\/\/macite.tg\/index.php?rest_route=\/wp\/v2\/posts\/28113","targetHints":{"allow":["GET"]}}],"collection":[{"href":"https:\/\/macite.tg\/index.php?rest_route=\/wp\/v2\/posts"}],"about":[{"href":"https:\/\/macite.tg\/index.php?rest_route=\/wp\/v2\/types\/post"}],"author":[{"embeddable":true,"href":"https:\/\/macite.tg\/index.php?rest_route=\/wp\/v2\/users\/2"}],"replies":[{"embeddable":true,"href":"https:\/\/macite.tg\/index.php?rest_route=%2Fwp%2Fv2%2Fcomments&post=28113"}],"version-history":[{"count":0,"href":"https:\/\/macite.tg\/index.php?rest_route=\/wp\/v2\/posts\/28113\/revisions"}],"wp:featuredmedia":[{"embeddable":true,"href":"https:\/\/macite.tg\/index.php?rest_route=\/wp\/v2\/media\/28116"}],"wp:attachment":[{"href":"https:\/\/macite.tg\/index.php?rest_route=%2Fwp%2Fv2%2Fmedia&parent=28113"}],"wp:term":[{"taxonomy":"category","embeddable":true,"href":"https:\/\/macite.tg\/index.php?rest_route=%2Fwp%2Fv2%2Fcategories&post=28113"},{"taxonomy":"post_tag","embeddable":true,"href":"https:\/\/macite.tg\/index.php?rest_route=%2Fwp%2Fv2%2Ftags&post=28113"}],"curies":[{"name":"wp","href":"https:\/\/api.w.org\/{rel}","templated":true}]}}