{"id":28107,"date":"2026-02-06T16:08:45","date_gmt":"2026-02-06T16:08:45","guid":{"rendered":"https:\/\/macite.tg\/?p=28107"},"modified":"2026-02-06T16:08:51","modified_gmt":"2026-02-06T16:08:51","slug":"doufelgou-developpement-local-les-acteurs-economiques-a-la-base-beneficient-dune-formation-grace-a-la-senatrice-abougnima-kadjaka-et-a-long-aavoed","status":"publish","type":"post","link":"https:\/\/macite.tg\/?p=28107","title":{"rendered":"DOUFELGOU \/ DEVELOPPEMENT LOCAL : Les acteurs \u00e9conomiques \u00e0 la base b\u00e9n\u00e9ficient d\u2019une formation gr\u00e2ce \u00e0 la S\u00e9natrice Abougnima-Kadjaka et \u00e0 l\u2019ONG AAVOED"},"content":{"rendered":"\n<p class=\"wp-block-paragraph\"><\/p>\n\n\n\n<p class=\"wp-block-paragraph\"><strong><em>Dans le cadre de ses missions de repr\u00e9sentation, d\u2019appui au d\u00e9veloppement local et de promotion de la citoyennet\u00e9, la S\u00e9natrice Molgah Abougnima-Kadjaka, en collaboration avec l\u2019ONG AAVOED (Aide et Action \u00e0 la Veuve, \u00e0 l\u2019Orphelin et \u00e0 l\u2019Enfant D\u00e9sh\u00e9rit\u00e9), a organis\u00e9 ce vendredi 06 f\u00e9vrier 2016 \u00e0 la Maison des Jeunes \u00e0 Niamtougou, dans la commune de Doufelgou 1, une session de formation et de sensibilisation des entrepreneurs et porteurs de projets de la pr\u00e9fecture de Doufelgou.<\/em><\/strong><\/p>\n\n\n\n<p class=\"wp-block-paragraph\">Plac\u00e9e sous le th\u00e8me, <em>\u00ab Entrepreneuriat et organisation comptable de l\u2019entreprise, civisme fiscal, promotion de la citoyennet\u00e9 et du d\u00e9veloppement local \u00bb,<\/em> cette rencontre, pr\u00e9sid\u00e9e par le Pr\u00e9fet de Doufelgou, M. Koura Zato, a mobilis\u00e9 plusieurs acteurs \u00e9conomiques locaux dans le but de renforcer leurs capacit\u00e9s en mati\u00e8re de gestion d\u2019entreprise, de respect des obligations fiscales et de participation citoyenne.<\/p>\n\n\n<div class=\"wp-block-image\">\n<figure class=\"aligncenter size-large is-resized\"><img loading=\"lazy\" decoding=\"async\" width=\"1024\" height=\"461\" src=\"https:\/\/macite.tg\/wp-content\/uploads\/2026\/02\/013c3204-8679-4be8-b370-c79c3d02ae02-1024x461.jpg\" alt=\"\" class=\"wp-image-28108\" style=\"width:696px;height:auto\" srcset=\"https:\/\/macite.tg\/wp-content\/uploads\/2026\/02\/013c3204-8679-4be8-b370-c79c3d02ae02-1024x461.jpg 1024w, https:\/\/macite.tg\/wp-content\/uploads\/2026\/02\/013c3204-8679-4be8-b370-c79c3d02ae02-300x135.jpg 300w, https:\/\/macite.tg\/wp-content\/uploads\/2026\/02\/013c3204-8679-4be8-b370-c79c3d02ae02-768x346.jpg 768w, https:\/\/macite.tg\/wp-content\/uploads\/2026\/02\/013c3204-8679-4be8-b370-c79c3d02ae02.jpg 1280w\" sizes=\"auto, (max-width: 1024px) 100vw, 1024px\" \/><figcaption class=\"wp-element-caption\"><em><strong>Une vue de l&rsquo;assistance lors de la rencontre.<\/strong><\/em><\/figcaption><\/figure>\n<\/div>\n\n\n<p class=\"wp-block-paragraph\">L\u2019objectif affich\u00e9 de la S\u00e9natrice, est clair&nbsp;: contribuer \u00e0 l\u2019\u00e9mergence d\u2019une \u00e9conomie locale dynamique, responsable et inclusive, en soutenant les jeunes, les femmes, les groupements et les SCOOPS de l\u2019ensemble des cantons de la pr\u00e9fecture de Doufelgou, afin de favoriser durablement le d\u00e9veloppement de la localit\u00e9.<\/p>\n\n\n\n<p class=\"wp-block-paragraph\"><em>\u00ab&nbsp;Le d\u00e9veloppement d\u2019un territoire ne repose pas seulement sur ses ressources naturelles, mais avant tout sur la qualit\u00e9 des femmes et des hommes qui osent entreprendre, de s\u2019organiser et b\u00e2tir avec rigueur. Doufelgou regorge d\u2019\u00e9nergies, de talents et de savoir-faire. Notre responsabilit\u00e9 commune est de transformer ces atouts en richesses concr\u00e8tes, en activit\u00e9s durables, en emplois et en mieux-\u00eatre social&nbsp;\u00bb,<\/em> a soulign\u00e9 la S\u00e9natrice Molgah Abougnima-Kadjaka, lors de la c\u00e9r\u00e9monie d\u2019ouverture de cet atelier, en pr\u00e9sence des autorit\u00e9s locales, les cadres de la pr\u00e9fecture et les membres d\u2019AAVOED.<\/p>\n\n\n\n<p class=\"wp-block-paragraph\"><em>\u00ab&nbsp;Notre ambition est de voir \u00e9merger \u00e0 Doufelgou une g\u00e9n\u00e9ration d\u2019entrepreneurs organis\u00e9s, responsables, fiscalement citoyens et socialement engag\u00e9s, capables de transformer l\u2019initiative individuelle en progr\u00e8s collectif&nbsp;\u00bb,<\/em> a-t-elle poursuivi.<\/p>\n\n\n<div class=\"wp-block-image\">\n<figure class=\"aligncenter size-full\"><img loading=\"lazy\" decoding=\"async\" width=\"851\" height=\"315\" src=\"https:\/\/macite.tg\/wp-content\/uploads\/2026\/02\/OTR_Bandeau-Renseignements.jpg\" alt=\"\" class=\"wp-image-28024\" srcset=\"https:\/\/macite.tg\/wp-content\/uploads\/2026\/02\/OTR_Bandeau-Renseignements.jpg 851w, https:\/\/macite.tg\/wp-content\/uploads\/2026\/02\/OTR_Bandeau-Renseignements-300x111.jpg 300w, https:\/\/macite.tg\/wp-content\/uploads\/2026\/02\/OTR_Bandeau-Renseignements-768x284.jpg 768w\" sizes=\"auto, (max-width: 851px) 100vw, 851px\" \/><\/figure>\n<\/div>\n\n\n<p class=\"wp-block-paragraph\">Venus de tous les cantons de Doufelgou, les participants ont eu droit \u00e0 plusieurs communications pr\u00e9sent\u00e9es par des personnes ressources, mobilis\u00e9es pour l\u2019occasion. Au rang des th\u00e9matiques, il a \u00e9t\u00e9 abord\u00e9 des sujets comme Introduction \u00e0 l\u2019entrepreneuriat, Organisation comptable de l\u2019entreprise, Civisme fiscal, ou encore Citoyennet\u00e9 et d\u00e9veloppement local.<\/p>\n\n\n\n<p class=\"wp-block-paragraph\">En ouvrant les travaux de cette session de formation, le pr\u00e9fet de Doufelgou, M. Koura Zato, a salu\u00e9 une initiative qui r\u00e9pond parfaitement aux orientations du plan d\u2019action gouvernementale sous la houlette du Pr\u00e9sident du Conseil, Son Excellence M. Faure Essozimna Gnassingb\u00e9, en faveur du d\u00e9veloppement \u00e0 la base.<\/p>\n\n\n\n<p class=\"wp-block-paragraph\">Cette rencontre, qui n\u2019est pas la premi\u00e8re du genre organis\u00e9e par AAVOED et la S\u00e9natrice Molgah Aougnima-Kadjaka, a surtout offert un cadre d\u2019\u00e9coute, d\u2019\u00e9change et surtout de partage d\u2019exp\u00e9riences. Il s\u2019est surtout agi, selon les organisateurs, d\u2019un moment pour faire na\u00eetre des solutions pratiques et des engagements durables.<\/p>\n\n\n<div class=\"wp-block-image\">\n<figure class=\"aligncenter size-large is-resized\"><img loading=\"lazy\" decoding=\"async\" width=\"1024\" height=\"1024\" src=\"https:\/\/macite.tg\/wp-content\/uploads\/2026\/01\/623395023_1512975654170569_1154007761338906948_n-1024x1024.jpg\" alt=\"\" class=\"wp-image-27896\" style=\"width:646px;height:auto\" srcset=\"https:\/\/macite.tg\/wp-content\/uploads\/2026\/01\/623395023_1512975654170569_1154007761338906948_n-1024x1024.jpg 1024w, https:\/\/macite.tg\/wp-content\/uploads\/2026\/01\/623395023_1512975654170569_1154007761338906948_n-300x300.jpg 300w, https:\/\/macite.tg\/wp-content\/uploads\/2026\/01\/623395023_1512975654170569_1154007761338906948_n-150x150.jpg 150w, https:\/\/macite.tg\/wp-content\/uploads\/2026\/01\/623395023_1512975654170569_1154007761338906948_n-768x768.jpg 768w, https:\/\/macite.tg\/wp-content\/uploads\/2026\/01\/623395023_1512975654170569_1154007761338906948_n-122x122.jpg 122w, https:\/\/macite.tg\/wp-content\/uploads\/2026\/01\/623395023_1512975654170569_1154007761338906948_n.jpg 1080w\" sizes=\"auto, (max-width: 1024px) 100vw, 1024px\" \/><\/figure>\n<\/div>\n\n\n<p class=\"wp-block-paragraph\">Avec l\u2019ONG Aide et Action \u00e0 la Veuve, \u00e0 l\u2019Orphelin et \u00e0 l\u2019Enfant D\u00e9sh\u00e9rit\u00e9, la S\u00e9natrice Molgah Abougnima-Kadjaka a d\u00e9j\u00e0 fait b\u00e9n\u00e9ficier de formations \u00e0 plusieurs couches socio-professionnelles de la pr\u00e9fecture de Doufelgou. A chaque occasion, ces renforcements de capacit\u00e9s ont toujours \u00e9t\u00e9 suivi d\u2019un m\u00e9canisme de suivi et d\u2019accompagnement des b\u00e9n\u00e9ficiaires.<\/p>\n\n\n\n<p class=\"wp-block-paragraph\"><strong>G.K.<\/strong><\/p>\n\n\n\n<p class=\"wp-block-paragraph\"><a><strong><em>@macite.tg&nbsp;&nbsp;&nbsp;&nbsp;&nbsp;&nbsp;&nbsp;&nbsp;<\/em><\/strong><\/a><\/p>\n\n\n\n<p class=\"wp-block-paragraph\"><strong><em>E-mail&nbsp;: <\/em><\/strong><a href=\"mailto:maciteinfo@gmail.com\"><strong><em>maciteinfo@gmail.com<\/em><\/strong><\/a><strong><em>; <\/em><\/strong><a href=\"mailto:bawela1@gmail.com\"><strong><em>bawela1@gmail.com<\/em><\/strong><\/a><strong><em><\/em><\/strong><\/p>\n\n\n\n<p class=\"wp-block-paragraph\"><strong><em>Pour vos annonces, (publi)reportages, etc., joignez-nous au (00228)91515309\/<strong>79872224 <\/strong><strong><\/strong><\/em><\/strong><\/p>\n\n\n\n<p class=\"wp-block-paragraph\"><strong><em>www.macite.tg, L\u2019information, la bonne&nbsp;!<\/em><\/strong><\/p>\n\n\n\n<p class=\"wp-block-paragraph\"><\/p>\n","protected":false},"excerpt":{"rendered":"<p class=\"text-justify mb-2\" >Dans le cadre de ses missions de repr\u00e9sentation, d\u2019appui au d\u00e9veloppement local et de promotion de la citoyennet\u00e9, la S\u00e9natrice Molgah Abougnima-Kadjaka, en collaboration avec l\u2019ONG AAVOED (Aide et Action \u00e0 la Veuve, \u00e0 l\u2019Orphelin et \u00e0 l\u2019Enfant D\u00e9sh\u00e9rit\u00e9), a organis\u00e9 ce vendredi 06 f\u00e9vrier [&hellip;]<\/p>\n","protected":false},"author":2,"featured_media":28109,"comment_status":"open","ping_status":"open","sticky":false,"template":"","format":"standard","meta":{"footnotes":""},"categories":[20,15],"tags":[],"class_list":["post-28107","post","type-post","status-publish","format-standard","has-post-thumbnail","hentry","category-actualite","category-developpement"],"yoast_head":"<!-- This site is optimized with the Yoast SEO plugin v28.4 - https:\/\/yoast.com\/product\/yoast-seo-wordpress\/ -->\n<title>DOUFELGOU \/ DEVELOPPEMENT LOCAL : Les acteurs \u00e9conomiques \u00e0 la base b\u00e9n\u00e9ficient d\u2019une formation gr\u00e2ce \u00e0 la S\u00e9natrice Abougnima-Kadjaka et \u00e0 l\u2019ONG AAVOED -<\/title>\n<meta name=\"robots\" content=\"index, follow, max-snippet:-1, max-image-preview:large, max-video-preview:-1\" \/>\n<link rel=\"canonical\" href=\"https:\/\/macite.tg\/?p=28107\" \/>\n<meta property=\"og:locale\" content=\"fr_FR\" \/>\n<meta property=\"og:type\" content=\"article\" \/>\n<meta property=\"og:title\" content=\"DOUFELGOU \/ DEVELOPPEMENT LOCAL : Les acteurs \u00e9conomiques \u00e0 la base b\u00e9n\u00e9ficient d\u2019une formation gr\u00e2ce \u00e0 la S\u00e9natrice Abougnima-Kadjaka et \u00e0 l\u2019ONG AAVOED -\" \/>\n<meta property=\"og:description\" content=\"Dans le cadre de ses missions de repr\u00e9sentation, d\u2019appui au d\u00e9veloppement local et de promotion de la citoyennet\u00e9, la S\u00e9natrice Molgah Abougnima-Kadjaka, en collaboration avec l\u2019ONG AAVOED (Aide et Action \u00e0 la Veuve, \u00e0 l\u2019Orphelin et \u00e0 l\u2019Enfant D\u00e9sh\u00e9rit\u00e9), a organis\u00e9 ce vendredi 06 f\u00e9vrier [&hellip;]\" \/>\n<meta property=\"og:url\" content=\"https:\/\/macite.tg\/?p=28107\" \/>\n<meta property=\"article:published_time\" content=\"2026-02-06T16:08:45+00:00\" \/>\n<meta property=\"article:modified_time\" content=\"2026-02-06T16:08:51+00:00\" \/>\n<meta property=\"og:image\" content=\"https:\/\/macite.tg\/wp-content\/uploads\/2026\/02\/153a8b82-f871-405a-917c-9a3dafd3a5ee.jpg\" \/>\n\t<meta property=\"og:image:width\" content=\"500\" \/>\n\t<meta property=\"og:image:height\" content=\"225\" \/>\n\t<meta property=\"og:image:type\" content=\"image\/jpeg\" \/>\n<meta name=\"author\" content=\"Jean Pierre BAWELA\" \/>\n<meta name=\"twitter:card\" content=\"summary_large_image\" \/>\n<meta name=\"twitter:label1\" content=\"\u00c9crit par\" \/>\n\t<meta name=\"twitter:data1\" content=\"Jean Pierre BAWELA\" \/>\n\t<meta name=\"twitter:label2\" content=\"Dur\u00e9e de lecture estim\u00e9e\" \/>\n\t<meta name=\"twitter:data2\" content=\"4 minutes\" \/>\n<script type=\"application\/ld+json\" class=\"yoast-schema-graph\">{\"@context\":\"https:\\\/\\\/schema.org\",\"@graph\":[{\"@type\":\"Article\",\"@id\":\"https:\\\/\\\/macite.tg\\\/?p=28107#article\",\"isPartOf\":{\"@id\":\"https:\\\/\\\/macite.tg\\\/?p=28107\"},\"author\":{\"name\":\"Jean Pierre BAWELA\",\"@id\":\"https:\\\/\\\/macite.tg\\\/#\\\/schema\\\/person\\\/e9f2de7e5dbbe7770a9402c7ce82f5c2\"},\"headline\":\"DOUFELGOU \\\/ DEVELOPPEMENT LOCAL : Les acteurs \u00e9conomiques \u00e0 la base b\u00e9n\u00e9ficient d\u2019une formation gr\u00e2ce \u00e0 la S\u00e9natrice Abougnima-Kadjaka et \u00e0 l\u2019ONG AAVOED\",\"datePublished\":\"2026-02-06T16:08:45+00:00\",\"dateModified\":\"2026-02-06T16:08:51+00:00\",\"mainEntityOfPage\":{\"@id\":\"https:\\\/\\\/macite.tg\\\/?p=28107\"},\"wordCount\":643,\"commentCount\":0,\"image\":{\"@id\":\"https:\\\/\\\/macite.tg\\\/?p=28107#primaryimage\"},\"thumbnailUrl\":\"https:\\\/\\\/macite.tg\\\/wp-content\\\/uploads\\\/2026\\\/02\\\/153a8b82-f871-405a-917c-9a3dafd3a5ee.jpg\",\"articleSection\":[\"ACTUALITE\",\"DEVELOPPEMENT\"],\"inLanguage\":\"fr-FR\",\"potentialAction\":[{\"@type\":\"CommentAction\",\"name\":\"Comment\",\"target\":[\"https:\\\/\\\/macite.tg\\\/?p=28107#respond\"]}]},{\"@type\":\"WebPage\",\"@id\":\"https:\\\/\\\/macite.tg\\\/?p=28107\",\"url\":\"https:\\\/\\\/macite.tg\\\/?p=28107\",\"name\":\"DOUFELGOU \\\/ DEVELOPPEMENT LOCAL : Les acteurs \u00e9conomiques \u00e0 la base b\u00e9n\u00e9ficient d\u2019une formation gr\u00e2ce \u00e0 la S\u00e9natrice Abougnima-Kadjaka et \u00e0 l\u2019ONG AAVOED -\",\"isPartOf\":{\"@id\":\"https:\\\/\\\/macite.tg\\\/#website\"},\"primaryImageOfPage\":{\"@id\":\"https:\\\/\\\/macite.tg\\\/?p=28107#primaryimage\"},\"image\":{\"@id\":\"https:\\\/\\\/macite.tg\\\/?p=28107#primaryimage\"},\"thumbnailUrl\":\"https:\\\/\\\/macite.tg\\\/wp-content\\\/uploads\\\/2026\\\/02\\\/153a8b82-f871-405a-917c-9a3dafd3a5ee.jpg\",\"datePublished\":\"2026-02-06T16:08:45+00:00\",\"dateModified\":\"2026-02-06T16:08:51+00:00\",\"author\":{\"@id\":\"https:\\\/\\\/macite.tg\\\/#\\\/schema\\\/person\\\/e9f2de7e5dbbe7770a9402c7ce82f5c2\"},\"breadcrumb\":{\"@id\":\"https:\\\/\\\/macite.tg\\\/?p=28107#breadcrumb\"},\"inLanguage\":\"fr-FR\",\"potentialAction\":[{\"@type\":\"ReadAction\",\"target\":[\"https:\\\/\\\/macite.tg\\\/?p=28107\"]}]},{\"@type\":\"ImageObject\",\"inLanguage\":\"fr-FR\",\"@id\":\"https:\\\/\\\/macite.tg\\\/?p=28107#primaryimage\",\"url\":\"https:\\\/\\\/macite.tg\\\/wp-content\\\/uploads\\\/2026\\\/02\\\/153a8b82-f871-405a-917c-9a3dafd3a5ee.jpg\",\"contentUrl\":\"https:\\\/\\\/macite.tg\\\/wp-content\\\/uploads\\\/2026\\\/02\\\/153a8b82-f871-405a-917c-9a3dafd3a5ee.jpg\",\"width\":500,\"height\":225,\"caption\":\"La table d'honneur\"},{\"@type\":\"BreadcrumbList\",\"@id\":\"https:\\\/\\\/macite.tg\\\/?p=28107#breadcrumb\",\"itemListElement\":[{\"@type\":\"ListItem\",\"position\":1,\"name\":\"Accueil\",\"item\":\"https:\\\/\\\/macite.tg\\\/\"},{\"@type\":\"ListItem\",\"position\":2,\"name\":\"DOUFELGOU \\\/ DEVELOPPEMENT LOCAL : Les acteurs \u00e9conomiques \u00e0 la base b\u00e9n\u00e9ficient d\u2019une formation gr\u00e2ce \u00e0 la S\u00e9natrice Abougnima-Kadjaka et \u00e0 l\u2019ONG AAVOED\"}]},{\"@type\":\"WebSite\",\"@id\":\"https:\\\/\\\/macite.tg\\\/#website\",\"url\":\"https:\\\/\\\/macite.tg\\\/\",\"name\":\"\",\"description\":\"L&#039;information, la bonne!!!\",\"potentialAction\":[{\"@type\":\"SearchAction\",\"target\":{\"@type\":\"EntryPoint\",\"urlTemplate\":\"https:\\\/\\\/macite.tg\\\/?s={search_term_string}\"},\"query-input\":{\"@type\":\"PropertyValueSpecification\",\"valueRequired\":true,\"valueName\":\"search_term_string\"}}],\"inLanguage\":\"fr-FR\"},{\"@type\":\"Person\",\"@id\":\"https:\\\/\\\/macite.tg\\\/#\\\/schema\\\/person\\\/e9f2de7e5dbbe7770a9402c7ce82f5c2\",\"name\":\"Jean Pierre BAWELA\",\"image\":{\"@type\":\"ImageObject\",\"inLanguage\":\"fr-FR\",\"@id\":\"https:\\\/\\\/macite.tg\\\/wp-content\\\/uploads\\\/2023\\\/09\\\/WhatsApp-Image-2023-09-19-at-14.44.41-122x122.jpeg\",\"url\":\"https:\\\/\\\/macite.tg\\\/wp-content\\\/uploads\\\/2023\\\/09\\\/WhatsApp-Image-2023-09-19-at-14.44.41-122x122.jpeg\",\"contentUrl\":\"https:\\\/\\\/macite.tg\\\/wp-content\\\/uploads\\\/2023\\\/09\\\/WhatsApp-Image-2023-09-19-at-14.44.41-122x122.jpeg\",\"caption\":\"Jean Pierre BAWELA\"},\"url\":\"https:\\\/\\\/macite.tg\\\/?author=2\"}]}<\/script>\n<!-- \/ Yoast SEO plugin. -->","yoast_head_json":{"title":"DOUFELGOU \/ DEVELOPPEMENT LOCAL : Les acteurs \u00e9conomiques \u00e0 la base b\u00e9n\u00e9ficient d\u2019une formation gr\u00e2ce \u00e0 la S\u00e9natrice Abougnima-Kadjaka et \u00e0 l\u2019ONG AAVOED -","robots":{"index":"index","follow":"follow","max-snippet":"max-snippet:-1","max-image-preview":"max-image-preview:large","max-video-preview":"max-video-preview:-1"},"canonical":"https:\/\/macite.tg\/?p=28107","og_locale":"fr_FR","og_type":"article","og_title":"DOUFELGOU \/ DEVELOPPEMENT LOCAL : Les acteurs \u00e9conomiques \u00e0 la base b\u00e9n\u00e9ficient d\u2019une formation gr\u00e2ce \u00e0 la S\u00e9natrice Abougnima-Kadjaka et \u00e0 l\u2019ONG AAVOED -","og_description":"Dans le cadre de ses missions de repr\u00e9sentation, d\u2019appui au d\u00e9veloppement local et de promotion de la citoyennet\u00e9, la S\u00e9natrice Molgah Abougnima-Kadjaka, en collaboration avec l\u2019ONG AAVOED (Aide et Action \u00e0 la Veuve, \u00e0 l\u2019Orphelin et \u00e0 l\u2019Enfant D\u00e9sh\u00e9rit\u00e9), a organis\u00e9 ce vendredi 06 f\u00e9vrier [&hellip;]","og_url":"https:\/\/macite.tg\/?p=28107","article_published_time":"2026-02-06T16:08:45+00:00","article_modified_time":"2026-02-06T16:08:51+00:00","og_image":[{"width":500,"height":225,"url":"https:\/\/macite.tg\/wp-content\/uploads\/2026\/02\/153a8b82-f871-405a-917c-9a3dafd3a5ee.jpg","type":"image\/jpeg"}],"author":"Jean Pierre BAWELA","twitter_card":"summary_large_image","twitter_misc":{"\u00c9crit par":"Jean Pierre BAWELA","Dur\u00e9e de lecture estim\u00e9e":"4 minutes"},"schema":{"@context":"https:\/\/schema.org","@graph":[{"@type":"Article","@id":"https:\/\/macite.tg\/?p=28107#article","isPartOf":{"@id":"https:\/\/macite.tg\/?p=28107"},"author":{"name":"Jean Pierre BAWELA","@id":"https:\/\/macite.tg\/#\/schema\/person\/e9f2de7e5dbbe7770a9402c7ce82f5c2"},"headline":"DOUFELGOU \/ DEVELOPPEMENT LOCAL : Les acteurs \u00e9conomiques \u00e0 la base b\u00e9n\u00e9ficient d\u2019une formation gr\u00e2ce \u00e0 la S\u00e9natrice Abougnima-Kadjaka et \u00e0 l\u2019ONG AAVOED","datePublished":"2026-02-06T16:08:45+00:00","dateModified":"2026-02-06T16:08:51+00:00","mainEntityOfPage":{"@id":"https:\/\/macite.tg\/?p=28107"},"wordCount":643,"commentCount":0,"image":{"@id":"https:\/\/macite.tg\/?p=28107#primaryimage"},"thumbnailUrl":"https:\/\/macite.tg\/wp-content\/uploads\/2026\/02\/153a8b82-f871-405a-917c-9a3dafd3a5ee.jpg","articleSection":["ACTUALITE","DEVELOPPEMENT"],"inLanguage":"fr-FR","potentialAction":[{"@type":"CommentAction","name":"Comment","target":["https:\/\/macite.tg\/?p=28107#respond"]}]},{"@type":"WebPage","@id":"https:\/\/macite.tg\/?p=28107","url":"https:\/\/macite.tg\/?p=28107","name":"DOUFELGOU \/ DEVELOPPEMENT LOCAL : Les acteurs \u00e9conomiques \u00e0 la base b\u00e9n\u00e9ficient d\u2019une formation gr\u00e2ce \u00e0 la S\u00e9natrice Abougnima-Kadjaka et \u00e0 l\u2019ONG AAVOED -","isPartOf":{"@id":"https:\/\/macite.tg\/#website"},"primaryImageOfPage":{"@id":"https:\/\/macite.tg\/?p=28107#primaryimage"},"image":{"@id":"https:\/\/macite.tg\/?p=28107#primaryimage"},"thumbnailUrl":"https:\/\/macite.tg\/wp-content\/uploads\/2026\/02\/153a8b82-f871-405a-917c-9a3dafd3a5ee.jpg","datePublished":"2026-02-06T16:08:45+00:00","dateModified":"2026-02-06T16:08:51+00:00","author":{"@id":"https:\/\/macite.tg\/#\/schema\/person\/e9f2de7e5dbbe7770a9402c7ce82f5c2"},"breadcrumb":{"@id":"https:\/\/macite.tg\/?p=28107#breadcrumb"},"inLanguage":"fr-FR","potentialAction":[{"@type":"ReadAction","target":["https:\/\/macite.tg\/?p=28107"]}]},{"@type":"ImageObject","inLanguage":"fr-FR","@id":"https:\/\/macite.tg\/?p=28107#primaryimage","url":"https:\/\/macite.tg\/wp-content\/uploads\/2026\/02\/153a8b82-f871-405a-917c-9a3dafd3a5ee.jpg","contentUrl":"https:\/\/macite.tg\/wp-content\/uploads\/2026\/02\/153a8b82-f871-405a-917c-9a3dafd3a5ee.jpg","width":500,"height":225,"caption":"La table d'honneur"},{"@type":"BreadcrumbList","@id":"https:\/\/macite.tg\/?p=28107#breadcrumb","itemListElement":[{"@type":"ListItem","position":1,"name":"Accueil","item":"https:\/\/macite.tg\/"},{"@type":"ListItem","position":2,"name":"DOUFELGOU \/ DEVELOPPEMENT LOCAL : Les acteurs \u00e9conomiques \u00e0 la base b\u00e9n\u00e9ficient d\u2019une formation gr\u00e2ce \u00e0 la S\u00e9natrice Abougnima-Kadjaka et \u00e0 l\u2019ONG AAVOED"}]},{"@type":"WebSite","@id":"https:\/\/macite.tg\/#website","url":"https:\/\/macite.tg\/","name":"","description":"L&#039;information, la bonne!!!","potentialAction":[{"@type":"SearchAction","target":{"@type":"EntryPoint","urlTemplate":"https:\/\/macite.tg\/?s={search_term_string}"},"query-input":{"@type":"PropertyValueSpecification","valueRequired":true,"valueName":"search_term_string"}}],"inLanguage":"fr-FR"},{"@type":"Person","@id":"https:\/\/macite.tg\/#\/schema\/person\/e9f2de7e5dbbe7770a9402c7ce82f5c2","name":"Jean Pierre BAWELA","image":{"@type":"ImageObject","inLanguage":"fr-FR","@id":"https:\/\/macite.tg\/wp-content\/uploads\/2023\/09\/WhatsApp-Image-2023-09-19-at-14.44.41-122x122.jpeg","url":"https:\/\/macite.tg\/wp-content\/uploads\/2023\/09\/WhatsApp-Image-2023-09-19-at-14.44.41-122x122.jpeg","contentUrl":"https:\/\/macite.tg\/wp-content\/uploads\/2023\/09\/WhatsApp-Image-2023-09-19-at-14.44.41-122x122.jpeg","caption":"Jean Pierre BAWELA"},"url":"https:\/\/macite.tg\/?author=2"}]}},"_links":{"self":[{"href":"https:\/\/macite.tg\/index.php?rest_route=\/wp\/v2\/posts\/28107","targetHints":{"allow":["GET"]}}],"collection":[{"href":"https:\/\/macite.tg\/index.php?rest_route=\/wp\/v2\/posts"}],"about":[{"href":"https:\/\/macite.tg\/index.php?rest_route=\/wp\/v2\/types\/post"}],"author":[{"embeddable":true,"href":"https:\/\/macite.tg\/index.php?rest_route=\/wp\/v2\/users\/2"}],"replies":[{"embeddable":true,"href":"https:\/\/macite.tg\/index.php?rest_route=%2Fwp%2Fv2%2Fcomments&post=28107"}],"version-history":[{"count":0,"href":"https:\/\/macite.tg\/index.php?rest_route=\/wp\/v2\/posts\/28107\/revisions"}],"wp:featuredmedia":[{"embeddable":true,"href":"https:\/\/macite.tg\/index.php?rest_route=\/wp\/v2\/media\/28109"}],"wp:attachment":[{"href":"https:\/\/macite.tg\/index.php?rest_route=%2Fwp%2Fv2%2Fmedia&parent=28107"}],"wp:term":[{"taxonomy":"category","embeddable":true,"href":"https:\/\/macite.tg\/index.php?rest_route=%2Fwp%2Fv2%2Fcategories&post=28107"},{"taxonomy":"post_tag","embeddable":true,"href":"https:\/\/macite.tg\/index.php?rest_route=%2Fwp%2Fv2%2Ftags&post=28107"}],"curies":[{"name":"wp","href":"https:\/\/api.w.org\/{rel}","templated":true}]}}