{"id":28088,"date":"2026-02-05T10:55:54","date_gmt":"2026-02-05T10:55:54","guid":{"rendered":"https:\/\/macite.tg\/?p=28088"},"modified":"2026-02-05T10:56:02","modified_gmt":"2026-02-05T10:56:02","slug":"sommet-de-dubai-lentreprenariat-la-solution-pour-la-jeunesse-africaine","status":"publish","type":"post","link":"https:\/\/macite.tg\/?p=28088","title":{"rendered":"SOMMET DE DUBA\u00cf : L&rsquo;entreprenariat, la solution pour la jeunesse africaine"},"content":{"rendered":"\n<p class=\"wp-block-paragraph\"><strong><em>Au Sommet mondial des gouvernements \u00e0 Duba\u00ef, qui se tient du 3 au 5 f\u00e9vrier, regroupe quelque 15O d\u00e9l\u00e9gations gouvernementales, dirigeants mondiaux, d\u00e9cideurs \u00e9conomiques et scientifiques. A ce rendez-vous strat\u00e9gique, le pr\u00e9sident du Botswana a lanc\u00e9 un message fort aux jeunes Africains : rester sur le continent pour transformer leurs id\u00e9es en succ\u00e8s \u00e9conomique. Mais pour que cette r\u00e9ussite profite \u00e0 tous, il a insist\u00e9 sur la n\u00e9cessit\u00e9 d\u2019une gouvernance plus transparente et int\u00e8gre.<\/em><\/strong><\/p>\n\n\n\n<p class=\"wp-block-paragraph\"><em>\u00ab Je suis devenu directeur de l&rsquo;innovation \u00e0 31 ans. Je suis devenu ministre de l&rsquo;\u00c9ducation \u00e0 33 ans. Et en fait, lors du Sommet mondial des gouvernements, j&rsquo;ai remport\u00e9 le prix du meilleur ministre au monde deux ans plus tard, \u00e0 35 ans, alors que j&rsquo;\u00e9tais encore jeune. Aujourd&rsquo;hui, je suis devenu ministre en chef de mon pays.<\/em><\/p>\n\n\n\n<figure class=\"wp-block-image size-full\"><img loading=\"lazy\" decoding=\"async\" width=\"851\" height=\"315\" src=\"https:\/\/macite.tg\/wp-content\/uploads\/2026\/02\/OTR_Bandeau-Renseignements.jpg\" alt=\"\" class=\"wp-image-28024\" srcset=\"https:\/\/macite.tg\/wp-content\/uploads\/2026\/02\/OTR_Bandeau-Renseignements.jpg 851w, https:\/\/macite.tg\/wp-content\/uploads\/2026\/02\/OTR_Bandeau-Renseignements-300x111.jpg 300w, https:\/\/macite.tg\/wp-content\/uploads\/2026\/02\/OTR_Bandeau-Renseignements-768x284.jpg 768w\" sizes=\"auto, (max-width: 851px) 100vw, 851px\" \/><\/figure>\n\n\n\n<p class=\"wp-block-paragraph\"><em>Cela montre que les jeunes ne sont pas tous identiques. Nous ne sommes pas simplement assis sur le continent, attendant de prendre les r\u00eanes. Que ce soit dans le domaine des arts et de la musique, du sport, de la gouvernance et de la politique, du codage et des entreprises, les Africains contribuent au monde. Et cela va continuer. \u00bb<\/em>, a d\u00e9clar\u00e9 le Ministre du pr\u00e9sident de la R\u00e9publique, Honorable Moeti Caesar Mohwasa.<\/p>\n\n\n\n<p class=\"wp-block-paragraph\">Ce message sur la jeunesse et l\u2019int\u00e9grit\u00e9 r\u00e9sonne au-del\u00e0 du Botswana. Le Premier ministre sierra-l\u00e9onais a racont\u00e9 son parcours personnel, de chef de l\u2019innovation \u00e0 31 ans \u00e0 ministre de l\u2019\u00c9ducation, puis \u00e0 chef de gouvernement :&nbsp;<em>\u00ab Lorsque nous sommes arriv\u00e9s au pouvoir, nous avons mis en place un audit judiciaire. Essentiellement parce que nous avions connu des incidents donnant lieu \u00e0 de graves all\u00e9gations de corruption.<\/em><\/p>\n\n\n<div class=\"wp-block-image\">\n<figure class=\"aligncenter size-large is-resized\"><img loading=\"lazy\" decoding=\"async\" width=\"1024\" height=\"1024\" src=\"https:\/\/macite.tg\/wp-content\/uploads\/2026\/01\/623395023_1512975654170569_1154007761338906948_n-1024x1024.jpg\" alt=\"\" class=\"wp-image-27896\" style=\"width:554px;height:auto\" srcset=\"https:\/\/macite.tg\/wp-content\/uploads\/2026\/01\/623395023_1512975654170569_1154007761338906948_n-1024x1024.jpg 1024w, https:\/\/macite.tg\/wp-content\/uploads\/2026\/01\/623395023_1512975654170569_1154007761338906948_n-300x300.jpg 300w, https:\/\/macite.tg\/wp-content\/uploads\/2026\/01\/623395023_1512975654170569_1154007761338906948_n-150x150.jpg 150w, https:\/\/macite.tg\/wp-content\/uploads\/2026\/01\/623395023_1512975654170569_1154007761338906948_n-768x768.jpg 768w, https:\/\/macite.tg\/wp-content\/uploads\/2026\/01\/623395023_1512975654170569_1154007761338906948_n-122x122.jpg 122w, https:\/\/macite.tg\/wp-content\/uploads\/2026\/01\/623395023_1512975654170569_1154007761338906948_n.jpg 1080w\" sizes=\"auto, (max-width: 1024px) 100vw, 1024px\" \/><\/figure>\n<\/div>\n\n\n<p class=\"wp-block-paragraph\"><em>Mais il ne s&rsquo;agit pas seulement de r\u00e9aliser un audit, il s&rsquo;agit aussi de donner des conseils sur la mani\u00e8re d&rsquo;\u00e9viter que ce que nous avons v\u00e9cu par le pass\u00e9 ne se reproduise. C&rsquo;est donc tr\u00e8s important pour nous alors que nous reconstruisons notre pays, car comme nous le disons souvent, nous parlons d&rsquo;une deuxi\u00e8me r\u00e9publique. \u00bb<\/em>, a d\u00e9clar\u00e9 le Dr David Moinina Sengeh.<\/p>\n\n\n\n<p class=\"wp-block-paragraph\">Et pour conclure sur le r\u00f4le des dirigeants, le pr\u00e9sident zimbabw\u00e9en Nelson Mnangagwa a rappel\u00e9 que les \u00c9tats sont souverains et qu\u2019ils ont le droit de&nbsp;<em>\u00ab choisir leurs partenaires sans avoir \u00e0 rendre compte \u00bb<\/em>.<\/p>\n\n\n\n<p class=\"wp-block-paragraph\"><strong>MSN<\/strong><\/p>\n\n\n\n<p class=\"wp-block-paragraph\"><a><strong><em>@macite.tg&nbsp;&nbsp;&nbsp;&nbsp;&nbsp;&nbsp;&nbsp;&nbsp;<\/em><\/strong><\/a><\/p>\n\n\n\n<p class=\"wp-block-paragraph\"><strong><em>E-mail&nbsp;: <\/em><\/strong><a href=\"mailto:maciteinfo@gmail.com\"><strong><em>maciteinfo@gmail.com<\/em><\/strong><\/a><strong><em>; <\/em><\/strong><a href=\"mailto:bawela1@gmail.com\"><strong><em>bawela1@gmail.com<\/em><\/strong><\/a><strong><em><\/em><\/strong><\/p>\n\n\n\n<p class=\"wp-block-paragraph\"><strong><em>Pour vos annonces, (publi)reportages, etc., joignez-nous au (00228)91515309\/<strong>79872224 <\/strong><strong><\/strong><\/em><\/strong><\/p>\n\n\n\n<p class=\"wp-block-paragraph\"><strong><em>www.macite.tg, L\u2019information, la bonne&nbsp;!<\/em><\/strong><\/p>\n\n\n\n<p class=\"wp-block-paragraph\"><\/p>\n","protected":false},"excerpt":{"rendered":"<p class=\"text-justify mb-2\" >Au Sommet mondial des gouvernements \u00e0 Duba\u00ef, qui se tient du 3 au 5 f\u00e9vrier, regroupe quelque 15O d\u00e9l\u00e9gations gouvernementales, dirigeants mondiaux, d\u00e9cideurs \u00e9conomiques et scientifiques. A ce rendez-vous strat\u00e9gique, le pr\u00e9sident du Botswana a lanc\u00e9 un message fort aux jeunes Africains : rester sur [&hellip;]<\/p>\n","protected":false},"author":2,"featured_media":28089,"comment_status":"open","ping_status":"open","sticky":false,"template":"","format":"standard","meta":{"footnotes":""},"categories":[20,15],"tags":[],"class_list":["post-28088","post","type-post","status-publish","format-standard","has-post-thumbnail","hentry","category-actualite","category-developpement"],"yoast_head":"<!-- This site is optimized with the Yoast SEO plugin v28.4 - https:\/\/yoast.com\/product\/yoast-seo-wordpress\/ -->\n<title>SOMMET DE DUBA\u00cf : L&#039;entreprenariat, la solution pour la jeunesse africaine -<\/title>\n<meta name=\"robots\" content=\"index, follow, max-snippet:-1, max-image-preview:large, max-video-preview:-1\" \/>\n<link rel=\"canonical\" href=\"https:\/\/macite.tg\/?p=28088\" \/>\n<meta property=\"og:locale\" content=\"fr_FR\" \/>\n<meta property=\"og:type\" content=\"article\" \/>\n<meta property=\"og:title\" content=\"SOMMET DE DUBA\u00cf : L&#039;entreprenariat, la solution pour la jeunesse africaine -\" \/>\n<meta property=\"og:description\" content=\"Au Sommet mondial des gouvernements \u00e0 Duba\u00ef, qui se tient du 3 au 5 f\u00e9vrier, regroupe quelque 15O d\u00e9l\u00e9gations gouvernementales, dirigeants mondiaux, d\u00e9cideurs \u00e9conomiques et scientifiques. A ce rendez-vous strat\u00e9gique, le pr\u00e9sident du Botswana a lanc\u00e9 un message fort aux jeunes Africains : rester sur [&hellip;]\" \/>\n<meta property=\"og:url\" content=\"https:\/\/macite.tg\/?p=28088\" \/>\n<meta property=\"article:published_time\" content=\"2026-02-05T10:55:54+00:00\" \/>\n<meta property=\"article:modified_time\" content=\"2026-02-05T10:56:02+00:00\" \/>\n<meta property=\"og:image\" content=\"https:\/\/macite.tg\/wp-content\/uploads\/2026\/02\/image-23.png\" \/>\n\t<meta property=\"og:image:width\" content=\"534\" \/>\n\t<meta property=\"og:image:height\" content=\"300\" \/>\n\t<meta property=\"og:image:type\" content=\"image\/png\" \/>\n<meta name=\"author\" content=\"Jean Pierre BAWELA\" \/>\n<meta name=\"twitter:card\" content=\"summary_large_image\" \/>\n<meta name=\"twitter:label1\" content=\"\u00c9crit par\" \/>\n\t<meta name=\"twitter:data1\" content=\"Jean Pierre BAWELA\" \/>\n\t<meta name=\"twitter:label2\" content=\"Dur\u00e9e de lecture estim\u00e9e\" \/>\n\t<meta name=\"twitter:data2\" content=\"3 minutes\" \/>\n<script type=\"application\/ld+json\" class=\"yoast-schema-graph\">{\"@context\":\"https:\\\/\\\/schema.org\",\"@graph\":[{\"@type\":\"Article\",\"@id\":\"https:\\\/\\\/macite.tg\\\/?p=28088#article\",\"isPartOf\":{\"@id\":\"https:\\\/\\\/macite.tg\\\/?p=28088\"},\"author\":{\"name\":\"Jean Pierre BAWELA\",\"@id\":\"https:\\\/\\\/macite.tg\\\/#\\\/schema\\\/person\\\/e9f2de7e5dbbe7770a9402c7ce82f5c2\"},\"headline\":\"SOMMET DE DUBA\u00cf : L&rsquo;entreprenariat, la solution pour la jeunesse africaine\",\"datePublished\":\"2026-02-05T10:55:54+00:00\",\"dateModified\":\"2026-02-05T10:56:02+00:00\",\"mainEntityOfPage\":{\"@id\":\"https:\\\/\\\/macite.tg\\\/?p=28088\"},\"wordCount\":443,\"commentCount\":0,\"image\":{\"@id\":\"https:\\\/\\\/macite.tg\\\/?p=28088#primaryimage\"},\"thumbnailUrl\":\"https:\\\/\\\/macite.tg\\\/wp-content\\\/uploads\\\/2026\\\/02\\\/image-23.png\",\"articleSection\":[\"ACTUALITE\",\"DEVELOPPEMENT\"],\"inLanguage\":\"fr-FR\",\"potentialAction\":[{\"@type\":\"CommentAction\",\"name\":\"Comment\",\"target\":[\"https:\\\/\\\/macite.tg\\\/?p=28088#respond\"]}]},{\"@type\":\"WebPage\",\"@id\":\"https:\\\/\\\/macite.tg\\\/?p=28088\",\"url\":\"https:\\\/\\\/macite.tg\\\/?p=28088\",\"name\":\"SOMMET DE DUBA\u00cf : L'entreprenariat, la solution pour la jeunesse africaine -\",\"isPartOf\":{\"@id\":\"https:\\\/\\\/macite.tg\\\/#website\"},\"primaryImageOfPage\":{\"@id\":\"https:\\\/\\\/macite.tg\\\/?p=28088#primaryimage\"},\"image\":{\"@id\":\"https:\\\/\\\/macite.tg\\\/?p=28088#primaryimage\"},\"thumbnailUrl\":\"https:\\\/\\\/macite.tg\\\/wp-content\\\/uploads\\\/2026\\\/02\\\/image-23.png\",\"datePublished\":\"2026-02-05T10:55:54+00:00\",\"dateModified\":\"2026-02-05T10:56:02+00:00\",\"author\":{\"@id\":\"https:\\\/\\\/macite.tg\\\/#\\\/schema\\\/person\\\/e9f2de7e5dbbe7770a9402c7ce82f5c2\"},\"breadcrumb\":{\"@id\":\"https:\\\/\\\/macite.tg\\\/?p=28088#breadcrumb\"},\"inLanguage\":\"fr-FR\",\"potentialAction\":[{\"@type\":\"ReadAction\",\"target\":[\"https:\\\/\\\/macite.tg\\\/?p=28088\"]}]},{\"@type\":\"ImageObject\",\"inLanguage\":\"fr-FR\",\"@id\":\"https:\\\/\\\/macite.tg\\\/?p=28088#primaryimage\",\"url\":\"https:\\\/\\\/macite.tg\\\/wp-content\\\/uploads\\\/2026\\\/02\\\/image-23.png\",\"contentUrl\":\"https:\\\/\\\/macite.tg\\\/wp-content\\\/uploads\\\/2026\\\/02\\\/image-23.png\",\"width\":534,\"height\":300},{\"@type\":\"BreadcrumbList\",\"@id\":\"https:\\\/\\\/macite.tg\\\/?p=28088#breadcrumb\",\"itemListElement\":[{\"@type\":\"ListItem\",\"position\":1,\"name\":\"Accueil\",\"item\":\"https:\\\/\\\/macite.tg\\\/\"},{\"@type\":\"ListItem\",\"position\":2,\"name\":\"SOMMET DE DUBA\u00cf : L&rsquo;entreprenariat, la solution pour la jeunesse africaine\"}]},{\"@type\":\"WebSite\",\"@id\":\"https:\\\/\\\/macite.tg\\\/#website\",\"url\":\"https:\\\/\\\/macite.tg\\\/\",\"name\":\"\",\"description\":\"L&#039;information, la bonne!!!\",\"potentialAction\":[{\"@type\":\"SearchAction\",\"target\":{\"@type\":\"EntryPoint\",\"urlTemplate\":\"https:\\\/\\\/macite.tg\\\/?s={search_term_string}\"},\"query-input\":{\"@type\":\"PropertyValueSpecification\",\"valueRequired\":true,\"valueName\":\"search_term_string\"}}],\"inLanguage\":\"fr-FR\"},{\"@type\":\"Person\",\"@id\":\"https:\\\/\\\/macite.tg\\\/#\\\/schema\\\/person\\\/e9f2de7e5dbbe7770a9402c7ce82f5c2\",\"name\":\"Jean Pierre BAWELA\",\"image\":{\"@type\":\"ImageObject\",\"inLanguage\":\"fr-FR\",\"@id\":\"https:\\\/\\\/macite.tg\\\/wp-content\\\/uploads\\\/2023\\\/09\\\/WhatsApp-Image-2023-09-19-at-14.44.41-122x122.jpeg\",\"url\":\"https:\\\/\\\/macite.tg\\\/wp-content\\\/uploads\\\/2023\\\/09\\\/WhatsApp-Image-2023-09-19-at-14.44.41-122x122.jpeg\",\"contentUrl\":\"https:\\\/\\\/macite.tg\\\/wp-content\\\/uploads\\\/2023\\\/09\\\/WhatsApp-Image-2023-09-19-at-14.44.41-122x122.jpeg\",\"caption\":\"Jean Pierre BAWELA\"},\"url\":\"https:\\\/\\\/macite.tg\\\/?author=2\"}]}<\/script>\n<!-- \/ Yoast SEO plugin. -->","yoast_head_json":{"title":"SOMMET DE DUBA\u00cf : L'entreprenariat, la solution pour la jeunesse africaine -","robots":{"index":"index","follow":"follow","max-snippet":"max-snippet:-1","max-image-preview":"max-image-preview:large","max-video-preview":"max-video-preview:-1"},"canonical":"https:\/\/macite.tg\/?p=28088","og_locale":"fr_FR","og_type":"article","og_title":"SOMMET DE DUBA\u00cf : L'entreprenariat, la solution pour la jeunesse africaine -","og_description":"Au Sommet mondial des gouvernements \u00e0 Duba\u00ef, qui se tient du 3 au 5 f\u00e9vrier, regroupe quelque 15O d\u00e9l\u00e9gations gouvernementales, dirigeants mondiaux, d\u00e9cideurs \u00e9conomiques et scientifiques. A ce rendez-vous strat\u00e9gique, le pr\u00e9sident du Botswana a lanc\u00e9 un message fort aux jeunes Africains : rester sur [&hellip;]","og_url":"https:\/\/macite.tg\/?p=28088","article_published_time":"2026-02-05T10:55:54+00:00","article_modified_time":"2026-02-05T10:56:02+00:00","og_image":[{"width":534,"height":300,"url":"https:\/\/macite.tg\/wp-content\/uploads\/2026\/02\/image-23.png","type":"image\/png"}],"author":"Jean Pierre BAWELA","twitter_card":"summary_large_image","twitter_misc":{"\u00c9crit par":"Jean Pierre BAWELA","Dur\u00e9e de lecture estim\u00e9e":"3 minutes"},"schema":{"@context":"https:\/\/schema.org","@graph":[{"@type":"Article","@id":"https:\/\/macite.tg\/?p=28088#article","isPartOf":{"@id":"https:\/\/macite.tg\/?p=28088"},"author":{"name":"Jean Pierre BAWELA","@id":"https:\/\/macite.tg\/#\/schema\/person\/e9f2de7e5dbbe7770a9402c7ce82f5c2"},"headline":"SOMMET DE DUBA\u00cf : L&rsquo;entreprenariat, la solution pour la jeunesse africaine","datePublished":"2026-02-05T10:55:54+00:00","dateModified":"2026-02-05T10:56:02+00:00","mainEntityOfPage":{"@id":"https:\/\/macite.tg\/?p=28088"},"wordCount":443,"commentCount":0,"image":{"@id":"https:\/\/macite.tg\/?p=28088#primaryimage"},"thumbnailUrl":"https:\/\/macite.tg\/wp-content\/uploads\/2026\/02\/image-23.png","articleSection":["ACTUALITE","DEVELOPPEMENT"],"inLanguage":"fr-FR","potentialAction":[{"@type":"CommentAction","name":"Comment","target":["https:\/\/macite.tg\/?p=28088#respond"]}]},{"@type":"WebPage","@id":"https:\/\/macite.tg\/?p=28088","url":"https:\/\/macite.tg\/?p=28088","name":"SOMMET DE DUBA\u00cf : L'entreprenariat, la solution pour la jeunesse africaine -","isPartOf":{"@id":"https:\/\/macite.tg\/#website"},"primaryImageOfPage":{"@id":"https:\/\/macite.tg\/?p=28088#primaryimage"},"image":{"@id":"https:\/\/macite.tg\/?p=28088#primaryimage"},"thumbnailUrl":"https:\/\/macite.tg\/wp-content\/uploads\/2026\/02\/image-23.png","datePublished":"2026-02-05T10:55:54+00:00","dateModified":"2026-02-05T10:56:02+00:00","author":{"@id":"https:\/\/macite.tg\/#\/schema\/person\/e9f2de7e5dbbe7770a9402c7ce82f5c2"},"breadcrumb":{"@id":"https:\/\/macite.tg\/?p=28088#breadcrumb"},"inLanguage":"fr-FR","potentialAction":[{"@type":"ReadAction","target":["https:\/\/macite.tg\/?p=28088"]}]},{"@type":"ImageObject","inLanguage":"fr-FR","@id":"https:\/\/macite.tg\/?p=28088#primaryimage","url":"https:\/\/macite.tg\/wp-content\/uploads\/2026\/02\/image-23.png","contentUrl":"https:\/\/macite.tg\/wp-content\/uploads\/2026\/02\/image-23.png","width":534,"height":300},{"@type":"BreadcrumbList","@id":"https:\/\/macite.tg\/?p=28088#breadcrumb","itemListElement":[{"@type":"ListItem","position":1,"name":"Accueil","item":"https:\/\/macite.tg\/"},{"@type":"ListItem","position":2,"name":"SOMMET DE DUBA\u00cf : L&rsquo;entreprenariat, la solution pour la jeunesse africaine"}]},{"@type":"WebSite","@id":"https:\/\/macite.tg\/#website","url":"https:\/\/macite.tg\/","name":"","description":"L&#039;information, la bonne!!!","potentialAction":[{"@type":"SearchAction","target":{"@type":"EntryPoint","urlTemplate":"https:\/\/macite.tg\/?s={search_term_string}"},"query-input":{"@type":"PropertyValueSpecification","valueRequired":true,"valueName":"search_term_string"}}],"inLanguage":"fr-FR"},{"@type":"Person","@id":"https:\/\/macite.tg\/#\/schema\/person\/e9f2de7e5dbbe7770a9402c7ce82f5c2","name":"Jean Pierre BAWELA","image":{"@type":"ImageObject","inLanguage":"fr-FR","@id":"https:\/\/macite.tg\/wp-content\/uploads\/2023\/09\/WhatsApp-Image-2023-09-19-at-14.44.41-122x122.jpeg","url":"https:\/\/macite.tg\/wp-content\/uploads\/2023\/09\/WhatsApp-Image-2023-09-19-at-14.44.41-122x122.jpeg","contentUrl":"https:\/\/macite.tg\/wp-content\/uploads\/2023\/09\/WhatsApp-Image-2023-09-19-at-14.44.41-122x122.jpeg","caption":"Jean Pierre BAWELA"},"url":"https:\/\/macite.tg\/?author=2"}]}},"_links":{"self":[{"href":"https:\/\/macite.tg\/index.php?rest_route=\/wp\/v2\/posts\/28088","targetHints":{"allow":["GET"]}}],"collection":[{"href":"https:\/\/macite.tg\/index.php?rest_route=\/wp\/v2\/posts"}],"about":[{"href":"https:\/\/macite.tg\/index.php?rest_route=\/wp\/v2\/types\/post"}],"author":[{"embeddable":true,"href":"https:\/\/macite.tg\/index.php?rest_route=\/wp\/v2\/users\/2"}],"replies":[{"embeddable":true,"href":"https:\/\/macite.tg\/index.php?rest_route=%2Fwp%2Fv2%2Fcomments&post=28088"}],"version-history":[{"count":0,"href":"https:\/\/macite.tg\/index.php?rest_route=\/wp\/v2\/posts\/28088\/revisions"}],"wp:featuredmedia":[{"embeddable":true,"href":"https:\/\/macite.tg\/index.php?rest_route=\/wp\/v2\/media\/28089"}],"wp:attachment":[{"href":"https:\/\/macite.tg\/index.php?rest_route=%2Fwp%2Fv2%2Fmedia&parent=28088"}],"wp:term":[{"taxonomy":"category","embeddable":true,"href":"https:\/\/macite.tg\/index.php?rest_route=%2Fwp%2Fv2%2Fcategories&post=28088"},{"taxonomy":"post_tag","embeddable":true,"href":"https:\/\/macite.tg\/index.php?rest_route=%2Fwp%2Fv2%2Ftags&post=28088"}],"curies":[{"name":"wp","href":"https:\/\/api.w.org\/{rel}","templated":true}]}}