{"id":28077,"date":"2026-02-05T10:19:04","date_gmt":"2026-02-05T10:19:04","guid":{"rendered":"https:\/\/macite.tg\/?p=28077"},"modified":"2026-02-05T10:23:33","modified_gmt":"2026-02-05T10:23:33","slug":"hommage-au-president-eyadema-un-ouvrage-dedie-a-la-memoire-active-de-lhomme","status":"publish","type":"post","link":"https:\/\/macite.tg\/?p=28077","title":{"rendered":"HOMMAGE AU PRESIDENT EYADEMA\u00a0: Un ouvrage d\u00e9di\u00e9 \u00e0 \u2018\u2019la m\u00e9moire active\u2019\u2019 &#8230;"},"content":{"rendered":"\n<p class=\"wp-block-paragraph\"><strong><em>Une c\u00e9r\u00e9monie solennelle de d\u00e9dicace de l\u2019ouvrage intitul\u00e9&nbsp;\u00ab \u00c0 l\u2019ombre du Baobab \u00bb, a eu lieu hier 04 f\u00e9vrier. Cette d\u00e9dicace, qui intervient \u00e0 la veille de la comm\u00e9moration du 21\u00e8 anniversaire du rappel \u00e0 Dieu du Pr\u00e9sident Gnassingb\u00e9 Eyad\u00e9ma, P\u00e8re de la Nation, se veut un t\u00e9moignage en l\u2019honneur au P\u00e8re de la Nation, un rep\u00e8re m\u00e9moriel durable qui \u00e9claire les consciences et nourrit la construction de notre pays.<\/em><\/strong><\/p>\n\n\n\n<p class=\"wp-block-paragraph\"><em>\u00ab \u00c0 l\u2019ombre du Baobab \u00bb<\/em>&nbsp;est un ouvrage du Doyen des S\u00e9nateurs et ancien ministre Henri Koudjolou Dogo, publi\u00e9 aux \u00e9ditions&nbsp;<em>Graines de Pens\u00e9e<\/em>. Il est un vibrant t\u00e9moignage sur la vie, l\u2019\u0153uvre et l\u2019h\u00e9ritage culturel, politique et diplomatique de feu G\u00e9n\u00e9ral Gnassingb\u00e9 Eyad\u00e9ma.<\/p>\n\n\n<div class=\"wp-block-image\">\n<figure class=\"aligncenter size-full is-resized\"><img loading=\"lazy\" decoding=\"async\" width=\"800\" height=\"586\" src=\"https:\/\/macite.tg\/wp-content\/uploads\/2026\/02\/image-21.png\" alt=\"\" class=\"wp-image-28078\" style=\"width:646px;height:auto\" srcset=\"https:\/\/macite.tg\/wp-content\/uploads\/2026\/02\/image-21.png 800w, https:\/\/macite.tg\/wp-content\/uploads\/2026\/02\/image-21-300x220.png 300w, https:\/\/macite.tg\/wp-content\/uploads\/2026\/02\/image-21-768x563.png 768w\" sizes=\"auto, (max-width: 800px) 100vw, 800px\" \/><figcaption class=\"wp-element-caption\"><strong><em>L&rsquo;auteur de l&rsquo;ouvrage, ici avec le Pr\u00e9sident du conseil, Faure Gnassingb\u00e9, lors de la c\u00e9r\u00e9monie de d\u00e9dicace.<\/em><\/strong><\/figcaption><\/figure>\n<\/div>\n\n\n<p class=\"wp-block-paragraph\"><em>\u00ab \u00c0 l\u2019ombre du Baobab \u00bb<\/em>&nbsp;rev\u00eat une forte charge symbolique \u00e0 travers son titre, notamment. Le choix des mots exprime cette vision que l\u2019auteur a eu de ce grand homme qu\u2019a \u00e9t\u00e9 Eyadema. Le baobab, arbre embl\u00e9matique des soci\u00e9t\u00e9s africaines incarne la puissance, la sagesse collective, le temps long, le rassemblement communautaire, la coh\u00e9sion sociale et la protection civilisationnelle.<\/p>\n\n\n\n<p class=\"wp-block-paragraph\">\u00c0 travers les diff\u00e9rents chapitres, notamment <em>\u00ab&nbsp;ici a commenc\u00e9 l\u2019histoire&nbsp;\u00bb, \u00ab Eyad\u00e9ma au pouvoir&nbsp;\u00bb, \u00ab&nbsp;le Baobab s\u2019enracine&nbsp;\u00bb<\/em> et <em>\u00ab l\u2019aigle s\u2019en est all\u00e9&nbsp;\u00bb,<\/em> l\u2019auteur de cet ouvrage retrace les grandes lignes d\u2019une \u00e9poque marqu\u00e9e par la stabilit\u00e9 et la construction nationale, tout en partageant ses souvenirs de collaboration avec le P\u00e8re de la Nation.&nbsp;<\/p>\n\n\n\n<p class=\"wp-block-paragraph\">Pour le ministre de l\u2019administration territoriale, Colonel Hodalo Awat\u00e9, pr\u00e9sident national du comit\u00e9 d\u2019organisation des hommages, cette c\u00e9r\u00e9monie de d\u00e9dicace de cet ouvrage, <em>\u00ab&nbsp;constitue un acte de m\u00e9moire active, une entreprise de transformation et un geste d\u2019intelligence collective du pass\u00e9. Dans un monde marqu\u00e9 par des ruptures, des tensions et des recompositions g\u00e9opolitiques majeurs, la m\u00e9moire n\u2019est pas un refuge nostalgique, elle est un outil strat\u00e9gique de compr\u00e9hension du pr\u00e9sent et d\u2019orientation de l\u2019avenir&nbsp;\u00bb.<\/em><\/p>\n\n\n<div class=\"wp-block-image\">\n<figure class=\"aligncenter size-large is-resized\"><img loading=\"lazy\" decoding=\"async\" width=\"1024\" height=\"1024\" src=\"https:\/\/macite.tg\/wp-content\/uploads\/2026\/01\/623395023_1512975654170569_1154007761338906948_n-1024x1024.jpg\" alt=\"\" class=\"wp-image-27896\" style=\"width:650px;height:auto\" srcset=\"https:\/\/macite.tg\/wp-content\/uploads\/2026\/01\/623395023_1512975654170569_1154007761338906948_n-1024x1024.jpg 1024w, https:\/\/macite.tg\/wp-content\/uploads\/2026\/01\/623395023_1512975654170569_1154007761338906948_n-300x300.jpg 300w, https:\/\/macite.tg\/wp-content\/uploads\/2026\/01\/623395023_1512975654170569_1154007761338906948_n-150x150.jpg 150w, https:\/\/macite.tg\/wp-content\/uploads\/2026\/01\/623395023_1512975654170569_1154007761338906948_n-768x768.jpg 768w, https:\/\/macite.tg\/wp-content\/uploads\/2026\/01\/623395023_1512975654170569_1154007761338906948_n-122x122.jpg 122w, https:\/\/macite.tg\/wp-content\/uploads\/2026\/01\/623395023_1512975654170569_1154007761338906948_n.jpg 1080w\" sizes=\"auto, (max-width: 1024px) 100vw, 1024px\" \/><\/figure>\n<\/div>\n\n\n<p class=\"wp-block-paragraph\">Notons que l\u2019\u0153uvre s\u2019inscrit dans la continuit\u00e9 de la politique \u00e9ducative et culturelle promue par le feu Gnassingb\u00e9 Eyad\u00e9ma, dont l\u2019ambition \u00e9tait de former des citoyens enracin\u00e9s dans les valeurs africaines, conscients de leur histoire et ouverts au monde.<\/p>\n\n\n\n<p class=\"wp-block-paragraph\">Outre la dimension m\u00e9morielle, l\u2019ouvrage se pr\u00e9sente comme un outil d\u2019\u00e9ducation civique et un support de r\u00e9flexion scientifique sur la construction de l\u2019\u00c9tat postcolonial africain.<\/p>\n\n\n\n<p class=\"wp-block-paragraph\"><strong>La R\u00e9daction<\/strong><\/p>\n\n\n\n<p class=\"wp-block-paragraph\"><a><strong><em>@macite.tg&nbsp;&nbsp;&nbsp;&nbsp;&nbsp;&nbsp;&nbsp;&nbsp;<\/em><\/strong><\/a><\/p>\n\n\n\n<p class=\"wp-block-paragraph\"><strong><em>E-mail&nbsp;: <\/em><\/strong><a href=\"mailto:maciteinfo@gmail.com\"><strong><em>maciteinfo@gmail.com<\/em><\/strong><\/a><strong><em>; <\/em><\/strong><a href=\"mailto:bawela1@gmail.com\"><strong><em>bawela1@gmail.com<\/em><\/strong><\/a><strong><em><\/em><\/strong><\/p>\n\n\n\n<p class=\"wp-block-paragraph\"><strong><em>Pour vos annonces, (publi)reportages, etc., joignez-nous au (00228)91515309\/<strong>79872224 <\/strong><strong><\/strong><\/em><\/strong><\/p>\n\n\n\n<p class=\"wp-block-paragraph\"><strong><em>www.macite.tg, L\u2019information, la bonne&nbsp;!<\/em><\/strong><\/p>\n\n\n\n<p class=\"wp-block-paragraph\"><\/p>\n","protected":false},"excerpt":{"rendered":"<p class=\"text-justify mb-2\" >Une c\u00e9r\u00e9monie solennelle de d\u00e9dicace de l\u2019ouvrage intitul\u00e9&nbsp;\u00ab \u00c0 l\u2019ombre du Baobab \u00bb, a eu lieu hier 04 f\u00e9vrier. Cette d\u00e9dicace, qui intervient \u00e0 la veille de la comm\u00e9moration du 21\u00e8 anniversaire du rappel \u00e0 Dieu du Pr\u00e9sident Gnassingb\u00e9 Eyad\u00e9ma, P\u00e8re de la Nation, se [&hellip;]<\/p>\n","protected":false},"author":2,"featured_media":28080,"comment_status":"open","ping_status":"open","sticky":false,"template":"","format":"standard","meta":{"footnotes":""},"categories":[20,62,32],"tags":[],"class_list":["post-28077","post","type-post","status-publish","format-standard","has-post-thumbnail","hentry","category-actualite","category-hommage","category-litterature"],"yoast_head":"<!-- This site is optimized with the Yoast SEO plugin v28.4 - https:\/\/yoast.com\/product\/yoast-seo-wordpress\/ -->\n<title>HOMMAGE AU PRESIDENT EYADEMA\u00a0: Un ouvrage d\u00e9di\u00e9 \u00e0 \u2018\u2019la m\u00e9moire active\u2019\u2019 ... -<\/title>\n<meta name=\"robots\" content=\"index, follow, max-snippet:-1, max-image-preview:large, max-video-preview:-1\" \/>\n<link rel=\"canonical\" href=\"https:\/\/macite.tg\/?p=28077\" \/>\n<meta property=\"og:locale\" content=\"fr_FR\" \/>\n<meta property=\"og:type\" content=\"article\" \/>\n<meta property=\"og:title\" content=\"HOMMAGE AU PRESIDENT EYADEMA\u00a0: Un ouvrage d\u00e9di\u00e9 \u00e0 \u2018\u2019la m\u00e9moire active\u2019\u2019 ... -\" \/>\n<meta property=\"og:description\" content=\"Une c\u00e9r\u00e9monie solennelle de d\u00e9dicace de l\u2019ouvrage intitul\u00e9&nbsp;\u00ab \u00c0 l\u2019ombre du Baobab \u00bb, a eu lieu hier 04 f\u00e9vrier. Cette d\u00e9dicace, qui intervient \u00e0 la veille de la comm\u00e9moration du 21\u00e8 anniversaire du rappel \u00e0 Dieu du Pr\u00e9sident Gnassingb\u00e9 Eyad\u00e9ma, P\u00e8re de la Nation, se [&hellip;]\" \/>\n<meta property=\"og:url\" content=\"https:\/\/macite.tg\/?p=28077\" \/>\n<meta property=\"article:published_time\" content=\"2026-02-05T10:19:04+00:00\" \/>\n<meta property=\"article:modified_time\" content=\"2026-02-05T10:23:33+00:00\" \/>\n<meta property=\"og:image\" content=\"https:\/\/macite.tg\/wp-content\/uploads\/2026\/02\/Dedicace-baobab.jpg\" \/>\n\t<meta property=\"og:image:width\" content=\"500\" \/>\n\t<meta property=\"og:image:height\" content=\"254\" \/>\n\t<meta property=\"og:image:type\" content=\"image\/jpeg\" \/>\n<meta name=\"author\" content=\"Jean Pierre BAWELA\" \/>\n<meta name=\"twitter:card\" content=\"summary_large_image\" \/>\n<meta name=\"twitter:label1\" content=\"\u00c9crit par\" \/>\n\t<meta name=\"twitter:data1\" content=\"Jean Pierre BAWELA\" \/>\n\t<meta name=\"twitter:label2\" content=\"Dur\u00e9e de lecture estim\u00e9e\" \/>\n\t<meta name=\"twitter:data2\" content=\"3 minutes\" \/>\n<script type=\"application\/ld+json\" class=\"yoast-schema-graph\">{\"@context\":\"https:\\\/\\\/schema.org\",\"@graph\":[{\"@type\":\"Article\",\"@id\":\"https:\\\/\\\/macite.tg\\\/?p=28077#article\",\"isPartOf\":{\"@id\":\"https:\\\/\\\/macite.tg\\\/?p=28077\"},\"author\":{\"name\":\"Jean Pierre BAWELA\",\"@id\":\"https:\\\/\\\/macite.tg\\\/#\\\/schema\\\/person\\\/e9f2de7e5dbbe7770a9402c7ce82f5c2\"},\"headline\":\"HOMMAGE AU PRESIDENT EYADEMA\u00a0: Un ouvrage d\u00e9di\u00e9 \u00e0 \u2018\u2019la m\u00e9moire active\u2019\u2019 &#8230;\",\"datePublished\":\"2026-02-05T10:19:04+00:00\",\"dateModified\":\"2026-02-05T10:23:33+00:00\",\"mainEntityOfPage\":{\"@id\":\"https:\\\/\\\/macite.tg\\\/?p=28077\"},\"wordCount\":507,\"commentCount\":0,\"image\":{\"@id\":\"https:\\\/\\\/macite.tg\\\/?p=28077#primaryimage\"},\"thumbnailUrl\":\"https:\\\/\\\/macite.tg\\\/wp-content\\\/uploads\\\/2026\\\/02\\\/Dedicace-baobab.jpg\",\"articleSection\":[\"ACTUALITE\",\"HOMMAGE\",\"LITTERATURE\"],\"inLanguage\":\"fr-FR\",\"potentialAction\":[{\"@type\":\"CommentAction\",\"name\":\"Comment\",\"target\":[\"https:\\\/\\\/macite.tg\\\/?p=28077#respond\"]}]},{\"@type\":\"WebPage\",\"@id\":\"https:\\\/\\\/macite.tg\\\/?p=28077\",\"url\":\"https:\\\/\\\/macite.tg\\\/?p=28077\",\"name\":\"HOMMAGE AU PRESIDENT EYADEMA\u00a0: Un ouvrage d\u00e9di\u00e9 \u00e0 \u2018\u2019la m\u00e9moire active\u2019\u2019 ... -\",\"isPartOf\":{\"@id\":\"https:\\\/\\\/macite.tg\\\/#website\"},\"primaryImageOfPage\":{\"@id\":\"https:\\\/\\\/macite.tg\\\/?p=28077#primaryimage\"},\"image\":{\"@id\":\"https:\\\/\\\/macite.tg\\\/?p=28077#primaryimage\"},\"thumbnailUrl\":\"https:\\\/\\\/macite.tg\\\/wp-content\\\/uploads\\\/2026\\\/02\\\/Dedicace-baobab.jpg\",\"datePublished\":\"2026-02-05T10:19:04+00:00\",\"dateModified\":\"2026-02-05T10:23:33+00:00\",\"author\":{\"@id\":\"https:\\\/\\\/macite.tg\\\/#\\\/schema\\\/person\\\/e9f2de7e5dbbe7770a9402c7ce82f5c2\"},\"breadcrumb\":{\"@id\":\"https:\\\/\\\/macite.tg\\\/?p=28077#breadcrumb\"},\"inLanguage\":\"fr-FR\",\"potentialAction\":[{\"@type\":\"ReadAction\",\"target\":[\"https:\\\/\\\/macite.tg\\\/?p=28077\"]}]},{\"@type\":\"ImageObject\",\"inLanguage\":\"fr-FR\",\"@id\":\"https:\\\/\\\/macite.tg\\\/?p=28077#primaryimage\",\"url\":\"https:\\\/\\\/macite.tg\\\/wp-content\\\/uploads\\\/2026\\\/02\\\/Dedicace-baobab.jpg\",\"contentUrl\":\"https:\\\/\\\/macite.tg\\\/wp-content\\\/uploads\\\/2026\\\/02\\\/Dedicace-baobab.jpg\",\"width\":500,\"height\":254},{\"@type\":\"BreadcrumbList\",\"@id\":\"https:\\\/\\\/macite.tg\\\/?p=28077#breadcrumb\",\"itemListElement\":[{\"@type\":\"ListItem\",\"position\":1,\"name\":\"Accueil\",\"item\":\"https:\\\/\\\/macite.tg\\\/\"},{\"@type\":\"ListItem\",\"position\":2,\"name\":\"HOMMAGE AU PRESIDENT EYADEMA\u00a0: Un ouvrage d\u00e9di\u00e9 \u00e0 \u2018\u2019la m\u00e9moire active\u2019\u2019 &#8230;\"}]},{\"@type\":\"WebSite\",\"@id\":\"https:\\\/\\\/macite.tg\\\/#website\",\"url\":\"https:\\\/\\\/macite.tg\\\/\",\"name\":\"\",\"description\":\"L&#039;information, la bonne!!!\",\"potentialAction\":[{\"@type\":\"SearchAction\",\"target\":{\"@type\":\"EntryPoint\",\"urlTemplate\":\"https:\\\/\\\/macite.tg\\\/?s={search_term_string}\"},\"query-input\":{\"@type\":\"PropertyValueSpecification\",\"valueRequired\":true,\"valueName\":\"search_term_string\"}}],\"inLanguage\":\"fr-FR\"},{\"@type\":\"Person\",\"@id\":\"https:\\\/\\\/macite.tg\\\/#\\\/schema\\\/person\\\/e9f2de7e5dbbe7770a9402c7ce82f5c2\",\"name\":\"Jean Pierre BAWELA\",\"image\":{\"@type\":\"ImageObject\",\"inLanguage\":\"fr-FR\",\"@id\":\"https:\\\/\\\/macite.tg\\\/wp-content\\\/uploads\\\/2023\\\/09\\\/WhatsApp-Image-2023-09-19-at-14.44.41-122x122.jpeg\",\"url\":\"https:\\\/\\\/macite.tg\\\/wp-content\\\/uploads\\\/2023\\\/09\\\/WhatsApp-Image-2023-09-19-at-14.44.41-122x122.jpeg\",\"contentUrl\":\"https:\\\/\\\/macite.tg\\\/wp-content\\\/uploads\\\/2023\\\/09\\\/WhatsApp-Image-2023-09-19-at-14.44.41-122x122.jpeg\",\"caption\":\"Jean Pierre BAWELA\"},\"url\":\"https:\\\/\\\/macite.tg\\\/?author=2\"}]}<\/script>\n<!-- \/ Yoast SEO plugin. -->","yoast_head_json":{"title":"HOMMAGE AU PRESIDENT EYADEMA\u00a0: Un ouvrage d\u00e9di\u00e9 \u00e0 \u2018\u2019la m\u00e9moire active\u2019\u2019 ... -","robots":{"index":"index","follow":"follow","max-snippet":"max-snippet:-1","max-image-preview":"max-image-preview:large","max-video-preview":"max-video-preview:-1"},"canonical":"https:\/\/macite.tg\/?p=28077","og_locale":"fr_FR","og_type":"article","og_title":"HOMMAGE AU PRESIDENT EYADEMA\u00a0: Un ouvrage d\u00e9di\u00e9 \u00e0 \u2018\u2019la m\u00e9moire active\u2019\u2019 ... -","og_description":"Une c\u00e9r\u00e9monie solennelle de d\u00e9dicace de l\u2019ouvrage intitul\u00e9&nbsp;\u00ab \u00c0 l\u2019ombre du Baobab \u00bb, a eu lieu hier 04 f\u00e9vrier. Cette d\u00e9dicace, qui intervient \u00e0 la veille de la comm\u00e9moration du 21\u00e8 anniversaire du rappel \u00e0 Dieu du Pr\u00e9sident Gnassingb\u00e9 Eyad\u00e9ma, P\u00e8re de la Nation, se [&hellip;]","og_url":"https:\/\/macite.tg\/?p=28077","article_published_time":"2026-02-05T10:19:04+00:00","article_modified_time":"2026-02-05T10:23:33+00:00","og_image":[{"width":500,"height":254,"url":"https:\/\/macite.tg\/wp-content\/uploads\/2026\/02\/Dedicace-baobab.jpg","type":"image\/jpeg"}],"author":"Jean Pierre BAWELA","twitter_card":"summary_large_image","twitter_misc":{"\u00c9crit par":"Jean Pierre BAWELA","Dur\u00e9e de lecture estim\u00e9e":"3 minutes"},"schema":{"@context":"https:\/\/schema.org","@graph":[{"@type":"Article","@id":"https:\/\/macite.tg\/?p=28077#article","isPartOf":{"@id":"https:\/\/macite.tg\/?p=28077"},"author":{"name":"Jean Pierre BAWELA","@id":"https:\/\/macite.tg\/#\/schema\/person\/e9f2de7e5dbbe7770a9402c7ce82f5c2"},"headline":"HOMMAGE AU PRESIDENT EYADEMA\u00a0: Un ouvrage d\u00e9di\u00e9 \u00e0 \u2018\u2019la m\u00e9moire active\u2019\u2019 &#8230;","datePublished":"2026-02-05T10:19:04+00:00","dateModified":"2026-02-05T10:23:33+00:00","mainEntityOfPage":{"@id":"https:\/\/macite.tg\/?p=28077"},"wordCount":507,"commentCount":0,"image":{"@id":"https:\/\/macite.tg\/?p=28077#primaryimage"},"thumbnailUrl":"https:\/\/macite.tg\/wp-content\/uploads\/2026\/02\/Dedicace-baobab.jpg","articleSection":["ACTUALITE","HOMMAGE","LITTERATURE"],"inLanguage":"fr-FR","potentialAction":[{"@type":"CommentAction","name":"Comment","target":["https:\/\/macite.tg\/?p=28077#respond"]}]},{"@type":"WebPage","@id":"https:\/\/macite.tg\/?p=28077","url":"https:\/\/macite.tg\/?p=28077","name":"HOMMAGE AU PRESIDENT EYADEMA\u00a0: Un ouvrage d\u00e9di\u00e9 \u00e0 \u2018\u2019la m\u00e9moire active\u2019\u2019 ... -","isPartOf":{"@id":"https:\/\/macite.tg\/#website"},"primaryImageOfPage":{"@id":"https:\/\/macite.tg\/?p=28077#primaryimage"},"image":{"@id":"https:\/\/macite.tg\/?p=28077#primaryimage"},"thumbnailUrl":"https:\/\/macite.tg\/wp-content\/uploads\/2026\/02\/Dedicace-baobab.jpg","datePublished":"2026-02-05T10:19:04+00:00","dateModified":"2026-02-05T10:23:33+00:00","author":{"@id":"https:\/\/macite.tg\/#\/schema\/person\/e9f2de7e5dbbe7770a9402c7ce82f5c2"},"breadcrumb":{"@id":"https:\/\/macite.tg\/?p=28077#breadcrumb"},"inLanguage":"fr-FR","potentialAction":[{"@type":"ReadAction","target":["https:\/\/macite.tg\/?p=28077"]}]},{"@type":"ImageObject","inLanguage":"fr-FR","@id":"https:\/\/macite.tg\/?p=28077#primaryimage","url":"https:\/\/macite.tg\/wp-content\/uploads\/2026\/02\/Dedicace-baobab.jpg","contentUrl":"https:\/\/macite.tg\/wp-content\/uploads\/2026\/02\/Dedicace-baobab.jpg","width":500,"height":254},{"@type":"BreadcrumbList","@id":"https:\/\/macite.tg\/?p=28077#breadcrumb","itemListElement":[{"@type":"ListItem","position":1,"name":"Accueil","item":"https:\/\/macite.tg\/"},{"@type":"ListItem","position":2,"name":"HOMMAGE AU PRESIDENT EYADEMA\u00a0: Un ouvrage d\u00e9di\u00e9 \u00e0 \u2018\u2019la m\u00e9moire active\u2019\u2019 &#8230;"}]},{"@type":"WebSite","@id":"https:\/\/macite.tg\/#website","url":"https:\/\/macite.tg\/","name":"","description":"L&#039;information, la bonne!!!","potentialAction":[{"@type":"SearchAction","target":{"@type":"EntryPoint","urlTemplate":"https:\/\/macite.tg\/?s={search_term_string}"},"query-input":{"@type":"PropertyValueSpecification","valueRequired":true,"valueName":"search_term_string"}}],"inLanguage":"fr-FR"},{"@type":"Person","@id":"https:\/\/macite.tg\/#\/schema\/person\/e9f2de7e5dbbe7770a9402c7ce82f5c2","name":"Jean Pierre BAWELA","image":{"@type":"ImageObject","inLanguage":"fr-FR","@id":"https:\/\/macite.tg\/wp-content\/uploads\/2023\/09\/WhatsApp-Image-2023-09-19-at-14.44.41-122x122.jpeg","url":"https:\/\/macite.tg\/wp-content\/uploads\/2023\/09\/WhatsApp-Image-2023-09-19-at-14.44.41-122x122.jpeg","contentUrl":"https:\/\/macite.tg\/wp-content\/uploads\/2023\/09\/WhatsApp-Image-2023-09-19-at-14.44.41-122x122.jpeg","caption":"Jean Pierre BAWELA"},"url":"https:\/\/macite.tg\/?author=2"}]}},"_links":{"self":[{"href":"https:\/\/macite.tg\/index.php?rest_route=\/wp\/v2\/posts\/28077","targetHints":{"allow":["GET"]}}],"collection":[{"href":"https:\/\/macite.tg\/index.php?rest_route=\/wp\/v2\/posts"}],"about":[{"href":"https:\/\/macite.tg\/index.php?rest_route=\/wp\/v2\/types\/post"}],"author":[{"embeddable":true,"href":"https:\/\/macite.tg\/index.php?rest_route=\/wp\/v2\/users\/2"}],"replies":[{"embeddable":true,"href":"https:\/\/macite.tg\/index.php?rest_route=%2Fwp%2Fv2%2Fcomments&post=28077"}],"version-history":[{"count":0,"href":"https:\/\/macite.tg\/index.php?rest_route=\/wp\/v2\/posts\/28077\/revisions"}],"wp:featuredmedia":[{"embeddable":true,"href":"https:\/\/macite.tg\/index.php?rest_route=\/wp\/v2\/media\/28080"}],"wp:attachment":[{"href":"https:\/\/macite.tg\/index.php?rest_route=%2Fwp%2Fv2%2Fmedia&parent=28077"}],"wp:term":[{"taxonomy":"category","embeddable":true,"href":"https:\/\/macite.tg\/index.php?rest_route=%2Fwp%2Fv2%2Fcategories&post=28077"},{"taxonomy":"post_tag","embeddable":true,"href":"https:\/\/macite.tg\/index.php?rest_route=%2Fwp%2Fv2%2Ftags&post=28077"}],"curies":[{"name":"wp","href":"https:\/\/api.w.org\/{rel}","templated":true}]}}