{"id":28058,"date":"2026-02-04T19:04:09","date_gmt":"2026-02-04T19:04:09","guid":{"rendered":"https:\/\/macite.tg\/?p=28058"},"modified":"2026-02-04T19:06:28","modified_gmt":"2026-02-04T19:06:28","slug":"annonce-le-dernier-voyage-pour-le-major-keyebina-sama-h-venance","status":"publish","type":"post","link":"https:\/\/macite.tg\/?p=28058","title":{"rendered":"ANNONCE : Le dernier voyage pour le Major KEYEBINA SAMA H. Venance"},"content":{"rendered":"\n<p class=\"wp-block-paragraph\"><strong><em>Souvenez-vous dans vos pri\u00e8res de Papa KEYEBINA SAMA H. Venance, rappel\u00e9 \u00e0 son Cr\u00e9ateur le 25 janvier 2026 au Pavillon militaire du CHO SO de Lom\u00e9 Tokoin. Il avait 63 ans.<\/em><\/strong><\/p>\n\n\n\n<p class=\"wp-block-paragraph\"><strong><em>Apr\u00e8s des c\u00e9r\u00e9monies fun\u00e9raires ce jeudi 05 F\u00e9vrier 2026 \u00e0 Lom\u00e9, au domicile du d\u00e9funt, feu KEYBINA SAMA H. Venance effectuera son dernier voyage, le vendredi 06 F\u00e9vrier 2026, pour \u00eatre port\u00e9 en terre le samedi 06 F\u00e9vrier \u00e0 Tchitchao, dans la commune Kozah 2.<\/em><\/strong><\/p>\n\n\n<div class=\"wp-block-image\">\n<figure class=\"aligncenter size-large\"><img loading=\"lazy\" decoding=\"async\" width=\"719\" height=\"1024\" src=\"https:\/\/macite.tg\/wp-content\/uploads\/2026\/02\/image-14-719x1024.png\" alt=\"\" class=\"wp-image-28059\" srcset=\"https:\/\/macite.tg\/wp-content\/uploads\/2026\/02\/image-14-719x1024.png 719w, https:\/\/macite.tg\/wp-content\/uploads\/2026\/02\/image-14-211x300.png 211w, https:\/\/macite.tg\/wp-content\/uploads\/2026\/02\/image-14-768x1094.png 768w, https:\/\/macite.tg\/wp-content\/uploads\/2026\/02\/image-14.png 780w\" sizes=\"auto, (max-width: 719px) 100vw, 719px\" \/><\/figure>\n<\/div>\n\n<div class=\"wp-block-image\">\n<figure class=\"aligncenter size-full\"><img loading=\"lazy\" decoding=\"async\" width=\"674\" height=\"584\" src=\"https:\/\/macite.tg\/wp-content\/uploads\/2026\/02\/image-18.png\" alt=\"\" class=\"wp-image-28063\" srcset=\"https:\/\/macite.tg\/wp-content\/uploads\/2026\/02\/image-18.png 674w, https:\/\/macite.tg\/wp-content\/uploads\/2026\/02\/image-18-300x260.png 300w\" sizes=\"auto, (max-width: 674px) 100vw, 674px\" \/><\/figure>\n<\/div>\n\n<div class=\"wp-block-image\">\n<figure class=\"aligncenter size-large\"><img loading=\"lazy\" decoding=\"async\" width=\"709\" height=\"1024\" src=\"https:\/\/macite.tg\/wp-content\/uploads\/2026\/02\/image-15-709x1024.png\" alt=\"\" class=\"wp-image-28060\" srcset=\"https:\/\/macite.tg\/wp-content\/uploads\/2026\/02\/image-15-709x1024.png 709w, https:\/\/macite.tg\/wp-content\/uploads\/2026\/02\/image-15-208x300.png 208w, https:\/\/macite.tg\/wp-content\/uploads\/2026\/02\/image-15.png 765w\" sizes=\"auto, (max-width: 709px) 100vw, 709px\" \/><\/figure>\n<\/div>\n\n<div class=\"wp-block-image\">\n<figure class=\"aligncenter size-large\"><img loading=\"lazy\" decoding=\"async\" width=\"663\" height=\"1024\" src=\"https:\/\/macite.tg\/wp-content\/uploads\/2026\/02\/image-16-663x1024.png\" alt=\"\" class=\"wp-image-28061\" srcset=\"https:\/\/macite.tg\/wp-content\/uploads\/2026\/02\/image-16-663x1024.png 663w, https:\/\/macite.tg\/wp-content\/uploads\/2026\/02\/image-16-194x300.png 194w, https:\/\/macite.tg\/wp-content\/uploads\/2026\/02\/image-16.png 688w\" sizes=\"auto, (max-width: 663px) 100vw, 663px\" \/><\/figure>\n<\/div>\n\n\n<p class=\"wp-block-paragraph\"><strong><em>Union priante\u00a0en ces moments de vives douleurs. Nos sinc\u00e8res condol\u00e9ances\u00a0\u00e0 la famille \u00e9plor\u00e9e !!!<\/em><\/strong><\/p>\n\n\n\n<p class=\"wp-block-paragraph\"><a><strong><em>@macite.tg&nbsp;&nbsp;&nbsp;&nbsp;&nbsp;&nbsp;&nbsp;&nbsp;<\/em><\/strong><\/a><\/p>\n\n\n\n<p class=\"wp-block-paragraph\"><strong><em>E-mail&nbsp;: <\/em><\/strong><a href=\"mailto:maciteinfo@gmail.com\"><strong><em>maciteinfo@gmail.com<\/em><\/strong><\/a><strong><em>; <\/em><\/strong><a href=\"mailto:bawela1@gmail.com\"><strong><em>bawela1@gmail.com<\/em><\/strong><\/a><strong><em><\/em><\/strong><\/p>\n\n\n\n<p class=\"wp-block-paragraph\"><strong><em>Pour vos annonces, (publi)reportages, etc., joignez-nous au (00228)91515309\/<strong>79872224 <\/strong><strong><\/strong><\/em><\/strong><\/p>\n\n\n\n<p class=\"wp-block-paragraph\"><strong><em>www.macite.tg, L\u2019information, la bonne&nbsp;!<\/em><\/strong><\/p>\n\n\n\n<p class=\"wp-block-paragraph\"><\/p>\n","protected":false},"excerpt":{"rendered":"<p class=\"text-justify mb-2\" >Souvenez-vous dans vos pri\u00e8res de Papa KEYEBINA SAMA H. Venance, rappel\u00e9 \u00e0 son Cr\u00e9ateur le 25 janvier 2026 au Pavillon militaire du CHO SO de Lom\u00e9 Tokoin. Il avait 63 ans. Apr\u00e8s des c\u00e9r\u00e9monies fun\u00e9raires ce jeudi 05 F\u00e9vrier 2026 \u00e0 Lom\u00e9, au domicile du [&hellip;]<\/p>\n","protected":false},"author":2,"featured_media":28064,"comment_status":"open","ping_status":"open","sticky":false,"template":"","format":"standard","meta":{"footnotes":""},"categories":[20,35],"tags":[],"class_list":["post-28058","post","type-post","status-publish","format-standard","has-post-thumbnail","hentry","category-actualite","category-necrologie"],"yoast_head":"<!-- This site is optimized with the Yoast SEO plugin v28.4 - https:\/\/yoast.com\/product\/yoast-seo-wordpress\/ -->\n<title>ANNONCE : Le dernier voyage pour le Major KEYEBINA SAMA H. Venance -<\/title>\n<meta name=\"robots\" content=\"index, follow, max-snippet:-1, max-image-preview:large, max-video-preview:-1\" \/>\n<link rel=\"canonical\" href=\"https:\/\/macite.tg\/?p=28058\" \/>\n<meta property=\"og:locale\" content=\"fr_FR\" \/>\n<meta property=\"og:type\" content=\"article\" \/>\n<meta property=\"og:title\" content=\"ANNONCE : Le dernier voyage pour le Major KEYEBINA SAMA H. Venance -\" \/>\n<meta property=\"og:description\" content=\"Souvenez-vous dans vos pri\u00e8res de Papa KEYEBINA SAMA H. Venance, rappel\u00e9 \u00e0 son Cr\u00e9ateur le 25 janvier 2026 au Pavillon militaire du CHO SO de Lom\u00e9 Tokoin. Il avait 63 ans. Apr\u00e8s des c\u00e9r\u00e9monies fun\u00e9raires ce jeudi 05 F\u00e9vrier 2026 \u00e0 Lom\u00e9, au domicile du [&hellip;]\" \/>\n<meta property=\"og:url\" content=\"https:\/\/macite.tg\/?p=28058\" \/>\n<meta property=\"article:published_time\" content=\"2026-02-04T19:04:09+00:00\" \/>\n<meta property=\"article:modified_time\" content=\"2026-02-04T19:06:28+00:00\" \/>\n<meta property=\"og:image\" content=\"https:\/\/macite.tg\/wp-content\/uploads\/2026\/02\/KEYEBINA.jpg\" \/>\n\t<meta property=\"og:image:width\" content=\"500\" \/>\n\t<meta property=\"og:image:height\" content=\"476\" \/>\n\t<meta property=\"og:image:type\" content=\"image\/jpeg\" \/>\n<meta name=\"author\" content=\"Jean Pierre BAWELA\" \/>\n<meta name=\"twitter:card\" content=\"summary_large_image\" \/>\n<meta name=\"twitter:label1\" content=\"\u00c9crit par\" \/>\n\t<meta name=\"twitter:data1\" content=\"Jean Pierre BAWELA\" \/>\n\t<meta name=\"twitter:label2\" content=\"Dur\u00e9e de lecture estim\u00e9e\" \/>\n\t<meta name=\"twitter:data2\" content=\"2 minutes\" \/>\n<script type=\"application\/ld+json\" class=\"yoast-schema-graph\">{\"@context\":\"https:\\\/\\\/schema.org\",\"@graph\":[{\"@type\":\"Article\",\"@id\":\"https:\\\/\\\/macite.tg\\\/?p=28058#article\",\"isPartOf\":{\"@id\":\"https:\\\/\\\/macite.tg\\\/?p=28058\"},\"author\":{\"name\":\"Jean Pierre BAWELA\",\"@id\":\"https:\\\/\\\/macite.tg\\\/#\\\/schema\\\/person\\\/e9f2de7e5dbbe7770a9402c7ce82f5c2\"},\"headline\":\"ANNONCE : Le dernier voyage pour le Major KEYEBINA SAMA H. Venance\",\"datePublished\":\"2026-02-04T19:04:09+00:00\",\"dateModified\":\"2026-02-04T19:06:28+00:00\",\"mainEntityOfPage\":{\"@id\":\"https:\\\/\\\/macite.tg\\\/?p=28058\"},\"wordCount\":136,\"commentCount\":0,\"image\":{\"@id\":\"https:\\\/\\\/macite.tg\\\/?p=28058#primaryimage\"},\"thumbnailUrl\":\"https:\\\/\\\/macite.tg\\\/wp-content\\\/uploads\\\/2026\\\/02\\\/KEYEBINA.jpg\",\"articleSection\":[\"ACTUALITE\",\"NECROLOGIE\"],\"inLanguage\":\"fr-FR\",\"potentialAction\":[{\"@type\":\"CommentAction\",\"name\":\"Comment\",\"target\":[\"https:\\\/\\\/macite.tg\\\/?p=28058#respond\"]}]},{\"@type\":\"WebPage\",\"@id\":\"https:\\\/\\\/macite.tg\\\/?p=28058\",\"url\":\"https:\\\/\\\/macite.tg\\\/?p=28058\",\"name\":\"ANNONCE : Le dernier voyage pour le Major KEYEBINA SAMA H. Venance -\",\"isPartOf\":{\"@id\":\"https:\\\/\\\/macite.tg\\\/#website\"},\"primaryImageOfPage\":{\"@id\":\"https:\\\/\\\/macite.tg\\\/?p=28058#primaryimage\"},\"image\":{\"@id\":\"https:\\\/\\\/macite.tg\\\/?p=28058#primaryimage\"},\"thumbnailUrl\":\"https:\\\/\\\/macite.tg\\\/wp-content\\\/uploads\\\/2026\\\/02\\\/KEYEBINA.jpg\",\"datePublished\":\"2026-02-04T19:04:09+00:00\",\"dateModified\":\"2026-02-04T19:06:28+00:00\",\"author\":{\"@id\":\"https:\\\/\\\/macite.tg\\\/#\\\/schema\\\/person\\\/e9f2de7e5dbbe7770a9402c7ce82f5c2\"},\"breadcrumb\":{\"@id\":\"https:\\\/\\\/macite.tg\\\/?p=28058#breadcrumb\"},\"inLanguage\":\"fr-FR\",\"potentialAction\":[{\"@type\":\"ReadAction\",\"target\":[\"https:\\\/\\\/macite.tg\\\/?p=28058\"]}]},{\"@type\":\"ImageObject\",\"inLanguage\":\"fr-FR\",\"@id\":\"https:\\\/\\\/macite.tg\\\/?p=28058#primaryimage\",\"url\":\"https:\\\/\\\/macite.tg\\\/wp-content\\\/uploads\\\/2026\\\/02\\\/KEYEBINA.jpg\",\"contentUrl\":\"https:\\\/\\\/macite.tg\\\/wp-content\\\/uploads\\\/2026\\\/02\\\/KEYEBINA.jpg\",\"width\":500,\"height\":476},{\"@type\":\"BreadcrumbList\",\"@id\":\"https:\\\/\\\/macite.tg\\\/?p=28058#breadcrumb\",\"itemListElement\":[{\"@type\":\"ListItem\",\"position\":1,\"name\":\"Accueil\",\"item\":\"https:\\\/\\\/macite.tg\\\/\"},{\"@type\":\"ListItem\",\"position\":2,\"name\":\"ANNONCE : Le dernier voyage pour le Major KEYEBINA SAMA H. Venance\"}]},{\"@type\":\"WebSite\",\"@id\":\"https:\\\/\\\/macite.tg\\\/#website\",\"url\":\"https:\\\/\\\/macite.tg\\\/\",\"name\":\"\",\"description\":\"L&#039;information, la bonne!!!\",\"potentialAction\":[{\"@type\":\"SearchAction\",\"target\":{\"@type\":\"EntryPoint\",\"urlTemplate\":\"https:\\\/\\\/macite.tg\\\/?s={search_term_string}\"},\"query-input\":{\"@type\":\"PropertyValueSpecification\",\"valueRequired\":true,\"valueName\":\"search_term_string\"}}],\"inLanguage\":\"fr-FR\"},{\"@type\":\"Person\",\"@id\":\"https:\\\/\\\/macite.tg\\\/#\\\/schema\\\/person\\\/e9f2de7e5dbbe7770a9402c7ce82f5c2\",\"name\":\"Jean Pierre BAWELA\",\"image\":{\"@type\":\"ImageObject\",\"inLanguage\":\"fr-FR\",\"@id\":\"https:\\\/\\\/macite.tg\\\/wp-content\\\/uploads\\\/2023\\\/09\\\/WhatsApp-Image-2023-09-19-at-14.44.41-122x122.jpeg\",\"url\":\"https:\\\/\\\/macite.tg\\\/wp-content\\\/uploads\\\/2023\\\/09\\\/WhatsApp-Image-2023-09-19-at-14.44.41-122x122.jpeg\",\"contentUrl\":\"https:\\\/\\\/macite.tg\\\/wp-content\\\/uploads\\\/2023\\\/09\\\/WhatsApp-Image-2023-09-19-at-14.44.41-122x122.jpeg\",\"caption\":\"Jean Pierre BAWELA\"},\"url\":\"https:\\\/\\\/macite.tg\\\/?author=2\"}]}<\/script>\n<!-- \/ Yoast SEO plugin. -->","yoast_head_json":{"title":"ANNONCE : Le dernier voyage pour le Major KEYEBINA SAMA H. Venance -","robots":{"index":"index","follow":"follow","max-snippet":"max-snippet:-1","max-image-preview":"max-image-preview:large","max-video-preview":"max-video-preview:-1"},"canonical":"https:\/\/macite.tg\/?p=28058","og_locale":"fr_FR","og_type":"article","og_title":"ANNONCE : Le dernier voyage pour le Major KEYEBINA SAMA H. Venance -","og_description":"Souvenez-vous dans vos pri\u00e8res de Papa KEYEBINA SAMA H. Venance, rappel\u00e9 \u00e0 son Cr\u00e9ateur le 25 janvier 2026 au Pavillon militaire du CHO SO de Lom\u00e9 Tokoin. Il avait 63 ans. Apr\u00e8s des c\u00e9r\u00e9monies fun\u00e9raires ce jeudi 05 F\u00e9vrier 2026 \u00e0 Lom\u00e9, au domicile du [&hellip;]","og_url":"https:\/\/macite.tg\/?p=28058","article_published_time":"2026-02-04T19:04:09+00:00","article_modified_time":"2026-02-04T19:06:28+00:00","og_image":[{"width":500,"height":476,"url":"https:\/\/macite.tg\/wp-content\/uploads\/2026\/02\/KEYEBINA.jpg","type":"image\/jpeg"}],"author":"Jean Pierre BAWELA","twitter_card":"summary_large_image","twitter_misc":{"\u00c9crit par":"Jean Pierre BAWELA","Dur\u00e9e de lecture estim\u00e9e":"2 minutes"},"schema":{"@context":"https:\/\/schema.org","@graph":[{"@type":"Article","@id":"https:\/\/macite.tg\/?p=28058#article","isPartOf":{"@id":"https:\/\/macite.tg\/?p=28058"},"author":{"name":"Jean Pierre BAWELA","@id":"https:\/\/macite.tg\/#\/schema\/person\/e9f2de7e5dbbe7770a9402c7ce82f5c2"},"headline":"ANNONCE : Le dernier voyage pour le Major KEYEBINA SAMA H. Venance","datePublished":"2026-02-04T19:04:09+00:00","dateModified":"2026-02-04T19:06:28+00:00","mainEntityOfPage":{"@id":"https:\/\/macite.tg\/?p=28058"},"wordCount":136,"commentCount":0,"image":{"@id":"https:\/\/macite.tg\/?p=28058#primaryimage"},"thumbnailUrl":"https:\/\/macite.tg\/wp-content\/uploads\/2026\/02\/KEYEBINA.jpg","articleSection":["ACTUALITE","NECROLOGIE"],"inLanguage":"fr-FR","potentialAction":[{"@type":"CommentAction","name":"Comment","target":["https:\/\/macite.tg\/?p=28058#respond"]}]},{"@type":"WebPage","@id":"https:\/\/macite.tg\/?p=28058","url":"https:\/\/macite.tg\/?p=28058","name":"ANNONCE : Le dernier voyage pour le Major KEYEBINA SAMA H. Venance -","isPartOf":{"@id":"https:\/\/macite.tg\/#website"},"primaryImageOfPage":{"@id":"https:\/\/macite.tg\/?p=28058#primaryimage"},"image":{"@id":"https:\/\/macite.tg\/?p=28058#primaryimage"},"thumbnailUrl":"https:\/\/macite.tg\/wp-content\/uploads\/2026\/02\/KEYEBINA.jpg","datePublished":"2026-02-04T19:04:09+00:00","dateModified":"2026-02-04T19:06:28+00:00","author":{"@id":"https:\/\/macite.tg\/#\/schema\/person\/e9f2de7e5dbbe7770a9402c7ce82f5c2"},"breadcrumb":{"@id":"https:\/\/macite.tg\/?p=28058#breadcrumb"},"inLanguage":"fr-FR","potentialAction":[{"@type":"ReadAction","target":["https:\/\/macite.tg\/?p=28058"]}]},{"@type":"ImageObject","inLanguage":"fr-FR","@id":"https:\/\/macite.tg\/?p=28058#primaryimage","url":"https:\/\/macite.tg\/wp-content\/uploads\/2026\/02\/KEYEBINA.jpg","contentUrl":"https:\/\/macite.tg\/wp-content\/uploads\/2026\/02\/KEYEBINA.jpg","width":500,"height":476},{"@type":"BreadcrumbList","@id":"https:\/\/macite.tg\/?p=28058#breadcrumb","itemListElement":[{"@type":"ListItem","position":1,"name":"Accueil","item":"https:\/\/macite.tg\/"},{"@type":"ListItem","position":2,"name":"ANNONCE : Le dernier voyage pour le Major KEYEBINA SAMA H. Venance"}]},{"@type":"WebSite","@id":"https:\/\/macite.tg\/#website","url":"https:\/\/macite.tg\/","name":"","description":"L&#039;information, la bonne!!!","potentialAction":[{"@type":"SearchAction","target":{"@type":"EntryPoint","urlTemplate":"https:\/\/macite.tg\/?s={search_term_string}"},"query-input":{"@type":"PropertyValueSpecification","valueRequired":true,"valueName":"search_term_string"}}],"inLanguage":"fr-FR"},{"@type":"Person","@id":"https:\/\/macite.tg\/#\/schema\/person\/e9f2de7e5dbbe7770a9402c7ce82f5c2","name":"Jean Pierre BAWELA","image":{"@type":"ImageObject","inLanguage":"fr-FR","@id":"https:\/\/macite.tg\/wp-content\/uploads\/2023\/09\/WhatsApp-Image-2023-09-19-at-14.44.41-122x122.jpeg","url":"https:\/\/macite.tg\/wp-content\/uploads\/2023\/09\/WhatsApp-Image-2023-09-19-at-14.44.41-122x122.jpeg","contentUrl":"https:\/\/macite.tg\/wp-content\/uploads\/2023\/09\/WhatsApp-Image-2023-09-19-at-14.44.41-122x122.jpeg","caption":"Jean Pierre BAWELA"},"url":"https:\/\/macite.tg\/?author=2"}]}},"_links":{"self":[{"href":"https:\/\/macite.tg\/index.php?rest_route=\/wp\/v2\/posts\/28058","targetHints":{"allow":["GET"]}}],"collection":[{"href":"https:\/\/macite.tg\/index.php?rest_route=\/wp\/v2\/posts"}],"about":[{"href":"https:\/\/macite.tg\/index.php?rest_route=\/wp\/v2\/types\/post"}],"author":[{"embeddable":true,"href":"https:\/\/macite.tg\/index.php?rest_route=\/wp\/v2\/users\/2"}],"replies":[{"embeddable":true,"href":"https:\/\/macite.tg\/index.php?rest_route=%2Fwp%2Fv2%2Fcomments&post=28058"}],"version-history":[{"count":0,"href":"https:\/\/macite.tg\/index.php?rest_route=\/wp\/v2\/posts\/28058\/revisions"}],"wp:featuredmedia":[{"embeddable":true,"href":"https:\/\/macite.tg\/index.php?rest_route=\/wp\/v2\/media\/28064"}],"wp:attachment":[{"href":"https:\/\/macite.tg\/index.php?rest_route=%2Fwp%2Fv2%2Fmedia&parent=28058"}],"wp:term":[{"taxonomy":"category","embeddable":true,"href":"https:\/\/macite.tg\/index.php?rest_route=%2Fwp%2Fv2%2Fcategories&post=28058"},{"taxonomy":"post_tag","embeddable":true,"href":"https:\/\/macite.tg\/index.php?rest_route=%2Fwp%2Fv2%2Ftags&post=28058"}],"curies":[{"name":"wp","href":"https:\/\/api.w.org\/{rel}","templated":true}]}}