{"id":28008,"date":"2026-02-04T10:58:27","date_gmt":"2026-02-04T10:58:27","guid":{"rendered":"https:\/\/macite.tg\/?p=28008"},"modified":"2026-02-04T11:06:59","modified_gmt":"2026-02-04T11:06:59","slug":"protection-de-lenfant-les-avancees-faites-en-2025","status":"publish","type":"post","link":"https:\/\/macite.tg\/?p=28008","title":{"rendered":"PROTECTION DE L&rsquo;ENFANT : Les avanc\u00e9es faites en 2025"},"content":{"rendered":"\n<p class=\"wp-block-paragraph\"><strong><em>La protection de l&rsquo;enfant est un enjeu social parmi d&rsquo;autres, intimement li\u00e9 aux ambitions de d\u00e9veloppement et de coh\u00e9sion nationale. L&rsquo;ambition est toute d\u00e9finie par l&rsquo;\u00c9tat, c&rsquo;est de garantir \u00e0 chaque enfant un environnement protecteur, propice \u00e0 son \u00e9panouissement et \u00e0 la r\u00e9alisation de son plein potentiel.<\/em><\/strong><\/p>\n\n\n\n<p class=\"wp-block-paragraph\">La protection de l&rsquo;enfant prend racine \u00e0 travers un cadre institutionnel et juridique de plus en plus structur\u00e9e. Les textes adopt\u00e9s, les m\u00e9canismes de veille renforc\u00e9s et les dispositifs de prise en charge t\u00e9moignent d&rsquo;une approche plus coh\u00e9rente, ax\u00e9e sur la pr\u00e9vention, la protection et la r\u00e9insertion. L&rsquo;enfant devient donc un sujet de droits dont la dignit\u00e9 doit \u00eatre pr\u00e9serv\u00e9e en toutes circonstances.<\/p>\n\n\n\n<p class=\"wp-block-paragraph\">Sur le terrain, les actions se multiplient pour lutter contre les violences, l&rsquo;exploitation, le travail des enfants et les mariages pr\u00e9coces. Les campagnes de sensibilisation, men\u00e9es en direction des familles et des communaut\u00e9s, contribuent \u00e0 faire \u00e9voluer les mentalit\u00e9s et \u00e0 ancrer une culture de protection au c\u0153ur de la soci\u00e9t\u00e9. Cette mobilisation collective renforce l&rsquo;id\u00e9e que la protection de l&rsquo;enfant est l&rsquo;affaire de tous.<\/p>\n\n\n<div class=\"wp-block-image\">\n<figure class=\"aligncenter size-full\"><img loading=\"lazy\" decoding=\"async\" width=\"851\" height=\"315\" src=\"https:\/\/macite.tg\/wp-content\/uploads\/2026\/01\/OTR_Ferer-pour-batir-1-1.jpg\" alt=\"\" class=\"wp-image-27769\" srcset=\"https:\/\/macite.tg\/wp-content\/uploads\/2026\/01\/OTR_Ferer-pour-batir-1-1.jpg 851w, https:\/\/macite.tg\/wp-content\/uploads\/2026\/01\/OTR_Ferer-pour-batir-1-1-300x111.jpg 300w, https:\/\/macite.tg\/wp-content\/uploads\/2026\/01\/OTR_Ferer-pour-batir-1-1-768x284.jpg 768w\" sizes=\"auto, (max-width: 851px) 100vw, 851px\" \/><\/figure>\n<\/div>\n\n\n<p class=\"wp-block-paragraph\"><strong>Main tendue \u00e0 des milliers d&rsquo;enfants<\/strong><\/p>\n\n\n\n<p class=\"wp-block-paragraph\">En 2025, l&rsquo;action sociale a fait d\u00e9penser 1,8 milliard de francs CFA au minist\u00e8re qui s&rsquo;en occupe. Si la lutte contre les vuln\u00e9rabilit\u00e9s a concern\u00e9 150.916 personnes, dont 83 677 femmes, la protection de l&rsquo;enfant a, elle, permis de toucher 12.700 enfants, dont 6.000 filles.<\/p>\n\n\n\n<p class=\"wp-block-paragraph\">Les diff\u00e9rentes interventions du gouvernement concernent la pr\u00e9vention des violences, la lutte contre la traite et le d\u00e9veloppement du leadership adolescent. L&rsquo;\u00e9cole, la sant\u00e9 et la protection sociale n&rsquo;ont pas \u00e9t\u00e9 perdues de vue.<\/p>\n\n\n\n<p class=\"wp-block-paragraph\">En facilitant l&rsquo;acc\u00e8s \u00e0 l&rsquo;\u00e9ducation, aux soins de base et aux services sociaux, l&rsquo;\u00c9tat agit sur les causes profondes des vuln\u00e9rabilit\u00e9s infantiles. Ces efforts concourent \u00e0 r\u00e9duire les in\u00e9galit\u00e9s d\u00e8s le plus jeune \u00e2ge et \u00e0 offrir aux enfants des perspectives plus solides pour l&rsquo;avenir.<\/p>\n\n\n\n<p class=\"wp-block-paragraph\">Aussi, la protection de l&rsquo;enfant s&rsquo;inscrit dans une logique de proximit\u00e9. Les acteurs communautaires, les travailleurs sociaux et les collectivit\u00e9s locales jouent un r\u00f4le d\u00e9terminant dans l&rsquo;identification pr\u00e9coce des situations \u00e0 risque et dans l&rsquo;accompagnement des enfants en difficult\u00e9. Cette approche d\u00e9centralis\u00e9e favorise des r\u00e9ponses plus adapt\u00e9es et plus humaines.<\/p>\n\n\n<div class=\"wp-block-image\">\n<figure class=\"aligncenter size-large is-resized\"><img loading=\"lazy\" decoding=\"async\" width=\"1024\" height=\"1024\" src=\"https:\/\/macite.tg\/wp-content\/uploads\/2026\/01\/623395023_1512975654170569_1154007761338906948_n-1024x1024.jpg\" alt=\"\" class=\"wp-image-27896\" style=\"width:586px;height:auto\" srcset=\"https:\/\/macite.tg\/wp-content\/uploads\/2026\/01\/623395023_1512975654170569_1154007761338906948_n-1024x1024.jpg 1024w, https:\/\/macite.tg\/wp-content\/uploads\/2026\/01\/623395023_1512975654170569_1154007761338906948_n-300x300.jpg 300w, https:\/\/macite.tg\/wp-content\/uploads\/2026\/01\/623395023_1512975654170569_1154007761338906948_n-150x150.jpg 150w, https:\/\/macite.tg\/wp-content\/uploads\/2026\/01\/623395023_1512975654170569_1154007761338906948_n-768x768.jpg 768w, https:\/\/macite.tg\/wp-content\/uploads\/2026\/01\/623395023_1512975654170569_1154007761338906948_n-122x122.jpg 122w, https:\/\/macite.tg\/wp-content\/uploads\/2026\/01\/623395023_1512975654170569_1154007761338906948_n.jpg 1080w\" sizes=\"auto, (max-width: 1024px) 100vw, 1024px\" \/><\/figure>\n<\/div>\n\n\n<p class=\"wp-block-paragraph\">En prenant corps de mani\u00e8re d\u00e9termin\u00e9e, la politique de protection de l&rsquo;enfant au Togo r\u00e9v\u00e8le une d\u00e9termination des dirigeants \u00e0 bien faire. Investir dans l&rsquo;enfance, c&rsquo;est investir dans la paix sociale, la stabilit\u00e9 et le d\u00e9veloppement harmonieux du pays. C&rsquo;est surtout affirmer, avec constance, que chaque enfant compte et m\u00e9rite d&rsquo;\u00eatre prot\u00e9g\u00e9, \u00e9cout\u00e9 et accompagn\u00e9.<\/p>\n\n\n\n<p class=\"wp-block-paragraph\"><strong>Samir B.<\/strong><\/p>\n\n\n\n<p class=\"wp-block-paragraph\"><a><strong><em>@macite.tg&nbsp;&nbsp;&nbsp;&nbsp;&nbsp;&nbsp;&nbsp;&nbsp;<\/em><\/strong><\/a><\/p>\n\n\n\n<p class=\"wp-block-paragraph\"><strong><em>E-mail&nbsp;: <\/em><\/strong><a href=\"mailto:maciteinfo@gmail.com\"><strong><em>maciteinfo@gmail.com<\/em><\/strong><\/a><strong><em>; <\/em><\/strong><a href=\"mailto:bawela1@gmail.com\"><strong><em>bawela1@gmail.com<\/em><\/strong><\/a><strong><em><\/em><\/strong><\/p>\n\n\n\n<p class=\"wp-block-paragraph\"><strong><em>Pour vos annonces, (publi)reportages, etc., joignez-nous au (00228)91515309\/<strong>79872224 <\/strong><strong><\/strong><\/em><\/strong><\/p>\n\n\n\n<p class=\"wp-block-paragraph\"><strong><em>www.macite.tg, L\u2019information, la bonne&nbsp;!<\/em><\/strong><\/p>\n\n\n\n<p class=\"wp-block-paragraph\"><\/p>\n","protected":false},"excerpt":{"rendered":"<p class=\"text-justify mb-2\" >La protection de l&rsquo;enfant est un enjeu social parmi d&rsquo;autres, intimement li\u00e9 aux ambitions de d\u00e9veloppement et de coh\u00e9sion nationale. L&rsquo;ambition est toute d\u00e9finie par l&rsquo;\u00c9tat, c&rsquo;est de garantir \u00e0 chaque enfant un environnement protecteur, propice \u00e0 son \u00e9panouissement et \u00e0 la r\u00e9alisation de son [&hellip;]<\/p>\n","protected":false},"author":2,"featured_media":28011,"comment_status":"open","ping_status":"open","sticky":false,"template":"","format":"standard","meta":{"footnotes":""},"categories":[20,6],"tags":[],"class_list":["post-28008","post","type-post","status-publish","format-standard","has-post-thumbnail","hentry","category-actualite","category-societe"],"yoast_head":"<!-- This site is optimized with the Yoast SEO plugin v28.4 - https:\/\/yoast.com\/product\/yoast-seo-wordpress\/ -->\n<title>PROTECTION DE L&#039;ENFANT : Les avanc\u00e9es faites en 2025 -<\/title>\n<meta name=\"robots\" content=\"index, follow, max-snippet:-1, max-image-preview:large, max-video-preview:-1\" \/>\n<link rel=\"canonical\" href=\"https:\/\/macite.tg\/?p=28008\" \/>\n<meta property=\"og:locale\" content=\"fr_FR\" \/>\n<meta property=\"og:type\" content=\"article\" \/>\n<meta property=\"og:title\" content=\"PROTECTION DE L&#039;ENFANT : Les avanc\u00e9es faites en 2025 -\" \/>\n<meta property=\"og:description\" content=\"La protection de l&rsquo;enfant est un enjeu social parmi d&rsquo;autres, intimement li\u00e9 aux ambitions de d\u00e9veloppement et de coh\u00e9sion nationale. L&rsquo;ambition est toute d\u00e9finie par l&rsquo;\u00c9tat, c&rsquo;est de garantir \u00e0 chaque enfant un environnement protecteur, propice \u00e0 son \u00e9panouissement et \u00e0 la r\u00e9alisation de son [&hellip;]\" \/>\n<meta property=\"og:url\" content=\"https:\/\/macite.tg\/?p=28008\" \/>\n<meta property=\"article:published_time\" content=\"2026-02-04T10:58:27+00:00\" \/>\n<meta property=\"article:modified_time\" content=\"2026-02-04T11:06:59+00:00\" \/>\n<meta property=\"og:image\" content=\"https:\/\/macite.tg\/wp-content\/uploads\/2026\/02\/image-9.png\" \/>\n\t<meta property=\"og:image:width\" content=\"322\" \/>\n\t<meta property=\"og:image:height\" content=\"250\" \/>\n\t<meta property=\"og:image:type\" content=\"image\/png\" \/>\n<meta name=\"author\" content=\"Jean Pierre BAWELA\" \/>\n<meta name=\"twitter:card\" content=\"summary_large_image\" \/>\n<meta name=\"twitter:label1\" content=\"\u00c9crit par\" \/>\n\t<meta name=\"twitter:data1\" content=\"Jean Pierre BAWELA\" \/>\n\t<meta name=\"twitter:label2\" content=\"Dur\u00e9e de lecture estim\u00e9e\" \/>\n\t<meta name=\"twitter:data2\" content=\"3 minutes\" \/>\n<script type=\"application\/ld+json\" class=\"yoast-schema-graph\">{\"@context\":\"https:\\\/\\\/schema.org\",\"@graph\":[{\"@type\":\"Article\",\"@id\":\"https:\\\/\\\/macite.tg\\\/?p=28008#article\",\"isPartOf\":{\"@id\":\"https:\\\/\\\/macite.tg\\\/?p=28008\"},\"author\":{\"name\":\"Jean Pierre BAWELA\",\"@id\":\"https:\\\/\\\/macite.tg\\\/#\\\/schema\\\/person\\\/e9f2de7e5dbbe7770a9402c7ce82f5c2\"},\"headline\":\"PROTECTION DE L&rsquo;ENFANT : Les avanc\u00e9es faites en 2025\",\"datePublished\":\"2026-02-04T10:58:27+00:00\",\"dateModified\":\"2026-02-04T11:06:59+00:00\",\"mainEntityOfPage\":{\"@id\":\"https:\\\/\\\/macite.tg\\\/?p=28008\"},\"wordCount\":520,\"commentCount\":0,\"image\":{\"@id\":\"https:\\\/\\\/macite.tg\\\/?p=28008#primaryimage\"},\"thumbnailUrl\":\"https:\\\/\\\/macite.tg\\\/wp-content\\\/uploads\\\/2026\\\/02\\\/image-9.png\",\"articleSection\":[\"ACTUALITE\",\"SOCIETE\"],\"inLanguage\":\"fr-FR\",\"potentialAction\":[{\"@type\":\"CommentAction\",\"name\":\"Comment\",\"target\":[\"https:\\\/\\\/macite.tg\\\/?p=28008#respond\"]}]},{\"@type\":\"WebPage\",\"@id\":\"https:\\\/\\\/macite.tg\\\/?p=28008\",\"url\":\"https:\\\/\\\/macite.tg\\\/?p=28008\",\"name\":\"PROTECTION DE L'ENFANT : Les avanc\u00e9es faites en 2025 -\",\"isPartOf\":{\"@id\":\"https:\\\/\\\/macite.tg\\\/#website\"},\"primaryImageOfPage\":{\"@id\":\"https:\\\/\\\/macite.tg\\\/?p=28008#primaryimage\"},\"image\":{\"@id\":\"https:\\\/\\\/macite.tg\\\/?p=28008#primaryimage\"},\"thumbnailUrl\":\"https:\\\/\\\/macite.tg\\\/wp-content\\\/uploads\\\/2026\\\/02\\\/image-9.png\",\"datePublished\":\"2026-02-04T10:58:27+00:00\",\"dateModified\":\"2026-02-04T11:06:59+00:00\",\"author\":{\"@id\":\"https:\\\/\\\/macite.tg\\\/#\\\/schema\\\/person\\\/e9f2de7e5dbbe7770a9402c7ce82f5c2\"},\"breadcrumb\":{\"@id\":\"https:\\\/\\\/macite.tg\\\/?p=28008#breadcrumb\"},\"inLanguage\":\"fr-FR\",\"potentialAction\":[{\"@type\":\"ReadAction\",\"target\":[\"https:\\\/\\\/macite.tg\\\/?p=28008\"]}]},{\"@type\":\"ImageObject\",\"inLanguage\":\"fr-FR\",\"@id\":\"https:\\\/\\\/macite.tg\\\/?p=28008#primaryimage\",\"url\":\"https:\\\/\\\/macite.tg\\\/wp-content\\\/uploads\\\/2026\\\/02\\\/image-9.png\",\"contentUrl\":\"https:\\\/\\\/macite.tg\\\/wp-content\\\/uploads\\\/2026\\\/02\\\/image-9.png\",\"width\":322,\"height\":250},{\"@type\":\"BreadcrumbList\",\"@id\":\"https:\\\/\\\/macite.tg\\\/?p=28008#breadcrumb\",\"itemListElement\":[{\"@type\":\"ListItem\",\"position\":1,\"name\":\"Accueil\",\"item\":\"https:\\\/\\\/macite.tg\\\/\"},{\"@type\":\"ListItem\",\"position\":2,\"name\":\"PROTECTION DE L&rsquo;ENFANT : Les avanc\u00e9es faites en 2025\"}]},{\"@type\":\"WebSite\",\"@id\":\"https:\\\/\\\/macite.tg\\\/#website\",\"url\":\"https:\\\/\\\/macite.tg\\\/\",\"name\":\"\",\"description\":\"L&#039;information, la bonne!!!\",\"potentialAction\":[{\"@type\":\"SearchAction\",\"target\":{\"@type\":\"EntryPoint\",\"urlTemplate\":\"https:\\\/\\\/macite.tg\\\/?s={search_term_string}\"},\"query-input\":{\"@type\":\"PropertyValueSpecification\",\"valueRequired\":true,\"valueName\":\"search_term_string\"}}],\"inLanguage\":\"fr-FR\"},{\"@type\":\"Person\",\"@id\":\"https:\\\/\\\/macite.tg\\\/#\\\/schema\\\/person\\\/e9f2de7e5dbbe7770a9402c7ce82f5c2\",\"name\":\"Jean Pierre BAWELA\",\"image\":{\"@type\":\"ImageObject\",\"inLanguage\":\"fr-FR\",\"@id\":\"https:\\\/\\\/macite.tg\\\/wp-content\\\/uploads\\\/2023\\\/09\\\/WhatsApp-Image-2023-09-19-at-14.44.41-122x122.jpeg\",\"url\":\"https:\\\/\\\/macite.tg\\\/wp-content\\\/uploads\\\/2023\\\/09\\\/WhatsApp-Image-2023-09-19-at-14.44.41-122x122.jpeg\",\"contentUrl\":\"https:\\\/\\\/macite.tg\\\/wp-content\\\/uploads\\\/2023\\\/09\\\/WhatsApp-Image-2023-09-19-at-14.44.41-122x122.jpeg\",\"caption\":\"Jean Pierre BAWELA\"},\"url\":\"https:\\\/\\\/macite.tg\\\/?author=2\"}]}<\/script>\n<!-- \/ Yoast SEO plugin. -->","yoast_head_json":{"title":"PROTECTION DE L'ENFANT : Les avanc\u00e9es faites en 2025 -","robots":{"index":"index","follow":"follow","max-snippet":"max-snippet:-1","max-image-preview":"max-image-preview:large","max-video-preview":"max-video-preview:-1"},"canonical":"https:\/\/macite.tg\/?p=28008","og_locale":"fr_FR","og_type":"article","og_title":"PROTECTION DE L'ENFANT : Les avanc\u00e9es faites en 2025 -","og_description":"La protection de l&rsquo;enfant est un enjeu social parmi d&rsquo;autres, intimement li\u00e9 aux ambitions de d\u00e9veloppement et de coh\u00e9sion nationale. L&rsquo;ambition est toute d\u00e9finie par l&rsquo;\u00c9tat, c&rsquo;est de garantir \u00e0 chaque enfant un environnement protecteur, propice \u00e0 son \u00e9panouissement et \u00e0 la r\u00e9alisation de son [&hellip;]","og_url":"https:\/\/macite.tg\/?p=28008","article_published_time":"2026-02-04T10:58:27+00:00","article_modified_time":"2026-02-04T11:06:59+00:00","og_image":[{"width":322,"height":250,"url":"https:\/\/macite.tg\/wp-content\/uploads\/2026\/02\/image-9.png","type":"image\/png"}],"author":"Jean Pierre BAWELA","twitter_card":"summary_large_image","twitter_misc":{"\u00c9crit par":"Jean Pierre BAWELA","Dur\u00e9e de lecture estim\u00e9e":"3 minutes"},"schema":{"@context":"https:\/\/schema.org","@graph":[{"@type":"Article","@id":"https:\/\/macite.tg\/?p=28008#article","isPartOf":{"@id":"https:\/\/macite.tg\/?p=28008"},"author":{"name":"Jean Pierre BAWELA","@id":"https:\/\/macite.tg\/#\/schema\/person\/e9f2de7e5dbbe7770a9402c7ce82f5c2"},"headline":"PROTECTION DE L&rsquo;ENFANT : Les avanc\u00e9es faites en 2025","datePublished":"2026-02-04T10:58:27+00:00","dateModified":"2026-02-04T11:06:59+00:00","mainEntityOfPage":{"@id":"https:\/\/macite.tg\/?p=28008"},"wordCount":520,"commentCount":0,"image":{"@id":"https:\/\/macite.tg\/?p=28008#primaryimage"},"thumbnailUrl":"https:\/\/macite.tg\/wp-content\/uploads\/2026\/02\/image-9.png","articleSection":["ACTUALITE","SOCIETE"],"inLanguage":"fr-FR","potentialAction":[{"@type":"CommentAction","name":"Comment","target":["https:\/\/macite.tg\/?p=28008#respond"]}]},{"@type":"WebPage","@id":"https:\/\/macite.tg\/?p=28008","url":"https:\/\/macite.tg\/?p=28008","name":"PROTECTION DE L'ENFANT : Les avanc\u00e9es faites en 2025 -","isPartOf":{"@id":"https:\/\/macite.tg\/#website"},"primaryImageOfPage":{"@id":"https:\/\/macite.tg\/?p=28008#primaryimage"},"image":{"@id":"https:\/\/macite.tg\/?p=28008#primaryimage"},"thumbnailUrl":"https:\/\/macite.tg\/wp-content\/uploads\/2026\/02\/image-9.png","datePublished":"2026-02-04T10:58:27+00:00","dateModified":"2026-02-04T11:06:59+00:00","author":{"@id":"https:\/\/macite.tg\/#\/schema\/person\/e9f2de7e5dbbe7770a9402c7ce82f5c2"},"breadcrumb":{"@id":"https:\/\/macite.tg\/?p=28008#breadcrumb"},"inLanguage":"fr-FR","potentialAction":[{"@type":"ReadAction","target":["https:\/\/macite.tg\/?p=28008"]}]},{"@type":"ImageObject","inLanguage":"fr-FR","@id":"https:\/\/macite.tg\/?p=28008#primaryimage","url":"https:\/\/macite.tg\/wp-content\/uploads\/2026\/02\/image-9.png","contentUrl":"https:\/\/macite.tg\/wp-content\/uploads\/2026\/02\/image-9.png","width":322,"height":250},{"@type":"BreadcrumbList","@id":"https:\/\/macite.tg\/?p=28008#breadcrumb","itemListElement":[{"@type":"ListItem","position":1,"name":"Accueil","item":"https:\/\/macite.tg\/"},{"@type":"ListItem","position":2,"name":"PROTECTION DE L&rsquo;ENFANT : Les avanc\u00e9es faites en 2025"}]},{"@type":"WebSite","@id":"https:\/\/macite.tg\/#website","url":"https:\/\/macite.tg\/","name":"","description":"L&#039;information, la bonne!!!","potentialAction":[{"@type":"SearchAction","target":{"@type":"EntryPoint","urlTemplate":"https:\/\/macite.tg\/?s={search_term_string}"},"query-input":{"@type":"PropertyValueSpecification","valueRequired":true,"valueName":"search_term_string"}}],"inLanguage":"fr-FR"},{"@type":"Person","@id":"https:\/\/macite.tg\/#\/schema\/person\/e9f2de7e5dbbe7770a9402c7ce82f5c2","name":"Jean Pierre BAWELA","image":{"@type":"ImageObject","inLanguage":"fr-FR","@id":"https:\/\/macite.tg\/wp-content\/uploads\/2023\/09\/WhatsApp-Image-2023-09-19-at-14.44.41-122x122.jpeg","url":"https:\/\/macite.tg\/wp-content\/uploads\/2023\/09\/WhatsApp-Image-2023-09-19-at-14.44.41-122x122.jpeg","contentUrl":"https:\/\/macite.tg\/wp-content\/uploads\/2023\/09\/WhatsApp-Image-2023-09-19-at-14.44.41-122x122.jpeg","caption":"Jean Pierre BAWELA"},"url":"https:\/\/macite.tg\/?author=2"}]}},"_links":{"self":[{"href":"https:\/\/macite.tg\/index.php?rest_route=\/wp\/v2\/posts\/28008","targetHints":{"allow":["GET"]}}],"collection":[{"href":"https:\/\/macite.tg\/index.php?rest_route=\/wp\/v2\/posts"}],"about":[{"href":"https:\/\/macite.tg\/index.php?rest_route=\/wp\/v2\/types\/post"}],"author":[{"embeddable":true,"href":"https:\/\/macite.tg\/index.php?rest_route=\/wp\/v2\/users\/2"}],"replies":[{"embeddable":true,"href":"https:\/\/macite.tg\/index.php?rest_route=%2Fwp%2Fv2%2Fcomments&post=28008"}],"version-history":[{"count":0,"href":"https:\/\/macite.tg\/index.php?rest_route=\/wp\/v2\/posts\/28008\/revisions"}],"wp:featuredmedia":[{"embeddable":true,"href":"https:\/\/macite.tg\/index.php?rest_route=\/wp\/v2\/media\/28011"}],"wp:attachment":[{"href":"https:\/\/macite.tg\/index.php?rest_route=%2Fwp%2Fv2%2Fmedia&parent=28008"}],"wp:term":[{"taxonomy":"category","embeddable":true,"href":"https:\/\/macite.tg\/index.php?rest_route=%2Fwp%2Fv2%2Fcategories&post=28008"},{"taxonomy":"post_tag","embeddable":true,"href":"https:\/\/macite.tg\/index.php?rest_route=%2Fwp%2Fv2%2Ftags&post=28008"}],"curies":[{"name":"wp","href":"https:\/\/api.w.org\/{rel}","templated":true}]}}