{"id":27992,"date":"2026-02-03T17:17:30","date_gmt":"2026-02-03T17:17:30","guid":{"rendered":"https:\/\/macite.tg\/?p=27992"},"modified":"2026-02-03T17:17:40","modified_gmt":"2026-02-03T17:17:40","slug":"foot-transfert-le-nigerian-ademola-lookman-signe-a-latletico-madrid","status":"publish","type":"post","link":"https:\/\/macite.tg\/?p=27992","title":{"rendered":"FOOT \/ TRANSFERT\u00a0: Le Nig\u00e9rian Ademola Lookman signe \u00e0 l\u2019Atl\u00e9tico Madrid"},"content":{"rendered":"\n<p class=\"wp-block-paragraph\"><\/p>\n\n\n\n<p class=\"wp-block-paragraph\"><strong><em>International nig\u00e9rian,&nbsp;Ademola Lookman&nbsp;n\u2019est plus joueur de l\u2019Atalanta \u00e0 compter de ce lundi 2 f\u00e9vrier 2026. Le Ballon d\u2019Or africain 2024 a officiellement sign\u00e9 \u00e0 l\u2019Atl\u00e9tico Madrid.<\/em><\/strong><\/p>\n\n\n\n<p class=\"wp-block-paragraph\"><strong>Officiel : Ademola Lookman a sign\u00e9 avec l\u2019Atl\u00e9tico Madrid<\/strong><\/p>\n\n\n\n<p class=\"wp-block-paragraph\">S\u2019il \u00e9tait tr\u00e8s courtis\u00e9 par plusieurs clubs cet hiver,&nbsp;<strong>Ademola Lookman<\/strong>&nbsp;a finalement opt\u00e9 pour l\u2019Espagne pour poursuivre sa carri\u00e8re. Le transfert du Nig\u00e9rian a \u00e9t\u00e9 conclu ce lundi pour plus de 40 millions d\u2019euros bonus compris. Un transfert qui met fin \u00e0 une relation compliqu\u00e9e avec l\u2019Atalanta, marqu\u00e9e par plusieurs tentatives de d\u00e9part manqu\u00e9es et un bras de fer avec la direction bergamasque.<\/p>\n\n\n\n<figure class=\"wp-block-image size-full\"><img loading=\"lazy\" decoding=\"async\" width=\"851\" height=\"315\" src=\"https:\/\/macite.tg\/wp-content\/uploads\/2026\/01\/OTR_Ferer-pour-batir-1-1.jpg\" alt=\"\" class=\"wp-image-27769\" srcset=\"https:\/\/macite.tg\/wp-content\/uploads\/2026\/01\/OTR_Ferer-pour-batir-1-1.jpg 851w, https:\/\/macite.tg\/wp-content\/uploads\/2026\/01\/OTR_Ferer-pour-batir-1-1-300x111.jpg 300w, https:\/\/macite.tg\/wp-content\/uploads\/2026\/01\/OTR_Ferer-pour-batir-1-1-768x284.jpg 768w\" sizes=\"auto, (max-width: 851px) 100vw, 851px\" \/><\/figure>\n\n\n\n<p class=\"wp-block-paragraph\">Ademola Lookman avait exprim\u00e9 l\u2019\u00e9t\u00e9 dernier sa volont\u00e9 de quitter le club, notamment apr\u00e8s une offre refus\u00e9e de l\u2019Inter, mais avait accept\u00e9 de rester en Italie jusqu\u2019\u00e0 ce mercato hivernal.<\/p>\n\n\n\n<p class=\"wp-block-paragraph\">Lors de la CAN 2025 au Maroc, Ademola Lookman avait brill\u00e9 compilant trois buts et quatre passes d\u00e9cisives en six rencontres, confirmant sa capacit\u00e9 \u00e0 faire la diff\u00e9rence sur la sc\u00e8ne internationale.<\/p>\n\n\n<div class=\"wp-block-image\">\n<figure class=\"aligncenter size-large is-resized\"><img loading=\"lazy\" decoding=\"async\" width=\"1024\" height=\"1024\" src=\"https:\/\/macite.tg\/wp-content\/uploads\/2026\/01\/623395023_1512975654170569_1154007761338906948_n-1024x1024.jpg\" alt=\"\" class=\"wp-image-27896\" style=\"width:516px;height:auto\" srcset=\"https:\/\/macite.tg\/wp-content\/uploads\/2026\/01\/623395023_1512975654170569_1154007761338906948_n-1024x1024.jpg 1024w, https:\/\/macite.tg\/wp-content\/uploads\/2026\/01\/623395023_1512975654170569_1154007761338906948_n-300x300.jpg 300w, https:\/\/macite.tg\/wp-content\/uploads\/2026\/01\/623395023_1512975654170569_1154007761338906948_n-150x150.jpg 150w, https:\/\/macite.tg\/wp-content\/uploads\/2026\/01\/623395023_1512975654170569_1154007761338906948_n-768x768.jpg 768w, https:\/\/macite.tg\/wp-content\/uploads\/2026\/01\/623395023_1512975654170569_1154007761338906948_n-122x122.jpg 122w, https:\/\/macite.tg\/wp-content\/uploads\/2026\/01\/623395023_1512975654170569_1154007761338906948_n.jpg 1080w\" sizes=\"auto, (max-width: 1024px) 100vw, 1024px\" \/><\/figure>\n<\/div>\n\n\n<p class=\"wp-block-paragraph\">Son arriv\u00e9e \u00e0 Madrid r\u00e9pond donc \u00e0 un besoin urgent pour Diego Simeone, qui souhaitait recruter un joueur offensif capable d\u2019apporter vitesse, percussion et finition, tout en compl\u00e9tant un effectif d\u00e9j\u00e0 solide.<\/p>\n\n\n\n<p class=\"wp-block-paragraph\"><strong>MSN<\/strong><\/p>\n\n\n\n<p class=\"wp-block-paragraph\"><a><strong><em>@macite.tg&nbsp;&nbsp;&nbsp;&nbsp;&nbsp;&nbsp;&nbsp;&nbsp;<\/em><\/strong><\/a><\/p>\n\n\n\n<p class=\"wp-block-paragraph\"><strong><em>E-mail&nbsp;: <\/em><\/strong><a href=\"mailto:maciteinfo@gmail.com\"><strong><em>maciteinfo@gmail.com<\/em><\/strong><\/a><strong><em>; <\/em><\/strong><a href=\"mailto:bawela1@gmail.com\"><strong><em>bawela1@gmail.com<\/em><\/strong><\/a><strong><em><\/em><\/strong><\/p>\n\n\n\n<p class=\"wp-block-paragraph\"><strong><em>Pour vos annonces, (publi)reportages, etc., joignez-nous au (00228)91515309\/<strong>79872224 <\/strong><strong><\/strong><\/em><\/strong><\/p>\n\n\n\n<p class=\"wp-block-paragraph\"><strong><em>www.macite.tg, L\u2019information, la bonne&nbsp;!<\/em><\/strong><\/p>\n\n\n\n<p class=\"wp-block-paragraph\"><\/p>\n","protected":false},"excerpt":{"rendered":"<p class=\"text-justify mb-2\" >International nig\u00e9rian,&nbsp;Ademola Lookman&nbsp;n\u2019est plus joueur de l\u2019Atalanta \u00e0 compter de ce lundi 2 f\u00e9vrier 2026. Le Ballon d\u2019Or africain 2024 a officiellement sign\u00e9 \u00e0 l\u2019Atl\u00e9tico Madrid. Officiel : Ademola Lookman a sign\u00e9 avec l\u2019Atl\u00e9tico Madrid S\u2019il \u00e9tait tr\u00e8s courtis\u00e9 par plusieurs clubs cet hiver,&nbsp;Ademola Lookman&nbsp;a [&hellip;]<\/p>\n","protected":false},"author":2,"featured_media":27993,"comment_status":"open","ping_status":"open","sticky":false,"template":"","format":"standard","meta":{"footnotes":""},"categories":[20,63,7],"tags":[],"class_list":["post-27992","post","type-post","status-publish","format-standard","has-post-thumbnail","hentry","category-actualite","category-football","category-sports"],"yoast_head":"<!-- This site is optimized with the Yoast SEO plugin v28.4 - https:\/\/yoast.com\/product\/yoast-seo-wordpress\/ -->\n<title>FOOT \/ TRANSFERT\u00a0: Le Nig\u00e9rian Ademola Lookman signe \u00e0 l\u2019Atl\u00e9tico Madrid -<\/title>\n<meta name=\"robots\" content=\"index, follow, max-snippet:-1, max-image-preview:large, max-video-preview:-1\" \/>\n<link rel=\"canonical\" href=\"https:\/\/macite.tg\/?p=27992\" \/>\n<meta property=\"og:locale\" content=\"fr_FR\" \/>\n<meta property=\"og:type\" content=\"article\" \/>\n<meta property=\"og:title\" content=\"FOOT \/ TRANSFERT\u00a0: Le Nig\u00e9rian Ademola Lookman signe \u00e0 l\u2019Atl\u00e9tico Madrid -\" \/>\n<meta property=\"og:description\" content=\"International nig\u00e9rian,&nbsp;Ademola Lookman&nbsp;n\u2019est plus joueur de l\u2019Atalanta \u00e0 compter de ce lundi 2 f\u00e9vrier 2026. Le Ballon d\u2019Or africain 2024 a officiellement sign\u00e9 \u00e0 l\u2019Atl\u00e9tico Madrid. Officiel : Ademola Lookman a sign\u00e9 avec l\u2019Atl\u00e9tico Madrid S\u2019il \u00e9tait tr\u00e8s courtis\u00e9 par plusieurs clubs cet hiver,&nbsp;Ademola Lookman&nbsp;a [&hellip;]\" \/>\n<meta property=\"og:url\" content=\"https:\/\/macite.tg\/?p=27992\" \/>\n<meta property=\"article:published_time\" content=\"2026-02-03T17:17:30+00:00\" \/>\n<meta property=\"article:modified_time\" content=\"2026-02-03T17:17:40+00:00\" \/>\n<meta property=\"og:image\" content=\"https:\/\/macite.tg\/wp-content\/uploads\/2026\/02\/LOOKMAN.jpg\" \/>\n\t<meta property=\"og:image:width\" content=\"500\" \/>\n\t<meta property=\"og:image:height\" content=\"625\" \/>\n\t<meta property=\"og:image:type\" content=\"image\/jpeg\" \/>\n<meta name=\"author\" content=\"Jean Pierre BAWELA\" \/>\n<meta name=\"twitter:card\" content=\"summary_large_image\" \/>\n<meta name=\"twitter:label1\" content=\"\u00c9crit par\" \/>\n\t<meta name=\"twitter:data1\" content=\"Jean Pierre BAWELA\" \/>\n\t<meta name=\"twitter:label2\" content=\"Dur\u00e9e de lecture estim\u00e9e\" \/>\n\t<meta name=\"twitter:data2\" content=\"2 minutes\" \/>\n<script type=\"application\/ld+json\" class=\"yoast-schema-graph\">{\"@context\":\"https:\\\/\\\/schema.org\",\"@graph\":[{\"@type\":\"Article\",\"@id\":\"https:\\\/\\\/macite.tg\\\/?p=27992#article\",\"isPartOf\":{\"@id\":\"https:\\\/\\\/macite.tg\\\/?p=27992\"},\"author\":{\"name\":\"Jean Pierre BAWELA\",\"@id\":\"https:\\\/\\\/macite.tg\\\/#\\\/schema\\\/person\\\/e9f2de7e5dbbe7770a9402c7ce82f5c2\"},\"headline\":\"FOOT \\\/ TRANSFERT\u00a0: Le Nig\u00e9rian Ademola Lookman signe \u00e0 l\u2019Atl\u00e9tico Madrid\",\"datePublished\":\"2026-02-03T17:17:30+00:00\",\"dateModified\":\"2026-02-03T17:17:40+00:00\",\"mainEntityOfPage\":{\"@id\":\"https:\\\/\\\/macite.tg\\\/?p=27992\"},\"wordCount\":266,\"commentCount\":0,\"image\":{\"@id\":\"https:\\\/\\\/macite.tg\\\/?p=27992#primaryimage\"},\"thumbnailUrl\":\"https:\\\/\\\/macite.tg\\\/wp-content\\\/uploads\\\/2026\\\/02\\\/LOOKMAN.jpg\",\"articleSection\":[\"ACTUALITE\",\"FOOTBALL\",\"SPORTS\"],\"inLanguage\":\"fr-FR\",\"potentialAction\":[{\"@type\":\"CommentAction\",\"name\":\"Comment\",\"target\":[\"https:\\\/\\\/macite.tg\\\/?p=27992#respond\"]}]},{\"@type\":\"WebPage\",\"@id\":\"https:\\\/\\\/macite.tg\\\/?p=27992\",\"url\":\"https:\\\/\\\/macite.tg\\\/?p=27992\",\"name\":\"FOOT \\\/ TRANSFERT\u00a0: Le Nig\u00e9rian Ademola Lookman signe \u00e0 l\u2019Atl\u00e9tico Madrid -\",\"isPartOf\":{\"@id\":\"https:\\\/\\\/macite.tg\\\/#website\"},\"primaryImageOfPage\":{\"@id\":\"https:\\\/\\\/macite.tg\\\/?p=27992#primaryimage\"},\"image\":{\"@id\":\"https:\\\/\\\/macite.tg\\\/?p=27992#primaryimage\"},\"thumbnailUrl\":\"https:\\\/\\\/macite.tg\\\/wp-content\\\/uploads\\\/2026\\\/02\\\/LOOKMAN.jpg\",\"datePublished\":\"2026-02-03T17:17:30+00:00\",\"dateModified\":\"2026-02-03T17:17:40+00:00\",\"author\":{\"@id\":\"https:\\\/\\\/macite.tg\\\/#\\\/schema\\\/person\\\/e9f2de7e5dbbe7770a9402c7ce82f5c2\"},\"breadcrumb\":{\"@id\":\"https:\\\/\\\/macite.tg\\\/?p=27992#breadcrumb\"},\"inLanguage\":\"fr-FR\",\"potentialAction\":[{\"@type\":\"ReadAction\",\"target\":[\"https:\\\/\\\/macite.tg\\\/?p=27992\"]}]},{\"@type\":\"ImageObject\",\"inLanguage\":\"fr-FR\",\"@id\":\"https:\\\/\\\/macite.tg\\\/?p=27992#primaryimage\",\"url\":\"https:\\\/\\\/macite.tg\\\/wp-content\\\/uploads\\\/2026\\\/02\\\/LOOKMAN.jpg\",\"contentUrl\":\"https:\\\/\\\/macite.tg\\\/wp-content\\\/uploads\\\/2026\\\/02\\\/LOOKMAN.jpg\",\"width\":500,\"height\":625},{\"@type\":\"BreadcrumbList\",\"@id\":\"https:\\\/\\\/macite.tg\\\/?p=27992#breadcrumb\",\"itemListElement\":[{\"@type\":\"ListItem\",\"position\":1,\"name\":\"Accueil\",\"item\":\"https:\\\/\\\/macite.tg\\\/\"},{\"@type\":\"ListItem\",\"position\":2,\"name\":\"FOOT \\\/ TRANSFERT\u00a0: Le Nig\u00e9rian Ademola Lookman signe \u00e0 l\u2019Atl\u00e9tico Madrid\"}]},{\"@type\":\"WebSite\",\"@id\":\"https:\\\/\\\/macite.tg\\\/#website\",\"url\":\"https:\\\/\\\/macite.tg\\\/\",\"name\":\"\",\"description\":\"L&#039;information, la bonne!!!\",\"potentialAction\":[{\"@type\":\"SearchAction\",\"target\":{\"@type\":\"EntryPoint\",\"urlTemplate\":\"https:\\\/\\\/macite.tg\\\/?s={search_term_string}\"},\"query-input\":{\"@type\":\"PropertyValueSpecification\",\"valueRequired\":true,\"valueName\":\"search_term_string\"}}],\"inLanguage\":\"fr-FR\"},{\"@type\":\"Person\",\"@id\":\"https:\\\/\\\/macite.tg\\\/#\\\/schema\\\/person\\\/e9f2de7e5dbbe7770a9402c7ce82f5c2\",\"name\":\"Jean Pierre BAWELA\",\"image\":{\"@type\":\"ImageObject\",\"inLanguage\":\"fr-FR\",\"@id\":\"https:\\\/\\\/macite.tg\\\/wp-content\\\/uploads\\\/2023\\\/09\\\/WhatsApp-Image-2023-09-19-at-14.44.41-122x122.jpeg\",\"url\":\"https:\\\/\\\/macite.tg\\\/wp-content\\\/uploads\\\/2023\\\/09\\\/WhatsApp-Image-2023-09-19-at-14.44.41-122x122.jpeg\",\"contentUrl\":\"https:\\\/\\\/macite.tg\\\/wp-content\\\/uploads\\\/2023\\\/09\\\/WhatsApp-Image-2023-09-19-at-14.44.41-122x122.jpeg\",\"caption\":\"Jean Pierre BAWELA\"},\"url\":\"https:\\\/\\\/macite.tg\\\/?author=2\"}]}<\/script>\n<!-- \/ Yoast SEO plugin. -->","yoast_head_json":{"title":"FOOT \/ TRANSFERT\u00a0: Le Nig\u00e9rian Ademola Lookman signe \u00e0 l\u2019Atl\u00e9tico Madrid -","robots":{"index":"index","follow":"follow","max-snippet":"max-snippet:-1","max-image-preview":"max-image-preview:large","max-video-preview":"max-video-preview:-1"},"canonical":"https:\/\/macite.tg\/?p=27992","og_locale":"fr_FR","og_type":"article","og_title":"FOOT \/ TRANSFERT\u00a0: Le Nig\u00e9rian Ademola Lookman signe \u00e0 l\u2019Atl\u00e9tico Madrid -","og_description":"International nig\u00e9rian,&nbsp;Ademola Lookman&nbsp;n\u2019est plus joueur de l\u2019Atalanta \u00e0 compter de ce lundi 2 f\u00e9vrier 2026. Le Ballon d\u2019Or africain 2024 a officiellement sign\u00e9 \u00e0 l\u2019Atl\u00e9tico Madrid. Officiel : Ademola Lookman a sign\u00e9 avec l\u2019Atl\u00e9tico Madrid S\u2019il \u00e9tait tr\u00e8s courtis\u00e9 par plusieurs clubs cet hiver,&nbsp;Ademola Lookman&nbsp;a [&hellip;]","og_url":"https:\/\/macite.tg\/?p=27992","article_published_time":"2026-02-03T17:17:30+00:00","article_modified_time":"2026-02-03T17:17:40+00:00","og_image":[{"width":500,"height":625,"url":"https:\/\/macite.tg\/wp-content\/uploads\/2026\/02\/LOOKMAN.jpg","type":"image\/jpeg"}],"author":"Jean Pierre BAWELA","twitter_card":"summary_large_image","twitter_misc":{"\u00c9crit par":"Jean Pierre BAWELA","Dur\u00e9e de lecture estim\u00e9e":"2 minutes"},"schema":{"@context":"https:\/\/schema.org","@graph":[{"@type":"Article","@id":"https:\/\/macite.tg\/?p=27992#article","isPartOf":{"@id":"https:\/\/macite.tg\/?p=27992"},"author":{"name":"Jean Pierre BAWELA","@id":"https:\/\/macite.tg\/#\/schema\/person\/e9f2de7e5dbbe7770a9402c7ce82f5c2"},"headline":"FOOT \/ TRANSFERT\u00a0: Le Nig\u00e9rian Ademola Lookman signe \u00e0 l\u2019Atl\u00e9tico Madrid","datePublished":"2026-02-03T17:17:30+00:00","dateModified":"2026-02-03T17:17:40+00:00","mainEntityOfPage":{"@id":"https:\/\/macite.tg\/?p=27992"},"wordCount":266,"commentCount":0,"image":{"@id":"https:\/\/macite.tg\/?p=27992#primaryimage"},"thumbnailUrl":"https:\/\/macite.tg\/wp-content\/uploads\/2026\/02\/LOOKMAN.jpg","articleSection":["ACTUALITE","FOOTBALL","SPORTS"],"inLanguage":"fr-FR","potentialAction":[{"@type":"CommentAction","name":"Comment","target":["https:\/\/macite.tg\/?p=27992#respond"]}]},{"@type":"WebPage","@id":"https:\/\/macite.tg\/?p=27992","url":"https:\/\/macite.tg\/?p=27992","name":"FOOT \/ TRANSFERT\u00a0: Le Nig\u00e9rian Ademola Lookman signe \u00e0 l\u2019Atl\u00e9tico Madrid -","isPartOf":{"@id":"https:\/\/macite.tg\/#website"},"primaryImageOfPage":{"@id":"https:\/\/macite.tg\/?p=27992#primaryimage"},"image":{"@id":"https:\/\/macite.tg\/?p=27992#primaryimage"},"thumbnailUrl":"https:\/\/macite.tg\/wp-content\/uploads\/2026\/02\/LOOKMAN.jpg","datePublished":"2026-02-03T17:17:30+00:00","dateModified":"2026-02-03T17:17:40+00:00","author":{"@id":"https:\/\/macite.tg\/#\/schema\/person\/e9f2de7e5dbbe7770a9402c7ce82f5c2"},"breadcrumb":{"@id":"https:\/\/macite.tg\/?p=27992#breadcrumb"},"inLanguage":"fr-FR","potentialAction":[{"@type":"ReadAction","target":["https:\/\/macite.tg\/?p=27992"]}]},{"@type":"ImageObject","inLanguage":"fr-FR","@id":"https:\/\/macite.tg\/?p=27992#primaryimage","url":"https:\/\/macite.tg\/wp-content\/uploads\/2026\/02\/LOOKMAN.jpg","contentUrl":"https:\/\/macite.tg\/wp-content\/uploads\/2026\/02\/LOOKMAN.jpg","width":500,"height":625},{"@type":"BreadcrumbList","@id":"https:\/\/macite.tg\/?p=27992#breadcrumb","itemListElement":[{"@type":"ListItem","position":1,"name":"Accueil","item":"https:\/\/macite.tg\/"},{"@type":"ListItem","position":2,"name":"FOOT \/ TRANSFERT\u00a0: Le Nig\u00e9rian Ademola Lookman signe \u00e0 l\u2019Atl\u00e9tico Madrid"}]},{"@type":"WebSite","@id":"https:\/\/macite.tg\/#website","url":"https:\/\/macite.tg\/","name":"","description":"L&#039;information, la bonne!!!","potentialAction":[{"@type":"SearchAction","target":{"@type":"EntryPoint","urlTemplate":"https:\/\/macite.tg\/?s={search_term_string}"},"query-input":{"@type":"PropertyValueSpecification","valueRequired":true,"valueName":"search_term_string"}}],"inLanguage":"fr-FR"},{"@type":"Person","@id":"https:\/\/macite.tg\/#\/schema\/person\/e9f2de7e5dbbe7770a9402c7ce82f5c2","name":"Jean Pierre BAWELA","image":{"@type":"ImageObject","inLanguage":"fr-FR","@id":"https:\/\/macite.tg\/wp-content\/uploads\/2023\/09\/WhatsApp-Image-2023-09-19-at-14.44.41-122x122.jpeg","url":"https:\/\/macite.tg\/wp-content\/uploads\/2023\/09\/WhatsApp-Image-2023-09-19-at-14.44.41-122x122.jpeg","contentUrl":"https:\/\/macite.tg\/wp-content\/uploads\/2023\/09\/WhatsApp-Image-2023-09-19-at-14.44.41-122x122.jpeg","caption":"Jean Pierre BAWELA"},"url":"https:\/\/macite.tg\/?author=2"}]}},"_links":{"self":[{"href":"https:\/\/macite.tg\/index.php?rest_route=\/wp\/v2\/posts\/27992","targetHints":{"allow":["GET"]}}],"collection":[{"href":"https:\/\/macite.tg\/index.php?rest_route=\/wp\/v2\/posts"}],"about":[{"href":"https:\/\/macite.tg\/index.php?rest_route=\/wp\/v2\/types\/post"}],"author":[{"embeddable":true,"href":"https:\/\/macite.tg\/index.php?rest_route=\/wp\/v2\/users\/2"}],"replies":[{"embeddable":true,"href":"https:\/\/macite.tg\/index.php?rest_route=%2Fwp%2Fv2%2Fcomments&post=27992"}],"version-history":[{"count":0,"href":"https:\/\/macite.tg\/index.php?rest_route=\/wp\/v2\/posts\/27992\/revisions"}],"wp:featuredmedia":[{"embeddable":true,"href":"https:\/\/macite.tg\/index.php?rest_route=\/wp\/v2\/media\/27993"}],"wp:attachment":[{"href":"https:\/\/macite.tg\/index.php?rest_route=%2Fwp%2Fv2%2Fmedia&parent=27992"}],"wp:term":[{"taxonomy":"category","embeddable":true,"href":"https:\/\/macite.tg\/index.php?rest_route=%2Fwp%2Fv2%2Fcategories&post=27992"},{"taxonomy":"post_tag","embeddable":true,"href":"https:\/\/macite.tg\/index.php?rest_route=%2Fwp%2Fv2%2Ftags&post=27992"}],"curies":[{"name":"wp","href":"https:\/\/api.w.org\/{rel}","templated":true}]}}