{"id":27985,"date":"2026-02-03T13:42:34","date_gmt":"2026-02-03T13:42:34","guid":{"rendered":"https:\/\/macite.tg\/?p=27985"},"modified":"2026-02-03T13:43:12","modified_gmt":"2026-02-03T13:43:12","slug":"bresil-celebration-de-yemanja-des-milliers-dafro-descendants-rendent-hommage-a-la-deesse-de-la-mer","status":"publish","type":"post","link":"https:\/\/macite.tg\/?p=27985","title":{"rendered":"BRESIL \/ CELEBRATION DE YEMANJA\u00a0: Des milliers d\u2019afro-descendants rendent hommage \u00e0 la d\u00e9esse de la mer"},"content":{"rendered":"\n<p class=\"wp-block-paragraph\"><strong><em>Au Br\u00e9sil, des milliers de fid\u00e8les se r\u00e9unissent \u00e0 Rio pour c\u00e9l\u00e9brer Yemanj\u00e1, d\u00e9esse afro-br\u00e9silienne de la mer, lors de rituels sur la plage.<\/em><\/strong><\/p>\n\n\n\n<p class=\"wp-block-paragraph\">Parmi les c\u00e9l\u00e9brations les plus marquantes du Br\u00e9sil, la c\u00e9r\u00e9monie a rassembl\u00e9 des foules habill\u00e9es de blanc, p\u00e9n\u00e9trant dans la mer au son cadenc\u00e9 des tambours. Fleurs et offrandes ont \u00e9t\u00e9 d\u00e9pos\u00e9es dans l\u2019eau, tandis que les participants formulaient des pri\u00e8res pour la protection, le bien-\u00eatre et l\u2019harmonie.<\/p>\n\n\n\n<figure class=\"wp-block-image size-full\"><img loading=\"lazy\" decoding=\"async\" width=\"851\" height=\"315\" src=\"https:\/\/macite.tg\/wp-content\/uploads\/2026\/01\/OTR_Ferer-pour-batir-1-1.jpg\" alt=\"\" class=\"wp-image-27769\" srcset=\"https:\/\/macite.tg\/wp-content\/uploads\/2026\/01\/OTR_Ferer-pour-batir-1-1.jpg 851w, https:\/\/macite.tg\/wp-content\/uploads\/2026\/01\/OTR_Ferer-pour-batir-1-1-300x111.jpg 300w, https:\/\/macite.tg\/wp-content\/uploads\/2026\/01\/OTR_Ferer-pour-batir-1-1-768x284.jpg 768w\" sizes=\"auto, (max-width: 851px) 100vw, 851px\" \/><\/figure>\n\n\n\n<p class=\"wp-block-paragraph\">Le rituel rend hommage \u00e0 Yemanj\u00e1, divinit\u00e9 majeure du candombl\u00e9 et de l\u2019umbanda, incarnation de la mer et de la maternit\u00e9. Issue de la tradition yoruba, elle a \u00e9t\u00e9 associ\u00e9e \u00e0 la Vierge Marie par le syncr\u00e9tisme religieux d\u00e9velopp\u00e9 sous la colonisation, permettant aux Africains r\u00e9duits en esclavage de pr\u00e9server leurs croyances.<\/p>\n\n\n<div class=\"wp-block-image\">\n<figure class=\"aligncenter size-large is-resized\"><img loading=\"lazy\" decoding=\"async\" width=\"1024\" height=\"1024\" src=\"https:\/\/macite.tg\/wp-content\/uploads\/2026\/01\/623395023_1512975654170569_1154007761338906948_n-1024x1024.jpg\" alt=\"\" class=\"wp-image-27896\" style=\"width:498px;height:auto\" srcset=\"https:\/\/macite.tg\/wp-content\/uploads\/2026\/01\/623395023_1512975654170569_1154007761338906948_n-1024x1024.jpg 1024w, https:\/\/macite.tg\/wp-content\/uploads\/2026\/01\/623395023_1512975654170569_1154007761338906948_n-300x300.jpg 300w, https:\/\/macite.tg\/wp-content\/uploads\/2026\/01\/623395023_1512975654170569_1154007761338906948_n-150x150.jpg 150w, https:\/\/macite.tg\/wp-content\/uploads\/2026\/01\/623395023_1512975654170569_1154007761338906948_n-768x768.jpg 768w, https:\/\/macite.tg\/wp-content\/uploads\/2026\/01\/623395023_1512975654170569_1154007761338906948_n-122x122.jpg 122w, https:\/\/macite.tg\/wp-content\/uploads\/2026\/01\/623395023_1512975654170569_1154007761338906948_n.jpg 1080w\" sizes=\"auto, (max-width: 1024px) 100vw, 1024px\" \/><\/figure>\n<\/div>\n\n\n<p class=\"wp-block-paragraph\">Au-del\u00e0 de la ferveur, l\u2019\u00e9v\u00e9nement illustre la place centrale des spiritualit\u00e9s afro-br\u00e9siliennes dans les rituels publics du pays.<\/p>\n\n\n\n<p class=\"wp-block-paragraph\"><strong>MSN<\/strong><\/p>\n\n\n\n<p class=\"wp-block-paragraph\"><a><strong><em>@macite.tg&nbsp;&nbsp;&nbsp;&nbsp;&nbsp;&nbsp;&nbsp;&nbsp;<\/em><\/strong><\/a><\/p>\n\n\n\n<p class=\"wp-block-paragraph\"><strong><em>E-mail&nbsp;: <\/em><\/strong><a href=\"mailto:maciteinfo@gmail.com\"><strong><em>maciteinfo@gmail.com<\/em><\/strong><\/a><strong><em>; <\/em><\/strong><a href=\"mailto:bawela1@gmail.com\"><strong><em>bawela1@gmail.com<\/em><\/strong><\/a><strong><em><\/em><\/strong><\/p>\n\n\n\n<p class=\"wp-block-paragraph\"><strong><em>Pour vos annonces, (publi)reportages, etc., joignez-nous au (00228)91515309\/<strong>79872224 <\/strong><strong><\/strong><\/em><\/strong><\/p>\n\n\n\n<p class=\"wp-block-paragraph\"><strong><em>www.macite.tg, L\u2019information, la bonne&nbsp;!<\/em><\/strong><\/p>\n\n\n\n<p class=\"wp-block-paragraph\"><\/p>\n","protected":false},"excerpt":{"rendered":"<p class=\"text-justify mb-2\" >Au Br\u00e9sil, des milliers de fid\u00e8les se r\u00e9unissent \u00e0 Rio pour c\u00e9l\u00e9brer Yemanj\u00e1, d\u00e9esse afro-br\u00e9silienne de la mer, lors de rituels sur la plage. Parmi les c\u00e9l\u00e9brations les plus marquantes du Br\u00e9sil, la c\u00e9r\u00e9monie a rassembl\u00e9 des foules habill\u00e9es de blanc, p\u00e9n\u00e9trant dans la mer [&hellip;]<\/p>\n","protected":false},"author":2,"featured_media":27988,"comment_status":"open","ping_status":"open","sticky":false,"template":"","format":"standard","meta":{"footnotes":""},"categories":[20,18],"tags":[],"class_list":["post-27985","post","type-post","status-publish","format-standard","has-post-thumbnail","hentry","category-actualite","category-culture"],"yoast_head":"<!-- This site is optimized with the Yoast SEO plugin v28.4 - https:\/\/yoast.com\/product\/yoast-seo-wordpress\/ -->\n<title>BRESIL \/ CELEBRATION DE YEMANJA\u00a0: Des milliers d\u2019afro-descendants rendent hommage \u00e0 la d\u00e9esse de la mer -<\/title>\n<meta name=\"robots\" content=\"index, follow, max-snippet:-1, max-image-preview:large, max-video-preview:-1\" \/>\n<link rel=\"canonical\" href=\"https:\/\/macite.tg\/?p=27985\" \/>\n<meta property=\"og:locale\" content=\"fr_FR\" \/>\n<meta property=\"og:type\" content=\"article\" \/>\n<meta property=\"og:title\" content=\"BRESIL \/ CELEBRATION DE YEMANJA\u00a0: Des milliers d\u2019afro-descendants rendent hommage \u00e0 la d\u00e9esse de la mer -\" \/>\n<meta property=\"og:description\" content=\"Au Br\u00e9sil, des milliers de fid\u00e8les se r\u00e9unissent \u00e0 Rio pour c\u00e9l\u00e9brer Yemanj\u00e1, d\u00e9esse afro-br\u00e9silienne de la mer, lors de rituels sur la plage. Parmi les c\u00e9l\u00e9brations les plus marquantes du Br\u00e9sil, la c\u00e9r\u00e9monie a rassembl\u00e9 des foules habill\u00e9es de blanc, p\u00e9n\u00e9trant dans la mer [&hellip;]\" \/>\n<meta property=\"og:url\" content=\"https:\/\/macite.tg\/?p=27985\" \/>\n<meta property=\"article:published_time\" content=\"2026-02-03T13:42:34+00:00\" \/>\n<meta property=\"article:modified_time\" content=\"2026-02-03T13:43:12+00:00\" \/>\n<meta property=\"og:image\" content=\"https:\/\/macite.tg\/wp-content\/uploads\/2026\/02\/image-7.png\" \/>\n\t<meta property=\"og:image:width\" content=\"534\" \/>\n\t<meta property=\"og:image:height\" content=\"300\" \/>\n\t<meta property=\"og:image:type\" content=\"image\/png\" \/>\n<meta name=\"author\" content=\"Jean Pierre BAWELA\" \/>\n<meta name=\"twitter:card\" content=\"summary_large_image\" \/>\n<meta name=\"twitter:label1\" content=\"\u00c9crit par\" \/>\n\t<meta name=\"twitter:data1\" content=\"Jean Pierre BAWELA\" \/>\n\t<meta name=\"twitter:label2\" content=\"Dur\u00e9e de lecture estim\u00e9e\" \/>\n\t<meta name=\"twitter:data2\" content=\"2 minutes\" \/>\n<script type=\"application\/ld+json\" class=\"yoast-schema-graph\">{\"@context\":\"https:\\\/\\\/schema.org\",\"@graph\":[{\"@type\":\"Article\",\"@id\":\"https:\\\/\\\/macite.tg\\\/?p=27985#article\",\"isPartOf\":{\"@id\":\"https:\\\/\\\/macite.tg\\\/?p=27985\"},\"author\":{\"name\":\"Jean Pierre BAWELA\",\"@id\":\"https:\\\/\\\/macite.tg\\\/#\\\/schema\\\/person\\\/e9f2de7e5dbbe7770a9402c7ce82f5c2\"},\"headline\":\"BRESIL \\\/ CELEBRATION DE YEMANJA\u00a0: Des milliers d\u2019afro-descendants rendent hommage \u00e0 la d\u00e9esse de la mer\",\"datePublished\":\"2026-02-03T13:42:34+00:00\",\"dateModified\":\"2026-02-03T13:43:12+00:00\",\"mainEntityOfPage\":{\"@id\":\"https:\\\/\\\/macite.tg\\\/?p=27985\"},\"wordCount\":221,\"commentCount\":0,\"image\":{\"@id\":\"https:\\\/\\\/macite.tg\\\/?p=27985#primaryimage\"},\"thumbnailUrl\":\"https:\\\/\\\/macite.tg\\\/wp-content\\\/uploads\\\/2026\\\/02\\\/image-7.png\",\"articleSection\":[\"ACTUALITE\",\"CULTURE\"],\"inLanguage\":\"fr-FR\",\"potentialAction\":[{\"@type\":\"CommentAction\",\"name\":\"Comment\",\"target\":[\"https:\\\/\\\/macite.tg\\\/?p=27985#respond\"]}]},{\"@type\":\"WebPage\",\"@id\":\"https:\\\/\\\/macite.tg\\\/?p=27985\",\"url\":\"https:\\\/\\\/macite.tg\\\/?p=27985\",\"name\":\"BRESIL \\\/ CELEBRATION DE YEMANJA\u00a0: Des milliers d\u2019afro-descendants rendent hommage \u00e0 la d\u00e9esse de la mer -\",\"isPartOf\":{\"@id\":\"https:\\\/\\\/macite.tg\\\/#website\"},\"primaryImageOfPage\":{\"@id\":\"https:\\\/\\\/macite.tg\\\/?p=27985#primaryimage\"},\"image\":{\"@id\":\"https:\\\/\\\/macite.tg\\\/?p=27985#primaryimage\"},\"thumbnailUrl\":\"https:\\\/\\\/macite.tg\\\/wp-content\\\/uploads\\\/2026\\\/02\\\/image-7.png\",\"datePublished\":\"2026-02-03T13:42:34+00:00\",\"dateModified\":\"2026-02-03T13:43:12+00:00\",\"author\":{\"@id\":\"https:\\\/\\\/macite.tg\\\/#\\\/schema\\\/person\\\/e9f2de7e5dbbe7770a9402c7ce82f5c2\"},\"breadcrumb\":{\"@id\":\"https:\\\/\\\/macite.tg\\\/?p=27985#breadcrumb\"},\"inLanguage\":\"fr-FR\",\"potentialAction\":[{\"@type\":\"ReadAction\",\"target\":[\"https:\\\/\\\/macite.tg\\\/?p=27985\"]}]},{\"@type\":\"ImageObject\",\"inLanguage\":\"fr-FR\",\"@id\":\"https:\\\/\\\/macite.tg\\\/?p=27985#primaryimage\",\"url\":\"https:\\\/\\\/macite.tg\\\/wp-content\\\/uploads\\\/2026\\\/02\\\/image-7.png\",\"contentUrl\":\"https:\\\/\\\/macite.tg\\\/wp-content\\\/uploads\\\/2026\\\/02\\\/image-7.png\",\"width\":534,\"height\":300},{\"@type\":\"BreadcrumbList\",\"@id\":\"https:\\\/\\\/macite.tg\\\/?p=27985#breadcrumb\",\"itemListElement\":[{\"@type\":\"ListItem\",\"position\":1,\"name\":\"Accueil\",\"item\":\"https:\\\/\\\/macite.tg\\\/\"},{\"@type\":\"ListItem\",\"position\":2,\"name\":\"BRESIL \\\/ CELEBRATION DE YEMANJA\u00a0: Des milliers d\u2019afro-descendants rendent hommage \u00e0 la d\u00e9esse de la mer\"}]},{\"@type\":\"WebSite\",\"@id\":\"https:\\\/\\\/macite.tg\\\/#website\",\"url\":\"https:\\\/\\\/macite.tg\\\/\",\"name\":\"\",\"description\":\"L&#039;information, la bonne!!!\",\"potentialAction\":[{\"@type\":\"SearchAction\",\"target\":{\"@type\":\"EntryPoint\",\"urlTemplate\":\"https:\\\/\\\/macite.tg\\\/?s={search_term_string}\"},\"query-input\":{\"@type\":\"PropertyValueSpecification\",\"valueRequired\":true,\"valueName\":\"search_term_string\"}}],\"inLanguage\":\"fr-FR\"},{\"@type\":\"Person\",\"@id\":\"https:\\\/\\\/macite.tg\\\/#\\\/schema\\\/person\\\/e9f2de7e5dbbe7770a9402c7ce82f5c2\",\"name\":\"Jean Pierre BAWELA\",\"image\":{\"@type\":\"ImageObject\",\"inLanguage\":\"fr-FR\",\"@id\":\"https:\\\/\\\/macite.tg\\\/wp-content\\\/uploads\\\/2023\\\/09\\\/WhatsApp-Image-2023-09-19-at-14.44.41-122x122.jpeg\",\"url\":\"https:\\\/\\\/macite.tg\\\/wp-content\\\/uploads\\\/2023\\\/09\\\/WhatsApp-Image-2023-09-19-at-14.44.41-122x122.jpeg\",\"contentUrl\":\"https:\\\/\\\/macite.tg\\\/wp-content\\\/uploads\\\/2023\\\/09\\\/WhatsApp-Image-2023-09-19-at-14.44.41-122x122.jpeg\",\"caption\":\"Jean Pierre BAWELA\"},\"url\":\"https:\\\/\\\/macite.tg\\\/?author=2\"}]}<\/script>\n<!-- \/ Yoast SEO plugin. -->","yoast_head_json":{"title":"BRESIL \/ CELEBRATION DE YEMANJA\u00a0: Des milliers d\u2019afro-descendants rendent hommage \u00e0 la d\u00e9esse de la mer -","robots":{"index":"index","follow":"follow","max-snippet":"max-snippet:-1","max-image-preview":"max-image-preview:large","max-video-preview":"max-video-preview:-1"},"canonical":"https:\/\/macite.tg\/?p=27985","og_locale":"fr_FR","og_type":"article","og_title":"BRESIL \/ CELEBRATION DE YEMANJA\u00a0: Des milliers d\u2019afro-descendants rendent hommage \u00e0 la d\u00e9esse de la mer -","og_description":"Au Br\u00e9sil, des milliers de fid\u00e8les se r\u00e9unissent \u00e0 Rio pour c\u00e9l\u00e9brer Yemanj\u00e1, d\u00e9esse afro-br\u00e9silienne de la mer, lors de rituels sur la plage. Parmi les c\u00e9l\u00e9brations les plus marquantes du Br\u00e9sil, la c\u00e9r\u00e9monie a rassembl\u00e9 des foules habill\u00e9es de blanc, p\u00e9n\u00e9trant dans la mer [&hellip;]","og_url":"https:\/\/macite.tg\/?p=27985","article_published_time":"2026-02-03T13:42:34+00:00","article_modified_time":"2026-02-03T13:43:12+00:00","og_image":[{"width":534,"height":300,"url":"https:\/\/macite.tg\/wp-content\/uploads\/2026\/02\/image-7.png","type":"image\/png"}],"author":"Jean Pierre BAWELA","twitter_card":"summary_large_image","twitter_misc":{"\u00c9crit par":"Jean Pierre BAWELA","Dur\u00e9e de lecture estim\u00e9e":"2 minutes"},"schema":{"@context":"https:\/\/schema.org","@graph":[{"@type":"Article","@id":"https:\/\/macite.tg\/?p=27985#article","isPartOf":{"@id":"https:\/\/macite.tg\/?p=27985"},"author":{"name":"Jean Pierre BAWELA","@id":"https:\/\/macite.tg\/#\/schema\/person\/e9f2de7e5dbbe7770a9402c7ce82f5c2"},"headline":"BRESIL \/ CELEBRATION DE YEMANJA\u00a0: Des milliers d\u2019afro-descendants rendent hommage \u00e0 la d\u00e9esse de la mer","datePublished":"2026-02-03T13:42:34+00:00","dateModified":"2026-02-03T13:43:12+00:00","mainEntityOfPage":{"@id":"https:\/\/macite.tg\/?p=27985"},"wordCount":221,"commentCount":0,"image":{"@id":"https:\/\/macite.tg\/?p=27985#primaryimage"},"thumbnailUrl":"https:\/\/macite.tg\/wp-content\/uploads\/2026\/02\/image-7.png","articleSection":["ACTUALITE","CULTURE"],"inLanguage":"fr-FR","potentialAction":[{"@type":"CommentAction","name":"Comment","target":["https:\/\/macite.tg\/?p=27985#respond"]}]},{"@type":"WebPage","@id":"https:\/\/macite.tg\/?p=27985","url":"https:\/\/macite.tg\/?p=27985","name":"BRESIL \/ CELEBRATION DE YEMANJA\u00a0: Des milliers d\u2019afro-descendants rendent hommage \u00e0 la d\u00e9esse de la mer -","isPartOf":{"@id":"https:\/\/macite.tg\/#website"},"primaryImageOfPage":{"@id":"https:\/\/macite.tg\/?p=27985#primaryimage"},"image":{"@id":"https:\/\/macite.tg\/?p=27985#primaryimage"},"thumbnailUrl":"https:\/\/macite.tg\/wp-content\/uploads\/2026\/02\/image-7.png","datePublished":"2026-02-03T13:42:34+00:00","dateModified":"2026-02-03T13:43:12+00:00","author":{"@id":"https:\/\/macite.tg\/#\/schema\/person\/e9f2de7e5dbbe7770a9402c7ce82f5c2"},"breadcrumb":{"@id":"https:\/\/macite.tg\/?p=27985#breadcrumb"},"inLanguage":"fr-FR","potentialAction":[{"@type":"ReadAction","target":["https:\/\/macite.tg\/?p=27985"]}]},{"@type":"ImageObject","inLanguage":"fr-FR","@id":"https:\/\/macite.tg\/?p=27985#primaryimage","url":"https:\/\/macite.tg\/wp-content\/uploads\/2026\/02\/image-7.png","contentUrl":"https:\/\/macite.tg\/wp-content\/uploads\/2026\/02\/image-7.png","width":534,"height":300},{"@type":"BreadcrumbList","@id":"https:\/\/macite.tg\/?p=27985#breadcrumb","itemListElement":[{"@type":"ListItem","position":1,"name":"Accueil","item":"https:\/\/macite.tg\/"},{"@type":"ListItem","position":2,"name":"BRESIL \/ CELEBRATION DE YEMANJA\u00a0: Des milliers d\u2019afro-descendants rendent hommage \u00e0 la d\u00e9esse de la mer"}]},{"@type":"WebSite","@id":"https:\/\/macite.tg\/#website","url":"https:\/\/macite.tg\/","name":"","description":"L&#039;information, la bonne!!!","potentialAction":[{"@type":"SearchAction","target":{"@type":"EntryPoint","urlTemplate":"https:\/\/macite.tg\/?s={search_term_string}"},"query-input":{"@type":"PropertyValueSpecification","valueRequired":true,"valueName":"search_term_string"}}],"inLanguage":"fr-FR"},{"@type":"Person","@id":"https:\/\/macite.tg\/#\/schema\/person\/e9f2de7e5dbbe7770a9402c7ce82f5c2","name":"Jean Pierre BAWELA","image":{"@type":"ImageObject","inLanguage":"fr-FR","@id":"https:\/\/macite.tg\/wp-content\/uploads\/2023\/09\/WhatsApp-Image-2023-09-19-at-14.44.41-122x122.jpeg","url":"https:\/\/macite.tg\/wp-content\/uploads\/2023\/09\/WhatsApp-Image-2023-09-19-at-14.44.41-122x122.jpeg","contentUrl":"https:\/\/macite.tg\/wp-content\/uploads\/2023\/09\/WhatsApp-Image-2023-09-19-at-14.44.41-122x122.jpeg","caption":"Jean Pierre BAWELA"},"url":"https:\/\/macite.tg\/?author=2"}]}},"_links":{"self":[{"href":"https:\/\/macite.tg\/index.php?rest_route=\/wp\/v2\/posts\/27985","targetHints":{"allow":["GET"]}}],"collection":[{"href":"https:\/\/macite.tg\/index.php?rest_route=\/wp\/v2\/posts"}],"about":[{"href":"https:\/\/macite.tg\/index.php?rest_route=\/wp\/v2\/types\/post"}],"author":[{"embeddable":true,"href":"https:\/\/macite.tg\/index.php?rest_route=\/wp\/v2\/users\/2"}],"replies":[{"embeddable":true,"href":"https:\/\/macite.tg\/index.php?rest_route=%2Fwp%2Fv2%2Fcomments&post=27985"}],"version-history":[{"count":0,"href":"https:\/\/macite.tg\/index.php?rest_route=\/wp\/v2\/posts\/27985\/revisions"}],"wp:featuredmedia":[{"embeddable":true,"href":"https:\/\/macite.tg\/index.php?rest_route=\/wp\/v2\/media\/27988"}],"wp:attachment":[{"href":"https:\/\/macite.tg\/index.php?rest_route=%2Fwp%2Fv2%2Fmedia&parent=27985"}],"wp:term":[{"taxonomy":"category","embeddable":true,"href":"https:\/\/macite.tg\/index.php?rest_route=%2Fwp%2Fv2%2Fcategories&post=27985"},{"taxonomy":"post_tag","embeddable":true,"href":"https:\/\/macite.tg\/index.php?rest_route=%2Fwp%2Fv2%2Ftags&post=27985"}],"curies":[{"name":"wp","href":"https:\/\/api.w.org\/{rel}","templated":true}]}}