{"id":27969,"date":"2026-02-03T09:57:31","date_gmt":"2026-02-03T09:57:31","guid":{"rendered":"https:\/\/macite.tg\/?p=27969"},"modified":"2026-02-03T09:57:46","modified_gmt":"2026-02-03T09:57:46","slug":"decentralisation-lengagement-reaffirme-pour-des-territoires-mieux-servis","status":"publish","type":"post","link":"https:\/\/macite.tg\/?p=27969","title":{"rendered":"DECENTRALISATION : L&rsquo;engagement r\u00e9affirm\u00e9 pour des territoires mieux servis"},"content":{"rendered":"\n<p class=\"wp-block-paragraph\"><strong><em>En 2026, la d\u00e9centralisation au Togo va passer \u00e0 une autre dimension, port\u00e9e par une dotation financi\u00e8re jug\u00e9e satisfaisante et coh\u00e9rente avec les ambitions nationales de d\u00e9veloppement \u00e9quilibr\u00e9. C&rsquo;est comme cela que le pr\u00e9sident Faure Gnassingb\u00e9 con\u00e7oit le d\u00e9veloppement, celui qui n&rsquo;\u00e9carte aucun citoyen.<\/em><\/strong><\/p>\n\n\n\n<p class=\"wp-block-paragraph\">Le montant accord\u00e9 aux collectivit\u00e9s territoriales s&rsquo;inscrit dans la continuit\u00e9 des efforts consentis ces derni\u00e8res ann\u00e9es pour rapprocher l&rsquo;action publique des citoyens et renforcer l&rsquo;efficacit\u00e9 de la gouvernance locale. Ce choix budg\u00e9taire d\u00e9montre que le pays veut faire des territoires des moteurs actifs du bien-\u00eatre collectif.<\/p>\n\n\n\n<p class=\"wp-block-paragraph\">La teneur des ressources allou\u00e9es aux communes et aux r\u00e9gions est pour, avant tout, consolider leurs capacit\u00e9s d&rsquo;action. Elle permet d&rsquo;am\u00e9liorer la planification locale, de financer des infrastructures de proximit\u00e9 et de soutenir des services essentiels adapt\u00e9s aux r\u00e9alit\u00e9s des populations, o\u00f9 qu&rsquo;elles soient sur le territoire.<\/p>\n\n\n<div class=\"wp-block-image\">\n<figure class=\"aligncenter size-large is-resized\"><img loading=\"lazy\" decoding=\"async\" width=\"1024\" height=\"1024\" src=\"https:\/\/macite.tg\/wp-content\/uploads\/2026\/01\/623395023_1512975654170569_1154007761338906948_n-1024x1024.jpg\" alt=\"\" class=\"wp-image-27896\" style=\"width:522px;height:auto\" srcset=\"https:\/\/macite.tg\/wp-content\/uploads\/2026\/01\/623395023_1512975654170569_1154007761338906948_n-1024x1024.jpg 1024w, https:\/\/macite.tg\/wp-content\/uploads\/2026\/01\/623395023_1512975654170569_1154007761338906948_n-300x300.jpg 300w, https:\/\/macite.tg\/wp-content\/uploads\/2026\/01\/623395023_1512975654170569_1154007761338906948_n-150x150.jpg 150w, https:\/\/macite.tg\/wp-content\/uploads\/2026\/01\/623395023_1512975654170569_1154007761338906948_n-768x768.jpg 768w, https:\/\/macite.tg\/wp-content\/uploads\/2026\/01\/623395023_1512975654170569_1154007761338906948_n-122x122.jpg 122w, https:\/\/macite.tg\/wp-content\/uploads\/2026\/01\/623395023_1512975654170569_1154007761338906948_n.jpg 1080w\" sizes=\"auto, (max-width: 1024px) 100vw, 1024px\" \/><\/figure>\n<\/div>\n\n\n<p class=\"wp-block-paragraph\"><strong>12 milliards budg\u00e9tis\u00e9s<\/strong><\/p>\n\n\n\n<p class=\"wp-block-paragraph\">La loi de finances, exercice 2026, pr\u00e9voit une dotation de 12 milliards de francs CFA au Fonds d&rsquo;appui aux collectivit\u00e9s territoriales (FACT). Une d\u00e9cision appr\u00e9ciable destin\u00e9e \u00e0 consolider l&rsquo;autonomie des communes et des r\u00e9gions, dans un contexte o\u00f9 le pays ne m\u00e9nage plus aucun effort pour renforcer la gouvernance locale et le d\u00e9veloppement territorial.<\/p>\n\n\n\n<p class=\"wp-block-paragraph\">Lorsqu&rsquo;on la compare \u00e0 celle de l&rsquo;ann\u00e9e pass\u00e9e, l&rsquo;enveloppe de 2026 est en hausse. En 2025, c&rsquo;est une somme de 10 milliards de francs CFA qui avait \u00e9t\u00e9 mobilis\u00e9e. La nouvelle dotation soutiendra la mont\u00e9e en comp\u00e9tences des autorit\u00e9s locales qui jouent depuis un moment maintenant un r\u00f4le plus central dans la mise en \u0153uvre des politiques publiques.<\/p>\n\n\n\n<p class=\"wp-block-paragraph\">Ces ressources, mobilis\u00e9es \u00e0 travers le FACT, donnent du poids aux projets \u00e0 fort impact sur les populations, notamment dans les domaines cl\u00e9s de la vie sociale et \u00e9conomique. En termes de chiffres, au cours des 5 derni\u00e8res ann\u00e9es, l&rsquo;aide financi\u00e8re fournie aux collectivit\u00e9s territoriales a atteint presque 42 milliards de francs.<\/p>\n\n\n<div class=\"wp-block-image\">\n<figure class=\"aligncenter size-full\"><img loading=\"lazy\" decoding=\"async\" width=\"507\" height=\"720\" src=\"https:\/\/macite.tg\/wp-content\/uploads\/2026\/01\/image-65.png\" alt=\"\" class=\"wp-image-27595\" srcset=\"https:\/\/macite.tg\/wp-content\/uploads\/2026\/01\/image-65.png 507w, https:\/\/macite.tg\/wp-content\/uploads\/2026\/01\/image-65-211x300.png 211w\" sizes=\"auto, (max-width: 507px) 100vw, 507px\" \/><\/figure>\n<\/div>\n\n\n<p class=\"wp-block-paragraph\">Routes communales, \u00e9clairage public, acc\u00e8s \u00e0 l&rsquo;eau potable et \u00e0 l&rsquo;\u00e9lectricit\u00e9, assainissement, march\u00e9s, espaces de loisirs, etc. trouvent ainsi un appui financier plus solide, gage d&rsquo;une am\u00e9lioration tangible du cadre de vie.<\/p>\n\n\n\n<p class=\"wp-block-paragraph\">Dans la lign\u00e9e des r\u00e9formes d\u00e9j\u00e0 engag\u00e9es, cette dotation renforce \u00e9galement l&rsquo;autonomie des collectivit\u00e9s territoriales. La d\u00e9centralisation cesse ainsi d&rsquo;\u00eatre un principe abstrait pour devenir une pratique vivante, ancr\u00e9e dans les besoins concrets des communaut\u00e9s.<\/p>\n\n\n\n<p class=\"wp-block-paragraph\"><strong>La R\u00e9daction<\/strong><\/p>\n\n\n\n<p class=\"wp-block-paragraph\"><a><strong><em>@macite.tg&nbsp;&nbsp;&nbsp;&nbsp;&nbsp;&nbsp;&nbsp;&nbsp;<\/em><\/strong><\/a><\/p>\n\n\n\n<p class=\"wp-block-paragraph\"><strong><em>E-mail&nbsp;: <\/em><\/strong><a href=\"mailto:maciteinfo@gmail.com\"><strong><em>maciteinfo@gmail.com<\/em><\/strong><\/a><strong><em>; <\/em><\/strong><a href=\"mailto:bawela1@gmail.com\"><strong><em>bawela1@gmail.com<\/em><\/strong><\/a><strong><em><\/em><\/strong><\/p>\n\n\n\n<p class=\"wp-block-paragraph\"><strong><em>Pour vos annonces, (publi)reportages, etc., joignez-nous au (00228)91515309\/<strong>79872224 <\/strong><strong><\/strong><\/em><\/strong><\/p>\n\n\n\n<p class=\"wp-block-paragraph\"><strong><em>www.macite.tg, L\u2019information, la bonne&nbsp;!<\/em><\/strong><\/p>\n\n\n\n<p class=\"wp-block-paragraph\"><\/p>\n","protected":false},"excerpt":{"rendered":"<p class=\"text-justify mb-2\" >En 2026, la d\u00e9centralisation au Togo va passer \u00e0 une autre dimension, port\u00e9e par une dotation financi\u00e8re jug\u00e9e satisfaisante et coh\u00e9rente avec les ambitions nationales de d\u00e9veloppement \u00e9quilibr\u00e9. C&rsquo;est comme cela que le pr\u00e9sident Faure Gnassingb\u00e9 con\u00e7oit le d\u00e9veloppement, celui qui n&rsquo;\u00e9carte aucun citoyen. Le [&hellip;]<\/p>\n","protected":false},"author":2,"featured_media":27972,"comment_status":"open","ping_status":"open","sticky":false,"template":"","format":"standard","meta":{"footnotes":""},"categories":[20,68],"tags":[],"class_list":["post-27969","post","type-post","status-publish","format-standard","has-post-thumbnail","hentry","category-actualite","category-gouvernance"],"yoast_head":"<!-- This site is optimized with the Yoast SEO plugin v28.4 - https:\/\/yoast.com\/product\/yoast-seo-wordpress\/ -->\n<title>DECENTRALISATION : L&#039;engagement r\u00e9affirm\u00e9 pour des territoires mieux servis -<\/title>\n<meta name=\"robots\" content=\"index, follow, max-snippet:-1, max-image-preview:large, max-video-preview:-1\" \/>\n<link rel=\"canonical\" href=\"https:\/\/macite.tg\/?p=27969\" \/>\n<meta property=\"og:locale\" content=\"fr_FR\" \/>\n<meta property=\"og:type\" content=\"article\" \/>\n<meta property=\"og:title\" content=\"DECENTRALISATION : L&#039;engagement r\u00e9affirm\u00e9 pour des territoires mieux servis -\" \/>\n<meta property=\"og:description\" content=\"En 2026, la d\u00e9centralisation au Togo va passer \u00e0 une autre dimension, port\u00e9e par une dotation financi\u00e8re jug\u00e9e satisfaisante et coh\u00e9rente avec les ambitions nationales de d\u00e9veloppement \u00e9quilibr\u00e9. C&rsquo;est comme cela que le pr\u00e9sident Faure Gnassingb\u00e9 con\u00e7oit le d\u00e9veloppement, celui qui n&rsquo;\u00e9carte aucun citoyen. Le [&hellip;]\" \/>\n<meta property=\"og:url\" content=\"https:\/\/macite.tg\/?p=27969\" \/>\n<meta property=\"article:published_time\" content=\"2026-02-03T09:57:31+00:00\" \/>\n<meta property=\"article:modified_time\" content=\"2026-02-03T09:57:46+00:00\" \/>\n<meta property=\"og:image\" content=\"https:\/\/macite.tg\/wp-content\/uploads\/2026\/02\/image-4.png\" \/>\n\t<meta property=\"og:image:width\" content=\"334\" \/>\n\t<meta property=\"og:image:height\" content=\"234\" \/>\n\t<meta property=\"og:image:type\" content=\"image\/png\" \/>\n<meta name=\"author\" content=\"Jean Pierre BAWELA\" \/>\n<meta name=\"twitter:card\" content=\"summary_large_image\" \/>\n<meta name=\"twitter:label1\" content=\"\u00c9crit par\" \/>\n\t<meta name=\"twitter:data1\" content=\"Jean Pierre BAWELA\" \/>\n\t<meta name=\"twitter:label2\" content=\"Dur\u00e9e de lecture estim\u00e9e\" \/>\n\t<meta name=\"twitter:data2\" content=\"3 minutes\" \/>\n<script type=\"application\/ld+json\" class=\"yoast-schema-graph\">{\"@context\":\"https:\\\/\\\/schema.org\",\"@graph\":[{\"@type\":\"Article\",\"@id\":\"https:\\\/\\\/macite.tg\\\/?p=27969#article\",\"isPartOf\":{\"@id\":\"https:\\\/\\\/macite.tg\\\/?p=27969\"},\"author\":{\"name\":\"Jean Pierre BAWELA\",\"@id\":\"https:\\\/\\\/macite.tg\\\/#\\\/schema\\\/person\\\/e9f2de7e5dbbe7770a9402c7ce82f5c2\"},\"headline\":\"DECENTRALISATION : L&rsquo;engagement r\u00e9affirm\u00e9 pour des territoires mieux servis\",\"datePublished\":\"2026-02-03T09:57:31+00:00\",\"dateModified\":\"2026-02-03T09:57:46+00:00\",\"mainEntityOfPage\":{\"@id\":\"https:\\\/\\\/macite.tg\\\/?p=27969\"},\"wordCount\":478,\"commentCount\":0,\"image\":{\"@id\":\"https:\\\/\\\/macite.tg\\\/?p=27969#primaryimage\"},\"thumbnailUrl\":\"https:\\\/\\\/macite.tg\\\/wp-content\\\/uploads\\\/2026\\\/02\\\/image-4.png\",\"articleSection\":[\"ACTUALITE\",\"GOUVERNANCE\"],\"inLanguage\":\"fr-FR\",\"potentialAction\":[{\"@type\":\"CommentAction\",\"name\":\"Comment\",\"target\":[\"https:\\\/\\\/macite.tg\\\/?p=27969#respond\"]}]},{\"@type\":\"WebPage\",\"@id\":\"https:\\\/\\\/macite.tg\\\/?p=27969\",\"url\":\"https:\\\/\\\/macite.tg\\\/?p=27969\",\"name\":\"DECENTRALISATION : L'engagement r\u00e9affirm\u00e9 pour des territoires mieux servis -\",\"isPartOf\":{\"@id\":\"https:\\\/\\\/macite.tg\\\/#website\"},\"primaryImageOfPage\":{\"@id\":\"https:\\\/\\\/macite.tg\\\/?p=27969#primaryimage\"},\"image\":{\"@id\":\"https:\\\/\\\/macite.tg\\\/?p=27969#primaryimage\"},\"thumbnailUrl\":\"https:\\\/\\\/macite.tg\\\/wp-content\\\/uploads\\\/2026\\\/02\\\/image-4.png\",\"datePublished\":\"2026-02-03T09:57:31+00:00\",\"dateModified\":\"2026-02-03T09:57:46+00:00\",\"author\":{\"@id\":\"https:\\\/\\\/macite.tg\\\/#\\\/schema\\\/person\\\/e9f2de7e5dbbe7770a9402c7ce82f5c2\"},\"breadcrumb\":{\"@id\":\"https:\\\/\\\/macite.tg\\\/?p=27969#breadcrumb\"},\"inLanguage\":\"fr-FR\",\"potentialAction\":[{\"@type\":\"ReadAction\",\"target\":[\"https:\\\/\\\/macite.tg\\\/?p=27969\"]}]},{\"@type\":\"ImageObject\",\"inLanguage\":\"fr-FR\",\"@id\":\"https:\\\/\\\/macite.tg\\\/?p=27969#primaryimage\",\"url\":\"https:\\\/\\\/macite.tg\\\/wp-content\\\/uploads\\\/2026\\\/02\\\/image-4.png\",\"contentUrl\":\"https:\\\/\\\/macite.tg\\\/wp-content\\\/uploads\\\/2026\\\/02\\\/image-4.png\",\"width\":334,\"height\":234},{\"@type\":\"BreadcrumbList\",\"@id\":\"https:\\\/\\\/macite.tg\\\/?p=27969#breadcrumb\",\"itemListElement\":[{\"@type\":\"ListItem\",\"position\":1,\"name\":\"Accueil\",\"item\":\"https:\\\/\\\/macite.tg\\\/\"},{\"@type\":\"ListItem\",\"position\":2,\"name\":\"DECENTRALISATION : L&rsquo;engagement r\u00e9affirm\u00e9 pour des territoires mieux servis\"}]},{\"@type\":\"WebSite\",\"@id\":\"https:\\\/\\\/macite.tg\\\/#website\",\"url\":\"https:\\\/\\\/macite.tg\\\/\",\"name\":\"\",\"description\":\"L&#039;information, la bonne!!!\",\"potentialAction\":[{\"@type\":\"SearchAction\",\"target\":{\"@type\":\"EntryPoint\",\"urlTemplate\":\"https:\\\/\\\/macite.tg\\\/?s={search_term_string}\"},\"query-input\":{\"@type\":\"PropertyValueSpecification\",\"valueRequired\":true,\"valueName\":\"search_term_string\"}}],\"inLanguage\":\"fr-FR\"},{\"@type\":\"Person\",\"@id\":\"https:\\\/\\\/macite.tg\\\/#\\\/schema\\\/person\\\/e9f2de7e5dbbe7770a9402c7ce82f5c2\",\"name\":\"Jean Pierre BAWELA\",\"image\":{\"@type\":\"ImageObject\",\"inLanguage\":\"fr-FR\",\"@id\":\"https:\\\/\\\/macite.tg\\\/wp-content\\\/uploads\\\/2023\\\/09\\\/WhatsApp-Image-2023-09-19-at-14.44.41-122x122.jpeg\",\"url\":\"https:\\\/\\\/macite.tg\\\/wp-content\\\/uploads\\\/2023\\\/09\\\/WhatsApp-Image-2023-09-19-at-14.44.41-122x122.jpeg\",\"contentUrl\":\"https:\\\/\\\/macite.tg\\\/wp-content\\\/uploads\\\/2023\\\/09\\\/WhatsApp-Image-2023-09-19-at-14.44.41-122x122.jpeg\",\"caption\":\"Jean Pierre BAWELA\"},\"url\":\"https:\\\/\\\/macite.tg\\\/?author=2\"}]}<\/script>\n<!-- \/ Yoast SEO plugin. -->","yoast_head_json":{"title":"DECENTRALISATION : L'engagement r\u00e9affirm\u00e9 pour des territoires mieux servis -","robots":{"index":"index","follow":"follow","max-snippet":"max-snippet:-1","max-image-preview":"max-image-preview:large","max-video-preview":"max-video-preview:-1"},"canonical":"https:\/\/macite.tg\/?p=27969","og_locale":"fr_FR","og_type":"article","og_title":"DECENTRALISATION : L'engagement r\u00e9affirm\u00e9 pour des territoires mieux servis -","og_description":"En 2026, la d\u00e9centralisation au Togo va passer \u00e0 une autre dimension, port\u00e9e par une dotation financi\u00e8re jug\u00e9e satisfaisante et coh\u00e9rente avec les ambitions nationales de d\u00e9veloppement \u00e9quilibr\u00e9. C&rsquo;est comme cela que le pr\u00e9sident Faure Gnassingb\u00e9 con\u00e7oit le d\u00e9veloppement, celui qui n&rsquo;\u00e9carte aucun citoyen. Le [&hellip;]","og_url":"https:\/\/macite.tg\/?p=27969","article_published_time":"2026-02-03T09:57:31+00:00","article_modified_time":"2026-02-03T09:57:46+00:00","og_image":[{"width":334,"height":234,"url":"https:\/\/macite.tg\/wp-content\/uploads\/2026\/02\/image-4.png","type":"image\/png"}],"author":"Jean Pierre BAWELA","twitter_card":"summary_large_image","twitter_misc":{"\u00c9crit par":"Jean Pierre BAWELA","Dur\u00e9e de lecture estim\u00e9e":"3 minutes"},"schema":{"@context":"https:\/\/schema.org","@graph":[{"@type":"Article","@id":"https:\/\/macite.tg\/?p=27969#article","isPartOf":{"@id":"https:\/\/macite.tg\/?p=27969"},"author":{"name":"Jean Pierre BAWELA","@id":"https:\/\/macite.tg\/#\/schema\/person\/e9f2de7e5dbbe7770a9402c7ce82f5c2"},"headline":"DECENTRALISATION : L&rsquo;engagement r\u00e9affirm\u00e9 pour des territoires mieux servis","datePublished":"2026-02-03T09:57:31+00:00","dateModified":"2026-02-03T09:57:46+00:00","mainEntityOfPage":{"@id":"https:\/\/macite.tg\/?p=27969"},"wordCount":478,"commentCount":0,"image":{"@id":"https:\/\/macite.tg\/?p=27969#primaryimage"},"thumbnailUrl":"https:\/\/macite.tg\/wp-content\/uploads\/2026\/02\/image-4.png","articleSection":["ACTUALITE","GOUVERNANCE"],"inLanguage":"fr-FR","potentialAction":[{"@type":"CommentAction","name":"Comment","target":["https:\/\/macite.tg\/?p=27969#respond"]}]},{"@type":"WebPage","@id":"https:\/\/macite.tg\/?p=27969","url":"https:\/\/macite.tg\/?p=27969","name":"DECENTRALISATION : L'engagement r\u00e9affirm\u00e9 pour des territoires mieux servis -","isPartOf":{"@id":"https:\/\/macite.tg\/#website"},"primaryImageOfPage":{"@id":"https:\/\/macite.tg\/?p=27969#primaryimage"},"image":{"@id":"https:\/\/macite.tg\/?p=27969#primaryimage"},"thumbnailUrl":"https:\/\/macite.tg\/wp-content\/uploads\/2026\/02\/image-4.png","datePublished":"2026-02-03T09:57:31+00:00","dateModified":"2026-02-03T09:57:46+00:00","author":{"@id":"https:\/\/macite.tg\/#\/schema\/person\/e9f2de7e5dbbe7770a9402c7ce82f5c2"},"breadcrumb":{"@id":"https:\/\/macite.tg\/?p=27969#breadcrumb"},"inLanguage":"fr-FR","potentialAction":[{"@type":"ReadAction","target":["https:\/\/macite.tg\/?p=27969"]}]},{"@type":"ImageObject","inLanguage":"fr-FR","@id":"https:\/\/macite.tg\/?p=27969#primaryimage","url":"https:\/\/macite.tg\/wp-content\/uploads\/2026\/02\/image-4.png","contentUrl":"https:\/\/macite.tg\/wp-content\/uploads\/2026\/02\/image-4.png","width":334,"height":234},{"@type":"BreadcrumbList","@id":"https:\/\/macite.tg\/?p=27969#breadcrumb","itemListElement":[{"@type":"ListItem","position":1,"name":"Accueil","item":"https:\/\/macite.tg\/"},{"@type":"ListItem","position":2,"name":"DECENTRALISATION : L&rsquo;engagement r\u00e9affirm\u00e9 pour des territoires mieux servis"}]},{"@type":"WebSite","@id":"https:\/\/macite.tg\/#website","url":"https:\/\/macite.tg\/","name":"","description":"L&#039;information, la bonne!!!","potentialAction":[{"@type":"SearchAction","target":{"@type":"EntryPoint","urlTemplate":"https:\/\/macite.tg\/?s={search_term_string}"},"query-input":{"@type":"PropertyValueSpecification","valueRequired":true,"valueName":"search_term_string"}}],"inLanguage":"fr-FR"},{"@type":"Person","@id":"https:\/\/macite.tg\/#\/schema\/person\/e9f2de7e5dbbe7770a9402c7ce82f5c2","name":"Jean Pierre BAWELA","image":{"@type":"ImageObject","inLanguage":"fr-FR","@id":"https:\/\/macite.tg\/wp-content\/uploads\/2023\/09\/WhatsApp-Image-2023-09-19-at-14.44.41-122x122.jpeg","url":"https:\/\/macite.tg\/wp-content\/uploads\/2023\/09\/WhatsApp-Image-2023-09-19-at-14.44.41-122x122.jpeg","contentUrl":"https:\/\/macite.tg\/wp-content\/uploads\/2023\/09\/WhatsApp-Image-2023-09-19-at-14.44.41-122x122.jpeg","caption":"Jean Pierre BAWELA"},"url":"https:\/\/macite.tg\/?author=2"}]}},"_links":{"self":[{"href":"https:\/\/macite.tg\/index.php?rest_route=\/wp\/v2\/posts\/27969","targetHints":{"allow":["GET"]}}],"collection":[{"href":"https:\/\/macite.tg\/index.php?rest_route=\/wp\/v2\/posts"}],"about":[{"href":"https:\/\/macite.tg\/index.php?rest_route=\/wp\/v2\/types\/post"}],"author":[{"embeddable":true,"href":"https:\/\/macite.tg\/index.php?rest_route=\/wp\/v2\/users\/2"}],"replies":[{"embeddable":true,"href":"https:\/\/macite.tg\/index.php?rest_route=%2Fwp%2Fv2%2Fcomments&post=27969"}],"version-history":[{"count":0,"href":"https:\/\/macite.tg\/index.php?rest_route=\/wp\/v2\/posts\/27969\/revisions"}],"wp:featuredmedia":[{"embeddable":true,"href":"https:\/\/macite.tg\/index.php?rest_route=\/wp\/v2\/media\/27972"}],"wp:attachment":[{"href":"https:\/\/macite.tg\/index.php?rest_route=%2Fwp%2Fv2%2Fmedia&parent=27969"}],"wp:term":[{"taxonomy":"category","embeddable":true,"href":"https:\/\/macite.tg\/index.php?rest_route=%2Fwp%2Fv2%2Fcategories&post=27969"},{"taxonomy":"post_tag","embeddable":true,"href":"https:\/\/macite.tg\/index.php?rest_route=%2Fwp%2Fv2%2Ftags&post=27969"}],"curies":[{"name":"wp","href":"https:\/\/api.w.org\/{rel}","templated":true}]}}