{"id":27968,"date":"2026-02-03T09:54:19","date_gmt":"2026-02-03T09:54:19","guid":{"rendered":"https:\/\/macite.tg\/?p=27968"},"modified":"2026-02-03T09:54:27","modified_gmt":"2026-02-03T09:54:27","slug":"action-sociale-le-togo-renforce-les-fondations-de-la-solidarite-nationale","status":"publish","type":"post","link":"https:\/\/macite.tg\/?p=27968","title":{"rendered":"ACTION SOCIALE : Le Togo renforce les fondations de la solidarit\u00e9 nationale"},"content":{"rendered":"\n<p class=\"wp-block-paragraph\"><strong><em>L&rsquo;action sociale au Togo est devenue essentielle au projet national de d\u00e9veloppement. Les efforts de consolidation engag\u00e9s rendent la solidarit\u00e9 plus coh\u00e9rente, inclusive et durablement efficace. Cet \u00e9lan s&rsquo;appuie sur une vision d&rsquo;ensemble, attentive aux vuln\u00e9rabilit\u00e9s multiples et aux r\u00e9alit\u00e9s du terrain.<\/em><\/strong><\/p>\n\n\n\n<p class=\"wp-block-paragraph\">La consolidation de l&rsquo;action sociale entreprise par l&rsquo;\u00c9tat, sur demande du pr\u00e9sident Faure Gnassingb\u00e9, passe par l&rsquo;harmonisation des dispositifs. Filets sociaux adaptatifs, protection sociale \u00e9largie, acc\u00e8s facilit\u00e9 aux services de base, etc.<\/p>\n\n\n\n<p class=\"wp-block-paragraph\">Autant de m\u00e9canismes qui se compl\u00e8tent et se renforcent, afin d&rsquo;\u00e9viter les ruptures de prise en charge. Le gouvernement veille \u00e0 ce que chaque intervention s&rsquo;inscrive dans une cha\u00eene de valeur sociale lisible, orient\u00e9e vers l&rsquo;impact et la dignit\u00e9 des b\u00e9n\u00e9ficiaires.<\/p>\n\n\n\n<figure class=\"wp-block-image size-full\"><img loading=\"lazy\" decoding=\"async\" width=\"851\" height=\"315\" src=\"https:\/\/macite.tg\/wp-content\/uploads\/2026\/01\/OTR_Ferer-pour-batir-1-1.jpg\" alt=\"\" class=\"wp-image-27769\" srcset=\"https:\/\/macite.tg\/wp-content\/uploads\/2026\/01\/OTR_Ferer-pour-batir-1-1.jpg 851w, https:\/\/macite.tg\/wp-content\/uploads\/2026\/01\/OTR_Ferer-pour-batir-1-1-300x111.jpg 300w, https:\/\/macite.tg\/wp-content\/uploads\/2026\/01\/OTR_Ferer-pour-batir-1-1-768x284.jpg 768w\" sizes=\"auto, (max-width: 851px) 100vw, 851px\" \/><\/figure>\n\n\n\n<p class=\"wp-block-paragraph\">Cette approche se nourrit \u00e9galement d&rsquo;un ancrage territorial assum\u00e9. Les collectivit\u00e9s locales, les services d\u00e9concentr\u00e9s et les acteurs communautaires sont davantage associ\u00e9s \u00e0 la mise en \u0153uvre, pour mieux identifier les besoins et ajuster les r\u00e9ponses. En rapprochant l&rsquo;action sociale des citoyens, le Togo renforce la confiance et favorise une solidarit\u00e9 de proximit\u00e9, plus humaine et plus r\u00e9active.<\/p>\n\n\n\n<p class=\"wp-block-paragraph\"><strong>R\u00e9alisations en 2025<\/strong><\/p>\n\n\n\n<p class=\"wp-block-paragraph\">Les actions sociales ont touch\u00e9 204 718 personnes durant l&rsquo;ann\u00e9e \u00e9coul\u00e9e. D&rsquo;apr\u00e8s les chiffres \u00e9voqu\u00e9s par le minist\u00e8re des Solidarit\u00e9s, du Genre, de la Famille et de la Protection de l&rsquo;enfance, parmi ce nombre de b\u00e9n\u00e9ficiaires sur le territoire, se trouve 60 % de femmes.<\/p>\n\n\n\n<p class=\"wp-block-paragraph\">La revue annuelle des activit\u00e9s de ce d\u00e9partement minist\u00e9riel r\u00e9v\u00e8le que, en d\u00e9pit des contraintes financi\u00e8res, le taux d&rsquo;ex\u00e9cution physique des actions est de 71,56 % et le taux de r\u00e9alisation financi\u00e8re est de 82 %.<\/p>\n\n\n\n<p class=\"wp-block-paragraph\">Les interventions, qui ont couvert chaque r\u00e9gion du pays, touchent plus le Grand Lom\u00e9, qui totalise plus de 65.000 b\u00e9n\u00e9ficiaires.<\/p>\n\n\n\n<p class=\"wp-block-paragraph\"><strong>Renforcement d&rsquo;actions<\/strong><\/p>\n\n\n\n<p class=\"wp-block-paragraph\">La consolidation se joue aussi sur le terrain institutionnel. La clarification des responsabilit\u00e9s, l&rsquo;am\u00e9lioration des outils de suivi et l&rsquo;exigence de redevabilit\u00e9 participent \u00e0 une gouvernance sociale plus robuste qui fait du bien aux hommes, femmes, enfants et personnes \u00e2g\u00e9es. Dans un contexte de ressources contraintes, cette rigueur permet de maximiser l&rsquo;efficacit\u00e9 de chaque franc investi et d&rsquo;assurer la soutenabilit\u00e9 des politiques.<\/p>\n\n\n<div class=\"wp-block-image\">\n<figure class=\"aligncenter size-large is-resized\"><img loading=\"lazy\" decoding=\"async\" width=\"1024\" height=\"1024\" src=\"https:\/\/macite.tg\/wp-content\/uploads\/2026\/01\/623395023_1512975654170569_1154007761338906948_n-1024x1024.jpg\" alt=\"\" class=\"wp-image-27896\" style=\"width:578px;height:auto\" srcset=\"https:\/\/macite.tg\/wp-content\/uploads\/2026\/01\/623395023_1512975654170569_1154007761338906948_n-1024x1024.jpg 1024w, https:\/\/macite.tg\/wp-content\/uploads\/2026\/01\/623395023_1512975654170569_1154007761338906948_n-300x300.jpg 300w, https:\/\/macite.tg\/wp-content\/uploads\/2026\/01\/623395023_1512975654170569_1154007761338906948_n-150x150.jpg 150w, https:\/\/macite.tg\/wp-content\/uploads\/2026\/01\/623395023_1512975654170569_1154007761338906948_n-768x768.jpg 768w, https:\/\/macite.tg\/wp-content\/uploads\/2026\/01\/623395023_1512975654170569_1154007761338906948_n-122x122.jpg 122w, https:\/\/macite.tg\/wp-content\/uploads\/2026\/01\/623395023_1512975654170569_1154007761338906948_n.jpg 1080w\" sizes=\"auto, (max-width: 1024px) 100vw, 1024px\" \/><\/figure>\n<\/div>\n\n\n<p class=\"wp-block-paragraph\">Au-del\u00e0 des dispositifs, c&rsquo;est une philosophie qui se dessine : celle d&rsquo;un \u00c9tat attentif, qui prot\u00e8ge sans assister, qui accompagne sans substituer. En consolidant son action sociale, le Togo affirme que le d\u00e9veloppement ne se mesure pas seulement \u00e0 la croissance, mais \u00e0 la capacit\u00e9 collective de ne laisser personne au bord du chemin. Une solidarit\u00e9 structur\u00e9e et r\u00e9solue, au service d&rsquo;une coh\u00e9sion nationale renforc\u00e9e.<\/p>\n\n\n\n<p class=\"wp-block-paragraph\"><strong>La R\u00e9daction<\/strong><\/p>\n\n\n\n<p class=\"wp-block-paragraph\"><a><strong><em>@macite.tg&nbsp;&nbsp;&nbsp;&nbsp;&nbsp;&nbsp;&nbsp;&nbsp;<\/em><\/strong><\/a><\/p>\n\n\n\n<p class=\"wp-block-paragraph\"><strong><em>E-mail&nbsp;: <\/em><\/strong><a href=\"mailto:maciteinfo@gmail.com\"><strong><em>maciteinfo@gmail.com<\/em><\/strong><\/a><strong><em>; <\/em><\/strong><a href=\"mailto:bawela1@gmail.com\"><strong><em>bawela1@gmail.com<\/em><\/strong><\/a><strong><em><\/em><\/strong><\/p>\n\n\n\n<p class=\"wp-block-paragraph\"><strong><em>Pour vos annonces, (publi)reportages, etc., joignez-nous au (00228)91515309\/<strong>79872224 <\/strong><strong><\/strong><\/em><\/strong><\/p>\n\n\n\n<p class=\"wp-block-paragraph\"><strong><em>www.macite.tg, L\u2019information, la bonne&nbsp;!<\/em><\/strong><\/p>\n\n\n\n<p class=\"wp-block-paragraph\"><\/p>\n","protected":false},"excerpt":{"rendered":"<p class=\"text-justify mb-2\" >L&rsquo;action sociale au Togo est devenue essentielle au projet national de d\u00e9veloppement. Les efforts de consolidation engag\u00e9s rendent la solidarit\u00e9 plus coh\u00e9rente, inclusive et durablement efficace. Cet \u00e9lan s&rsquo;appuie sur une vision d&rsquo;ensemble, attentive aux vuln\u00e9rabilit\u00e9s multiples et aux r\u00e9alit\u00e9s du terrain. La consolidation de [&hellip;]<\/p>\n","protected":false},"author":2,"featured_media":27970,"comment_status":"open","ping_status":"open","sticky":false,"template":"","format":"standard","meta":{"footnotes":""},"categories":[20,55],"tags":[],"class_list":["post-27968","post","type-post","status-publish","format-standard","has-post-thumbnail","hentry","category-actualite","category-humanitaire"],"yoast_head":"<!-- This site is optimized with the Yoast SEO plugin v28.4 - https:\/\/yoast.com\/product\/yoast-seo-wordpress\/ -->\n<title>ACTION SOCIALE : Le Togo renforce les fondations de la solidarit\u00e9 nationale -<\/title>\n<meta name=\"robots\" content=\"index, follow, max-snippet:-1, max-image-preview:large, max-video-preview:-1\" \/>\n<link rel=\"canonical\" href=\"https:\/\/macite.tg\/?p=27968\" \/>\n<meta property=\"og:locale\" content=\"fr_FR\" \/>\n<meta property=\"og:type\" content=\"article\" \/>\n<meta property=\"og:title\" content=\"ACTION SOCIALE : Le Togo renforce les fondations de la solidarit\u00e9 nationale -\" \/>\n<meta property=\"og:description\" content=\"L&rsquo;action sociale au Togo est devenue essentielle au projet national de d\u00e9veloppement. Les efforts de consolidation engag\u00e9s rendent la solidarit\u00e9 plus coh\u00e9rente, inclusive et durablement efficace. Cet \u00e9lan s&rsquo;appuie sur une vision d&rsquo;ensemble, attentive aux vuln\u00e9rabilit\u00e9s multiples et aux r\u00e9alit\u00e9s du terrain. La consolidation de [&hellip;]\" \/>\n<meta property=\"og:url\" content=\"https:\/\/macite.tg\/?p=27968\" \/>\n<meta property=\"article:published_time\" content=\"2026-02-03T09:54:19+00:00\" \/>\n<meta property=\"article:modified_time\" content=\"2026-02-03T09:54:27+00:00\" \/>\n<meta property=\"og:image\" content=\"https:\/\/macite.tg\/wp-content\/uploads\/2026\/02\/image-3.png\" \/>\n\t<meta property=\"og:image:width\" content=\"443\" \/>\n\t<meta property=\"og:image:height\" content=\"232\" \/>\n\t<meta property=\"og:image:type\" content=\"image\/png\" \/>\n<meta name=\"author\" content=\"Jean Pierre BAWELA\" \/>\n<meta name=\"twitter:card\" content=\"summary_large_image\" \/>\n<meta name=\"twitter:label1\" content=\"\u00c9crit par\" \/>\n\t<meta name=\"twitter:data1\" content=\"Jean Pierre BAWELA\" \/>\n\t<meta name=\"twitter:label2\" content=\"Dur\u00e9e de lecture estim\u00e9e\" \/>\n\t<meta name=\"twitter:data2\" content=\"3 minutes\" \/>\n<script type=\"application\/ld+json\" class=\"yoast-schema-graph\">{\"@context\":\"https:\\\/\\\/schema.org\",\"@graph\":[{\"@type\":\"Article\",\"@id\":\"https:\\\/\\\/macite.tg\\\/?p=27968#article\",\"isPartOf\":{\"@id\":\"https:\\\/\\\/macite.tg\\\/?p=27968\"},\"author\":{\"name\":\"Jean Pierre BAWELA\",\"@id\":\"https:\\\/\\\/macite.tg\\\/#\\\/schema\\\/person\\\/e9f2de7e5dbbe7770a9402c7ce82f5c2\"},\"headline\":\"ACTION SOCIALE : Le Togo renforce les fondations de la solidarit\u00e9 nationale\",\"datePublished\":\"2026-02-03T09:54:19+00:00\",\"dateModified\":\"2026-02-03T09:54:27+00:00\",\"mainEntityOfPage\":{\"@id\":\"https:\\\/\\\/macite.tg\\\/?p=27968\"},\"wordCount\":513,\"commentCount\":0,\"image\":{\"@id\":\"https:\\\/\\\/macite.tg\\\/?p=27968#primaryimage\"},\"thumbnailUrl\":\"https:\\\/\\\/macite.tg\\\/wp-content\\\/uploads\\\/2026\\\/02\\\/image-3.png\",\"articleSection\":[\"ACTUALITE\",\"HUMANITAIRE\"],\"inLanguage\":\"fr-FR\",\"potentialAction\":[{\"@type\":\"CommentAction\",\"name\":\"Comment\",\"target\":[\"https:\\\/\\\/macite.tg\\\/?p=27968#respond\"]}]},{\"@type\":\"WebPage\",\"@id\":\"https:\\\/\\\/macite.tg\\\/?p=27968\",\"url\":\"https:\\\/\\\/macite.tg\\\/?p=27968\",\"name\":\"ACTION SOCIALE : Le Togo renforce les fondations de la solidarit\u00e9 nationale -\",\"isPartOf\":{\"@id\":\"https:\\\/\\\/macite.tg\\\/#website\"},\"primaryImageOfPage\":{\"@id\":\"https:\\\/\\\/macite.tg\\\/?p=27968#primaryimage\"},\"image\":{\"@id\":\"https:\\\/\\\/macite.tg\\\/?p=27968#primaryimage\"},\"thumbnailUrl\":\"https:\\\/\\\/macite.tg\\\/wp-content\\\/uploads\\\/2026\\\/02\\\/image-3.png\",\"datePublished\":\"2026-02-03T09:54:19+00:00\",\"dateModified\":\"2026-02-03T09:54:27+00:00\",\"author\":{\"@id\":\"https:\\\/\\\/macite.tg\\\/#\\\/schema\\\/person\\\/e9f2de7e5dbbe7770a9402c7ce82f5c2\"},\"breadcrumb\":{\"@id\":\"https:\\\/\\\/macite.tg\\\/?p=27968#breadcrumb\"},\"inLanguage\":\"fr-FR\",\"potentialAction\":[{\"@type\":\"ReadAction\",\"target\":[\"https:\\\/\\\/macite.tg\\\/?p=27968\"]}]},{\"@type\":\"ImageObject\",\"inLanguage\":\"fr-FR\",\"@id\":\"https:\\\/\\\/macite.tg\\\/?p=27968#primaryimage\",\"url\":\"https:\\\/\\\/macite.tg\\\/wp-content\\\/uploads\\\/2026\\\/02\\\/image-3.png\",\"contentUrl\":\"https:\\\/\\\/macite.tg\\\/wp-content\\\/uploads\\\/2026\\\/02\\\/image-3.png\",\"width\":443,\"height\":232},{\"@type\":\"BreadcrumbList\",\"@id\":\"https:\\\/\\\/macite.tg\\\/?p=27968#breadcrumb\",\"itemListElement\":[{\"@type\":\"ListItem\",\"position\":1,\"name\":\"Accueil\",\"item\":\"https:\\\/\\\/macite.tg\\\/\"},{\"@type\":\"ListItem\",\"position\":2,\"name\":\"ACTION SOCIALE : Le Togo renforce les fondations de la solidarit\u00e9 nationale\"}]},{\"@type\":\"WebSite\",\"@id\":\"https:\\\/\\\/macite.tg\\\/#website\",\"url\":\"https:\\\/\\\/macite.tg\\\/\",\"name\":\"\",\"description\":\"L&#039;information, la bonne!!!\",\"potentialAction\":[{\"@type\":\"SearchAction\",\"target\":{\"@type\":\"EntryPoint\",\"urlTemplate\":\"https:\\\/\\\/macite.tg\\\/?s={search_term_string}\"},\"query-input\":{\"@type\":\"PropertyValueSpecification\",\"valueRequired\":true,\"valueName\":\"search_term_string\"}}],\"inLanguage\":\"fr-FR\"},{\"@type\":\"Person\",\"@id\":\"https:\\\/\\\/macite.tg\\\/#\\\/schema\\\/person\\\/e9f2de7e5dbbe7770a9402c7ce82f5c2\",\"name\":\"Jean Pierre BAWELA\",\"image\":{\"@type\":\"ImageObject\",\"inLanguage\":\"fr-FR\",\"@id\":\"https:\\\/\\\/macite.tg\\\/wp-content\\\/uploads\\\/2023\\\/09\\\/WhatsApp-Image-2023-09-19-at-14.44.41-122x122.jpeg\",\"url\":\"https:\\\/\\\/macite.tg\\\/wp-content\\\/uploads\\\/2023\\\/09\\\/WhatsApp-Image-2023-09-19-at-14.44.41-122x122.jpeg\",\"contentUrl\":\"https:\\\/\\\/macite.tg\\\/wp-content\\\/uploads\\\/2023\\\/09\\\/WhatsApp-Image-2023-09-19-at-14.44.41-122x122.jpeg\",\"caption\":\"Jean Pierre BAWELA\"},\"url\":\"https:\\\/\\\/macite.tg\\\/?author=2\"}]}<\/script>\n<!-- \/ Yoast SEO plugin. -->","yoast_head_json":{"title":"ACTION SOCIALE : Le Togo renforce les fondations de la solidarit\u00e9 nationale -","robots":{"index":"index","follow":"follow","max-snippet":"max-snippet:-1","max-image-preview":"max-image-preview:large","max-video-preview":"max-video-preview:-1"},"canonical":"https:\/\/macite.tg\/?p=27968","og_locale":"fr_FR","og_type":"article","og_title":"ACTION SOCIALE : Le Togo renforce les fondations de la solidarit\u00e9 nationale -","og_description":"L&rsquo;action sociale au Togo est devenue essentielle au projet national de d\u00e9veloppement. Les efforts de consolidation engag\u00e9s rendent la solidarit\u00e9 plus coh\u00e9rente, inclusive et durablement efficace. Cet \u00e9lan s&rsquo;appuie sur une vision d&rsquo;ensemble, attentive aux vuln\u00e9rabilit\u00e9s multiples et aux r\u00e9alit\u00e9s du terrain. La consolidation de [&hellip;]","og_url":"https:\/\/macite.tg\/?p=27968","article_published_time":"2026-02-03T09:54:19+00:00","article_modified_time":"2026-02-03T09:54:27+00:00","og_image":[{"width":443,"height":232,"url":"https:\/\/macite.tg\/wp-content\/uploads\/2026\/02\/image-3.png","type":"image\/png"}],"author":"Jean Pierre BAWELA","twitter_card":"summary_large_image","twitter_misc":{"\u00c9crit par":"Jean Pierre BAWELA","Dur\u00e9e de lecture estim\u00e9e":"3 minutes"},"schema":{"@context":"https:\/\/schema.org","@graph":[{"@type":"Article","@id":"https:\/\/macite.tg\/?p=27968#article","isPartOf":{"@id":"https:\/\/macite.tg\/?p=27968"},"author":{"name":"Jean Pierre BAWELA","@id":"https:\/\/macite.tg\/#\/schema\/person\/e9f2de7e5dbbe7770a9402c7ce82f5c2"},"headline":"ACTION SOCIALE : Le Togo renforce les fondations de la solidarit\u00e9 nationale","datePublished":"2026-02-03T09:54:19+00:00","dateModified":"2026-02-03T09:54:27+00:00","mainEntityOfPage":{"@id":"https:\/\/macite.tg\/?p=27968"},"wordCount":513,"commentCount":0,"image":{"@id":"https:\/\/macite.tg\/?p=27968#primaryimage"},"thumbnailUrl":"https:\/\/macite.tg\/wp-content\/uploads\/2026\/02\/image-3.png","articleSection":["ACTUALITE","HUMANITAIRE"],"inLanguage":"fr-FR","potentialAction":[{"@type":"CommentAction","name":"Comment","target":["https:\/\/macite.tg\/?p=27968#respond"]}]},{"@type":"WebPage","@id":"https:\/\/macite.tg\/?p=27968","url":"https:\/\/macite.tg\/?p=27968","name":"ACTION SOCIALE : Le Togo renforce les fondations de la solidarit\u00e9 nationale -","isPartOf":{"@id":"https:\/\/macite.tg\/#website"},"primaryImageOfPage":{"@id":"https:\/\/macite.tg\/?p=27968#primaryimage"},"image":{"@id":"https:\/\/macite.tg\/?p=27968#primaryimage"},"thumbnailUrl":"https:\/\/macite.tg\/wp-content\/uploads\/2026\/02\/image-3.png","datePublished":"2026-02-03T09:54:19+00:00","dateModified":"2026-02-03T09:54:27+00:00","author":{"@id":"https:\/\/macite.tg\/#\/schema\/person\/e9f2de7e5dbbe7770a9402c7ce82f5c2"},"breadcrumb":{"@id":"https:\/\/macite.tg\/?p=27968#breadcrumb"},"inLanguage":"fr-FR","potentialAction":[{"@type":"ReadAction","target":["https:\/\/macite.tg\/?p=27968"]}]},{"@type":"ImageObject","inLanguage":"fr-FR","@id":"https:\/\/macite.tg\/?p=27968#primaryimage","url":"https:\/\/macite.tg\/wp-content\/uploads\/2026\/02\/image-3.png","contentUrl":"https:\/\/macite.tg\/wp-content\/uploads\/2026\/02\/image-3.png","width":443,"height":232},{"@type":"BreadcrumbList","@id":"https:\/\/macite.tg\/?p=27968#breadcrumb","itemListElement":[{"@type":"ListItem","position":1,"name":"Accueil","item":"https:\/\/macite.tg\/"},{"@type":"ListItem","position":2,"name":"ACTION SOCIALE : Le Togo renforce les fondations de la solidarit\u00e9 nationale"}]},{"@type":"WebSite","@id":"https:\/\/macite.tg\/#website","url":"https:\/\/macite.tg\/","name":"","description":"L&#039;information, la bonne!!!","potentialAction":[{"@type":"SearchAction","target":{"@type":"EntryPoint","urlTemplate":"https:\/\/macite.tg\/?s={search_term_string}"},"query-input":{"@type":"PropertyValueSpecification","valueRequired":true,"valueName":"search_term_string"}}],"inLanguage":"fr-FR"},{"@type":"Person","@id":"https:\/\/macite.tg\/#\/schema\/person\/e9f2de7e5dbbe7770a9402c7ce82f5c2","name":"Jean Pierre BAWELA","image":{"@type":"ImageObject","inLanguage":"fr-FR","@id":"https:\/\/macite.tg\/wp-content\/uploads\/2023\/09\/WhatsApp-Image-2023-09-19-at-14.44.41-122x122.jpeg","url":"https:\/\/macite.tg\/wp-content\/uploads\/2023\/09\/WhatsApp-Image-2023-09-19-at-14.44.41-122x122.jpeg","contentUrl":"https:\/\/macite.tg\/wp-content\/uploads\/2023\/09\/WhatsApp-Image-2023-09-19-at-14.44.41-122x122.jpeg","caption":"Jean Pierre BAWELA"},"url":"https:\/\/macite.tg\/?author=2"}]}},"_links":{"self":[{"href":"https:\/\/macite.tg\/index.php?rest_route=\/wp\/v2\/posts\/27968","targetHints":{"allow":["GET"]}}],"collection":[{"href":"https:\/\/macite.tg\/index.php?rest_route=\/wp\/v2\/posts"}],"about":[{"href":"https:\/\/macite.tg\/index.php?rest_route=\/wp\/v2\/types\/post"}],"author":[{"embeddable":true,"href":"https:\/\/macite.tg\/index.php?rest_route=\/wp\/v2\/users\/2"}],"replies":[{"embeddable":true,"href":"https:\/\/macite.tg\/index.php?rest_route=%2Fwp%2Fv2%2Fcomments&post=27968"}],"version-history":[{"count":0,"href":"https:\/\/macite.tg\/index.php?rest_route=\/wp\/v2\/posts\/27968\/revisions"}],"wp:featuredmedia":[{"embeddable":true,"href":"https:\/\/macite.tg\/index.php?rest_route=\/wp\/v2\/media\/27970"}],"wp:attachment":[{"href":"https:\/\/macite.tg\/index.php?rest_route=%2Fwp%2Fv2%2Fmedia&parent=27968"}],"wp:term":[{"taxonomy":"category","embeddable":true,"href":"https:\/\/macite.tg\/index.php?rest_route=%2Fwp%2Fv2%2Fcategories&post=27968"},{"taxonomy":"post_tag","embeddable":true,"href":"https:\/\/macite.tg\/index.php?rest_route=%2Fwp%2Fv2%2Ftags&post=27968"}],"curies":[{"name":"wp","href":"https:\/\/api.w.org\/{rel}","templated":true}]}}