{"id":27952,"date":"2026-02-02T14:15:01","date_gmt":"2026-02-02T14:15:01","guid":{"rendered":"https:\/\/macite.tg\/?p=27952"},"modified":"2026-02-02T14:15:40","modified_gmt":"2026-02-02T14:15:40","slug":"la-caf-sous-tutelle-de-la-fifa-le-pot-aux-roses-decouvert","status":"publish","type":"post","link":"https:\/\/macite.tg\/?p=27952","title":{"rendered":"LA CAF SOUS TUTELLE DE LA FIFA\u00a0: Le pot-aux-roses d\u00e9couvert&#8230;"},"content":{"rendered":"\n<p class=\"wp-block-paragraph\"><strong><em>La Conf\u00e9d\u00e9ration africaine de football (CAF) fait face \u00e0 une nouvelle zone de turbulences \u00e0 la suite de la d\u00e9cision du Maroc de se retirer de l\u2019organisation de la Coupe d\u2019Afrique des nations (CAN) f\u00e9minine, pr\u00e9vue dans un d\u00e9lai d\u2019environ deux mois. Ce d\u00e9sistement inattendu a relanc\u00e9 les d\u00e9bats autour de la gouvernance de l\u2019instance continentale et de sa capacit\u00e9 \u00e0 assurer la stabilit\u00e9 et la planification des grandes comp\u00e9titions africaines.<\/em><\/strong><\/p>\n\n\n\n<p class=\"wp-block-paragraph\">Dans ce contexte, le journaliste fran\u00e7ais Romain Molina, connu pour ses enqu\u00eates sur les institutions sportives internationales et africaines, a publiquement critiqu\u00e9 la gestion actuelle de la CAF. Sur le r\u00e9seau social X, il estime que la conf\u00e9d\u00e9ration traverse une crise profonde depuis l\u2019intervention de la F\u00e9d\u00e9ration internationale de football association (FIFA) dans ses affaires internes.<\/p>\n\n\n<div class=\"wp-block-image\">\n<figure class=\"aligncenter size-full\"><img loading=\"lazy\" decoding=\"async\" width=\"851\" height=\"315\" src=\"https:\/\/macite.tg\/wp-content\/uploads\/2026\/01\/OTR_Ferer-pour-batir-1-1.jpg\" alt=\"\" class=\"wp-image-27769\" srcset=\"https:\/\/macite.tg\/wp-content\/uploads\/2026\/01\/OTR_Ferer-pour-batir-1-1.jpg 851w, https:\/\/macite.tg\/wp-content\/uploads\/2026\/01\/OTR_Ferer-pour-batir-1-1-300x111.jpg 300w, https:\/\/macite.tg\/wp-content\/uploads\/2026\/01\/OTR_Ferer-pour-batir-1-1-768x284.jpg 768w\" sizes=\"auto, (max-width: 851px) 100vw, 851px\" \/><\/figure>\n<\/div>\n\n\n<p class=\"wp-block-paragraph\">Selon Romain Molina, cette situation serait la cons\u00e9quence directe d\u2019une reprise de contr\u00f4le de la CAF par la FIFA, r\u00e9alis\u00e9e avec l\u2019adh\u00e9sion de certains dirigeants africains. Il \u00e9voque l\u2019obtention de postes et de r\u00e9mun\u00e9rations par ces responsables en contrepartie de leur soutien. \u00ab Depuis que la&nbsp;<a href=\"https:\/\/www.senenews.com\/actualites\/fenetre-fifa-le-senegal-decroche-un-match-amical-de-prestige_574233.html\">FIFA<\/a>&nbsp;a voulu r\u00e9cup\u00e9rer le contr\u00f4le de la CAF avec l\u2019approbation ou la soumission de quelques dirigeants africains, c\u2019est un d\u00e9sastre absolu pour le football africain \u00bb, \u00e9crit-il. Le journaliste affirme \u00e9galement qu\u2019aucune autre conf\u00e9d\u00e9ration continentale ne ferait face, \u00e0 ce stade, \u00e0 une crise de gouvernance et \u00e9conomique d\u2019une telle ampleur.<\/p>\n\n\n\n<p class=\"wp-block-paragraph\">Le retrait du Maroc, pays r\u00e9guli\u00e8rement impliqu\u00e9 dans l\u2019organisation de comp\u00e9titions continentales et internationales, pose d\u00e9sormais la question de la capacit\u00e9 de la CAF \u00e0 maintenir le calendrier et les standards organisationnels de la CAN f\u00e9minine. \u00c0 ce jour, aucune communication officielle d\u00e9taill\u00e9e de la conf\u00e9d\u00e9ration n\u2019a permis de pr\u00e9ciser les raisons exactes du d\u00e9sistement marocain ni les cons\u00e9quences logistiques imm\u00e9diates sur la comp\u00e9tition.<\/p>\n\n\n<div class=\"wp-block-image\">\n<figure class=\"aligncenter size-large is-resized\"><img loading=\"lazy\" decoding=\"async\" width=\"1024\" height=\"1024\" src=\"https:\/\/macite.tg\/wp-content\/uploads\/2026\/01\/623395023_1512975654170569_1154007761338906948_n-1024x1024.jpg\" alt=\"\" class=\"wp-image-27896\" style=\"width:632px;height:auto\" srcset=\"https:\/\/macite.tg\/wp-content\/uploads\/2026\/01\/623395023_1512975654170569_1154007761338906948_n-1024x1024.jpg 1024w, https:\/\/macite.tg\/wp-content\/uploads\/2026\/01\/623395023_1512975654170569_1154007761338906948_n-300x300.jpg 300w, https:\/\/macite.tg\/wp-content\/uploads\/2026\/01\/623395023_1512975654170569_1154007761338906948_n-150x150.jpg 150w, https:\/\/macite.tg\/wp-content\/uploads\/2026\/01\/623395023_1512975654170569_1154007761338906948_n-768x768.jpg 768w, https:\/\/macite.tg\/wp-content\/uploads\/2026\/01\/623395023_1512975654170569_1154007761338906948_n-122x122.jpg 122w, https:\/\/macite.tg\/wp-content\/uploads\/2026\/01\/623395023_1512975654170569_1154007761338906948_n.jpg 1080w\" sizes=\"auto, (max-width: 1024px) 100vw, 1024px\" \/><\/figure>\n<\/div>\n\n\n<p class=\"wp-block-paragraph\">Face \u00e0 cette situation, l\u2019Afrique du Sud s\u2019est d\u00e9clar\u00e9e candidate pour accueillir la CAN f\u00e9minine 2026, se positionnant comme une solution alternative afin d\u2019assurer la tenue du tournoi. Cette proposition intervient alors que la CAF doit rapidement trancher pour garantir la pr\u00e9paration des \u00e9quipes qualifi\u00e9es et le bon d\u00e9roulement de la comp\u00e9tition.<\/p>\n\n\n\n<p class=\"wp-block-paragraph\"><strong>MSN<\/strong><\/p>\n\n\n\n<p class=\"wp-block-paragraph\"><a><strong><em>@macite.tg&nbsp;&nbsp;&nbsp;&nbsp;&nbsp;&nbsp;&nbsp;&nbsp;<\/em><\/strong><\/a><\/p>\n\n\n\n<p class=\"wp-block-paragraph\"><strong><em>E-mail&nbsp;: <\/em><\/strong><a href=\"mailto:maciteinfo@gmail.com\"><strong><em>maciteinfo@gmail.com<\/em><\/strong><\/a><strong><em>; <\/em><\/strong><a href=\"mailto:bawela1@gmail.com\"><strong><em>bawela1@gmail.com<\/em><\/strong><\/a><strong><em><\/em><\/strong><\/p>\n\n\n\n<p class=\"wp-block-paragraph\"><strong><em>Pour vos annonces, (publi)reportages, etc., joignez-nous au (00228)91515309\/<strong>79872224 <\/strong><strong><\/strong><\/em><\/strong><\/p>\n\n\n\n<p class=\"wp-block-paragraph\"><strong><em>www.macite.tg, L\u2019information, la bonne&nbsp;!<\/em><\/strong><\/p>\n\n\n\n<p class=\"wp-block-paragraph\"><\/p>\n","protected":false},"excerpt":{"rendered":"<p class=\"text-justify mb-2\" >La Conf\u00e9d\u00e9ration africaine de football (CAF) fait face \u00e0 une nouvelle zone de turbulences \u00e0 la suite de la d\u00e9cision du Maroc de se retirer de l\u2019organisation de la Coupe d\u2019Afrique des nations (CAN) f\u00e9minine, pr\u00e9vue dans un d\u00e9lai d\u2019environ deux mois. Ce d\u00e9sistement inattendu [&hellip;]<\/p>\n","protected":false},"author":2,"featured_media":27953,"comment_status":"open","ping_status":"open","sticky":false,"template":"","format":"standard","meta":{"footnotes":""},"categories":[20,63,7],"tags":[],"class_list":["post-27952","post","type-post","status-publish","format-standard","has-post-thumbnail","hentry","category-actualite","category-football","category-sports"],"yoast_head":"<!-- This site is optimized with the Yoast SEO plugin v28.4 - https:\/\/yoast.com\/product\/yoast-seo-wordpress\/ -->\n<title>LA CAF SOUS TUTELLE DE LA FIFA\u00a0: Le pot-aux-roses d\u00e9couvert... -<\/title>\n<meta name=\"robots\" content=\"index, follow, max-snippet:-1, max-image-preview:large, max-video-preview:-1\" \/>\n<link rel=\"canonical\" href=\"https:\/\/macite.tg\/?p=27952\" \/>\n<meta property=\"og:locale\" content=\"fr_FR\" \/>\n<meta property=\"og:type\" content=\"article\" \/>\n<meta property=\"og:title\" content=\"LA CAF SOUS TUTELLE DE LA FIFA\u00a0: Le pot-aux-roses d\u00e9couvert... -\" \/>\n<meta property=\"og:description\" content=\"La Conf\u00e9d\u00e9ration africaine de football (CAF) fait face \u00e0 une nouvelle zone de turbulences \u00e0 la suite de la d\u00e9cision du Maroc de se retirer de l\u2019organisation de la Coupe d\u2019Afrique des nations (CAN) f\u00e9minine, pr\u00e9vue dans un d\u00e9lai d\u2019environ deux mois. Ce d\u00e9sistement inattendu [&hellip;]\" \/>\n<meta property=\"og:url\" content=\"https:\/\/macite.tg\/?p=27952\" \/>\n<meta property=\"article:published_time\" content=\"2026-02-02T14:15:01+00:00\" \/>\n<meta property=\"article:modified_time\" content=\"2026-02-02T14:15:40+00:00\" \/>\n<meta property=\"og:image\" content=\"https:\/\/macite.tg\/wp-content\/uploads\/2026\/02\/CAF-FIFA.jpg\" \/>\n\t<meta property=\"og:image:width\" content=\"500\" \/>\n\t<meta property=\"og:image:height\" content=\"272\" \/>\n\t<meta property=\"og:image:type\" content=\"image\/jpeg\" \/>\n<meta name=\"author\" content=\"Jean Pierre BAWELA\" \/>\n<meta name=\"twitter:card\" content=\"summary_large_image\" \/>\n<meta name=\"twitter:label1\" content=\"\u00c9crit par\" \/>\n\t<meta name=\"twitter:data1\" content=\"Jean Pierre BAWELA\" \/>\n\t<meta name=\"twitter:label2\" content=\"Dur\u00e9e de lecture estim\u00e9e\" \/>\n\t<meta name=\"twitter:data2\" content=\"3 minutes\" \/>\n<script type=\"application\/ld+json\" class=\"yoast-schema-graph\">{\"@context\":\"https:\\\/\\\/schema.org\",\"@graph\":[{\"@type\":\"Article\",\"@id\":\"https:\\\/\\\/macite.tg\\\/?p=27952#article\",\"isPartOf\":{\"@id\":\"https:\\\/\\\/macite.tg\\\/?p=27952\"},\"author\":{\"name\":\"Jean Pierre BAWELA\",\"@id\":\"https:\\\/\\\/macite.tg\\\/#\\\/schema\\\/person\\\/e9f2de7e5dbbe7770a9402c7ce82f5c2\"},\"headline\":\"LA CAF SOUS TUTELLE DE LA FIFA\u00a0: Le pot-aux-roses d\u00e9couvert&#8230;\",\"datePublished\":\"2026-02-02T14:15:01+00:00\",\"dateModified\":\"2026-02-02T14:15:40+00:00\",\"mainEntityOfPage\":{\"@id\":\"https:\\\/\\\/macite.tg\\\/?p=27952\"},\"wordCount\":445,\"commentCount\":0,\"image\":{\"@id\":\"https:\\\/\\\/macite.tg\\\/?p=27952#primaryimage\"},\"thumbnailUrl\":\"https:\\\/\\\/macite.tg\\\/wp-content\\\/uploads\\\/2026\\\/02\\\/CAF-FIFA.jpg\",\"articleSection\":[\"ACTUALITE\",\"FOOTBALL\",\"SPORTS\"],\"inLanguage\":\"fr-FR\",\"potentialAction\":[{\"@type\":\"CommentAction\",\"name\":\"Comment\",\"target\":[\"https:\\\/\\\/macite.tg\\\/?p=27952#respond\"]}]},{\"@type\":\"WebPage\",\"@id\":\"https:\\\/\\\/macite.tg\\\/?p=27952\",\"url\":\"https:\\\/\\\/macite.tg\\\/?p=27952\",\"name\":\"LA CAF SOUS TUTELLE DE LA FIFA\u00a0: Le pot-aux-roses d\u00e9couvert... -\",\"isPartOf\":{\"@id\":\"https:\\\/\\\/macite.tg\\\/#website\"},\"primaryImageOfPage\":{\"@id\":\"https:\\\/\\\/macite.tg\\\/?p=27952#primaryimage\"},\"image\":{\"@id\":\"https:\\\/\\\/macite.tg\\\/?p=27952#primaryimage\"},\"thumbnailUrl\":\"https:\\\/\\\/macite.tg\\\/wp-content\\\/uploads\\\/2026\\\/02\\\/CAF-FIFA.jpg\",\"datePublished\":\"2026-02-02T14:15:01+00:00\",\"dateModified\":\"2026-02-02T14:15:40+00:00\",\"author\":{\"@id\":\"https:\\\/\\\/macite.tg\\\/#\\\/schema\\\/person\\\/e9f2de7e5dbbe7770a9402c7ce82f5c2\"},\"breadcrumb\":{\"@id\":\"https:\\\/\\\/macite.tg\\\/?p=27952#breadcrumb\"},\"inLanguage\":\"fr-FR\",\"potentialAction\":[{\"@type\":\"ReadAction\",\"target\":[\"https:\\\/\\\/macite.tg\\\/?p=27952\"]}]},{\"@type\":\"ImageObject\",\"inLanguage\":\"fr-FR\",\"@id\":\"https:\\\/\\\/macite.tg\\\/?p=27952#primaryimage\",\"url\":\"https:\\\/\\\/macite.tg\\\/wp-content\\\/uploads\\\/2026\\\/02\\\/CAF-FIFA.jpg\",\"contentUrl\":\"https:\\\/\\\/macite.tg\\\/wp-content\\\/uploads\\\/2026\\\/02\\\/CAF-FIFA.jpg\",\"width\":500,\"height\":272,\"caption\":\"Infantino et Mosepe\"},{\"@type\":\"BreadcrumbList\",\"@id\":\"https:\\\/\\\/macite.tg\\\/?p=27952#breadcrumb\",\"itemListElement\":[{\"@type\":\"ListItem\",\"position\":1,\"name\":\"Accueil\",\"item\":\"https:\\\/\\\/macite.tg\\\/\"},{\"@type\":\"ListItem\",\"position\":2,\"name\":\"LA CAF SOUS TUTELLE DE LA FIFA\u00a0: Le pot-aux-roses d\u00e9couvert&#8230;\"}]},{\"@type\":\"WebSite\",\"@id\":\"https:\\\/\\\/macite.tg\\\/#website\",\"url\":\"https:\\\/\\\/macite.tg\\\/\",\"name\":\"\",\"description\":\"L&#039;information, la bonne!!!\",\"potentialAction\":[{\"@type\":\"SearchAction\",\"target\":{\"@type\":\"EntryPoint\",\"urlTemplate\":\"https:\\\/\\\/macite.tg\\\/?s={search_term_string}\"},\"query-input\":{\"@type\":\"PropertyValueSpecification\",\"valueRequired\":true,\"valueName\":\"search_term_string\"}}],\"inLanguage\":\"fr-FR\"},{\"@type\":\"Person\",\"@id\":\"https:\\\/\\\/macite.tg\\\/#\\\/schema\\\/person\\\/e9f2de7e5dbbe7770a9402c7ce82f5c2\",\"name\":\"Jean Pierre BAWELA\",\"image\":{\"@type\":\"ImageObject\",\"inLanguage\":\"fr-FR\",\"@id\":\"https:\\\/\\\/macite.tg\\\/wp-content\\\/uploads\\\/2023\\\/09\\\/WhatsApp-Image-2023-09-19-at-14.44.41-122x122.jpeg\",\"url\":\"https:\\\/\\\/macite.tg\\\/wp-content\\\/uploads\\\/2023\\\/09\\\/WhatsApp-Image-2023-09-19-at-14.44.41-122x122.jpeg\",\"contentUrl\":\"https:\\\/\\\/macite.tg\\\/wp-content\\\/uploads\\\/2023\\\/09\\\/WhatsApp-Image-2023-09-19-at-14.44.41-122x122.jpeg\",\"caption\":\"Jean Pierre BAWELA\"},\"url\":\"https:\\\/\\\/macite.tg\\\/?author=2\"}]}<\/script>\n<!-- \/ Yoast SEO plugin. -->","yoast_head_json":{"title":"LA CAF SOUS TUTELLE DE LA FIFA\u00a0: Le pot-aux-roses d\u00e9couvert... -","robots":{"index":"index","follow":"follow","max-snippet":"max-snippet:-1","max-image-preview":"max-image-preview:large","max-video-preview":"max-video-preview:-1"},"canonical":"https:\/\/macite.tg\/?p=27952","og_locale":"fr_FR","og_type":"article","og_title":"LA CAF SOUS TUTELLE DE LA FIFA\u00a0: Le pot-aux-roses d\u00e9couvert... -","og_description":"La Conf\u00e9d\u00e9ration africaine de football (CAF) fait face \u00e0 une nouvelle zone de turbulences \u00e0 la suite de la d\u00e9cision du Maroc de se retirer de l\u2019organisation de la Coupe d\u2019Afrique des nations (CAN) f\u00e9minine, pr\u00e9vue dans un d\u00e9lai d\u2019environ deux mois. Ce d\u00e9sistement inattendu [&hellip;]","og_url":"https:\/\/macite.tg\/?p=27952","article_published_time":"2026-02-02T14:15:01+00:00","article_modified_time":"2026-02-02T14:15:40+00:00","og_image":[{"width":500,"height":272,"url":"https:\/\/macite.tg\/wp-content\/uploads\/2026\/02\/CAF-FIFA.jpg","type":"image\/jpeg"}],"author":"Jean Pierre BAWELA","twitter_card":"summary_large_image","twitter_misc":{"\u00c9crit par":"Jean Pierre BAWELA","Dur\u00e9e de lecture estim\u00e9e":"3 minutes"},"schema":{"@context":"https:\/\/schema.org","@graph":[{"@type":"Article","@id":"https:\/\/macite.tg\/?p=27952#article","isPartOf":{"@id":"https:\/\/macite.tg\/?p=27952"},"author":{"name":"Jean Pierre BAWELA","@id":"https:\/\/macite.tg\/#\/schema\/person\/e9f2de7e5dbbe7770a9402c7ce82f5c2"},"headline":"LA CAF SOUS TUTELLE DE LA FIFA\u00a0: Le pot-aux-roses d\u00e9couvert&#8230;","datePublished":"2026-02-02T14:15:01+00:00","dateModified":"2026-02-02T14:15:40+00:00","mainEntityOfPage":{"@id":"https:\/\/macite.tg\/?p=27952"},"wordCount":445,"commentCount":0,"image":{"@id":"https:\/\/macite.tg\/?p=27952#primaryimage"},"thumbnailUrl":"https:\/\/macite.tg\/wp-content\/uploads\/2026\/02\/CAF-FIFA.jpg","articleSection":["ACTUALITE","FOOTBALL","SPORTS"],"inLanguage":"fr-FR","potentialAction":[{"@type":"CommentAction","name":"Comment","target":["https:\/\/macite.tg\/?p=27952#respond"]}]},{"@type":"WebPage","@id":"https:\/\/macite.tg\/?p=27952","url":"https:\/\/macite.tg\/?p=27952","name":"LA CAF SOUS TUTELLE DE LA FIFA\u00a0: Le pot-aux-roses d\u00e9couvert... -","isPartOf":{"@id":"https:\/\/macite.tg\/#website"},"primaryImageOfPage":{"@id":"https:\/\/macite.tg\/?p=27952#primaryimage"},"image":{"@id":"https:\/\/macite.tg\/?p=27952#primaryimage"},"thumbnailUrl":"https:\/\/macite.tg\/wp-content\/uploads\/2026\/02\/CAF-FIFA.jpg","datePublished":"2026-02-02T14:15:01+00:00","dateModified":"2026-02-02T14:15:40+00:00","author":{"@id":"https:\/\/macite.tg\/#\/schema\/person\/e9f2de7e5dbbe7770a9402c7ce82f5c2"},"breadcrumb":{"@id":"https:\/\/macite.tg\/?p=27952#breadcrumb"},"inLanguage":"fr-FR","potentialAction":[{"@type":"ReadAction","target":["https:\/\/macite.tg\/?p=27952"]}]},{"@type":"ImageObject","inLanguage":"fr-FR","@id":"https:\/\/macite.tg\/?p=27952#primaryimage","url":"https:\/\/macite.tg\/wp-content\/uploads\/2026\/02\/CAF-FIFA.jpg","contentUrl":"https:\/\/macite.tg\/wp-content\/uploads\/2026\/02\/CAF-FIFA.jpg","width":500,"height":272,"caption":"Infantino et Mosepe"},{"@type":"BreadcrumbList","@id":"https:\/\/macite.tg\/?p=27952#breadcrumb","itemListElement":[{"@type":"ListItem","position":1,"name":"Accueil","item":"https:\/\/macite.tg\/"},{"@type":"ListItem","position":2,"name":"LA CAF SOUS TUTELLE DE LA FIFA\u00a0: Le pot-aux-roses d\u00e9couvert&#8230;"}]},{"@type":"WebSite","@id":"https:\/\/macite.tg\/#website","url":"https:\/\/macite.tg\/","name":"","description":"L&#039;information, la bonne!!!","potentialAction":[{"@type":"SearchAction","target":{"@type":"EntryPoint","urlTemplate":"https:\/\/macite.tg\/?s={search_term_string}"},"query-input":{"@type":"PropertyValueSpecification","valueRequired":true,"valueName":"search_term_string"}}],"inLanguage":"fr-FR"},{"@type":"Person","@id":"https:\/\/macite.tg\/#\/schema\/person\/e9f2de7e5dbbe7770a9402c7ce82f5c2","name":"Jean Pierre BAWELA","image":{"@type":"ImageObject","inLanguage":"fr-FR","@id":"https:\/\/macite.tg\/wp-content\/uploads\/2023\/09\/WhatsApp-Image-2023-09-19-at-14.44.41-122x122.jpeg","url":"https:\/\/macite.tg\/wp-content\/uploads\/2023\/09\/WhatsApp-Image-2023-09-19-at-14.44.41-122x122.jpeg","contentUrl":"https:\/\/macite.tg\/wp-content\/uploads\/2023\/09\/WhatsApp-Image-2023-09-19-at-14.44.41-122x122.jpeg","caption":"Jean Pierre BAWELA"},"url":"https:\/\/macite.tg\/?author=2"}]}},"_links":{"self":[{"href":"https:\/\/macite.tg\/index.php?rest_route=\/wp\/v2\/posts\/27952","targetHints":{"allow":["GET"]}}],"collection":[{"href":"https:\/\/macite.tg\/index.php?rest_route=\/wp\/v2\/posts"}],"about":[{"href":"https:\/\/macite.tg\/index.php?rest_route=\/wp\/v2\/types\/post"}],"author":[{"embeddable":true,"href":"https:\/\/macite.tg\/index.php?rest_route=\/wp\/v2\/users\/2"}],"replies":[{"embeddable":true,"href":"https:\/\/macite.tg\/index.php?rest_route=%2Fwp%2Fv2%2Fcomments&post=27952"}],"version-history":[{"count":0,"href":"https:\/\/macite.tg\/index.php?rest_route=\/wp\/v2\/posts\/27952\/revisions"}],"wp:featuredmedia":[{"embeddable":true,"href":"https:\/\/macite.tg\/index.php?rest_route=\/wp\/v2\/media\/27953"}],"wp:attachment":[{"href":"https:\/\/macite.tg\/index.php?rest_route=%2Fwp%2Fv2%2Fmedia&parent=27952"}],"wp:term":[{"taxonomy":"category","embeddable":true,"href":"https:\/\/macite.tg\/index.php?rest_route=%2Fwp%2Fv2%2Fcategories&post=27952"},{"taxonomy":"post_tag","embeddable":true,"href":"https:\/\/macite.tg\/index.php?rest_route=%2Fwp%2Fv2%2Ftags&post=27952"}],"curies":[{"name":"wp","href":"https:\/\/api.w.org\/{rel}","templated":true}]}}