{"id":27933,"date":"2026-02-02T09:42:26","date_gmt":"2026-02-02T09:42:26","guid":{"rendered":"https:\/\/macite.tg\/?p=27933"},"modified":"2026-02-02T09:42:33","modified_gmt":"2026-02-02T09:42:33","slug":"jns-bassar-celebre-lunite-et-la-jeunesse-a-travers-un-grand-gala-de-football","status":"publish","type":"post","link":"https:\/\/macite.tg\/?p=27933","title":{"rendered":"JNS\u00a0: Bassar c\u00e9l\u00e8bre l\u2019unit\u00e9 et la jeunesse \u00e0 travers un grand gala de football"},"content":{"rendered":"\n<p class=\"wp-block-paragraph\"><strong><em>Profitant de la Journ\u00e9e nationale du sport (JNS), les cadres du parti UNIR de la pr\u00e9fecture de Bassar, ont organis\u00e9, samedi dernier \u00e0 Bassar, un grand gala de football. L\u2019\u00e9v\u00e9nement est plac\u00e9 sous le signe de la coh\u00e9sion sociale, du vivre-ensemble et de la mobilisation communautaire. Il a rassembl\u00e9 les \u00e9quipes repr\u00e9sentatives des quatre communes de la pr\u00e9fecture et l\u2019\u00e9quipe KALINGBASSI, dans une ambiance fraternelle marqu\u00e9e par le dialogue, la convivialit\u00e9 et la promotion des valeurs de paix et d\u2019unit\u00e9 entre les fils et filles de Bassar.<\/em><\/strong><\/p>\n\n\n\n<p class=\"wp-block-paragraph\">D\u00e8s la matin\u00e9e, la f\u00eate du sport avait d\u00e9j\u00e0 gagn\u00e9 l\u2019ensemble des communes, o\u00f9 des activit\u00e9s de sport de masse ont \u00e9t\u00e9 organis\u00e9es sous l\u2019\u00e9gide des maires. Les populations, fortement mobilis\u00e9es, ont pris part, avec enthousiasme, \u00e0 diverses s\u00e9ances d\u2019exercices physiques et ludiques, traduisant l\u2019attachement des communaut\u00e9s \u00e0 la pratique sportive comme vecteur d\u2019une bonne sant\u00e9 et de coh\u00e9sion sociale.<\/p>\n\n\n\n<figure class=\"wp-block-image size-large\"><img loading=\"lazy\" decoding=\"async\" width=\"1024\" height=\"576\" src=\"https:\/\/macite.tg\/wp-content\/uploads\/2026\/02\/7fed3555-6214-4268-9060-44b4892d9d3d-1024x576.jpg\" alt=\"\" class=\"wp-image-27939\" srcset=\"https:\/\/macite.tg\/wp-content\/uploads\/2026\/02\/7fed3555-6214-4268-9060-44b4892d9d3d-1024x576.jpg 1024w, https:\/\/macite.tg\/wp-content\/uploads\/2026\/02\/7fed3555-6214-4268-9060-44b4892d9d3d-300x169.jpg 300w, https:\/\/macite.tg\/wp-content\/uploads\/2026\/02\/7fed3555-6214-4268-9060-44b4892d9d3d-768x432.jpg 768w, https:\/\/macite.tg\/wp-content\/uploads\/2026\/02\/7fed3555-6214-4268-9060-44b4892d9d3d.jpg 1280w\" sizes=\"auto, (max-width: 1024px) 100vw, 1024px\" \/><\/figure>\n\n\n\n<p class=\"wp-block-paragraph\">Dans ce prolongement, le tournoi de football a d\u00e9marr\u00e9 \u00e0 8h30 pour s\u2019achever aux environs de 17h. Tout au long de la journ\u00e9e, les rencontres se sont succ\u00e9d\u00e9 dans un esprit de fair-play et de saine comp\u00e9tition, mettant en lumi\u00e8re le talent, l\u2019engagement et la discipline des jeunes joueurs de la pr\u00e9fecture. Les matchs, \u00e2prement disput\u00e9s mais toujours respectueux des r\u00e8gles du jeu, ont tenu en haleine un public nombreux et enthousiaste.<\/p>\n\n\n\n<p class=\"wp-block-paragraph\">Sur le plan sportif, la comp\u00e9tition a tenu toutes ses promesses. Apr\u00e8s plusieurs confrontations intenses, la finale a oppos\u00e9 l\u2019\u00e9quipe de Bassar 1 \u00e0 celle de la commune 2. Au terme d\u2019un duel serr\u00e9 et haletant, c\u2019est l\u2019\u00e9quipe de Bassar 1 qui a enlev\u00e9 le troph\u00e9e, \u00e0 l\u2019issue de la s\u00e9ance des tirs au but (match nul et vierge \u00e0 l\u2019issu du temps r\u00e8glementaire), consacrant ainsi la combativit\u00e9, la solidarit\u00e9 et l\u2019esprit d\u2019\u00e9quipe de ses joueurs.<\/p>\n\n\n\n<p class=\"wp-block-paragraph\">Au-del\u00e0 du r\u00e9sultat final, toutes les \u00e9quipes participantes ont \u00e9t\u00e9 honor\u00e9es. Chacune a re\u00e7u des jeux de maillots, des ballons ainsi que des enveloppes financi\u00e8res, en guise d\u2019encouragement et de reconnaissance pour leur participation exemplaire. Ces distinctions traduisent la volont\u00e9 des organisateurs et des cadres d\u2019UNIR de soutenir durablement la jeunesse, de promouvoir la pratique sportive, et de renforcer les liens de solidarit\u00e9 au sein de la pr\u00e9fecture de Bassar.<\/p>\n\n\n\n<p class=\"wp-block-paragraph\">La c\u00e9r\u00e9monie s\u2019est d\u00e9roul\u00e9e en pr\u00e9sence des d\u00e9put\u00e9s, du S\u00e9nateur et de sa suppl\u00e9ante, des maires des quatre communes, des conseillers r\u00e9gionaux et municipaux, ainsi que de plusieurs hauts cadres de la pr\u00e9fecture.<\/p>\n\n\n<div class=\"wp-block-image\">\n<figure class=\"aligncenter size-large is-resized\"><img loading=\"lazy\" decoding=\"async\" width=\"1024\" height=\"1024\" src=\"https:\/\/macite.tg\/wp-content\/uploads\/2026\/01\/623395023_1512975654170569_1154007761338906948_n-1024x1024.jpg\" alt=\"\" class=\"wp-image-27896\" style=\"width:564px;height:auto\" srcset=\"https:\/\/macite.tg\/wp-content\/uploads\/2026\/01\/623395023_1512975654170569_1154007761338906948_n-1024x1024.jpg 1024w, https:\/\/macite.tg\/wp-content\/uploads\/2026\/01\/623395023_1512975654170569_1154007761338906948_n-300x300.jpg 300w, https:\/\/macite.tg\/wp-content\/uploads\/2026\/01\/623395023_1512975654170569_1154007761338906948_n-150x150.jpg 150w, https:\/\/macite.tg\/wp-content\/uploads\/2026\/01\/623395023_1512975654170569_1154007761338906948_n-768x768.jpg 768w, https:\/\/macite.tg\/wp-content\/uploads\/2026\/01\/623395023_1512975654170569_1154007761338906948_n-122x122.jpg 122w, https:\/\/macite.tg\/wp-content\/uploads\/2026\/01\/623395023_1512975654170569_1154007761338906948_n.jpg 1080w\" sizes=\"auto, (max-width: 1024px) 100vw, 1024px\" \/><\/figure>\n<\/div>\n\n\n<p class=\"wp-block-paragraph\">Cette forte mobilisation des autorit\u00e9s politiques et administratives t\u00e9moigne de l\u2019importance sociale, politique et symbolique accord\u00e9e \u00e0 cet \u00e9v\u00e9nement. Par la qualit\u00e9 de son organisation, la ferveur populaire et la chaleur des \u00e9changes, ce gala de football restera comme un moment fort de convivialit\u00e9 et un signal puissant en faveur de l\u2019unit\u00e9, de la coh\u00e9sion sociale et du vivre-ensemble dans la pr\u00e9fecture de Bassar.<\/p>\n\n\n\n<p class=\"wp-block-paragraph\"><strong>T.B.<\/strong><\/p>\n\n\n\n<p class=\"wp-block-paragraph\"><a><strong><em>@macite.tg&nbsp;&nbsp;&nbsp;&nbsp;&nbsp;&nbsp;&nbsp;&nbsp;<\/em><\/strong><\/a><\/p>\n\n\n\n<p class=\"wp-block-paragraph\"><strong><em>E-mail&nbsp;: <\/em><\/strong><a href=\"mailto:maciteinfo@gmail.com\"><strong><em>maciteinfo@gmail.com<\/em><\/strong><\/a><strong><em>; <\/em><\/strong><a href=\"mailto:bawela1@gmail.com\"><strong><em>bawela1@gmail.com<\/em><\/strong><\/a><strong><em><\/em><\/strong><\/p>\n\n\n\n<p class=\"wp-block-paragraph\"><strong><em>Pour vos annonces, (publi)reportages, etc., joignez-nous au (00228)91515309\/<strong>79872224 <\/strong><strong><\/strong><\/em><\/strong><\/p>\n\n\n\n<p class=\"wp-block-paragraph\"><strong><em>www.macite.tg, L\u2019information, la bonne&nbsp;!<\/em><\/strong><\/p>\n\n\n\n<p class=\"wp-block-paragraph\"><\/p>\n","protected":false},"excerpt":{"rendered":"<p class=\"text-justify mb-2\" >Profitant de la Journ\u00e9e nationale du sport (JNS), les cadres du parti UNIR de la pr\u00e9fecture de Bassar, ont organis\u00e9, samedi dernier \u00e0 Bassar, un grand gala de football. L\u2019\u00e9v\u00e9nement est plac\u00e9 sous le signe de la coh\u00e9sion sociale, du vivre-ensemble et de la mobilisation [&hellip;]<\/p>\n","protected":false},"author":2,"featured_media":27938,"comment_status":"open","ping_status":"open","sticky":false,"template":"","format":"standard","meta":{"footnotes":""},"categories":[20,63,7],"tags":[],"class_list":["post-27933","post","type-post","status-publish","format-standard","has-post-thumbnail","hentry","category-actualite","category-football","category-sports"],"yoast_head":"<!-- This site is optimized with the Yoast SEO plugin v28.4 - https:\/\/yoast.com\/product\/yoast-seo-wordpress\/ -->\n<title>JNS\u00a0: Bassar c\u00e9l\u00e8bre l\u2019unit\u00e9 et la jeunesse \u00e0 travers un grand gala de football -<\/title>\n<meta name=\"robots\" content=\"index, follow, max-snippet:-1, max-image-preview:large, max-video-preview:-1\" \/>\n<link rel=\"canonical\" href=\"https:\/\/macite.tg\/?p=27933\" \/>\n<meta property=\"og:locale\" content=\"fr_FR\" \/>\n<meta property=\"og:type\" content=\"article\" \/>\n<meta property=\"og:title\" content=\"JNS\u00a0: Bassar c\u00e9l\u00e8bre l\u2019unit\u00e9 et la jeunesse \u00e0 travers un grand gala de football -\" \/>\n<meta property=\"og:description\" content=\"Profitant de la Journ\u00e9e nationale du sport (JNS), les cadres du parti UNIR de la pr\u00e9fecture de Bassar, ont organis\u00e9, samedi dernier \u00e0 Bassar, un grand gala de football. L\u2019\u00e9v\u00e9nement est plac\u00e9 sous le signe de la coh\u00e9sion sociale, du vivre-ensemble et de la mobilisation [&hellip;]\" \/>\n<meta property=\"og:url\" content=\"https:\/\/macite.tg\/?p=27933\" \/>\n<meta property=\"article:published_time\" content=\"2026-02-02T09:42:26+00:00\" \/>\n<meta property=\"article:modified_time\" content=\"2026-02-02T09:42:33+00:00\" \/>\n<meta property=\"og:image\" content=\"https:\/\/macite.tg\/wp-content\/uploads\/2026\/02\/GALA.jpg\" \/>\n\t<meta property=\"og:image:width\" content=\"500\" \/>\n\t<meta property=\"og:image:height\" content=\"280\" \/>\n\t<meta property=\"og:image:type\" content=\"image\/jpeg\" \/>\n<meta name=\"author\" content=\"Jean Pierre BAWELA\" \/>\n<meta name=\"twitter:card\" content=\"summary_large_image\" \/>\n<meta name=\"twitter:label1\" content=\"\u00c9crit par\" \/>\n\t<meta name=\"twitter:data1\" content=\"Jean Pierre BAWELA\" \/>\n\t<meta name=\"twitter:label2\" content=\"Dur\u00e9e de lecture estim\u00e9e\" \/>\n\t<meta name=\"twitter:data2\" content=\"4 minutes\" \/>\n<script type=\"application\/ld+json\" class=\"yoast-schema-graph\">{\"@context\":\"https:\\\/\\\/schema.org\",\"@graph\":[{\"@type\":\"Article\",\"@id\":\"https:\\\/\\\/macite.tg\\\/?p=27933#article\",\"isPartOf\":{\"@id\":\"https:\\\/\\\/macite.tg\\\/?p=27933\"},\"author\":{\"name\":\"Jean Pierre BAWELA\",\"@id\":\"https:\\\/\\\/macite.tg\\\/#\\\/schema\\\/person\\\/e9f2de7e5dbbe7770a9402c7ce82f5c2\"},\"headline\":\"JNS\u00a0: Bassar c\u00e9l\u00e8bre l\u2019unit\u00e9 et la jeunesse \u00e0 travers un grand gala de football\",\"datePublished\":\"2026-02-02T09:42:26+00:00\",\"dateModified\":\"2026-02-02T09:42:33+00:00\",\"mainEntityOfPage\":{\"@id\":\"https:\\\/\\\/macite.tg\\\/?p=27933\"},\"wordCount\":578,\"commentCount\":0,\"image\":{\"@id\":\"https:\\\/\\\/macite.tg\\\/?p=27933#primaryimage\"},\"thumbnailUrl\":\"https:\\\/\\\/macite.tg\\\/wp-content\\\/uploads\\\/2026\\\/02\\\/GALA.jpg\",\"articleSection\":[\"ACTUALITE\",\"FOOTBALL\",\"SPORTS\"],\"inLanguage\":\"fr-FR\",\"potentialAction\":[{\"@type\":\"CommentAction\",\"name\":\"Comment\",\"target\":[\"https:\\\/\\\/macite.tg\\\/?p=27933#respond\"]}]},{\"@type\":\"WebPage\",\"@id\":\"https:\\\/\\\/macite.tg\\\/?p=27933\",\"url\":\"https:\\\/\\\/macite.tg\\\/?p=27933\",\"name\":\"JNS\u00a0: Bassar c\u00e9l\u00e8bre l\u2019unit\u00e9 et la jeunesse \u00e0 travers un grand gala de football -\",\"isPartOf\":{\"@id\":\"https:\\\/\\\/macite.tg\\\/#website\"},\"primaryImageOfPage\":{\"@id\":\"https:\\\/\\\/macite.tg\\\/?p=27933#primaryimage\"},\"image\":{\"@id\":\"https:\\\/\\\/macite.tg\\\/?p=27933#primaryimage\"},\"thumbnailUrl\":\"https:\\\/\\\/macite.tg\\\/wp-content\\\/uploads\\\/2026\\\/02\\\/GALA.jpg\",\"datePublished\":\"2026-02-02T09:42:26+00:00\",\"dateModified\":\"2026-02-02T09:42:33+00:00\",\"author\":{\"@id\":\"https:\\\/\\\/macite.tg\\\/#\\\/schema\\\/person\\\/e9f2de7e5dbbe7770a9402c7ce82f5c2\"},\"breadcrumb\":{\"@id\":\"https:\\\/\\\/macite.tg\\\/?p=27933#breadcrumb\"},\"inLanguage\":\"fr-FR\",\"potentialAction\":[{\"@type\":\"ReadAction\",\"target\":[\"https:\\\/\\\/macite.tg\\\/?p=27933\"]}]},{\"@type\":\"ImageObject\",\"inLanguage\":\"fr-FR\",\"@id\":\"https:\\\/\\\/macite.tg\\\/?p=27933#primaryimage\",\"url\":\"https:\\\/\\\/macite.tg\\\/wp-content\\\/uploads\\\/2026\\\/02\\\/GALA.jpg\",\"contentUrl\":\"https:\\\/\\\/macite.tg\\\/wp-content\\\/uploads\\\/2026\\\/02\\\/GALA.jpg\",\"width\":500,\"height\":280},{\"@type\":\"BreadcrumbList\",\"@id\":\"https:\\\/\\\/macite.tg\\\/?p=27933#breadcrumb\",\"itemListElement\":[{\"@type\":\"ListItem\",\"position\":1,\"name\":\"Accueil\",\"item\":\"https:\\\/\\\/macite.tg\\\/\"},{\"@type\":\"ListItem\",\"position\":2,\"name\":\"JNS\u00a0: Bassar c\u00e9l\u00e8bre l\u2019unit\u00e9 et la jeunesse \u00e0 travers un grand gala de football\"}]},{\"@type\":\"WebSite\",\"@id\":\"https:\\\/\\\/macite.tg\\\/#website\",\"url\":\"https:\\\/\\\/macite.tg\\\/\",\"name\":\"\",\"description\":\"L&#039;information, la bonne!!!\",\"potentialAction\":[{\"@type\":\"SearchAction\",\"target\":{\"@type\":\"EntryPoint\",\"urlTemplate\":\"https:\\\/\\\/macite.tg\\\/?s={search_term_string}\"},\"query-input\":{\"@type\":\"PropertyValueSpecification\",\"valueRequired\":true,\"valueName\":\"search_term_string\"}}],\"inLanguage\":\"fr-FR\"},{\"@type\":\"Person\",\"@id\":\"https:\\\/\\\/macite.tg\\\/#\\\/schema\\\/person\\\/e9f2de7e5dbbe7770a9402c7ce82f5c2\",\"name\":\"Jean Pierre BAWELA\",\"image\":{\"@type\":\"ImageObject\",\"inLanguage\":\"fr-FR\",\"@id\":\"https:\\\/\\\/macite.tg\\\/wp-content\\\/uploads\\\/2023\\\/09\\\/WhatsApp-Image-2023-09-19-at-14.44.41-122x122.jpeg\",\"url\":\"https:\\\/\\\/macite.tg\\\/wp-content\\\/uploads\\\/2023\\\/09\\\/WhatsApp-Image-2023-09-19-at-14.44.41-122x122.jpeg\",\"contentUrl\":\"https:\\\/\\\/macite.tg\\\/wp-content\\\/uploads\\\/2023\\\/09\\\/WhatsApp-Image-2023-09-19-at-14.44.41-122x122.jpeg\",\"caption\":\"Jean Pierre BAWELA\"},\"url\":\"https:\\\/\\\/macite.tg\\\/?author=2\"}]}<\/script>\n<!-- \/ Yoast SEO plugin. -->","yoast_head_json":{"title":"JNS\u00a0: Bassar c\u00e9l\u00e8bre l\u2019unit\u00e9 et la jeunesse \u00e0 travers un grand gala de football -","robots":{"index":"index","follow":"follow","max-snippet":"max-snippet:-1","max-image-preview":"max-image-preview:large","max-video-preview":"max-video-preview:-1"},"canonical":"https:\/\/macite.tg\/?p=27933","og_locale":"fr_FR","og_type":"article","og_title":"JNS\u00a0: Bassar c\u00e9l\u00e8bre l\u2019unit\u00e9 et la jeunesse \u00e0 travers un grand gala de football -","og_description":"Profitant de la Journ\u00e9e nationale du sport (JNS), les cadres du parti UNIR de la pr\u00e9fecture de Bassar, ont organis\u00e9, samedi dernier \u00e0 Bassar, un grand gala de football. L\u2019\u00e9v\u00e9nement est plac\u00e9 sous le signe de la coh\u00e9sion sociale, du vivre-ensemble et de la mobilisation [&hellip;]","og_url":"https:\/\/macite.tg\/?p=27933","article_published_time":"2026-02-02T09:42:26+00:00","article_modified_time":"2026-02-02T09:42:33+00:00","og_image":[{"width":500,"height":280,"url":"https:\/\/macite.tg\/wp-content\/uploads\/2026\/02\/GALA.jpg","type":"image\/jpeg"}],"author":"Jean Pierre BAWELA","twitter_card":"summary_large_image","twitter_misc":{"\u00c9crit par":"Jean Pierre BAWELA","Dur\u00e9e de lecture estim\u00e9e":"4 minutes"},"schema":{"@context":"https:\/\/schema.org","@graph":[{"@type":"Article","@id":"https:\/\/macite.tg\/?p=27933#article","isPartOf":{"@id":"https:\/\/macite.tg\/?p=27933"},"author":{"name":"Jean Pierre BAWELA","@id":"https:\/\/macite.tg\/#\/schema\/person\/e9f2de7e5dbbe7770a9402c7ce82f5c2"},"headline":"JNS\u00a0: Bassar c\u00e9l\u00e8bre l\u2019unit\u00e9 et la jeunesse \u00e0 travers un grand gala de football","datePublished":"2026-02-02T09:42:26+00:00","dateModified":"2026-02-02T09:42:33+00:00","mainEntityOfPage":{"@id":"https:\/\/macite.tg\/?p=27933"},"wordCount":578,"commentCount":0,"image":{"@id":"https:\/\/macite.tg\/?p=27933#primaryimage"},"thumbnailUrl":"https:\/\/macite.tg\/wp-content\/uploads\/2026\/02\/GALA.jpg","articleSection":["ACTUALITE","FOOTBALL","SPORTS"],"inLanguage":"fr-FR","potentialAction":[{"@type":"CommentAction","name":"Comment","target":["https:\/\/macite.tg\/?p=27933#respond"]}]},{"@type":"WebPage","@id":"https:\/\/macite.tg\/?p=27933","url":"https:\/\/macite.tg\/?p=27933","name":"JNS\u00a0: Bassar c\u00e9l\u00e8bre l\u2019unit\u00e9 et la jeunesse \u00e0 travers un grand gala de football -","isPartOf":{"@id":"https:\/\/macite.tg\/#website"},"primaryImageOfPage":{"@id":"https:\/\/macite.tg\/?p=27933#primaryimage"},"image":{"@id":"https:\/\/macite.tg\/?p=27933#primaryimage"},"thumbnailUrl":"https:\/\/macite.tg\/wp-content\/uploads\/2026\/02\/GALA.jpg","datePublished":"2026-02-02T09:42:26+00:00","dateModified":"2026-02-02T09:42:33+00:00","author":{"@id":"https:\/\/macite.tg\/#\/schema\/person\/e9f2de7e5dbbe7770a9402c7ce82f5c2"},"breadcrumb":{"@id":"https:\/\/macite.tg\/?p=27933#breadcrumb"},"inLanguage":"fr-FR","potentialAction":[{"@type":"ReadAction","target":["https:\/\/macite.tg\/?p=27933"]}]},{"@type":"ImageObject","inLanguage":"fr-FR","@id":"https:\/\/macite.tg\/?p=27933#primaryimage","url":"https:\/\/macite.tg\/wp-content\/uploads\/2026\/02\/GALA.jpg","contentUrl":"https:\/\/macite.tg\/wp-content\/uploads\/2026\/02\/GALA.jpg","width":500,"height":280},{"@type":"BreadcrumbList","@id":"https:\/\/macite.tg\/?p=27933#breadcrumb","itemListElement":[{"@type":"ListItem","position":1,"name":"Accueil","item":"https:\/\/macite.tg\/"},{"@type":"ListItem","position":2,"name":"JNS\u00a0: Bassar c\u00e9l\u00e8bre l\u2019unit\u00e9 et la jeunesse \u00e0 travers un grand gala de football"}]},{"@type":"WebSite","@id":"https:\/\/macite.tg\/#website","url":"https:\/\/macite.tg\/","name":"","description":"L&#039;information, la bonne!!!","potentialAction":[{"@type":"SearchAction","target":{"@type":"EntryPoint","urlTemplate":"https:\/\/macite.tg\/?s={search_term_string}"},"query-input":{"@type":"PropertyValueSpecification","valueRequired":true,"valueName":"search_term_string"}}],"inLanguage":"fr-FR"},{"@type":"Person","@id":"https:\/\/macite.tg\/#\/schema\/person\/e9f2de7e5dbbe7770a9402c7ce82f5c2","name":"Jean Pierre BAWELA","image":{"@type":"ImageObject","inLanguage":"fr-FR","@id":"https:\/\/macite.tg\/wp-content\/uploads\/2023\/09\/WhatsApp-Image-2023-09-19-at-14.44.41-122x122.jpeg","url":"https:\/\/macite.tg\/wp-content\/uploads\/2023\/09\/WhatsApp-Image-2023-09-19-at-14.44.41-122x122.jpeg","contentUrl":"https:\/\/macite.tg\/wp-content\/uploads\/2023\/09\/WhatsApp-Image-2023-09-19-at-14.44.41-122x122.jpeg","caption":"Jean Pierre BAWELA"},"url":"https:\/\/macite.tg\/?author=2"}]}},"_links":{"self":[{"href":"https:\/\/macite.tg\/index.php?rest_route=\/wp\/v2\/posts\/27933","targetHints":{"allow":["GET"]}}],"collection":[{"href":"https:\/\/macite.tg\/index.php?rest_route=\/wp\/v2\/posts"}],"about":[{"href":"https:\/\/macite.tg\/index.php?rest_route=\/wp\/v2\/types\/post"}],"author":[{"embeddable":true,"href":"https:\/\/macite.tg\/index.php?rest_route=\/wp\/v2\/users\/2"}],"replies":[{"embeddable":true,"href":"https:\/\/macite.tg\/index.php?rest_route=%2Fwp%2Fv2%2Fcomments&post=27933"}],"version-history":[{"count":0,"href":"https:\/\/macite.tg\/index.php?rest_route=\/wp\/v2\/posts\/27933\/revisions"}],"wp:featuredmedia":[{"embeddable":true,"href":"https:\/\/macite.tg\/index.php?rest_route=\/wp\/v2\/media\/27938"}],"wp:attachment":[{"href":"https:\/\/macite.tg\/index.php?rest_route=%2Fwp%2Fv2%2Fmedia&parent=27933"}],"wp:term":[{"taxonomy":"category","embeddable":true,"href":"https:\/\/macite.tg\/index.php?rest_route=%2Fwp%2Fv2%2Fcategories&post=27933"},{"taxonomy":"post_tag","embeddable":true,"href":"https:\/\/macite.tg\/index.php?rest_route=%2Fwp%2Fv2%2Ftags&post=27933"}],"curies":[{"name":"wp","href":"https:\/\/api.w.org\/{rel}","templated":true}]}}