{"id":27920,"date":"2026-01-31T04:20:43","date_gmt":"2026-01-31T04:20:43","guid":{"rendered":"https:\/\/macite.tg\/?p=27920"},"modified":"2026-01-31T04:20:58","modified_gmt":"2026-01-31T04:20:58","slug":"extradition-de-damiba-sandaogo-fruit-dune-cooperation-judiciaire-entre-etats-et-en-respect-de-letats-de-droit","status":"publish","type":"post","link":"https:\/\/macite.tg\/?p=27920","title":{"rendered":"EXTRADITION DE DAMIBA SANDAOGO\u00a0: Fruit d\u2019une coop\u00e9ration judiciaire entre \u00c9tats et en respect de l\u2019\u00c9tats de droit"},"content":{"rendered":"\n<p class=\"wp-block-paragraph\"><strong><em>On en sait un peu plus sur le dossier d\u2019extradition de Paul-Henri Sandaogo Damiba, pr\u00e9sident d\u00e9chu du Burkina Faso, r\u00e9fugi\u00e9 au Togo depuis sa chute du pouvoir en septembre 2022. Il a \u00e9t\u00e9 interpel\u00e9 \u00e0 Lom\u00e9 le 16 janvier dernier, apr\u00e8s une proc\u00e9dure judiciaire, puis remis le lendemain 17 janvier aux autorit\u00e9s du Faso apr\u00e8s une proc\u00e9dure d\u2019extradition, conforme \u00e0 la coop\u00e9ration judiciaire entre \u00c9tats et respect de l\u2019\u00c9tats de droit, selon les autorit\u00e9s togolaises.<\/em><\/strong><\/p>\n\n\n\n<p class=\"wp-block-paragraph\"><strong><em>Voici le communiqu\u00e9 de l\u2019ex\u00e9cutif togolais \u00e0 ce sujet&nbsp;:<\/em><\/strong><\/p>\n\n\n\n<figure class=\"wp-block-image size-full\"><img loading=\"lazy\" decoding=\"async\" width=\"851\" height=\"315\" src=\"https:\/\/macite.tg\/wp-content\/uploads\/2026\/01\/OTR_Ferer-pour-batir-1-1.jpg\" alt=\"\" class=\"wp-image-27769\" srcset=\"https:\/\/macite.tg\/wp-content\/uploads\/2026\/01\/OTR_Ferer-pour-batir-1-1.jpg 851w, https:\/\/macite.tg\/wp-content\/uploads\/2026\/01\/OTR_Ferer-pour-batir-1-1-300x111.jpg 300w, https:\/\/macite.tg\/wp-content\/uploads\/2026\/01\/OTR_Ferer-pour-batir-1-1-768x284.jpg 768w\" sizes=\"auto, (max-width: 851px) 100vw, 851px\" \/><\/figure>\n\n\n\n<p class=\"wp-block-paragraph\"><strong>Communiqu\u00e9 du gouvernement togolais&nbsp;<\/strong><\/p>\n\n\n\n<p class=\"wp-block-paragraph\"><em>En date du 12 janvier 2026, les autorit\u00e9s comp\u00e9tentes togolaises ont re\u00e7u une demande d&rsquo;extradition formul\u00e9e par les autorit\u00e9s judiciaires de la R\u00e9publique du Burkina Faso, visant Monsieur Damiba Paul-Henri Sandaogo, de nationalit\u00e9 burkinab\u00e8, poursuivi des chefs de d\u00e9tournement criminel de deniers publics, enrichissement illicite criminel, corruption, incitation \u00e0 la commission de d\u00e9lits et crimes, recel aggrav\u00e9 et blanchiment de capitaux.<\/em><\/p>\n\n\n\n<p class=\"wp-block-paragraph\"><em>Les autorit\u00e9s comp\u00e9tentes togolaises, apr\u00e8s examen de la r\u00e9gularit\u00e9 de la requ\u00eate susdite, y ont donn\u00e9 telles suites que de droit.<\/em><\/p>\n\n\n\n<p class=\"wp-block-paragraph\"><em>Conform\u00e9ment \u00e0 la proc\u00e9dure en mati\u00e8re d&rsquo;extradition au Togo, Monsieur Damiba Paul-Henri Sandaogo a \u00e9t\u00e9 interpell\u00e9 le 16 janvier 2026, en ex\u00e9cution du mandat d&rsquo;arr\u00eat qui faisait corps avec la demande d&rsquo;extradition re\u00e7ue, puis \u00e9crou\u00e9.<\/em><\/p>\n\n\n\n<p class=\"wp-block-paragraph\"><em>La chambre d&rsquo;instruction de la cour d&rsquo;appel de Lom\u00e9 a ensuite \u00e9t\u00e9 saisie du dossier. \u00c0 l&rsquo;issue de son audience publique tenue le 16 janvier 2026, cette juridiction a donn\u00e9 un avis favorable \u00e0 la requ\u00eate ainsi introduite, sur le fondement de l&rsquo;offre de r\u00e9ciprocit\u00e9 des autorit\u00e9s burkinab\u00e8, des instruments internationaux auxquels le Togo est partie et des garanties offertes par ces autorit\u00e9s quant au respect de l&rsquo;int\u00e9grit\u00e9 physique et de la dignit\u00e9 de Monsieur Damiba Paul-Henri Sandaogo, de ses droits au cours de la proc\u00e9dure, notamment celui d&rsquo;un proc\u00e8s \u00e9quitable, et l&rsquo;absence de la peine de mort.<\/em><\/p>\n\n\n<div class=\"wp-block-image\">\n<figure class=\"aligncenter size-large is-resized\"><img loading=\"lazy\" decoding=\"async\" width=\"1024\" height=\"1024\" src=\"https:\/\/macite.tg\/wp-content\/uploads\/2026\/01\/623395023_1512975654170569_1154007761338906948_n-1024x1024.jpg\" alt=\"\" class=\"wp-image-27896\" style=\"width:556px;height:auto\" srcset=\"https:\/\/macite.tg\/wp-content\/uploads\/2026\/01\/623395023_1512975654170569_1154007761338906948_n-1024x1024.jpg 1024w, https:\/\/macite.tg\/wp-content\/uploads\/2026\/01\/623395023_1512975654170569_1154007761338906948_n-300x300.jpg 300w, https:\/\/macite.tg\/wp-content\/uploads\/2026\/01\/623395023_1512975654170569_1154007761338906948_n-150x150.jpg 150w, https:\/\/macite.tg\/wp-content\/uploads\/2026\/01\/623395023_1512975654170569_1154007761338906948_n-768x768.jpg 768w, https:\/\/macite.tg\/wp-content\/uploads\/2026\/01\/623395023_1512975654170569_1154007761338906948_n-122x122.jpg 122w, https:\/\/macite.tg\/wp-content\/uploads\/2026\/01\/623395023_1512975654170569_1154007761338906948_n.jpg 1080w\" sizes=\"auto, (max-width: 1024px) 100vw, 1024px\" \/><\/figure>\n<\/div>\n\n\n<p class=\"wp-block-paragraph\"><em>Apr\u00e8s cet avis favorable de la chambre d&rsquo;instruction, Monsieur Damiba Paul-Henri Sandaogo a \u00e9t\u00e9 remis aux autorit\u00e9s de la R\u00e9publique du Burkina Faso, le 17 janvier 2026.<\/em><\/p>\n\n\n\n<p class=\"wp-block-paragraph\"><em>Fait \u00e0 Lom\u00e9, le 19 janvier 2026<\/em><\/p>\n\n\n\n<p class=\"wp-block-paragraph\"><strong><em>Pour le Gouvernement, le Garde des Sceaux, ministre de la justice et des droits humains.<\/em><\/strong><\/p>\n\n\n\n<p class=\"wp-block-paragraph\"><a><strong><em>@macite.tg&nbsp;&nbsp;&nbsp;&nbsp;&nbsp;&nbsp;&nbsp;&nbsp;<\/em><\/strong><\/a><\/p>\n\n\n\n<p class=\"wp-block-paragraph\"><strong><em>E-mail&nbsp;: <\/em><\/strong><a href=\"mailto:maciteinfo@gmail.com\"><strong><em>maciteinfo@gmail.com<\/em><\/strong><\/a><strong><em>; <\/em><\/strong><a href=\"mailto:bawela1@gmail.com\"><strong><em>bawela1@gmail.com<\/em><\/strong><\/a><strong><em><\/em><\/strong><\/p>\n\n\n\n<p class=\"wp-block-paragraph\"><strong><em>Pour vos annonces, (publi)reportages, etc., joignez-nous au (00228)91515309\/<strong>79872224 <\/strong><strong><\/strong><\/em><\/strong><\/p>\n\n\n\n<p class=\"wp-block-paragraph\"><strong><em>www.macite.tg, L\u2019information, la bonne&nbsp;!<\/em><\/strong><\/p>\n\n\n\n<p class=\"wp-block-paragraph\"><\/p>\n","protected":false},"excerpt":{"rendered":"<p class=\"text-justify mb-2\" >On en sait un peu plus sur le dossier d\u2019extradition de Paul-Henri Sandaogo Damiba, pr\u00e9sident d\u00e9chu du Burkina Faso, r\u00e9fugi\u00e9 au Togo depuis sa chute du pouvoir en septembre 2022. Il a \u00e9t\u00e9 interpel\u00e9 \u00e0 Lom\u00e9 le 16 janvier dernier, apr\u00e8s une proc\u00e9dure judiciaire, puis [&hellip;]<\/p>\n","protected":false},"author":2,"featured_media":27923,"comment_status":"open","ping_status":"open","sticky":false,"template":"","format":"standard","meta":{"footnotes":""},"categories":[20,16,26],"tags":[],"class_list":["post-27920","post","type-post","status-publish","format-standard","has-post-thumbnail","hentry","category-actualite","category-cooperation","category-justice"],"yoast_head":"<!-- This site is optimized with the Yoast SEO plugin v28.4 - https:\/\/yoast.com\/product\/yoast-seo-wordpress\/ -->\n<title>EXTRADITION DE DAMIBA SANDAOGO\u00a0: Fruit d\u2019une coop\u00e9ration judiciaire entre \u00c9tats et en respect de l\u2019\u00c9tats de droit -<\/title>\n<meta name=\"robots\" content=\"index, follow, max-snippet:-1, max-image-preview:large, max-video-preview:-1\" \/>\n<link rel=\"canonical\" href=\"https:\/\/macite.tg\/?p=27920\" \/>\n<meta property=\"og:locale\" content=\"fr_FR\" \/>\n<meta property=\"og:type\" content=\"article\" \/>\n<meta property=\"og:title\" content=\"EXTRADITION DE DAMIBA SANDAOGO\u00a0: Fruit d\u2019une coop\u00e9ration judiciaire entre \u00c9tats et en respect de l\u2019\u00c9tats de droit -\" \/>\n<meta property=\"og:description\" content=\"On en sait un peu plus sur le dossier d\u2019extradition de Paul-Henri Sandaogo Damiba, pr\u00e9sident d\u00e9chu du Burkina Faso, r\u00e9fugi\u00e9 au Togo depuis sa chute du pouvoir en septembre 2022. Il a \u00e9t\u00e9 interpel\u00e9 \u00e0 Lom\u00e9 le 16 janvier dernier, apr\u00e8s une proc\u00e9dure judiciaire, puis [&hellip;]\" \/>\n<meta property=\"og:url\" content=\"https:\/\/macite.tg\/?p=27920\" \/>\n<meta property=\"article:published_time\" content=\"2026-01-31T04:20:43+00:00\" \/>\n<meta property=\"article:modified_time\" content=\"2026-01-31T04:20:58+00:00\" \/>\n<meta property=\"og:image\" content=\"https:\/\/macite.tg\/wp-content\/uploads\/2026\/01\/Damiba.jpg\" \/>\n\t<meta property=\"og:image:width\" content=\"500\" \/>\n\t<meta property=\"og:image:height\" content=\"375\" \/>\n\t<meta property=\"og:image:type\" content=\"image\/jpeg\" \/>\n<meta name=\"author\" content=\"Jean Pierre BAWELA\" \/>\n<meta name=\"twitter:card\" content=\"summary_large_image\" \/>\n<meta name=\"twitter:label1\" content=\"\u00c9crit par\" \/>\n\t<meta name=\"twitter:data1\" content=\"Jean Pierre BAWELA\" \/>\n\t<meta name=\"twitter:label2\" content=\"Dur\u00e9e de lecture estim\u00e9e\" \/>\n\t<meta name=\"twitter:data2\" content=\"3 minutes\" \/>\n<script type=\"application\/ld+json\" class=\"yoast-schema-graph\">{\"@context\":\"https:\\\/\\\/schema.org\",\"@graph\":[{\"@type\":\"Article\",\"@id\":\"https:\\\/\\\/macite.tg\\\/?p=27920#article\",\"isPartOf\":{\"@id\":\"https:\\\/\\\/macite.tg\\\/?p=27920\"},\"author\":{\"name\":\"Jean Pierre BAWELA\",\"@id\":\"https:\\\/\\\/macite.tg\\\/#\\\/schema\\\/person\\\/e9f2de7e5dbbe7770a9402c7ce82f5c2\"},\"headline\":\"EXTRADITION DE DAMIBA SANDAOGO\u00a0: Fruit d\u2019une coop\u00e9ration judiciaire entre \u00c9tats et en respect de l\u2019\u00c9tats de droit\",\"datePublished\":\"2026-01-31T04:20:43+00:00\",\"dateModified\":\"2026-01-31T04:20:58+00:00\",\"mainEntityOfPage\":{\"@id\":\"https:\\\/\\\/macite.tg\\\/?p=27920\"},\"wordCount\":443,\"commentCount\":0,\"image\":{\"@id\":\"https:\\\/\\\/macite.tg\\\/?p=27920#primaryimage\"},\"thumbnailUrl\":\"https:\\\/\\\/macite.tg\\\/wp-content\\\/uploads\\\/2026\\\/01\\\/Damiba.jpg\",\"articleSection\":[\"ACTUALITE\",\"COOPERATION\",\"JUSTICE\"],\"inLanguage\":\"fr-FR\",\"potentialAction\":[{\"@type\":\"CommentAction\",\"name\":\"Comment\",\"target\":[\"https:\\\/\\\/macite.tg\\\/?p=27920#respond\"]}]},{\"@type\":\"WebPage\",\"@id\":\"https:\\\/\\\/macite.tg\\\/?p=27920\",\"url\":\"https:\\\/\\\/macite.tg\\\/?p=27920\",\"name\":\"EXTRADITION DE DAMIBA SANDAOGO\u00a0: Fruit d\u2019une coop\u00e9ration judiciaire entre \u00c9tats et en respect de l\u2019\u00c9tats de droit -\",\"isPartOf\":{\"@id\":\"https:\\\/\\\/macite.tg\\\/#website\"},\"primaryImageOfPage\":{\"@id\":\"https:\\\/\\\/macite.tg\\\/?p=27920#primaryimage\"},\"image\":{\"@id\":\"https:\\\/\\\/macite.tg\\\/?p=27920#primaryimage\"},\"thumbnailUrl\":\"https:\\\/\\\/macite.tg\\\/wp-content\\\/uploads\\\/2026\\\/01\\\/Damiba.jpg\",\"datePublished\":\"2026-01-31T04:20:43+00:00\",\"dateModified\":\"2026-01-31T04:20:58+00:00\",\"author\":{\"@id\":\"https:\\\/\\\/macite.tg\\\/#\\\/schema\\\/person\\\/e9f2de7e5dbbe7770a9402c7ce82f5c2\"},\"breadcrumb\":{\"@id\":\"https:\\\/\\\/macite.tg\\\/?p=27920#breadcrumb\"},\"inLanguage\":\"fr-FR\",\"potentialAction\":[{\"@type\":\"ReadAction\",\"target\":[\"https:\\\/\\\/macite.tg\\\/?p=27920\"]}]},{\"@type\":\"ImageObject\",\"inLanguage\":\"fr-FR\",\"@id\":\"https:\\\/\\\/macite.tg\\\/?p=27920#primaryimage\",\"url\":\"https:\\\/\\\/macite.tg\\\/wp-content\\\/uploads\\\/2026\\\/01\\\/Damiba.jpg\",\"contentUrl\":\"https:\\\/\\\/macite.tg\\\/wp-content\\\/uploads\\\/2026\\\/01\\\/Damiba.jpg\",\"width\":500,\"height\":375,\"caption\":\"Paul-Henry S. Damiba\"},{\"@type\":\"BreadcrumbList\",\"@id\":\"https:\\\/\\\/macite.tg\\\/?p=27920#breadcrumb\",\"itemListElement\":[{\"@type\":\"ListItem\",\"position\":1,\"name\":\"Accueil\",\"item\":\"https:\\\/\\\/macite.tg\\\/\"},{\"@type\":\"ListItem\",\"position\":2,\"name\":\"EXTRADITION DE DAMIBA SANDAOGO\u00a0: Fruit d\u2019une coop\u00e9ration judiciaire entre \u00c9tats et en respect de l\u2019\u00c9tats de droit\"}]},{\"@type\":\"WebSite\",\"@id\":\"https:\\\/\\\/macite.tg\\\/#website\",\"url\":\"https:\\\/\\\/macite.tg\\\/\",\"name\":\"\",\"description\":\"L&#039;information, la bonne!!!\",\"potentialAction\":[{\"@type\":\"SearchAction\",\"target\":{\"@type\":\"EntryPoint\",\"urlTemplate\":\"https:\\\/\\\/macite.tg\\\/?s={search_term_string}\"},\"query-input\":{\"@type\":\"PropertyValueSpecification\",\"valueRequired\":true,\"valueName\":\"search_term_string\"}}],\"inLanguage\":\"fr-FR\"},{\"@type\":\"Person\",\"@id\":\"https:\\\/\\\/macite.tg\\\/#\\\/schema\\\/person\\\/e9f2de7e5dbbe7770a9402c7ce82f5c2\",\"name\":\"Jean Pierre BAWELA\",\"image\":{\"@type\":\"ImageObject\",\"inLanguage\":\"fr-FR\",\"@id\":\"https:\\\/\\\/macite.tg\\\/wp-content\\\/uploads\\\/2023\\\/09\\\/WhatsApp-Image-2023-09-19-at-14.44.41-122x122.jpeg\",\"url\":\"https:\\\/\\\/macite.tg\\\/wp-content\\\/uploads\\\/2023\\\/09\\\/WhatsApp-Image-2023-09-19-at-14.44.41-122x122.jpeg\",\"contentUrl\":\"https:\\\/\\\/macite.tg\\\/wp-content\\\/uploads\\\/2023\\\/09\\\/WhatsApp-Image-2023-09-19-at-14.44.41-122x122.jpeg\",\"caption\":\"Jean Pierre BAWELA\"},\"url\":\"https:\\\/\\\/macite.tg\\\/?author=2\"}]}<\/script>\n<!-- \/ Yoast SEO plugin. -->","yoast_head_json":{"title":"EXTRADITION DE DAMIBA SANDAOGO\u00a0: Fruit d\u2019une coop\u00e9ration judiciaire entre \u00c9tats et en respect de l\u2019\u00c9tats de droit -","robots":{"index":"index","follow":"follow","max-snippet":"max-snippet:-1","max-image-preview":"max-image-preview:large","max-video-preview":"max-video-preview:-1"},"canonical":"https:\/\/macite.tg\/?p=27920","og_locale":"fr_FR","og_type":"article","og_title":"EXTRADITION DE DAMIBA SANDAOGO\u00a0: Fruit d\u2019une coop\u00e9ration judiciaire entre \u00c9tats et en respect de l\u2019\u00c9tats de droit -","og_description":"On en sait un peu plus sur le dossier d\u2019extradition de Paul-Henri Sandaogo Damiba, pr\u00e9sident d\u00e9chu du Burkina Faso, r\u00e9fugi\u00e9 au Togo depuis sa chute du pouvoir en septembre 2022. Il a \u00e9t\u00e9 interpel\u00e9 \u00e0 Lom\u00e9 le 16 janvier dernier, apr\u00e8s une proc\u00e9dure judiciaire, puis [&hellip;]","og_url":"https:\/\/macite.tg\/?p=27920","article_published_time":"2026-01-31T04:20:43+00:00","article_modified_time":"2026-01-31T04:20:58+00:00","og_image":[{"width":500,"height":375,"url":"https:\/\/macite.tg\/wp-content\/uploads\/2026\/01\/Damiba.jpg","type":"image\/jpeg"}],"author":"Jean Pierre BAWELA","twitter_card":"summary_large_image","twitter_misc":{"\u00c9crit par":"Jean Pierre BAWELA","Dur\u00e9e de lecture estim\u00e9e":"3 minutes"},"schema":{"@context":"https:\/\/schema.org","@graph":[{"@type":"Article","@id":"https:\/\/macite.tg\/?p=27920#article","isPartOf":{"@id":"https:\/\/macite.tg\/?p=27920"},"author":{"name":"Jean Pierre BAWELA","@id":"https:\/\/macite.tg\/#\/schema\/person\/e9f2de7e5dbbe7770a9402c7ce82f5c2"},"headline":"EXTRADITION DE DAMIBA SANDAOGO\u00a0: Fruit d\u2019une coop\u00e9ration judiciaire entre \u00c9tats et en respect de l\u2019\u00c9tats de droit","datePublished":"2026-01-31T04:20:43+00:00","dateModified":"2026-01-31T04:20:58+00:00","mainEntityOfPage":{"@id":"https:\/\/macite.tg\/?p=27920"},"wordCount":443,"commentCount":0,"image":{"@id":"https:\/\/macite.tg\/?p=27920#primaryimage"},"thumbnailUrl":"https:\/\/macite.tg\/wp-content\/uploads\/2026\/01\/Damiba.jpg","articleSection":["ACTUALITE","COOPERATION","JUSTICE"],"inLanguage":"fr-FR","potentialAction":[{"@type":"CommentAction","name":"Comment","target":["https:\/\/macite.tg\/?p=27920#respond"]}]},{"@type":"WebPage","@id":"https:\/\/macite.tg\/?p=27920","url":"https:\/\/macite.tg\/?p=27920","name":"EXTRADITION DE DAMIBA SANDAOGO\u00a0: Fruit d\u2019une coop\u00e9ration judiciaire entre \u00c9tats et en respect de l\u2019\u00c9tats de droit -","isPartOf":{"@id":"https:\/\/macite.tg\/#website"},"primaryImageOfPage":{"@id":"https:\/\/macite.tg\/?p=27920#primaryimage"},"image":{"@id":"https:\/\/macite.tg\/?p=27920#primaryimage"},"thumbnailUrl":"https:\/\/macite.tg\/wp-content\/uploads\/2026\/01\/Damiba.jpg","datePublished":"2026-01-31T04:20:43+00:00","dateModified":"2026-01-31T04:20:58+00:00","author":{"@id":"https:\/\/macite.tg\/#\/schema\/person\/e9f2de7e5dbbe7770a9402c7ce82f5c2"},"breadcrumb":{"@id":"https:\/\/macite.tg\/?p=27920#breadcrumb"},"inLanguage":"fr-FR","potentialAction":[{"@type":"ReadAction","target":["https:\/\/macite.tg\/?p=27920"]}]},{"@type":"ImageObject","inLanguage":"fr-FR","@id":"https:\/\/macite.tg\/?p=27920#primaryimage","url":"https:\/\/macite.tg\/wp-content\/uploads\/2026\/01\/Damiba.jpg","contentUrl":"https:\/\/macite.tg\/wp-content\/uploads\/2026\/01\/Damiba.jpg","width":500,"height":375,"caption":"Paul-Henry S. Damiba"},{"@type":"BreadcrumbList","@id":"https:\/\/macite.tg\/?p=27920#breadcrumb","itemListElement":[{"@type":"ListItem","position":1,"name":"Accueil","item":"https:\/\/macite.tg\/"},{"@type":"ListItem","position":2,"name":"EXTRADITION DE DAMIBA SANDAOGO\u00a0: Fruit d\u2019une coop\u00e9ration judiciaire entre \u00c9tats et en respect de l\u2019\u00c9tats de droit"}]},{"@type":"WebSite","@id":"https:\/\/macite.tg\/#website","url":"https:\/\/macite.tg\/","name":"","description":"L&#039;information, la bonne!!!","potentialAction":[{"@type":"SearchAction","target":{"@type":"EntryPoint","urlTemplate":"https:\/\/macite.tg\/?s={search_term_string}"},"query-input":{"@type":"PropertyValueSpecification","valueRequired":true,"valueName":"search_term_string"}}],"inLanguage":"fr-FR"},{"@type":"Person","@id":"https:\/\/macite.tg\/#\/schema\/person\/e9f2de7e5dbbe7770a9402c7ce82f5c2","name":"Jean Pierre BAWELA","image":{"@type":"ImageObject","inLanguage":"fr-FR","@id":"https:\/\/macite.tg\/wp-content\/uploads\/2023\/09\/WhatsApp-Image-2023-09-19-at-14.44.41-122x122.jpeg","url":"https:\/\/macite.tg\/wp-content\/uploads\/2023\/09\/WhatsApp-Image-2023-09-19-at-14.44.41-122x122.jpeg","contentUrl":"https:\/\/macite.tg\/wp-content\/uploads\/2023\/09\/WhatsApp-Image-2023-09-19-at-14.44.41-122x122.jpeg","caption":"Jean Pierre BAWELA"},"url":"https:\/\/macite.tg\/?author=2"}]}},"_links":{"self":[{"href":"https:\/\/macite.tg\/index.php?rest_route=\/wp\/v2\/posts\/27920","targetHints":{"allow":["GET"]}}],"collection":[{"href":"https:\/\/macite.tg\/index.php?rest_route=\/wp\/v2\/posts"}],"about":[{"href":"https:\/\/macite.tg\/index.php?rest_route=\/wp\/v2\/types\/post"}],"author":[{"embeddable":true,"href":"https:\/\/macite.tg\/index.php?rest_route=\/wp\/v2\/users\/2"}],"replies":[{"embeddable":true,"href":"https:\/\/macite.tg\/index.php?rest_route=%2Fwp%2Fv2%2Fcomments&post=27920"}],"version-history":[{"count":0,"href":"https:\/\/macite.tg\/index.php?rest_route=\/wp\/v2\/posts\/27920\/revisions"}],"wp:featuredmedia":[{"embeddable":true,"href":"https:\/\/macite.tg\/index.php?rest_route=\/wp\/v2\/media\/27923"}],"wp:attachment":[{"href":"https:\/\/macite.tg\/index.php?rest_route=%2Fwp%2Fv2%2Fmedia&parent=27920"}],"wp:term":[{"taxonomy":"category","embeddable":true,"href":"https:\/\/macite.tg\/index.php?rest_route=%2Fwp%2Fv2%2Fcategories&post=27920"},{"taxonomy":"post_tag","embeddable":true,"href":"https:\/\/macite.tg\/index.php?rest_route=%2Fwp%2Fv2%2Ftags&post=27920"}],"curies":[{"name":"wp","href":"https:\/\/api.w.org\/{rel}","templated":true}]}}