{"id":27888,"date":"2026-01-29T06:08:31","date_gmt":"2026-01-29T06:08:31","guid":{"rendered":"https:\/\/macite.tg\/?p=27888"},"modified":"2026-01-29T06:08:36","modified_gmt":"2026-01-29T06:08:36","slug":"programme-de-construction-de-21-ponts-modulaires-faure-gnassingbe-evalue-les-travaux-sur-le-terrain-keran","status":"publish","type":"post","link":"https:\/\/macite.tg\/?p=27888","title":{"rendered":"PROGRAMME DE CONSTRUCTION DE 21 PONTS MODULAIRES\u00a0: Faure Gnassingb\u00e9 \u00e9value les travaux sur le terrain (K\u00e9ran)"},"content":{"rendered":"\n<p class=\"wp-block-paragraph\"><strong><em>Dans le cadre du programme national de construction de 21 ponts modulaires mixtes, initi\u00e9 par le gouvernement togolais, le Pr\u00e9sident du conseil, Faure Essozimna Gnassingb\u00e9, \u00e9tait, en d\u00e9but de semaine sur le chantier de construction du pont m\u00e9tallique sur la rivi\u00e8re K\u00e9ran.<\/em><\/strong><\/p>\n\n\n\n<p class=\"wp-block-paragraph\">Lanc\u00e9s en mars 2024, les travaux r\u00e9partis dans les diverses r\u00e9gions du pays, devront permettre la r\u00e9alisation d\u2019ouvrages de franchissement mixtes acier-b\u00e9ton de type Unibridge. C\u2019est pour constater l\u2019\u00e9tat d\u2019avancement de ces chantiers que le Pr\u00e9sident du conseil, Faure Essozimna Gnassingb\u00e9, s\u2019est rendu lundi 26 janvier, sur le chantier de construction du pont m\u00e9tallique sur la rivi\u00e8re K\u00e9ran.<\/p>\n\n\n<div class=\"wp-block-image\">\n<figure class=\"aligncenter size-full is-resized\"><img loading=\"lazy\" decoding=\"async\" width=\"500\" height=\"290\" src=\"https:\/\/macite.tg\/wp-content\/uploads\/2026\/01\/11OTR_CAMPAGE.jpg\" alt=\"\" class=\"wp-image-27758\" style=\"width:630px;height:auto\" srcset=\"https:\/\/macite.tg\/wp-content\/uploads\/2026\/01\/11OTR_CAMPAGE.jpg 500w, https:\/\/macite.tg\/wp-content\/uploads\/2026\/01\/11OTR_CAMPAGE-300x174.jpg 300w\" sizes=\"auto, (max-width: 500px) 100vw, 500px\" \/><\/figure>\n<\/div>\n\n\n<p class=\"wp-block-paragraph\">L\u2019ouvrage, long de 102,6 m\u00e8tres et large de 11 m\u00e8tres, pour une hauteur de 13,40 m\u00e8tres, est r\u00e9alis\u00e9 sur l\u2019axe Kant\u00e8-Nadoba. Il devrait assurer une meilleure connectivit\u00e9 entre les communes de K\u00e9ran 1 et de K\u00e9ran 3, ainsi que le d\u00e9veloppement \u00e9conomique et social de la r\u00e9gion. L\u2019investissement est estim\u00e9 \u00e0 quelque 2,2 milliards de francs CFA.<\/p>\n\n\n\n<p class=\"wp-block-paragraph\">Sur le terrain, les travaux, de g\u00e9nie civil, incluant les fondations et les appuis, \u00e0 ce jour, ont \u00e9t\u00e9 enti\u00e8rement r\u00e9alis\u00e9s. Ils sont \u00e9valu\u00e9s \u00e0 plus de 80%.&nbsp;Les techniciens proc\u00e8dent d\u00e9j\u00e0 \u00e0 la pose des bases solides de l\u2019ouvrage.<\/p>\n\n\n\n<p class=\"wp-block-paragraph\">Il est question d\u00e9sormais de la pose de la charpente m\u00e9tallique et \u00e0 la finalisation de la superstructure du pont.<\/p>\n\n\n\n<figure class=\"wp-block-image size-full\"><img loading=\"lazy\" decoding=\"async\" width=\"851\" height=\"315\" src=\"https:\/\/macite.tg\/wp-content\/uploads\/2026\/01\/OTR_Ferer-pour-batir-1-1.jpg\" alt=\"\" class=\"wp-image-27769\" srcset=\"https:\/\/macite.tg\/wp-content\/uploads\/2026\/01\/OTR_Ferer-pour-batir-1-1.jpg 851w, https:\/\/macite.tg\/wp-content\/uploads\/2026\/01\/OTR_Ferer-pour-batir-1-1-300x111.jpg 300w, https:\/\/macite.tg\/wp-content\/uploads\/2026\/01\/OTR_Ferer-pour-batir-1-1-768x284.jpg 768w\" sizes=\"auto, (max-width: 851px) 100vw, 851px\" \/><\/figure>\n\n\n\n<p class=\"wp-block-paragraph\">En ligne de mire, l\u2019ach\u00e8vement des travaux dans les meilleurs d\u00e9lais, tout en respectant les imp\u00e9ratifs de s\u00e9curit\u00e9 optimale pour les populations.&nbsp;<\/p>\n\n\n\n<p class=\"wp-block-paragraph\"><strong>Mab\u00e9 B.<\/strong><\/p>\n\n\n\n<p class=\"wp-block-paragraph\"><a><strong><em>@macite.tg&nbsp;&nbsp;&nbsp;&nbsp;&nbsp;&nbsp;&nbsp;&nbsp;<\/em><\/strong><\/a><\/p>\n\n\n\n<p class=\"wp-block-paragraph\"><strong><em>E-mail&nbsp;: <\/em><\/strong><a href=\"mailto:maciteinfo@gmail.com\"><strong><em>maciteinfo@gmail.com<\/em><\/strong><\/a><strong><em>; <\/em><\/strong><a href=\"mailto:bawela1@gmail.com\"><strong><em>bawela1@gmail.com<\/em><\/strong><\/a><strong><em><\/em><\/strong><\/p>\n\n\n\n<p class=\"wp-block-paragraph\"><strong><em>Pour vos annonces, (publi)reportages, etc., joignez-nous au (00228)91515309\/<strong>79872224 <\/strong><strong><\/strong><\/em><\/strong><\/p>\n\n\n\n<p class=\"wp-block-paragraph\"><strong><em>www.macite.tg, L\u2019information, la bonne&nbsp;!<\/em><\/strong><\/p>\n\n\n\n<p class=\"wp-block-paragraph\"><\/p>\n","protected":false},"excerpt":{"rendered":"<p class=\"text-justify mb-2\" >Dans le cadre du programme national de construction de 21 ponts modulaires mixtes, initi\u00e9 par le gouvernement togolais, le Pr\u00e9sident du conseil, Faure Essozimna Gnassingb\u00e9, \u00e9tait, en d\u00e9but de semaine sur le chantier de construction du pont m\u00e9tallique sur la rivi\u00e8re K\u00e9ran. Lanc\u00e9s en mars [&hellip;]<\/p>\n","protected":false},"author":2,"featured_media":27890,"comment_status":"open","ping_status":"open","sticky":false,"template":"","format":"standard","meta":{"footnotes":""},"categories":[20,15],"tags":[],"class_list":["post-27888","post","type-post","status-publish","format-standard","has-post-thumbnail","hentry","category-actualite","category-developpement"],"yoast_head":"<!-- This site is optimized with the Yoast SEO plugin v28.4 - https:\/\/yoast.com\/product\/yoast-seo-wordpress\/ -->\n<title>PROGRAMME DE CONSTRUCTION DE 21 PONTS MODULAIRES\u00a0: Faure Gnassingb\u00e9 \u00e9value les travaux sur le terrain (K\u00e9ran) -<\/title>\n<meta name=\"robots\" content=\"index, follow, max-snippet:-1, max-image-preview:large, max-video-preview:-1\" \/>\n<link rel=\"canonical\" href=\"https:\/\/macite.tg\/?p=27888\" \/>\n<meta property=\"og:locale\" content=\"fr_FR\" \/>\n<meta property=\"og:type\" content=\"article\" \/>\n<meta property=\"og:title\" content=\"PROGRAMME DE CONSTRUCTION DE 21 PONTS MODULAIRES\u00a0: Faure Gnassingb\u00e9 \u00e9value les travaux sur le terrain (K\u00e9ran) -\" \/>\n<meta property=\"og:description\" content=\"Dans le cadre du programme national de construction de 21 ponts modulaires mixtes, initi\u00e9 par le gouvernement togolais, le Pr\u00e9sident du conseil, Faure Essozimna Gnassingb\u00e9, \u00e9tait, en d\u00e9but de semaine sur le chantier de construction du pont m\u00e9tallique sur la rivi\u00e8re K\u00e9ran. Lanc\u00e9s en mars [&hellip;]\" \/>\n<meta property=\"og:url\" content=\"https:\/\/macite.tg\/?p=27888\" \/>\n<meta property=\"article:published_time\" content=\"2026-01-29T06:08:31+00:00\" \/>\n<meta property=\"article:modified_time\" content=\"2026-01-29T06:08:36+00:00\" \/>\n<meta property=\"og:image\" content=\"https:\/\/macite.tg\/wp-content\/uploads\/2026\/01\/Pont-FEG-Keran.jpg\" \/>\n\t<meta property=\"og:image:width\" content=\"500\" \/>\n\t<meta property=\"og:image:height\" content=\"315\" \/>\n\t<meta property=\"og:image:type\" content=\"image\/jpeg\" \/>\n<meta name=\"author\" content=\"Jean Pierre BAWELA\" \/>\n<meta name=\"twitter:card\" content=\"summary_large_image\" \/>\n<meta name=\"twitter:label1\" content=\"\u00c9crit par\" \/>\n\t<meta name=\"twitter:data1\" content=\"Jean Pierre BAWELA\" \/>\n\t<meta name=\"twitter:label2\" content=\"Dur\u00e9e de lecture estim\u00e9e\" \/>\n\t<meta name=\"twitter:data2\" content=\"2 minutes\" \/>\n<script type=\"application\/ld+json\" class=\"yoast-schema-graph\">{\"@context\":\"https:\\\/\\\/schema.org\",\"@graph\":[{\"@type\":\"Article\",\"@id\":\"https:\\\/\\\/macite.tg\\\/?p=27888#article\",\"isPartOf\":{\"@id\":\"https:\\\/\\\/macite.tg\\\/?p=27888\"},\"author\":{\"name\":\"Jean Pierre BAWELA\",\"@id\":\"https:\\\/\\\/macite.tg\\\/#\\\/schema\\\/person\\\/e9f2de7e5dbbe7770a9402c7ce82f5c2\"},\"headline\":\"PROGRAMME DE CONSTRUCTION DE 21 PONTS MODULAIRES\u00a0: Faure Gnassingb\u00e9 \u00e9value les travaux sur le terrain (K\u00e9ran)\",\"datePublished\":\"2026-01-29T06:08:31+00:00\",\"dateModified\":\"2026-01-29T06:08:36+00:00\",\"mainEntityOfPage\":{\"@id\":\"https:\\\/\\\/macite.tg\\\/?p=27888\"},\"wordCount\":324,\"commentCount\":0,\"image\":{\"@id\":\"https:\\\/\\\/macite.tg\\\/?p=27888#primaryimage\"},\"thumbnailUrl\":\"https:\\\/\\\/macite.tg\\\/wp-content\\\/uploads\\\/2026\\\/01\\\/Pont-FEG-Keran.jpg\",\"articleSection\":[\"ACTUALITE\",\"DEVELOPPEMENT\"],\"inLanguage\":\"fr-FR\",\"potentialAction\":[{\"@type\":\"CommentAction\",\"name\":\"Comment\",\"target\":[\"https:\\\/\\\/macite.tg\\\/?p=27888#respond\"]}]},{\"@type\":\"WebPage\",\"@id\":\"https:\\\/\\\/macite.tg\\\/?p=27888\",\"url\":\"https:\\\/\\\/macite.tg\\\/?p=27888\",\"name\":\"PROGRAMME DE CONSTRUCTION DE 21 PONTS MODULAIRES\u00a0: Faure Gnassingb\u00e9 \u00e9value les travaux sur le terrain (K\u00e9ran) -\",\"isPartOf\":{\"@id\":\"https:\\\/\\\/macite.tg\\\/#website\"},\"primaryImageOfPage\":{\"@id\":\"https:\\\/\\\/macite.tg\\\/?p=27888#primaryimage\"},\"image\":{\"@id\":\"https:\\\/\\\/macite.tg\\\/?p=27888#primaryimage\"},\"thumbnailUrl\":\"https:\\\/\\\/macite.tg\\\/wp-content\\\/uploads\\\/2026\\\/01\\\/Pont-FEG-Keran.jpg\",\"datePublished\":\"2026-01-29T06:08:31+00:00\",\"dateModified\":\"2026-01-29T06:08:36+00:00\",\"author\":{\"@id\":\"https:\\\/\\\/macite.tg\\\/#\\\/schema\\\/person\\\/e9f2de7e5dbbe7770a9402c7ce82f5c2\"},\"breadcrumb\":{\"@id\":\"https:\\\/\\\/macite.tg\\\/?p=27888#breadcrumb\"},\"inLanguage\":\"fr-FR\",\"potentialAction\":[{\"@type\":\"ReadAction\",\"target\":[\"https:\\\/\\\/macite.tg\\\/?p=27888\"]}]},{\"@type\":\"ImageObject\",\"inLanguage\":\"fr-FR\",\"@id\":\"https:\\\/\\\/macite.tg\\\/?p=27888#primaryimage\",\"url\":\"https:\\\/\\\/macite.tg\\\/wp-content\\\/uploads\\\/2026\\\/01\\\/Pont-FEG-Keran.jpg\",\"contentUrl\":\"https:\\\/\\\/macite.tg\\\/wp-content\\\/uploads\\\/2026\\\/01\\\/Pont-FEG-Keran.jpg\",\"width\":500,\"height\":315},{\"@type\":\"BreadcrumbList\",\"@id\":\"https:\\\/\\\/macite.tg\\\/?p=27888#breadcrumb\",\"itemListElement\":[{\"@type\":\"ListItem\",\"position\":1,\"name\":\"Accueil\",\"item\":\"https:\\\/\\\/macite.tg\\\/\"},{\"@type\":\"ListItem\",\"position\":2,\"name\":\"PROGRAMME DE CONSTRUCTION DE 21 PONTS MODULAIRES\u00a0: Faure Gnassingb\u00e9 \u00e9value les travaux sur le terrain (K\u00e9ran)\"}]},{\"@type\":\"WebSite\",\"@id\":\"https:\\\/\\\/macite.tg\\\/#website\",\"url\":\"https:\\\/\\\/macite.tg\\\/\",\"name\":\"\",\"description\":\"L&#039;information, la bonne!!!\",\"potentialAction\":[{\"@type\":\"SearchAction\",\"target\":{\"@type\":\"EntryPoint\",\"urlTemplate\":\"https:\\\/\\\/macite.tg\\\/?s={search_term_string}\"},\"query-input\":{\"@type\":\"PropertyValueSpecification\",\"valueRequired\":true,\"valueName\":\"search_term_string\"}}],\"inLanguage\":\"fr-FR\"},{\"@type\":\"Person\",\"@id\":\"https:\\\/\\\/macite.tg\\\/#\\\/schema\\\/person\\\/e9f2de7e5dbbe7770a9402c7ce82f5c2\",\"name\":\"Jean Pierre BAWELA\",\"image\":{\"@type\":\"ImageObject\",\"inLanguage\":\"fr-FR\",\"@id\":\"https:\\\/\\\/macite.tg\\\/wp-content\\\/uploads\\\/2023\\\/09\\\/WhatsApp-Image-2023-09-19-at-14.44.41-122x122.jpeg\",\"url\":\"https:\\\/\\\/macite.tg\\\/wp-content\\\/uploads\\\/2023\\\/09\\\/WhatsApp-Image-2023-09-19-at-14.44.41-122x122.jpeg\",\"contentUrl\":\"https:\\\/\\\/macite.tg\\\/wp-content\\\/uploads\\\/2023\\\/09\\\/WhatsApp-Image-2023-09-19-at-14.44.41-122x122.jpeg\",\"caption\":\"Jean Pierre BAWELA\"},\"url\":\"https:\\\/\\\/macite.tg\\\/?author=2\"}]}<\/script>\n<!-- \/ Yoast SEO plugin. -->","yoast_head_json":{"title":"PROGRAMME DE CONSTRUCTION DE 21 PONTS MODULAIRES\u00a0: Faure Gnassingb\u00e9 \u00e9value les travaux sur le terrain (K\u00e9ran) -","robots":{"index":"index","follow":"follow","max-snippet":"max-snippet:-1","max-image-preview":"max-image-preview:large","max-video-preview":"max-video-preview:-1"},"canonical":"https:\/\/macite.tg\/?p=27888","og_locale":"fr_FR","og_type":"article","og_title":"PROGRAMME DE CONSTRUCTION DE 21 PONTS MODULAIRES\u00a0: Faure Gnassingb\u00e9 \u00e9value les travaux sur le terrain (K\u00e9ran) -","og_description":"Dans le cadre du programme national de construction de 21 ponts modulaires mixtes, initi\u00e9 par le gouvernement togolais, le Pr\u00e9sident du conseil, Faure Essozimna Gnassingb\u00e9, \u00e9tait, en d\u00e9but de semaine sur le chantier de construction du pont m\u00e9tallique sur la rivi\u00e8re K\u00e9ran. Lanc\u00e9s en mars [&hellip;]","og_url":"https:\/\/macite.tg\/?p=27888","article_published_time":"2026-01-29T06:08:31+00:00","article_modified_time":"2026-01-29T06:08:36+00:00","og_image":[{"width":500,"height":315,"url":"https:\/\/macite.tg\/wp-content\/uploads\/2026\/01\/Pont-FEG-Keran.jpg","type":"image\/jpeg"}],"author":"Jean Pierre BAWELA","twitter_card":"summary_large_image","twitter_misc":{"\u00c9crit par":"Jean Pierre BAWELA","Dur\u00e9e de lecture estim\u00e9e":"2 minutes"},"schema":{"@context":"https:\/\/schema.org","@graph":[{"@type":"Article","@id":"https:\/\/macite.tg\/?p=27888#article","isPartOf":{"@id":"https:\/\/macite.tg\/?p=27888"},"author":{"name":"Jean Pierre BAWELA","@id":"https:\/\/macite.tg\/#\/schema\/person\/e9f2de7e5dbbe7770a9402c7ce82f5c2"},"headline":"PROGRAMME DE CONSTRUCTION DE 21 PONTS MODULAIRES\u00a0: Faure Gnassingb\u00e9 \u00e9value les travaux sur le terrain (K\u00e9ran)","datePublished":"2026-01-29T06:08:31+00:00","dateModified":"2026-01-29T06:08:36+00:00","mainEntityOfPage":{"@id":"https:\/\/macite.tg\/?p=27888"},"wordCount":324,"commentCount":0,"image":{"@id":"https:\/\/macite.tg\/?p=27888#primaryimage"},"thumbnailUrl":"https:\/\/macite.tg\/wp-content\/uploads\/2026\/01\/Pont-FEG-Keran.jpg","articleSection":["ACTUALITE","DEVELOPPEMENT"],"inLanguage":"fr-FR","potentialAction":[{"@type":"CommentAction","name":"Comment","target":["https:\/\/macite.tg\/?p=27888#respond"]}]},{"@type":"WebPage","@id":"https:\/\/macite.tg\/?p=27888","url":"https:\/\/macite.tg\/?p=27888","name":"PROGRAMME DE CONSTRUCTION DE 21 PONTS MODULAIRES\u00a0: Faure Gnassingb\u00e9 \u00e9value les travaux sur le terrain (K\u00e9ran) -","isPartOf":{"@id":"https:\/\/macite.tg\/#website"},"primaryImageOfPage":{"@id":"https:\/\/macite.tg\/?p=27888#primaryimage"},"image":{"@id":"https:\/\/macite.tg\/?p=27888#primaryimage"},"thumbnailUrl":"https:\/\/macite.tg\/wp-content\/uploads\/2026\/01\/Pont-FEG-Keran.jpg","datePublished":"2026-01-29T06:08:31+00:00","dateModified":"2026-01-29T06:08:36+00:00","author":{"@id":"https:\/\/macite.tg\/#\/schema\/person\/e9f2de7e5dbbe7770a9402c7ce82f5c2"},"breadcrumb":{"@id":"https:\/\/macite.tg\/?p=27888#breadcrumb"},"inLanguage":"fr-FR","potentialAction":[{"@type":"ReadAction","target":["https:\/\/macite.tg\/?p=27888"]}]},{"@type":"ImageObject","inLanguage":"fr-FR","@id":"https:\/\/macite.tg\/?p=27888#primaryimage","url":"https:\/\/macite.tg\/wp-content\/uploads\/2026\/01\/Pont-FEG-Keran.jpg","contentUrl":"https:\/\/macite.tg\/wp-content\/uploads\/2026\/01\/Pont-FEG-Keran.jpg","width":500,"height":315},{"@type":"BreadcrumbList","@id":"https:\/\/macite.tg\/?p=27888#breadcrumb","itemListElement":[{"@type":"ListItem","position":1,"name":"Accueil","item":"https:\/\/macite.tg\/"},{"@type":"ListItem","position":2,"name":"PROGRAMME DE CONSTRUCTION DE 21 PONTS MODULAIRES\u00a0: Faure Gnassingb\u00e9 \u00e9value les travaux sur le terrain (K\u00e9ran)"}]},{"@type":"WebSite","@id":"https:\/\/macite.tg\/#website","url":"https:\/\/macite.tg\/","name":"","description":"L&#039;information, la bonne!!!","potentialAction":[{"@type":"SearchAction","target":{"@type":"EntryPoint","urlTemplate":"https:\/\/macite.tg\/?s={search_term_string}"},"query-input":{"@type":"PropertyValueSpecification","valueRequired":true,"valueName":"search_term_string"}}],"inLanguage":"fr-FR"},{"@type":"Person","@id":"https:\/\/macite.tg\/#\/schema\/person\/e9f2de7e5dbbe7770a9402c7ce82f5c2","name":"Jean Pierre BAWELA","image":{"@type":"ImageObject","inLanguage":"fr-FR","@id":"https:\/\/macite.tg\/wp-content\/uploads\/2023\/09\/WhatsApp-Image-2023-09-19-at-14.44.41-122x122.jpeg","url":"https:\/\/macite.tg\/wp-content\/uploads\/2023\/09\/WhatsApp-Image-2023-09-19-at-14.44.41-122x122.jpeg","contentUrl":"https:\/\/macite.tg\/wp-content\/uploads\/2023\/09\/WhatsApp-Image-2023-09-19-at-14.44.41-122x122.jpeg","caption":"Jean Pierre BAWELA"},"url":"https:\/\/macite.tg\/?author=2"}]}},"_links":{"self":[{"href":"https:\/\/macite.tg\/index.php?rest_route=\/wp\/v2\/posts\/27888","targetHints":{"allow":["GET"]}}],"collection":[{"href":"https:\/\/macite.tg\/index.php?rest_route=\/wp\/v2\/posts"}],"about":[{"href":"https:\/\/macite.tg\/index.php?rest_route=\/wp\/v2\/types\/post"}],"author":[{"embeddable":true,"href":"https:\/\/macite.tg\/index.php?rest_route=\/wp\/v2\/users\/2"}],"replies":[{"embeddable":true,"href":"https:\/\/macite.tg\/index.php?rest_route=%2Fwp%2Fv2%2Fcomments&post=27888"}],"version-history":[{"count":0,"href":"https:\/\/macite.tg\/index.php?rest_route=\/wp\/v2\/posts\/27888\/revisions"}],"wp:featuredmedia":[{"embeddable":true,"href":"https:\/\/macite.tg\/index.php?rest_route=\/wp\/v2\/media\/27890"}],"wp:attachment":[{"href":"https:\/\/macite.tg\/index.php?rest_route=%2Fwp%2Fv2%2Fmedia&parent=27888"}],"wp:term":[{"taxonomy":"category","embeddable":true,"href":"https:\/\/macite.tg\/index.php?rest_route=%2Fwp%2Fv2%2Fcategories&post=27888"},{"taxonomy":"post_tag","embeddable":true,"href":"https:\/\/macite.tg\/index.php?rest_route=%2Fwp%2Fv2%2Ftags&post=27888"}],"curies":[{"name":"wp","href":"https:\/\/api.w.org\/{rel}","templated":true}]}}