{"id":27750,"date":"2026-01-23T17:13:34","date_gmt":"2026-01-23T17:13:34","guid":{"rendered":"https:\/\/macite.tg\/?p=27750"},"modified":"2026-01-23T17:13:48","modified_gmt":"2026-01-23T17:13:48","slug":"union-africaine-apres-plus-de-4-ans-de-suspension-la-guinee-voit-ses-sanctions-enfin-levees","status":"publish","type":"post","link":"https:\/\/macite.tg\/?p=27750","title":{"rendered":"UNION AFRICAINE : Apr\u00e8s plus de 4 ans de suspension, la Guin\u00e9e voit ses sanctions enfin lev\u00e9es"},"content":{"rendered":"\n<p class=\"wp-block-paragraph\"><strong><em>L\u2019Union africaine a annonc\u00e9 jeudi la lev\u00e9e des sanctions contre la Guin\u00e9e, impos\u00e9es apr\u00e8s le coup d\u2019\u00c9tat de 2021. Une d\u00e9cision prise \u00e0 la suite de la tenue de l\u2019\u00e9lection pr\u00e9sidentielle, organis\u00e9e en d\u00e9cembre dernier.<\/em><\/strong><\/p>\n\n\n\n<p class=\"wp-block-paragraph\">Le Conseil de paix et de s\u00e9curit\u00e9 de l\u2019Union africaine estime que le scrutin marque une \u00e9tape cl\u00e9 dans la transition politique du pays. Il salue l\u2019\u00e9lection de Mamady Doumbouya, ancien chef de la junte, et l\u2019encourage \u00e0 tenir ses engagements en faveur du peuple guin\u00e9en.<\/p>\n\n\n\n<figure class=\"wp-block-image size-full\"><img loading=\"lazy\" decoding=\"async\" width=\"851\" height=\"315\" src=\"https:\/\/macite.tg\/wp-content\/uploads\/2026\/01\/OTR_Ferer-pour-batir-1.jpg\" alt=\"\" class=\"wp-image-27391\" srcset=\"https:\/\/macite.tg\/wp-content\/uploads\/2026\/01\/OTR_Ferer-pour-batir-1.jpg 851w, https:\/\/macite.tg\/wp-content\/uploads\/2026\/01\/OTR_Ferer-pour-batir-1-300x111.jpg 300w, https:\/\/macite.tg\/wp-content\/uploads\/2026\/01\/OTR_Ferer-pour-batir-1-768x284.jpg 768w\" sizes=\"auto, (max-width: 851px) 100vw, 851px\" \/><\/figure>\n\n\n\n<p class=\"wp-block-paragraph\">Cons\u00e9quence directe : la Guin\u00e9e est r\u00e9int\u00e9gr\u00e9e dans les activit\u00e9s de l\u2019Union africaine, apr\u00e8s plus de quatre ans de suspension.<\/p>\n\n\n\n<p class=\"wp-block-paragraph\">Mamady Doumbouya a \u00e9t\u00e9 investi pr\u00e9sident samedi, devant des dizaines de milliers de partisans et plusieurs chefs d\u2019\u00c9tat. Selon la Cour supr\u00eame, il a remport\u00e9 l\u2019\u00e9lection avec 86,7 % des voix.<\/p>\n\n\n<div class=\"wp-block-image\">\n<figure class=\"aligncenter size-full\"><img loading=\"lazy\" decoding=\"async\" width=\"507\" height=\"720\" src=\"https:\/\/macite.tg\/wp-content\/uploads\/2026\/01\/image-65.png\" alt=\"\" class=\"wp-image-27595\" srcset=\"https:\/\/macite.tg\/wp-content\/uploads\/2026\/01\/image-65.png 507w, https:\/\/macite.tg\/wp-content\/uploads\/2026\/01\/image-65-211x300.png 211w\" sizes=\"auto, (max-width: 507px) 100vw, 507px\" \/><\/figure>\n<\/div>\n\n\n<p class=\"wp-block-paragraph\">Arriv\u00e9 au pouvoir par la force en 2021, apr\u00e8s le renversement du pr\u00e9sident \u00e9lu Alpha Cond\u00e9, il est toutefois critiqu\u00e9 pour une restriction des libert\u00e9s publiques, l\u2019interdiction des manifestations et l\u2019arrestation ou l\u2019exil de plusieurs opposants politiques.<\/p>\n\n\n\n<p class=\"wp-block-paragraph\"><strong>MSN<\/strong><\/p>\n\n\n\n<p class=\"wp-block-paragraph\"><a><strong><em>@macite.tg&nbsp;&nbsp;&nbsp;&nbsp;&nbsp;&nbsp;&nbsp;&nbsp;<\/em><\/strong><\/a><\/p>\n\n\n\n<p class=\"wp-block-paragraph\"><strong><em>E-mail&nbsp;: <\/em><\/strong><a href=\"mailto:maciteinfo@gmail.com\"><strong><em>maciteinfo@gmail.com<\/em><\/strong><\/a><strong><em>; <\/em><\/strong><a href=\"mailto:bawela1@gmail.com\"><strong><em>bawela1@gmail.com<\/em><\/strong><\/a><strong><em><\/em><\/strong><\/p>\n\n\n\n<p class=\"wp-block-paragraph\"><strong><em>Pour vos annonces, (publi)reportages, etc., joignez-nous au (00228)91515309\/<strong>79872224 <\/strong><strong><\/strong><\/em><\/strong><\/p>\n\n\n\n<p class=\"wp-block-paragraph\"><strong><em>www.macite.tg, L\u2019information, la bonne&nbsp;!<\/em><\/strong><\/p>\n\n\n\n<p class=\"wp-block-paragraph\"><\/p>\n","protected":false},"excerpt":{"rendered":"<p class=\"text-justify mb-2\" >L\u2019Union africaine a annonc\u00e9 jeudi la lev\u00e9e des sanctions contre la Guin\u00e9e, impos\u00e9es apr\u00e8s le coup d\u2019\u00c9tat de 2021. Une d\u00e9cision prise \u00e0 la suite de la tenue de l\u2019\u00e9lection pr\u00e9sidentielle, organis\u00e9e en d\u00e9cembre dernier. Le Conseil de paix et de s\u00e9curit\u00e9 de l\u2019Union africaine [&hellip;]<\/p>\n","protected":false},"author":2,"featured_media":27751,"comment_status":"open","ping_status":"open","sticky":false,"template":"","format":"standard","meta":{"footnotes":""},"categories":[20,1],"tags":[],"class_list":["post-27750","post","type-post","status-publish","format-standard","has-post-thumbnail","hentry","category-actualite","category-politique"],"yoast_head":"<!-- This site is optimized with the Yoast SEO plugin v28.4 - https:\/\/yoast.com\/product\/yoast-seo-wordpress\/ -->\n<title>UNION AFRICAINE : Apr\u00e8s plus de 4 ans de suspension, la Guin\u00e9e voit ses sanctions enfin lev\u00e9es -<\/title>\n<meta name=\"robots\" content=\"index, follow, max-snippet:-1, max-image-preview:large, max-video-preview:-1\" \/>\n<link rel=\"canonical\" href=\"https:\/\/macite.tg\/?p=27750\" \/>\n<meta property=\"og:locale\" content=\"fr_FR\" \/>\n<meta property=\"og:type\" content=\"article\" \/>\n<meta property=\"og:title\" content=\"UNION AFRICAINE : Apr\u00e8s plus de 4 ans de suspension, la Guin\u00e9e voit ses sanctions enfin lev\u00e9es -\" \/>\n<meta property=\"og:description\" content=\"L\u2019Union africaine a annonc\u00e9 jeudi la lev\u00e9e des sanctions contre la Guin\u00e9e, impos\u00e9es apr\u00e8s le coup d\u2019\u00c9tat de 2021. Une d\u00e9cision prise \u00e0 la suite de la tenue de l\u2019\u00e9lection pr\u00e9sidentielle, organis\u00e9e en d\u00e9cembre dernier. Le Conseil de paix et de s\u00e9curit\u00e9 de l\u2019Union africaine [&hellip;]\" \/>\n<meta property=\"og:url\" content=\"https:\/\/macite.tg\/?p=27750\" \/>\n<meta property=\"article:published_time\" content=\"2026-01-23T17:13:34+00:00\" \/>\n<meta property=\"article:modified_time\" content=\"2026-01-23T17:13:48+00:00\" \/>\n<meta property=\"og:image\" content=\"https:\/\/macite.tg\/wp-content\/uploads\/2026\/01\/Mamadou-Doumbouya.jpg\" \/>\n\t<meta property=\"og:image:width\" content=\"500\" \/>\n\t<meta property=\"og:image:height\" content=\"433\" \/>\n\t<meta property=\"og:image:type\" content=\"image\/jpeg\" \/>\n<meta name=\"author\" content=\"Jean Pierre BAWELA\" \/>\n<meta name=\"twitter:card\" content=\"summary_large_image\" \/>\n<meta name=\"twitter:label1\" content=\"\u00c9crit par\" \/>\n\t<meta name=\"twitter:data1\" content=\"Jean Pierre BAWELA\" \/>\n\t<meta name=\"twitter:label2\" content=\"Dur\u00e9e de lecture estim\u00e9e\" \/>\n\t<meta name=\"twitter:data2\" content=\"2 minutes\" \/>\n<script type=\"application\/ld+json\" class=\"yoast-schema-graph\">{\"@context\":\"https:\\\/\\\/schema.org\",\"@graph\":[{\"@type\":\"Article\",\"@id\":\"https:\\\/\\\/macite.tg\\\/?p=27750#article\",\"isPartOf\":{\"@id\":\"https:\\\/\\\/macite.tg\\\/?p=27750\"},\"author\":{\"name\":\"Jean Pierre BAWELA\",\"@id\":\"https:\\\/\\\/macite.tg\\\/#\\\/schema\\\/person\\\/e9f2de7e5dbbe7770a9402c7ce82f5c2\"},\"headline\":\"UNION AFRICAINE : Apr\u00e8s plus de 4 ans de suspension, la Guin\u00e9e voit ses sanctions enfin lev\u00e9es\",\"datePublished\":\"2026-01-23T17:13:34+00:00\",\"dateModified\":\"2026-01-23T17:13:48+00:00\",\"mainEntityOfPage\":{\"@id\":\"https:\\\/\\\/macite.tg\\\/?p=27750\"},\"wordCount\":249,\"commentCount\":0,\"image\":{\"@id\":\"https:\\\/\\\/macite.tg\\\/?p=27750#primaryimage\"},\"thumbnailUrl\":\"https:\\\/\\\/macite.tg\\\/wp-content\\\/uploads\\\/2026\\\/01\\\/Mamadou-Doumbouya.jpg\",\"articleSection\":[\"ACTUALITE\",\"POLITIQUE\"],\"inLanguage\":\"fr-FR\",\"potentialAction\":[{\"@type\":\"CommentAction\",\"name\":\"Comment\",\"target\":[\"https:\\\/\\\/macite.tg\\\/?p=27750#respond\"]}]},{\"@type\":\"WebPage\",\"@id\":\"https:\\\/\\\/macite.tg\\\/?p=27750\",\"url\":\"https:\\\/\\\/macite.tg\\\/?p=27750\",\"name\":\"UNION AFRICAINE : Apr\u00e8s plus de 4 ans de suspension, la Guin\u00e9e voit ses sanctions enfin lev\u00e9es -\",\"isPartOf\":{\"@id\":\"https:\\\/\\\/macite.tg\\\/#website\"},\"primaryImageOfPage\":{\"@id\":\"https:\\\/\\\/macite.tg\\\/?p=27750#primaryimage\"},\"image\":{\"@id\":\"https:\\\/\\\/macite.tg\\\/?p=27750#primaryimage\"},\"thumbnailUrl\":\"https:\\\/\\\/macite.tg\\\/wp-content\\\/uploads\\\/2026\\\/01\\\/Mamadou-Doumbouya.jpg\",\"datePublished\":\"2026-01-23T17:13:34+00:00\",\"dateModified\":\"2026-01-23T17:13:48+00:00\",\"author\":{\"@id\":\"https:\\\/\\\/macite.tg\\\/#\\\/schema\\\/person\\\/e9f2de7e5dbbe7770a9402c7ce82f5c2\"},\"breadcrumb\":{\"@id\":\"https:\\\/\\\/macite.tg\\\/?p=27750#breadcrumb\"},\"inLanguage\":\"fr-FR\",\"potentialAction\":[{\"@type\":\"ReadAction\",\"target\":[\"https:\\\/\\\/macite.tg\\\/?p=27750\"]}]},{\"@type\":\"ImageObject\",\"inLanguage\":\"fr-FR\",\"@id\":\"https:\\\/\\\/macite.tg\\\/?p=27750#primaryimage\",\"url\":\"https:\\\/\\\/macite.tg\\\/wp-content\\\/uploads\\\/2026\\\/01\\\/Mamadou-Doumbouya.jpg\",\"contentUrl\":\"https:\\\/\\\/macite.tg\\\/wp-content\\\/uploads\\\/2026\\\/01\\\/Mamadou-Doumbouya.jpg\",\"width\":500,\"height\":433,\"caption\":\"Mamadou Doumbouya, pr\u00e9sident \u00e9lu de la Guin\u00e9e\"},{\"@type\":\"BreadcrumbList\",\"@id\":\"https:\\\/\\\/macite.tg\\\/?p=27750#breadcrumb\",\"itemListElement\":[{\"@type\":\"ListItem\",\"position\":1,\"name\":\"Accueil\",\"item\":\"https:\\\/\\\/macite.tg\\\/\"},{\"@type\":\"ListItem\",\"position\":2,\"name\":\"UNION AFRICAINE : Apr\u00e8s plus de 4 ans de suspension, la Guin\u00e9e voit ses sanctions enfin lev\u00e9es\"}]},{\"@type\":\"WebSite\",\"@id\":\"https:\\\/\\\/macite.tg\\\/#website\",\"url\":\"https:\\\/\\\/macite.tg\\\/\",\"name\":\"\",\"description\":\"L&#039;information, la bonne!!!\",\"potentialAction\":[{\"@type\":\"SearchAction\",\"target\":{\"@type\":\"EntryPoint\",\"urlTemplate\":\"https:\\\/\\\/macite.tg\\\/?s={search_term_string}\"},\"query-input\":{\"@type\":\"PropertyValueSpecification\",\"valueRequired\":true,\"valueName\":\"search_term_string\"}}],\"inLanguage\":\"fr-FR\"},{\"@type\":\"Person\",\"@id\":\"https:\\\/\\\/macite.tg\\\/#\\\/schema\\\/person\\\/e9f2de7e5dbbe7770a9402c7ce82f5c2\",\"name\":\"Jean Pierre BAWELA\",\"image\":{\"@type\":\"ImageObject\",\"inLanguage\":\"fr-FR\",\"@id\":\"https:\\\/\\\/macite.tg\\\/wp-content\\\/uploads\\\/2023\\\/09\\\/WhatsApp-Image-2023-09-19-at-14.44.41-122x122.jpeg\",\"url\":\"https:\\\/\\\/macite.tg\\\/wp-content\\\/uploads\\\/2023\\\/09\\\/WhatsApp-Image-2023-09-19-at-14.44.41-122x122.jpeg\",\"contentUrl\":\"https:\\\/\\\/macite.tg\\\/wp-content\\\/uploads\\\/2023\\\/09\\\/WhatsApp-Image-2023-09-19-at-14.44.41-122x122.jpeg\",\"caption\":\"Jean Pierre BAWELA\"},\"url\":\"https:\\\/\\\/macite.tg\\\/?author=2\"}]}<\/script>\n<!-- \/ Yoast SEO plugin. -->","yoast_head_json":{"title":"UNION AFRICAINE : Apr\u00e8s plus de 4 ans de suspension, la Guin\u00e9e voit ses sanctions enfin lev\u00e9es -","robots":{"index":"index","follow":"follow","max-snippet":"max-snippet:-1","max-image-preview":"max-image-preview:large","max-video-preview":"max-video-preview:-1"},"canonical":"https:\/\/macite.tg\/?p=27750","og_locale":"fr_FR","og_type":"article","og_title":"UNION AFRICAINE : Apr\u00e8s plus de 4 ans de suspension, la Guin\u00e9e voit ses sanctions enfin lev\u00e9es -","og_description":"L\u2019Union africaine a annonc\u00e9 jeudi la lev\u00e9e des sanctions contre la Guin\u00e9e, impos\u00e9es apr\u00e8s le coup d\u2019\u00c9tat de 2021. Une d\u00e9cision prise \u00e0 la suite de la tenue de l\u2019\u00e9lection pr\u00e9sidentielle, organis\u00e9e en d\u00e9cembre dernier. Le Conseil de paix et de s\u00e9curit\u00e9 de l\u2019Union africaine [&hellip;]","og_url":"https:\/\/macite.tg\/?p=27750","article_published_time":"2026-01-23T17:13:34+00:00","article_modified_time":"2026-01-23T17:13:48+00:00","og_image":[{"width":500,"height":433,"url":"https:\/\/macite.tg\/wp-content\/uploads\/2026\/01\/Mamadou-Doumbouya.jpg","type":"image\/jpeg"}],"author":"Jean Pierre BAWELA","twitter_card":"summary_large_image","twitter_misc":{"\u00c9crit par":"Jean Pierre BAWELA","Dur\u00e9e de lecture estim\u00e9e":"2 minutes"},"schema":{"@context":"https:\/\/schema.org","@graph":[{"@type":"Article","@id":"https:\/\/macite.tg\/?p=27750#article","isPartOf":{"@id":"https:\/\/macite.tg\/?p=27750"},"author":{"name":"Jean Pierre BAWELA","@id":"https:\/\/macite.tg\/#\/schema\/person\/e9f2de7e5dbbe7770a9402c7ce82f5c2"},"headline":"UNION AFRICAINE : Apr\u00e8s plus de 4 ans de suspension, la Guin\u00e9e voit ses sanctions enfin lev\u00e9es","datePublished":"2026-01-23T17:13:34+00:00","dateModified":"2026-01-23T17:13:48+00:00","mainEntityOfPage":{"@id":"https:\/\/macite.tg\/?p=27750"},"wordCount":249,"commentCount":0,"image":{"@id":"https:\/\/macite.tg\/?p=27750#primaryimage"},"thumbnailUrl":"https:\/\/macite.tg\/wp-content\/uploads\/2026\/01\/Mamadou-Doumbouya.jpg","articleSection":["ACTUALITE","POLITIQUE"],"inLanguage":"fr-FR","potentialAction":[{"@type":"CommentAction","name":"Comment","target":["https:\/\/macite.tg\/?p=27750#respond"]}]},{"@type":"WebPage","@id":"https:\/\/macite.tg\/?p=27750","url":"https:\/\/macite.tg\/?p=27750","name":"UNION AFRICAINE : Apr\u00e8s plus de 4 ans de suspension, la Guin\u00e9e voit ses sanctions enfin lev\u00e9es -","isPartOf":{"@id":"https:\/\/macite.tg\/#website"},"primaryImageOfPage":{"@id":"https:\/\/macite.tg\/?p=27750#primaryimage"},"image":{"@id":"https:\/\/macite.tg\/?p=27750#primaryimage"},"thumbnailUrl":"https:\/\/macite.tg\/wp-content\/uploads\/2026\/01\/Mamadou-Doumbouya.jpg","datePublished":"2026-01-23T17:13:34+00:00","dateModified":"2026-01-23T17:13:48+00:00","author":{"@id":"https:\/\/macite.tg\/#\/schema\/person\/e9f2de7e5dbbe7770a9402c7ce82f5c2"},"breadcrumb":{"@id":"https:\/\/macite.tg\/?p=27750#breadcrumb"},"inLanguage":"fr-FR","potentialAction":[{"@type":"ReadAction","target":["https:\/\/macite.tg\/?p=27750"]}]},{"@type":"ImageObject","inLanguage":"fr-FR","@id":"https:\/\/macite.tg\/?p=27750#primaryimage","url":"https:\/\/macite.tg\/wp-content\/uploads\/2026\/01\/Mamadou-Doumbouya.jpg","contentUrl":"https:\/\/macite.tg\/wp-content\/uploads\/2026\/01\/Mamadou-Doumbouya.jpg","width":500,"height":433,"caption":"Mamadou Doumbouya, pr\u00e9sident \u00e9lu de la Guin\u00e9e"},{"@type":"BreadcrumbList","@id":"https:\/\/macite.tg\/?p=27750#breadcrumb","itemListElement":[{"@type":"ListItem","position":1,"name":"Accueil","item":"https:\/\/macite.tg\/"},{"@type":"ListItem","position":2,"name":"UNION AFRICAINE : Apr\u00e8s plus de 4 ans de suspension, la Guin\u00e9e voit ses sanctions enfin lev\u00e9es"}]},{"@type":"WebSite","@id":"https:\/\/macite.tg\/#website","url":"https:\/\/macite.tg\/","name":"","description":"L&#039;information, la bonne!!!","potentialAction":[{"@type":"SearchAction","target":{"@type":"EntryPoint","urlTemplate":"https:\/\/macite.tg\/?s={search_term_string}"},"query-input":{"@type":"PropertyValueSpecification","valueRequired":true,"valueName":"search_term_string"}}],"inLanguage":"fr-FR"},{"@type":"Person","@id":"https:\/\/macite.tg\/#\/schema\/person\/e9f2de7e5dbbe7770a9402c7ce82f5c2","name":"Jean Pierre BAWELA","image":{"@type":"ImageObject","inLanguage":"fr-FR","@id":"https:\/\/macite.tg\/wp-content\/uploads\/2023\/09\/WhatsApp-Image-2023-09-19-at-14.44.41-122x122.jpeg","url":"https:\/\/macite.tg\/wp-content\/uploads\/2023\/09\/WhatsApp-Image-2023-09-19-at-14.44.41-122x122.jpeg","contentUrl":"https:\/\/macite.tg\/wp-content\/uploads\/2023\/09\/WhatsApp-Image-2023-09-19-at-14.44.41-122x122.jpeg","caption":"Jean Pierre BAWELA"},"url":"https:\/\/macite.tg\/?author=2"}]}},"_links":{"self":[{"href":"https:\/\/macite.tg\/index.php?rest_route=\/wp\/v2\/posts\/27750","targetHints":{"allow":["GET"]}}],"collection":[{"href":"https:\/\/macite.tg\/index.php?rest_route=\/wp\/v2\/posts"}],"about":[{"href":"https:\/\/macite.tg\/index.php?rest_route=\/wp\/v2\/types\/post"}],"author":[{"embeddable":true,"href":"https:\/\/macite.tg\/index.php?rest_route=\/wp\/v2\/users\/2"}],"replies":[{"embeddable":true,"href":"https:\/\/macite.tg\/index.php?rest_route=%2Fwp%2Fv2%2Fcomments&post=27750"}],"version-history":[{"count":0,"href":"https:\/\/macite.tg\/index.php?rest_route=\/wp\/v2\/posts\/27750\/revisions"}],"wp:featuredmedia":[{"embeddable":true,"href":"https:\/\/macite.tg\/index.php?rest_route=\/wp\/v2\/media\/27751"}],"wp:attachment":[{"href":"https:\/\/macite.tg\/index.php?rest_route=%2Fwp%2Fv2%2Fmedia&parent=27750"}],"wp:term":[{"taxonomy":"category","embeddable":true,"href":"https:\/\/macite.tg\/index.php?rest_route=%2Fwp%2Fv2%2Fcategories&post=27750"},{"taxonomy":"post_tag","embeddable":true,"href":"https:\/\/macite.tg\/index.php?rest_route=%2Fwp%2Fv2%2Ftags&post=27750"}],"curies":[{"name":"wp","href":"https:\/\/api.w.org\/{rel}","templated":true}]}}