{"id":27746,"date":"2026-01-23T15:42:30","date_gmt":"2026-01-23T15:42:30","guid":{"rendered":"https:\/\/macite.tg\/?p=27746"},"modified":"2026-01-23T18:05:01","modified_gmt":"2026-01-23T18:05:01","slug":"maroc-2025-larbitre-de-la-finale-jean-jacques-ndala-en-danger","status":"publish","type":"post","link":"https:\/\/macite.tg\/?p=27746","title":{"rendered":"CAN MAROC 2025\u00a0: L\u2019arbitre de la finale, Jean-Jacques Ndala, en danger\u2026"},"content":{"rendered":"\n<p class=\"wp-block-paragraph\"><strong><em>Un d\u00e9put\u00e9 marocain plaide pour l\u2019arrestation et le jugement de l\u2019arbitre congolais Jean Jacques Ndala.&nbsp;<\/em><\/strong><strong><\/strong><\/p>\n\n\n\n<p class=\"wp-block-paragraph\">Les Marocains ne dig\u00e8rent pas leur d\u00e9faite \u00e0 la finale de la Coupe d\u2019Afrique des Nations et tous les moyens sont bons pour eux pour se venger. Cette fois c\u2019est un homme politique qui accuse l\u2019arbitre de la finale d\u2019impartialit\u00e9.<\/p>\n\n\n<div class=\"wp-block-image\">\n<figure class=\"aligncenter size-full is-resized\"><img loading=\"lazy\" decoding=\"async\" width=\"690\" height=\"170\" src=\"https:\/\/macite.tg\/wp-content\/uploads\/2026\/01\/OTR_TVM.jpg\" alt=\"\" class=\"wp-image-27483\" style=\"width:840px;height:auto\" srcset=\"https:\/\/macite.tg\/wp-content\/uploads\/2026\/01\/OTR_TVM.jpg 690w, https:\/\/macite.tg\/wp-content\/uploads\/2026\/01\/OTR_TVM-300x74.jpg 300w\" sizes=\"auto, (max-width: 690px) 100vw, 690px\" \/><\/figure>\n<\/div>\n\n\n<p class=\"wp-block-paragraph\">Lors d\u2019une session parlementaire, un d\u00e9put\u00e9 marocain a demand\u00e9 des poursuites judiciaires \u00e0 l\u2019encontre de l\u2019arbitre congolais Jean Jacques Ndala, l\u2019accusant soit de collusion, soit de graves manquements dans la gestion du match.<\/p>\n\n\n\n<p class=\"wp-block-paragraph\">L\u2019arbitre congolais s\u2019est retrouv\u00e9 au c\u0153ur de la pol\u00e9mique pour avoir sifflet un penalty pour le Maroc, quelque deux minutes apr\u00e8s avoir interrompu une action de jeu qui s\u2019\u00e9tait conclue par un but marqu\u00e9 par Isma\u00efla Sarr. La victoire des Lions de la Teranga face au Maroc a \u00e9t\u00e9 un \u00e9l\u00e9ment de trop pour les marocains qui crient \u00e0 l\u2019injustice.<\/p>\n\n\n\n<p class=\"wp-block-paragraph\">Le pr\u00e9sident de f\u00e9d\u00e9ration marocaine, Fouzi Lekjaa, aurait lui demand\u00e9 selon le journaliste Micky Jnr, que la CAF suspend dans l\u2019imm\u00e9diat Jean-Jacques Ndala.<\/p>\n\n\n<div class=\"wp-block-image\">\n<figure class=\"aligncenter size-full\"><img loading=\"lazy\" decoding=\"async\" width=\"507\" height=\"720\" src=\"https:\/\/macite.tg\/wp-content\/uploads\/2026\/01\/image-65.png\" alt=\"\" class=\"wp-image-27595\" srcset=\"https:\/\/macite.tg\/wp-content\/uploads\/2026\/01\/image-65.png 507w, https:\/\/macite.tg\/wp-content\/uploads\/2026\/01\/image-65-211x300.png 211w\" sizes=\"auto, (max-width: 507px) 100vw, 507px\" \/><\/figure>\n<\/div>\n\n\n<p class=\"wp-block-paragraph\">Cependant, malgr\u00e9 ce vent de menace, la F\u00e9d\u00e9ration Congolaise de Football Association (FECOFA), apporte le soutien \u00e0 son arbitre <em>:\u00ab <\/em><em>\ud835\ude03\ud835\uddfc\ud835\ude01\ud835\uddff\ud835\uddf2<\/em><em> <\/em><em>\ud835\uddfa\ud835\uddee\ud835\uddf6<\/em><em>\u0302<\/em><em>\ud835\ude01\ud835\uddff\ud835\uddf6\ud835\ude00\ud835\uddf2<\/em><em> <\/em><em>\ud835\ude01\ud835\uddf2\ud835\uddf0\ud835\uddf5\ud835\uddfb\ud835\uddf6\ud835\uddfe\ud835\ude02\ud835\uddf2<\/em><em> <\/em><em>\ud835\uddf2\ud835\ude01<\/em><em> <\/em><em>\ud835\ude03\ud835\uddfc\ud835\ude01\ud835\uddff\ud835\uddf2<\/em><em> <\/em><em>\ud835\ude00\ud835\uddf2\ud835\uddfb\ud835\ude00<\/em><em> <\/em><em>\ud835\uddf2<\/em><em>\u0301<\/em><em>\ud835\uddf9\ud835\uddf2\ud835\ude03\ud835\uddf2<\/em><em>\u0301 <\/em><em>\ud835\uddf1\ud835\uddf2<\/em><em> <\/em><em>\ud835\uddf9<\/em><em>\u2019<\/em><em>\ud835\uddf2<\/em><em>\u0301<\/em><em>\ud835\ude01\ud835\uddf5\ud835\uddf6\ud835\uddfe\ud835\ude02\ud835\uddf2<\/em><em> <\/em><em>\ud835\uddee\ud835\uddff\ud835\uddef\ud835\uddf6\ud835\ude01\ud835\uddff\ud835\uddee\ud835\uddf9\ud835\uddf2<\/em><em> <\/em><em>\ud835\uddfc\ud835\uddfb\ud835\ude01<\/em><em> <\/em><em>\ud835\uddf2<\/em><em>\u0301<\/em><em>\ud835\ude01\ud835\uddf2<\/em><em>\u0301 <\/em><em>\ud835\ude02\ud835\uddfb\ud835\uddee\ud835\uddfb\ud835\uddf6\ud835\uddfa\ud835\uddf2\ud835\uddfa\ud835\uddf2\ud835\uddfb\ud835\ude01<\/em><em> <\/em><em>\ud835\ude00\ud835\uddee\ud835\uddf9\ud835\ude02\ud835\uddf2<\/em><em>\u0301<\/em><em>\ud835\ude00<\/em><em>. \u00bb,<\/em> pouvons-nous lire le communiqu\u00e9 de la FECOFA.<\/p>\n\n\n\n<p class=\"wp-block-paragraph\"><strong>MSN<\/strong><\/p>\n\n\n\n<p class=\"wp-block-paragraph\"><a><strong><em>@macite.tg&nbsp;&nbsp;&nbsp;&nbsp;&nbsp;&nbsp;&nbsp;&nbsp;<\/em><\/strong><\/a><\/p>\n\n\n\n<p class=\"wp-block-paragraph\"><strong><em>E-mail&nbsp;: <\/em><\/strong><a href=\"mailto:maciteinfo@gmail.com\"><strong><em>maciteinfo@gmail.com<\/em><\/strong><\/a><strong><em>; <\/em><\/strong><a href=\"mailto:bawela1@gmail.com\"><strong><em>bawela1@gmail.com<\/em><\/strong><\/a><strong><em><\/em><\/strong><\/p>\n\n\n\n<p class=\"wp-block-paragraph\"><strong><em>Pour vos annonces, (publi)reportages, etc., joignez-nous au (00228)91515309\/<strong>79872224 <\/strong><strong><\/strong><\/em><\/strong><\/p>\n\n\n\n<p class=\"wp-block-paragraph\"><strong><em>www.macite.tg, L\u2019information, la bonne&nbsp;!<\/em><\/strong><\/p>\n\n\n\n<p class=\"wp-block-paragraph\"><\/p>\n","protected":false},"excerpt":{"rendered":"<p class=\"text-justify mb-2\" >Un d\u00e9put\u00e9 marocain plaide pour l\u2019arrestation et le jugement de l\u2019arbitre congolais Jean Jacques Ndala.&nbsp; Les Marocains ne dig\u00e8rent pas leur d\u00e9faite \u00e0 la finale de la Coupe d\u2019Afrique des Nations et tous les moyens sont bons pour eux pour se venger. Cette fois c\u2019est [&hellip;]<\/p>\n","protected":false},"author":2,"featured_media":27748,"comment_status":"open","ping_status":"open","sticky":false,"template":"","format":"standard","meta":{"footnotes":""},"categories":[20,63,7],"tags":[],"class_list":["post-27746","post","type-post","status-publish","format-standard","has-post-thumbnail","hentry","category-actualite","category-football","category-sports"],"yoast_head":"<!-- This site is optimized with the Yoast SEO plugin v28.4 - https:\/\/yoast.com\/product\/yoast-seo-wordpress\/ -->\n<title>CAN MAROC 2025\u00a0: L\u2019arbitre de la finale, Jean-Jacques Ndala, en danger\u2026 -<\/title>\n<meta name=\"robots\" content=\"index, follow, max-snippet:-1, max-image-preview:large, max-video-preview:-1\" \/>\n<link rel=\"canonical\" href=\"https:\/\/macite.tg\/?p=27746\" \/>\n<meta property=\"og:locale\" content=\"fr_FR\" \/>\n<meta property=\"og:type\" content=\"article\" \/>\n<meta property=\"og:title\" content=\"CAN MAROC 2025\u00a0: L\u2019arbitre de la finale, Jean-Jacques Ndala, en danger\u2026 -\" \/>\n<meta property=\"og:description\" content=\"Un d\u00e9put\u00e9 marocain plaide pour l\u2019arrestation et le jugement de l\u2019arbitre congolais Jean Jacques Ndala.&nbsp; Les Marocains ne dig\u00e8rent pas leur d\u00e9faite \u00e0 la finale de la Coupe d\u2019Afrique des Nations et tous les moyens sont bons pour eux pour se venger. Cette fois c\u2019est [&hellip;]\" \/>\n<meta property=\"og:url\" content=\"https:\/\/macite.tg\/?p=27746\" \/>\n<meta property=\"article:published_time\" content=\"2026-01-23T15:42:30+00:00\" \/>\n<meta property=\"article:modified_time\" content=\"2026-01-23T18:05:01+00:00\" \/>\n<meta property=\"og:image\" content=\"https:\/\/macite.tg\/wp-content\/uploads\/2026\/01\/image-88.png\" \/>\n\t<meta property=\"og:image:width\" content=\"306\" \/>\n\t<meta property=\"og:image:height\" content=\"234\" \/>\n\t<meta property=\"og:image:type\" content=\"image\/png\" \/>\n<meta name=\"author\" content=\"Jean Pierre BAWELA\" \/>\n<meta name=\"twitter:card\" content=\"summary_large_image\" \/>\n<meta name=\"twitter:label1\" content=\"\u00c9crit par\" \/>\n\t<meta name=\"twitter:data1\" content=\"Jean Pierre BAWELA\" \/>\n\t<meta name=\"twitter:label2\" content=\"Dur\u00e9e de lecture estim\u00e9e\" \/>\n\t<meta name=\"twitter:data2\" content=\"2 minutes\" \/>\n<script type=\"application\/ld+json\" class=\"yoast-schema-graph\">{\"@context\":\"https:\\\/\\\/schema.org\",\"@graph\":[{\"@type\":\"Article\",\"@id\":\"https:\\\/\\\/macite.tg\\\/?p=27746#article\",\"isPartOf\":{\"@id\":\"https:\\\/\\\/macite.tg\\\/?p=27746\"},\"author\":{\"name\":\"Jean Pierre BAWELA\",\"@id\":\"https:\\\/\\\/macite.tg\\\/#\\\/schema\\\/person\\\/e9f2de7e5dbbe7770a9402c7ce82f5c2\"},\"headline\":\"CAN MAROC 2025\u00a0: L\u2019arbitre de la finale, Jean-Jacques Ndala, en danger\u2026\",\"datePublished\":\"2026-01-23T15:42:30+00:00\",\"dateModified\":\"2026-01-23T18:05:01+00:00\",\"mainEntityOfPage\":{\"@id\":\"https:\\\/\\\/macite.tg\\\/?p=27746\"},\"wordCount\":270,\"commentCount\":0,\"image\":{\"@id\":\"https:\\\/\\\/macite.tg\\\/?p=27746#primaryimage\"},\"thumbnailUrl\":\"https:\\\/\\\/macite.tg\\\/wp-content\\\/uploads\\\/2026\\\/01\\\/image-88.png\",\"articleSection\":[\"ACTUALITE\",\"FOOTBALL\",\"SPORTS\"],\"inLanguage\":\"fr-FR\",\"potentialAction\":[{\"@type\":\"CommentAction\",\"name\":\"Comment\",\"target\":[\"https:\\\/\\\/macite.tg\\\/?p=27746#respond\"]}]},{\"@type\":\"WebPage\",\"@id\":\"https:\\\/\\\/macite.tg\\\/?p=27746\",\"url\":\"https:\\\/\\\/macite.tg\\\/?p=27746\",\"name\":\"CAN MAROC 2025\u00a0: L\u2019arbitre de la finale, Jean-Jacques Ndala, en danger\u2026 -\",\"isPartOf\":{\"@id\":\"https:\\\/\\\/macite.tg\\\/#website\"},\"primaryImageOfPage\":{\"@id\":\"https:\\\/\\\/macite.tg\\\/?p=27746#primaryimage\"},\"image\":{\"@id\":\"https:\\\/\\\/macite.tg\\\/?p=27746#primaryimage\"},\"thumbnailUrl\":\"https:\\\/\\\/macite.tg\\\/wp-content\\\/uploads\\\/2026\\\/01\\\/image-88.png\",\"datePublished\":\"2026-01-23T15:42:30+00:00\",\"dateModified\":\"2026-01-23T18:05:01+00:00\",\"author\":{\"@id\":\"https:\\\/\\\/macite.tg\\\/#\\\/schema\\\/person\\\/e9f2de7e5dbbe7770a9402c7ce82f5c2\"},\"breadcrumb\":{\"@id\":\"https:\\\/\\\/macite.tg\\\/?p=27746#breadcrumb\"},\"inLanguage\":\"fr-FR\",\"potentialAction\":[{\"@type\":\"ReadAction\",\"target\":[\"https:\\\/\\\/macite.tg\\\/?p=27746\"]}]},{\"@type\":\"ImageObject\",\"inLanguage\":\"fr-FR\",\"@id\":\"https:\\\/\\\/macite.tg\\\/?p=27746#primaryimage\",\"url\":\"https:\\\/\\\/macite.tg\\\/wp-content\\\/uploads\\\/2026\\\/01\\\/image-88.png\",\"contentUrl\":\"https:\\\/\\\/macite.tg\\\/wp-content\\\/uploads\\\/2026\\\/01\\\/image-88.png\",\"width\":306,\"height\":234},{\"@type\":\"BreadcrumbList\",\"@id\":\"https:\\\/\\\/macite.tg\\\/?p=27746#breadcrumb\",\"itemListElement\":[{\"@type\":\"ListItem\",\"position\":1,\"name\":\"Accueil\",\"item\":\"https:\\\/\\\/macite.tg\\\/\"},{\"@type\":\"ListItem\",\"position\":2,\"name\":\"CAN MAROC 2025\u00a0: L\u2019arbitre de la finale, Jean-Jacques Ndala, en danger\u2026\"}]},{\"@type\":\"WebSite\",\"@id\":\"https:\\\/\\\/macite.tg\\\/#website\",\"url\":\"https:\\\/\\\/macite.tg\\\/\",\"name\":\"\",\"description\":\"L&#039;information, la bonne!!!\",\"potentialAction\":[{\"@type\":\"SearchAction\",\"target\":{\"@type\":\"EntryPoint\",\"urlTemplate\":\"https:\\\/\\\/macite.tg\\\/?s={search_term_string}\"},\"query-input\":{\"@type\":\"PropertyValueSpecification\",\"valueRequired\":true,\"valueName\":\"search_term_string\"}}],\"inLanguage\":\"fr-FR\"},{\"@type\":\"Person\",\"@id\":\"https:\\\/\\\/macite.tg\\\/#\\\/schema\\\/person\\\/e9f2de7e5dbbe7770a9402c7ce82f5c2\",\"name\":\"Jean Pierre BAWELA\",\"image\":{\"@type\":\"ImageObject\",\"inLanguage\":\"fr-FR\",\"@id\":\"https:\\\/\\\/macite.tg\\\/wp-content\\\/uploads\\\/2023\\\/09\\\/WhatsApp-Image-2023-09-19-at-14.44.41-122x122.jpeg\",\"url\":\"https:\\\/\\\/macite.tg\\\/wp-content\\\/uploads\\\/2023\\\/09\\\/WhatsApp-Image-2023-09-19-at-14.44.41-122x122.jpeg\",\"contentUrl\":\"https:\\\/\\\/macite.tg\\\/wp-content\\\/uploads\\\/2023\\\/09\\\/WhatsApp-Image-2023-09-19-at-14.44.41-122x122.jpeg\",\"caption\":\"Jean Pierre BAWELA\"},\"url\":\"https:\\\/\\\/macite.tg\\\/?author=2\"}]}<\/script>\n<!-- \/ Yoast SEO plugin. -->","yoast_head_json":{"title":"CAN MAROC 2025\u00a0: L\u2019arbitre de la finale, Jean-Jacques Ndala, en danger\u2026 -","robots":{"index":"index","follow":"follow","max-snippet":"max-snippet:-1","max-image-preview":"max-image-preview:large","max-video-preview":"max-video-preview:-1"},"canonical":"https:\/\/macite.tg\/?p=27746","og_locale":"fr_FR","og_type":"article","og_title":"CAN MAROC 2025\u00a0: L\u2019arbitre de la finale, Jean-Jacques Ndala, en danger\u2026 -","og_description":"Un d\u00e9put\u00e9 marocain plaide pour l\u2019arrestation et le jugement de l\u2019arbitre congolais Jean Jacques Ndala.&nbsp; Les Marocains ne dig\u00e8rent pas leur d\u00e9faite \u00e0 la finale de la Coupe d\u2019Afrique des Nations et tous les moyens sont bons pour eux pour se venger. Cette fois c\u2019est [&hellip;]","og_url":"https:\/\/macite.tg\/?p=27746","article_published_time":"2026-01-23T15:42:30+00:00","article_modified_time":"2026-01-23T18:05:01+00:00","og_image":[{"width":306,"height":234,"url":"https:\/\/macite.tg\/wp-content\/uploads\/2026\/01\/image-88.png","type":"image\/png"}],"author":"Jean Pierre BAWELA","twitter_card":"summary_large_image","twitter_misc":{"\u00c9crit par":"Jean Pierre BAWELA","Dur\u00e9e de lecture estim\u00e9e":"2 minutes"},"schema":{"@context":"https:\/\/schema.org","@graph":[{"@type":"Article","@id":"https:\/\/macite.tg\/?p=27746#article","isPartOf":{"@id":"https:\/\/macite.tg\/?p=27746"},"author":{"name":"Jean Pierre BAWELA","@id":"https:\/\/macite.tg\/#\/schema\/person\/e9f2de7e5dbbe7770a9402c7ce82f5c2"},"headline":"CAN MAROC 2025\u00a0: L\u2019arbitre de la finale, Jean-Jacques Ndala, en danger\u2026","datePublished":"2026-01-23T15:42:30+00:00","dateModified":"2026-01-23T18:05:01+00:00","mainEntityOfPage":{"@id":"https:\/\/macite.tg\/?p=27746"},"wordCount":270,"commentCount":0,"image":{"@id":"https:\/\/macite.tg\/?p=27746#primaryimage"},"thumbnailUrl":"https:\/\/macite.tg\/wp-content\/uploads\/2026\/01\/image-88.png","articleSection":["ACTUALITE","FOOTBALL","SPORTS"],"inLanguage":"fr-FR","potentialAction":[{"@type":"CommentAction","name":"Comment","target":["https:\/\/macite.tg\/?p=27746#respond"]}]},{"@type":"WebPage","@id":"https:\/\/macite.tg\/?p=27746","url":"https:\/\/macite.tg\/?p=27746","name":"CAN MAROC 2025\u00a0: L\u2019arbitre de la finale, Jean-Jacques Ndala, en danger\u2026 -","isPartOf":{"@id":"https:\/\/macite.tg\/#website"},"primaryImageOfPage":{"@id":"https:\/\/macite.tg\/?p=27746#primaryimage"},"image":{"@id":"https:\/\/macite.tg\/?p=27746#primaryimage"},"thumbnailUrl":"https:\/\/macite.tg\/wp-content\/uploads\/2026\/01\/image-88.png","datePublished":"2026-01-23T15:42:30+00:00","dateModified":"2026-01-23T18:05:01+00:00","author":{"@id":"https:\/\/macite.tg\/#\/schema\/person\/e9f2de7e5dbbe7770a9402c7ce82f5c2"},"breadcrumb":{"@id":"https:\/\/macite.tg\/?p=27746#breadcrumb"},"inLanguage":"fr-FR","potentialAction":[{"@type":"ReadAction","target":["https:\/\/macite.tg\/?p=27746"]}]},{"@type":"ImageObject","inLanguage":"fr-FR","@id":"https:\/\/macite.tg\/?p=27746#primaryimage","url":"https:\/\/macite.tg\/wp-content\/uploads\/2026\/01\/image-88.png","contentUrl":"https:\/\/macite.tg\/wp-content\/uploads\/2026\/01\/image-88.png","width":306,"height":234},{"@type":"BreadcrumbList","@id":"https:\/\/macite.tg\/?p=27746#breadcrumb","itemListElement":[{"@type":"ListItem","position":1,"name":"Accueil","item":"https:\/\/macite.tg\/"},{"@type":"ListItem","position":2,"name":"CAN MAROC 2025\u00a0: L\u2019arbitre de la finale, Jean-Jacques Ndala, en danger\u2026"}]},{"@type":"WebSite","@id":"https:\/\/macite.tg\/#website","url":"https:\/\/macite.tg\/","name":"","description":"L&#039;information, la bonne!!!","potentialAction":[{"@type":"SearchAction","target":{"@type":"EntryPoint","urlTemplate":"https:\/\/macite.tg\/?s={search_term_string}"},"query-input":{"@type":"PropertyValueSpecification","valueRequired":true,"valueName":"search_term_string"}}],"inLanguage":"fr-FR"},{"@type":"Person","@id":"https:\/\/macite.tg\/#\/schema\/person\/e9f2de7e5dbbe7770a9402c7ce82f5c2","name":"Jean Pierre BAWELA","image":{"@type":"ImageObject","inLanguage":"fr-FR","@id":"https:\/\/macite.tg\/wp-content\/uploads\/2023\/09\/WhatsApp-Image-2023-09-19-at-14.44.41-122x122.jpeg","url":"https:\/\/macite.tg\/wp-content\/uploads\/2023\/09\/WhatsApp-Image-2023-09-19-at-14.44.41-122x122.jpeg","contentUrl":"https:\/\/macite.tg\/wp-content\/uploads\/2023\/09\/WhatsApp-Image-2023-09-19-at-14.44.41-122x122.jpeg","caption":"Jean Pierre BAWELA"},"url":"https:\/\/macite.tg\/?author=2"}]}},"_links":{"self":[{"href":"https:\/\/macite.tg\/index.php?rest_route=\/wp\/v2\/posts\/27746","targetHints":{"allow":["GET"]}}],"collection":[{"href":"https:\/\/macite.tg\/index.php?rest_route=\/wp\/v2\/posts"}],"about":[{"href":"https:\/\/macite.tg\/index.php?rest_route=\/wp\/v2\/types\/post"}],"author":[{"embeddable":true,"href":"https:\/\/macite.tg\/index.php?rest_route=\/wp\/v2\/users\/2"}],"replies":[{"embeddable":true,"href":"https:\/\/macite.tg\/index.php?rest_route=%2Fwp%2Fv2%2Fcomments&post=27746"}],"version-history":[{"count":0,"href":"https:\/\/macite.tg\/index.php?rest_route=\/wp\/v2\/posts\/27746\/revisions"}],"wp:featuredmedia":[{"embeddable":true,"href":"https:\/\/macite.tg\/index.php?rest_route=\/wp\/v2\/media\/27748"}],"wp:attachment":[{"href":"https:\/\/macite.tg\/index.php?rest_route=%2Fwp%2Fv2%2Fmedia&parent=27746"}],"wp:term":[{"taxonomy":"category","embeddable":true,"href":"https:\/\/macite.tg\/index.php?rest_route=%2Fwp%2Fv2%2Fcategories&post=27746"},{"taxonomy":"post_tag","embeddable":true,"href":"https:\/\/macite.tg\/index.php?rest_route=%2Fwp%2Fv2%2Ftags&post=27746"}],"curies":[{"name":"wp","href":"https:\/\/api.w.org\/{rel}","templated":true}]}}