{"id":27735,"date":"2026-01-22T21:45:56","date_gmt":"2026-01-22T21:45:56","guid":{"rendered":"https:\/\/macite.tg\/?p=27735"},"modified":"2026-01-22T21:46:04","modified_gmt":"2026-01-22T21:46:04","slug":"attentat-de-sarakawa-le-programme-de-la-commemoration-du-52eme-anniversaire","status":"publish","type":"post","link":"https:\/\/macite.tg\/?p=27735","title":{"rendered":"ATTENTAT DE SARAKAWA\u00a0: Le programme de la comm\u00e9moration du 52\u00e8me anniversaire"},"content":{"rendered":"\n<p class=\"wp-block-paragraph\"><strong><em>Dans un communiqu\u00e9 en date du mercredi \u00e91 janvier dernier, le ministre de l\u2019administration territoriale, Hodabalo Awate, a rendu public le programme officiel du 52<sup>\u00e8me<\/sup> anniversaire de l\u2019attentat de Sarakawa.<\/em><\/strong><\/p>\n\n\n\n<p class=\"wp-block-paragraph\">On se rappelle que le 24 janvier 1974, l\u2019a\u00e9ronef pr\u00e9sidentiel, victime d\u2019un sabotage, a fini sa course dans la localit\u00e9 de Sarakawa (Kozah). Cet accident malheureux, qui a co\u00fbt\u00e9 la vie \u00e0 de braves fils et filles du pays, est intervenu dans un contexte de n\u00e9gociations engag\u00e9es par la jeune nation togolaise pour une gestion plus \u00e9quitable de ses ressources mini\u00e8res. C\u2019est pour immortaliser cette vision t rendre hommage aux victimes, qu\u2019il est organis\u00e9 chaque 24 janvier une c\u00e9r\u00e9monie comm\u00e9morative.<\/p>\n\n\n<div class=\"wp-block-image\">\n<figure class=\"aligncenter size-full is-resized\"><img loading=\"lazy\" decoding=\"async\" width=\"690\" height=\"170\" src=\"https:\/\/macite.tg\/wp-content\/uploads\/2026\/01\/OTR_TVM.jpg\" alt=\"\" class=\"wp-image-27483\" style=\"width:840px;height:auto\" srcset=\"https:\/\/macite.tg\/wp-content\/uploads\/2026\/01\/OTR_TVM.jpg 690w, https:\/\/macite.tg\/wp-content\/uploads\/2026\/01\/OTR_TVM-300x74.jpg 300w\" sizes=\"auto, (max-width: 690px) 100vw, 690px\" \/><\/figure>\n<\/div>\n\n\n<p class=\"wp-block-paragraph\">Selon programme officiel de la c\u00e9r\u00e9monie comm\u00e9morative du 52<sup>\u00e8me<\/sup> anniversaire de l\u2019attentat de Sarakawa, ce samedi 24 janvier 226, d\u00e9j\u00e0 ce mercredi 23 janvier, la c\u00e9l\u00e9bration a d\u00e9marr\u00e9 avec une conf\u00e9rence publique est ainsi pr\u00e9vue au Coll\u00e8ge Militaire Eyadema de Tchitchao (Kara). Cette rencontre, articul\u00e9 autour de l\u2019histoire et la vision du P\u00e8re de la Nation, le G\u00e9n\u00e9ral Gnassingb\u00e9 Eyad\u00e9ma, a \u00e9t\u00e9 \u00e9galement marqu\u00e9 par le d\u00e9voilement d\u2019un buste.&nbsp;<\/p>\n\n\n\n<p class=\"wp-block-paragraph\">Le samedi 24 janvier, jour de comm\u00e9moration, il est pr\u00e9vu une c\u00e9r\u00e9monie officielle de recueillement et d\u2019hommage se d\u00e9roulera \u00e0 15h37 pr\u00e9cises au Mausol\u00e9e de Sarakawa, pr\u00e9sid\u00e9e par le Pr\u00e9sident du Conseil, ou de son repr\u00e9sentant.<\/p>\n\n\n<div class=\"wp-block-image\">\n<figure class=\"aligncenter size-full\"><img loading=\"lazy\" decoding=\"async\" width=\"500\" height=\"492\" src=\"https:\/\/macite.tg\/wp-content\/uploads\/2026\/01\/otr.jpg\" alt=\"\" class=\"wp-image-27736\" srcset=\"https:\/\/macite.tg\/wp-content\/uploads\/2026\/01\/otr.jpg 500w, https:\/\/macite.tg\/wp-content\/uploads\/2026\/01\/otr-300x295.jpg 300w\" sizes=\"auto, (max-width: 500px) 100vw, 500px\" \/><\/figure>\n<\/div>\n\n\n<p class=\"wp-block-paragraph\">A Lom\u00e9 et dans les chefs-lieux de r\u00e9gion, la c\u00e9r\u00e9monie se d\u00e9roulera simultan\u00e9ment, dans les conditions habituelles sous la direction des autorit\u00e9s indiqu\u00e9es pour la circonstance.&nbsp;<\/p>\n\n\n\n<p class=\"wp-block-paragraph\"><strong>La R\u00e9daction<\/strong><\/p>\n\n\n\n<p class=\"wp-block-paragraph\">&nbsp;<a><strong><em>@macite.tg&nbsp;&nbsp;&nbsp;&nbsp;&nbsp;&nbsp;&nbsp;<\/em><\/strong><\/a><\/p>\n\n\n\n<p class=\"wp-block-paragraph\"><strong><em>E-mail&nbsp;: <\/em><\/strong><a href=\"mailto:maciteinfo@gmail.com\"><strong><em>maciteinfo@gmail.com<\/em><\/strong><\/a><strong><em>; <\/em><\/strong><a href=\"mailto:bawela1@gmail.com\"><strong><em>bawela1@gmail.com<\/em><\/strong><\/a><strong><em><\/em><\/strong><\/p>\n\n\n\n<p class=\"wp-block-paragraph\"><strong><em>Pour vos annonces, (publi)reportages, etc., joignez-nous au (00228)91515309\/<strong>79872224 <\/strong><strong><\/strong><\/em><\/strong><\/p>\n\n\n\n<p class=\"wp-block-paragraph\"><strong><em>www.macite.tg, L\u2019information, la bonne&nbsp;!<\/em><\/strong><\/p>\n\n\n\n<p class=\"wp-block-paragraph\"><\/p>\n","protected":false},"excerpt":{"rendered":"<p class=\"text-justify mb-2\" >Dans un communiqu\u00e9 en date du mercredi \u00e91 janvier dernier, le ministre de l\u2019administration territoriale, Hodabalo Awate, a rendu public le programme officiel du 52\u00e8me anniversaire de l\u2019attentat de Sarakawa. On se rappelle que le 24 janvier 1974, l\u2019a\u00e9ronef pr\u00e9sidentiel, victime d\u2019un sabotage, a fini [&hellip;]<\/p>\n","protected":false},"author":2,"featured_media":27737,"comment_status":"open","ping_status":"open","sticky":false,"template":"","format":"standard","meta":{"footnotes":""},"categories":[20,62],"tags":[],"class_list":["post-27735","post","type-post","status-publish","format-standard","has-post-thumbnail","hentry","category-actualite","category-hommage"],"yoast_head":"<!-- This site is optimized with the Yoast SEO plugin v28.4 - https:\/\/yoast.com\/product\/yoast-seo-wordpress\/ -->\n<title>ATTENTAT DE SARAKAWA\u00a0: Le programme de la comm\u00e9moration du 52\u00e8me anniversaire -<\/title>\n<meta name=\"robots\" content=\"index, follow, max-snippet:-1, max-image-preview:large, max-video-preview:-1\" \/>\n<link rel=\"canonical\" href=\"https:\/\/macite.tg\/?p=27735\" \/>\n<meta property=\"og:locale\" content=\"fr_FR\" \/>\n<meta property=\"og:type\" content=\"article\" \/>\n<meta property=\"og:title\" content=\"ATTENTAT DE SARAKAWA\u00a0: Le programme de la comm\u00e9moration du 52\u00e8me anniversaire -\" \/>\n<meta property=\"og:description\" content=\"Dans un communiqu\u00e9 en date du mercredi \u00e91 janvier dernier, le ministre de l\u2019administration territoriale, Hodabalo Awate, a rendu public le programme officiel du 52\u00e8me anniversaire de l\u2019attentat de Sarakawa. On se rappelle que le 24 janvier 1974, l\u2019a\u00e9ronef pr\u00e9sidentiel, victime d\u2019un sabotage, a fini [&hellip;]\" \/>\n<meta property=\"og:url\" content=\"https:\/\/macite.tg\/?p=27735\" \/>\n<meta property=\"article:published_time\" content=\"2026-01-22T21:45:56+00:00\" \/>\n<meta property=\"article:modified_time\" content=\"2026-01-22T21:46:04+00:00\" \/>\n<meta property=\"og:image\" content=\"https:\/\/macite.tg\/wp-content\/uploads\/2026\/01\/Sarakawa.jpg\" \/>\n\t<meta property=\"og:image:width\" content=\"500\" \/>\n\t<meta property=\"og:image:height\" content=\"281\" \/>\n\t<meta property=\"og:image:type\" content=\"image\/jpeg\" \/>\n<meta name=\"author\" content=\"Jean Pierre BAWELA\" \/>\n<meta name=\"twitter:card\" content=\"summary_large_image\" \/>\n<meta name=\"twitter:label1\" content=\"\u00c9crit par\" \/>\n\t<meta name=\"twitter:data1\" content=\"Jean Pierre BAWELA\" \/>\n\t<meta name=\"twitter:label2\" content=\"Dur\u00e9e de lecture estim\u00e9e\" \/>\n\t<meta name=\"twitter:data2\" content=\"2 minutes\" \/>\n<script type=\"application\/ld+json\" class=\"yoast-schema-graph\">{\"@context\":\"https:\\\/\\\/schema.org\",\"@graph\":[{\"@type\":\"Article\",\"@id\":\"https:\\\/\\\/macite.tg\\\/?p=27735#article\",\"isPartOf\":{\"@id\":\"https:\\\/\\\/macite.tg\\\/?p=27735\"},\"author\":{\"name\":\"Jean Pierre BAWELA\",\"@id\":\"https:\\\/\\\/macite.tg\\\/#\\\/schema\\\/person\\\/e9f2de7e5dbbe7770a9402c7ce82f5c2\"},\"headline\":\"ATTENTAT DE SARAKAWA\u00a0: Le programme de la comm\u00e9moration du 52\u00e8me anniversaire\",\"datePublished\":\"2026-01-22T21:45:56+00:00\",\"dateModified\":\"2026-01-22T21:46:04+00:00\",\"mainEntityOfPage\":{\"@id\":\"https:\\\/\\\/macite.tg\\\/?p=27735\"},\"wordCount\":334,\"commentCount\":0,\"image\":{\"@id\":\"https:\\\/\\\/macite.tg\\\/?p=27735#primaryimage\"},\"thumbnailUrl\":\"https:\\\/\\\/macite.tg\\\/wp-content\\\/uploads\\\/2026\\\/01\\\/Sarakawa.jpg\",\"articleSection\":[\"ACTUALITE\",\"HOMMAGE\"],\"inLanguage\":\"fr-FR\",\"potentialAction\":[{\"@type\":\"CommentAction\",\"name\":\"Comment\",\"target\":[\"https:\\\/\\\/macite.tg\\\/?p=27735#respond\"]}]},{\"@type\":\"WebPage\",\"@id\":\"https:\\\/\\\/macite.tg\\\/?p=27735\",\"url\":\"https:\\\/\\\/macite.tg\\\/?p=27735\",\"name\":\"ATTENTAT DE SARAKAWA\u00a0: Le programme de la comm\u00e9moration du 52\u00e8me anniversaire -\",\"isPartOf\":{\"@id\":\"https:\\\/\\\/macite.tg\\\/#website\"},\"primaryImageOfPage\":{\"@id\":\"https:\\\/\\\/macite.tg\\\/?p=27735#primaryimage\"},\"image\":{\"@id\":\"https:\\\/\\\/macite.tg\\\/?p=27735#primaryimage\"},\"thumbnailUrl\":\"https:\\\/\\\/macite.tg\\\/wp-content\\\/uploads\\\/2026\\\/01\\\/Sarakawa.jpg\",\"datePublished\":\"2026-01-22T21:45:56+00:00\",\"dateModified\":\"2026-01-22T21:46:04+00:00\",\"author\":{\"@id\":\"https:\\\/\\\/macite.tg\\\/#\\\/schema\\\/person\\\/e9f2de7e5dbbe7770a9402c7ce82f5c2\"},\"breadcrumb\":{\"@id\":\"https:\\\/\\\/macite.tg\\\/?p=27735#breadcrumb\"},\"inLanguage\":\"fr-FR\",\"potentialAction\":[{\"@type\":\"ReadAction\",\"target\":[\"https:\\\/\\\/macite.tg\\\/?p=27735\"]}]},{\"@type\":\"ImageObject\",\"inLanguage\":\"fr-FR\",\"@id\":\"https:\\\/\\\/macite.tg\\\/?p=27735#primaryimage\",\"url\":\"https:\\\/\\\/macite.tg\\\/wp-content\\\/uploads\\\/2026\\\/01\\\/Sarakawa.jpg\",\"contentUrl\":\"https:\\\/\\\/macite.tg\\\/wp-content\\\/uploads\\\/2026\\\/01\\\/Sarakawa.jpg\",\"width\":500,\"height\":281},{\"@type\":\"BreadcrumbList\",\"@id\":\"https:\\\/\\\/macite.tg\\\/?p=27735#breadcrumb\",\"itemListElement\":[{\"@type\":\"ListItem\",\"position\":1,\"name\":\"Accueil\",\"item\":\"https:\\\/\\\/macite.tg\\\/\"},{\"@type\":\"ListItem\",\"position\":2,\"name\":\"ATTENTAT DE SARAKAWA\u00a0: Le programme de la comm\u00e9moration du 52\u00e8me anniversaire\"}]},{\"@type\":\"WebSite\",\"@id\":\"https:\\\/\\\/macite.tg\\\/#website\",\"url\":\"https:\\\/\\\/macite.tg\\\/\",\"name\":\"\",\"description\":\"L&#039;information, la bonne!!!\",\"potentialAction\":[{\"@type\":\"SearchAction\",\"target\":{\"@type\":\"EntryPoint\",\"urlTemplate\":\"https:\\\/\\\/macite.tg\\\/?s={search_term_string}\"},\"query-input\":{\"@type\":\"PropertyValueSpecification\",\"valueRequired\":true,\"valueName\":\"search_term_string\"}}],\"inLanguage\":\"fr-FR\"},{\"@type\":\"Person\",\"@id\":\"https:\\\/\\\/macite.tg\\\/#\\\/schema\\\/person\\\/e9f2de7e5dbbe7770a9402c7ce82f5c2\",\"name\":\"Jean Pierre BAWELA\",\"image\":{\"@type\":\"ImageObject\",\"inLanguage\":\"fr-FR\",\"@id\":\"https:\\\/\\\/macite.tg\\\/wp-content\\\/uploads\\\/2023\\\/09\\\/WhatsApp-Image-2023-09-19-at-14.44.41-122x122.jpeg\",\"url\":\"https:\\\/\\\/macite.tg\\\/wp-content\\\/uploads\\\/2023\\\/09\\\/WhatsApp-Image-2023-09-19-at-14.44.41-122x122.jpeg\",\"contentUrl\":\"https:\\\/\\\/macite.tg\\\/wp-content\\\/uploads\\\/2023\\\/09\\\/WhatsApp-Image-2023-09-19-at-14.44.41-122x122.jpeg\",\"caption\":\"Jean Pierre BAWELA\"},\"url\":\"https:\\\/\\\/macite.tg\\\/?author=2\"}]}<\/script>\n<!-- \/ Yoast SEO plugin. -->","yoast_head_json":{"title":"ATTENTAT DE SARAKAWA\u00a0: Le programme de la comm\u00e9moration du 52\u00e8me anniversaire -","robots":{"index":"index","follow":"follow","max-snippet":"max-snippet:-1","max-image-preview":"max-image-preview:large","max-video-preview":"max-video-preview:-1"},"canonical":"https:\/\/macite.tg\/?p=27735","og_locale":"fr_FR","og_type":"article","og_title":"ATTENTAT DE SARAKAWA\u00a0: Le programme de la comm\u00e9moration du 52\u00e8me anniversaire -","og_description":"Dans un communiqu\u00e9 en date du mercredi \u00e91 janvier dernier, le ministre de l\u2019administration territoriale, Hodabalo Awate, a rendu public le programme officiel du 52\u00e8me anniversaire de l\u2019attentat de Sarakawa. On se rappelle que le 24 janvier 1974, l\u2019a\u00e9ronef pr\u00e9sidentiel, victime d\u2019un sabotage, a fini [&hellip;]","og_url":"https:\/\/macite.tg\/?p=27735","article_published_time":"2026-01-22T21:45:56+00:00","article_modified_time":"2026-01-22T21:46:04+00:00","og_image":[{"width":500,"height":281,"url":"https:\/\/macite.tg\/wp-content\/uploads\/2026\/01\/Sarakawa.jpg","type":"image\/jpeg"}],"author":"Jean Pierre BAWELA","twitter_card":"summary_large_image","twitter_misc":{"\u00c9crit par":"Jean Pierre BAWELA","Dur\u00e9e de lecture estim\u00e9e":"2 minutes"},"schema":{"@context":"https:\/\/schema.org","@graph":[{"@type":"Article","@id":"https:\/\/macite.tg\/?p=27735#article","isPartOf":{"@id":"https:\/\/macite.tg\/?p=27735"},"author":{"name":"Jean Pierre BAWELA","@id":"https:\/\/macite.tg\/#\/schema\/person\/e9f2de7e5dbbe7770a9402c7ce82f5c2"},"headline":"ATTENTAT DE SARAKAWA\u00a0: Le programme de la comm\u00e9moration du 52\u00e8me anniversaire","datePublished":"2026-01-22T21:45:56+00:00","dateModified":"2026-01-22T21:46:04+00:00","mainEntityOfPage":{"@id":"https:\/\/macite.tg\/?p=27735"},"wordCount":334,"commentCount":0,"image":{"@id":"https:\/\/macite.tg\/?p=27735#primaryimage"},"thumbnailUrl":"https:\/\/macite.tg\/wp-content\/uploads\/2026\/01\/Sarakawa.jpg","articleSection":["ACTUALITE","HOMMAGE"],"inLanguage":"fr-FR","potentialAction":[{"@type":"CommentAction","name":"Comment","target":["https:\/\/macite.tg\/?p=27735#respond"]}]},{"@type":"WebPage","@id":"https:\/\/macite.tg\/?p=27735","url":"https:\/\/macite.tg\/?p=27735","name":"ATTENTAT DE SARAKAWA\u00a0: Le programme de la comm\u00e9moration du 52\u00e8me anniversaire -","isPartOf":{"@id":"https:\/\/macite.tg\/#website"},"primaryImageOfPage":{"@id":"https:\/\/macite.tg\/?p=27735#primaryimage"},"image":{"@id":"https:\/\/macite.tg\/?p=27735#primaryimage"},"thumbnailUrl":"https:\/\/macite.tg\/wp-content\/uploads\/2026\/01\/Sarakawa.jpg","datePublished":"2026-01-22T21:45:56+00:00","dateModified":"2026-01-22T21:46:04+00:00","author":{"@id":"https:\/\/macite.tg\/#\/schema\/person\/e9f2de7e5dbbe7770a9402c7ce82f5c2"},"breadcrumb":{"@id":"https:\/\/macite.tg\/?p=27735#breadcrumb"},"inLanguage":"fr-FR","potentialAction":[{"@type":"ReadAction","target":["https:\/\/macite.tg\/?p=27735"]}]},{"@type":"ImageObject","inLanguage":"fr-FR","@id":"https:\/\/macite.tg\/?p=27735#primaryimage","url":"https:\/\/macite.tg\/wp-content\/uploads\/2026\/01\/Sarakawa.jpg","contentUrl":"https:\/\/macite.tg\/wp-content\/uploads\/2026\/01\/Sarakawa.jpg","width":500,"height":281},{"@type":"BreadcrumbList","@id":"https:\/\/macite.tg\/?p=27735#breadcrumb","itemListElement":[{"@type":"ListItem","position":1,"name":"Accueil","item":"https:\/\/macite.tg\/"},{"@type":"ListItem","position":2,"name":"ATTENTAT DE SARAKAWA\u00a0: Le programme de la comm\u00e9moration du 52\u00e8me anniversaire"}]},{"@type":"WebSite","@id":"https:\/\/macite.tg\/#website","url":"https:\/\/macite.tg\/","name":"","description":"L&#039;information, la bonne!!!","potentialAction":[{"@type":"SearchAction","target":{"@type":"EntryPoint","urlTemplate":"https:\/\/macite.tg\/?s={search_term_string}"},"query-input":{"@type":"PropertyValueSpecification","valueRequired":true,"valueName":"search_term_string"}}],"inLanguage":"fr-FR"},{"@type":"Person","@id":"https:\/\/macite.tg\/#\/schema\/person\/e9f2de7e5dbbe7770a9402c7ce82f5c2","name":"Jean Pierre BAWELA","image":{"@type":"ImageObject","inLanguage":"fr-FR","@id":"https:\/\/macite.tg\/wp-content\/uploads\/2023\/09\/WhatsApp-Image-2023-09-19-at-14.44.41-122x122.jpeg","url":"https:\/\/macite.tg\/wp-content\/uploads\/2023\/09\/WhatsApp-Image-2023-09-19-at-14.44.41-122x122.jpeg","contentUrl":"https:\/\/macite.tg\/wp-content\/uploads\/2023\/09\/WhatsApp-Image-2023-09-19-at-14.44.41-122x122.jpeg","caption":"Jean Pierre BAWELA"},"url":"https:\/\/macite.tg\/?author=2"}]}},"_links":{"self":[{"href":"https:\/\/macite.tg\/index.php?rest_route=\/wp\/v2\/posts\/27735","targetHints":{"allow":["GET"]}}],"collection":[{"href":"https:\/\/macite.tg\/index.php?rest_route=\/wp\/v2\/posts"}],"about":[{"href":"https:\/\/macite.tg\/index.php?rest_route=\/wp\/v2\/types\/post"}],"author":[{"embeddable":true,"href":"https:\/\/macite.tg\/index.php?rest_route=\/wp\/v2\/users\/2"}],"replies":[{"embeddable":true,"href":"https:\/\/macite.tg\/index.php?rest_route=%2Fwp%2Fv2%2Fcomments&post=27735"}],"version-history":[{"count":0,"href":"https:\/\/macite.tg\/index.php?rest_route=\/wp\/v2\/posts\/27735\/revisions"}],"wp:featuredmedia":[{"embeddable":true,"href":"https:\/\/macite.tg\/index.php?rest_route=\/wp\/v2\/media\/27737"}],"wp:attachment":[{"href":"https:\/\/macite.tg\/index.php?rest_route=%2Fwp%2Fv2%2Fmedia&parent=27735"}],"wp:term":[{"taxonomy":"category","embeddable":true,"href":"https:\/\/macite.tg\/index.php?rest_route=%2Fwp%2Fv2%2Fcategories&post=27735"},{"taxonomy":"post_tag","embeddable":true,"href":"https:\/\/macite.tg\/index.php?rest_route=%2Fwp%2Fv2%2Ftags&post=27735"}],"curies":[{"name":"wp","href":"https:\/\/api.w.org\/{rel}","templated":true}]}}